{"id":4684,"date":"2016-12-13T01:00:10","date_gmt":"2016-12-13T01:00:10","guid":{"rendered":"http:\/\/noticiasradioreflejos.com.ar\/noticias\/?p=4684"},"modified":"2016-12-13T01:00:10","modified_gmt":"2016-12-13T01:00:10","slug":"balance-del-primer-ano-de-gestion","status":"publish","type":"post","link":"https:\/\/www.noticiasradioreflejos.com.ar\/2021\/balance-del-primer-ano-de-gestion\/","title":{"rendered":"Balance del Primer a\u00f1o de Gesti\u00f3n"},"content":{"rendered":"<p>Sergio Bordoni analiz\u00f3 su primer a\u00f1o al frente de la gesti\u00f3n municipal, al cumplirse el \u00faltimo s\u00e1bado doce meses de su asunci\u00f3n como intendente del distrito de Tornquist.<!--more--><br \/>\nEn di\u00e1logo con nuestro medio, el jefe comunal sostuvo que \u201cla gente podr\u00e1 evaluar si fue un a\u00f1o positivo o no, pero por lo que nosotros hemos hecho creo que fue un a\u00f1o bueno, tratamos de hacer las cosas que dijimos en campa\u00f1a\u201d.<br \/>\nEntre las acciones de gobierno, Bordoni destac\u00f3 el trabajo desde la Secretar\u00eda de Obras y Servicios P\u00fablicos, con proyectos ejecutados, en ejecuci\u00f3n y por ejecutar.<br \/>\nEn ese marco, subray\u00f3 trabajos que se hicieron con empleados municipales, como \u201cla renovaci\u00f3n de gran cantidad de alcantarillas y nivelaci\u00f3n de los canales de agua, y la construcci\u00f3n de las nuevas oficinas donde funcionar\u00e1n las \u00e1reas de inspecci\u00f3n y discapacidad\u201d.<br \/>\nTodo ello \u201cm\u00e1s all\u00e1 de las obras que se empezaron, como la sala de primeros auxilios de Villa Serrana La Gruta y la ampliaci\u00f3n del hospital municipal, con su primera etapa a punto de culminar y una segunda que incluir\u00e1 la ampliaci\u00f3n de la sala de hemoterapia y un lugar para quimioterapias\u201d.<br \/>\nAsimismo, Bordoni mencion\u00f3 la construcci\u00f3n de cordones cuneta y anunci\u00f3 que \u201cse empezar\u00e1 la ejecuci\u00f3n de los estacionamientos a 45 grados en Sierra de la Ventana, la pavimentaci\u00f3n de las tres cuadras de calle Pav\u00f3n en Saldungaray y la ampliaci\u00f3n de la planta de GLP de Villa Ventana, que permitir\u00e1 que se sumen 70 usuarios al servicio de gas\u201d.<br \/>\n\u201cContin\u00faa a buen ritmo la construcci\u00f3n de la bicisenda de Villa Ventana y sale a licitaci\u00f3n nuevamente la obra del entubado en la calle Ernesto Tornquist de Sierra. Tambi\u00e9n se van a asfaltar 36 cuadras en todo el distrito\u201d, manifest\u00f3 adem\u00e1s.<br \/>\nRecord\u00f3 tambi\u00e9n que \u201cpara el Presupuesto Participativo se destinaron $1.700.000 (1% del presupuesto municipal) m\u00e1s la obra del Club H\u00edpico (iluminaci\u00f3n en el predio y construcci\u00f3n de fogones), que fue acertada porque se est\u00e1 usando much\u00edsimo\u201d.<br \/>\nEn cuanto a \u201cdeudas pendientes\u201d, indic\u00f3 que una de ellas es \u201cla compra de tierras para la construcci\u00f3n de viviendas sociales, pero primero tenemos que terminar las 20 casas del programa Buenos Aires Hogar, donde se rescindi\u00f3 el contrato con la empresa a cargo de la obra y se espera una restructuraci\u00f3n de precios de unos $3.500.000 para ser reanudada los primeros d\u00edas de 2017\u201d.<br \/>\nEl jefe comunal coment\u00f3 adem\u00e1s que se est\u00e1 trabajando \u201cpara la construcci\u00f3n de 10 viviendas en Chasic\u00f3 y 20 en Saldungaray, para lo que ya se presentaron los proyectos y calculamos que el a\u00f1o que viene comenzar\u00e1n a hacerse\u201d.<br \/>\nVolviendo a la posible compra de tierras, adelant\u00f3 que \u201cun empresario privado (no de Tornquist) se encargar\u00e1 y financiar\u00e1\u201d el negocio.<br \/>\nContinuando con el \u00e1rea de obras p\u00fablicas, el intendente indic\u00f3 que con el dinero que ingrese el a\u00f1o que viene del Fondo de Infraestructura Municipal \u201cla prioridad ser\u00e1 hacer hospital la sala de primeros auxilios de Sierra de la Ventana, porque los vecinos y los turistas se merecen un lugar as\u00ed\u201d, al tiempo que se\u00f1al\u00f3 que \u201ctrasladaremos el corral\u00f3n municipal porque estaba emplazado en tierras privadas que se vendieron\u201d.<br \/>\nOtras de las prioridades ser\u00e1 \u201cla instalaci\u00f3n de la planta de GLP en Chasic\u00f3, para lo que la Cooperativa El\u00e9ctrica de la localidad ten\u00eda algunos materiales comprados pero nunca hab\u00eda sido presentado el proyecto\u201d.<br \/>\nEn tanto, \u201cpara el Barrio Sur de Tornquist estamos presentando en el \u00e1rea de H\u00e1bitat un proyecto de 84 millones de pesos, que incluye la dotaci\u00f3n de agua, cloacas y cord\u00f3n cuneta a todas las manzanas que no lo tengan, una obra bastante grandiosa\u201d.<br \/>\nEn el marco de limpieza de cordones, coment\u00f3 que llegar\u00e1n 1,8 millones de pesos para comprar tractores, una desmalezadora y un compactador de basura, y una vez que se rinda ese dinero (que llega en concepto de subsidio) autom\u00e1ticamente vamos a comprar una barredora de calles de 2,7 millones. En marzo va a estar funcionando y nos va a solucionar un tema de a\u00f1os\u201d.<br \/>\nPor otra parte, Sergio Bordoni se refiri\u00f3 a la planta de l\u00edquidos cloacales del norte de nuestra ciudad: \u201cEstuvimos reunidos con gente del SPAR y hay que hacer pr\u00e1cticamente una planta nueva. No se hizo nada en 25 a\u00f1os y se ha mantenido muy poco, de las cuatro bombas solo funciona una. Para empezar a trabajar ah\u00ed, hay que sacar los barros, antes de eso no podemos hacer nada. Ser\u00e1 una inversi\u00f3n de casi 8 millones de pesos\u201d.<br \/>\nEn otro marco, el jefe comunal habl\u00f3 sobre sus denuncias p\u00fablicas de sobreprecios de obras durante la gesti\u00f3n de gobierno que lo antecedi\u00f3. \u201cEn la cena de Cambiemos no dije m\u00e1s que lo que siento y lo sostuve tambi\u00e9n desde la banca cuando era concejal, lo que nos cost\u00f3 perder la elecci\u00f3n en Saldungaray (cuando asegur\u00f3 que la pavimentaci\u00f3n de la Avenida Corrales estaba sobrevaluada)\u201d, manifest\u00f3.<br \/>\n\u201cVamos a presentar una denuncia penal, porque para nosotros hubo sobreprecios, tanto en la Av Corrales como en la senda peatonal, tambi\u00e9n de Saldungaray\u201d, dispar\u00f3 Bordoni y reiter\u00f3 que \u201cla justicia dir\u00e1 si hubo sobrevaluaci\u00f3n o no\u201d.<br \/>\nEl intendente municipal tambi\u00e9n habl\u00f3 de la carta p\u00fablica de la Dra. Ver\u00f3nica Castro, quien anunci\u00f3 que no operar\u00e1 m\u00e1s a partir del a\u00f1o que viene por declaraciones hacia su persona por parte de \u00e9l.<br \/>\n\u201cA nosotros no nos renunci\u00f3, si se sinti\u00f3 agraviada por mis dichos es algo que pienso as\u00ed. En ning\u00fan momento se la dej\u00f3 de lado, es una excelente profesional, tiene las puertas abiertas para prestar servicios en el hospital. Nadie la est\u00e1 despidiendo, es una decisi\u00f3n personal de ella, no me puedo meter. No le respondimos la carta porque en el escrito no ped\u00eda contestaci\u00f3n\u201d, dijo.<br \/>\nCon respecto a diferentes consideraciones sobre su gesti\u00f3n por parte del arco opositor, sostuvo que \u201ctienen todo el derecho de criticar, estamos en democracia\u201d aunque aclar\u00f3 que \u201csi es tan desastrosa nuestra gesti\u00f3n como ellos dicen, la gente el a\u00f1o que viene no nos votar\u00e1\u201d.<br \/>\n\u201cSi quieren tener presencia pol\u00edtica y hablar, que trabajen todos los d\u00edas y no se cuelguen de la envestidura de uno. Nos quieren hacer modificar decisiones pol\u00edticas nuestras sobre las que estamos convencidos\u201d, a\u00f1adi\u00f3 y dijo: \u201cla gente ya los castig\u00f3 porque hicieron mal las cosas. Hablan despu\u00e9s de 8 a\u00f1os de gesti\u00f3n y ven errores que no pudieron corregir durante su gobierno\u201d.<br \/>\nComenzando a cerrar el an\u00e1lisis de su intendencia, admiti\u00f3 que \u201cnos faltan cosas pero reci\u00e9n llevamos un a\u00f1o de gesti\u00f3n. Hay cosas que son de f\u00e1cil soluci\u00f3n y en otras tenemos que esperar, pero para eso tenemos gente trabajando todo el d\u00eda\u201d.<br \/>\nEn ese sentido \u201cquiero agradecer el trabajo que hacen los delegados, porque muchas veces no le podemos llevar soluciones a las localidades y ellos son la cara visible. El trabajo que hacen por lo que cobran es muy importante\u201d.<br \/>\n\u201cAs\u00ed como tengo el ejecutivo que me acompa\u00f1a, much\u00edsimas instituciones nos han acompa\u00f1ado y nos van a seguir acompa\u00f1ando, porque el Estado tampoco las va a dejar a pie\u201d, manifest\u00f3.<br \/>\n<iframe loading=\"lazy\" width=\"100%\" height=\"166\" scrolling=\"no\" frameborder=\"no\" src=\"https:\/\/w.soundcloud.com\/player\/?url=https%3A\/\/api.soundcloud.com\/tracks\/297693102&amp;color=ff5500&amp;auto_play=false&amp;hide_related=false&amp;show_comments=true&amp;show_user=true&amp;show_reposts=false\"><\/iframe><br \/>\n<iframe loading=\"lazy\" width=\"100%\" height=\"166\" scrolling=\"no\" frameborder=\"no\" src=\"https:\/\/w.soundcloud.com\/player\/?url=https%3A\/\/api.soundcloud.com\/tracks\/297694536&amp;color=ff5500&amp;auto_play=false&amp;hide_related=false&amp;show_comments=true&amp;show_user=true&amp;show_reposts=false\"><\/iframe><\/p>\n","protected":false},"excerpt":{"rendered":"<p>Sergio Bordoni analiz\u00f3 su primer a\u00f1o al frente de la gesti\u00f3n municipal, al cumplirse el \u00faltimo s\u00e1bado doce meses de su asunci\u00f3n como intendente del distrito de Tornquist.<\/p>\n","protected":false},"author":3,"featured_media":0,"comment_status":"closed","ping_status":"open","sticky":false,"template":"","format":"standard","meta":{"footnotes":""},"categories":[28],"tags":[],"class_list":["post-4684","post","type-post","status-publish","format-standard","hentry","category-municipales"],"yoast_head":"<!-- This site is optimized with the Yoast SEO plugin v25.9 - https:\/\/yoast.com\/wordpress\/plugins\/seo\/ -->\n<title>Balance del Primer a\u00f1o de Gesti\u00f3n - Noticias Radio Reflejos<\/title>\n<meta name=\"robots\" content=\"index, follow, max-snippet:-1, max-image-preview:large, max-video-preview:-1\" \/>\n<link rel=\"canonical\" href=\"https:\/\/www.noticiasradioreflejos.com.ar\/2021\/balance-del-primer-ano-de-gestion\/\" \/>\n<meta property=\"og:locale\" content=\"es_ES\" \/>\n<meta property=\"og:type\" content=\"article\" \/>\n<meta property=\"og:title\" content=\"Balance del Primer a\u00f1o de Gesti\u00f3n - Noticias Radio Reflejos\" \/>\n<meta property=\"og:description\" content=\"Sergio Bordoni analiz\u00f3 su primer a\u00f1o al frente de la gesti\u00f3n municipal, al cumplirse el \u00faltimo s\u00e1bado doce meses de su asunci\u00f3n como intendente del distrito de Tornquist.\" \/>\n<meta property=\"og:url\" content=\"https:\/\/www.noticiasradioreflejos.com.ar\/2021\/balance-del-primer-ano-de-gestion\/\" \/>\n<meta property=\"og:site_name\" content=\"Noticias Radio Reflejos\" \/>\n<meta property=\"article:published_time\" content=\"2016-12-13T01:00:10+00:00\" \/>\n<meta property=\"og:image\" content=\"https:\/\/www.noticiasradioreflejos.com.ar\/2021\/wp-content\/uploads\/2021\/07\/logosol300x200.png\" \/>\n\t<meta property=\"og:image:width\" content=\"300\" \/>\n\t<meta property=\"og:image:height\" content=\"200\" \/>\n\t<meta property=\"og:image:type\" content=\"image\/png\" \/>\n<meta name=\"author\" content=\"Arnaldo Botto\" \/>\n<meta name=\"twitter:card\" content=\"summary_large_image\" \/>\n<script type=\"application\/ld+json\" class=\"yoast-schema-graph\">{\"@context\":\"https:\/\/schema.org\",\"@graph\":[{\"@type\":\"WebPage\",\"@id\":\"https:\/\/www.noticiasradioreflejos.com.ar\/2021\/balance-del-primer-ano-de-gestion\/\",\"url\":\"https:\/\/www.noticiasradioreflejos.com.ar\/2021\/balance-del-primer-ano-de-gestion\/\",\"name\":\"Balance del Primer a\u00f1o de Gesti\u00f3n - Noticias Radio Reflejos\",\"isPartOf\":{\"@id\":\"https:\/\/www.noticiasradioreflejos.com.ar\/2021\/#website\"},\"datePublished\":\"2016-12-13T01:00:10+00:00\",\"author\":{\"@id\":\"https:\/\/www.noticiasradioreflejos.com.ar\/2021\/#\/schema\/person\/ad82545263dcc5ec0996818884fd5fb1\"},\"breadcrumb\":{\"@id\":\"https:\/\/www.noticiasradioreflejos.com.ar\/2021\/balance-del-primer-ano-de-gestion\/#breadcrumb\"},\"inLanguage\":\"es\",\"potentialAction\":[{\"@type\":\"ReadAction\",\"target\":[\"https:\/\/www.noticiasradioreflejos.com.ar\/2021\/balance-del-primer-ano-de-gestion\/\"]}]},{\"@type\":\"BreadcrumbList\",\"@id\":\"https:\/\/www.noticiasradioreflejos.com.ar\/2021\/balance-del-primer-ano-de-gestion\/#breadcrumb\",\"itemListElement\":[{\"@type\":\"ListItem\",\"position\":1,\"name\":\"Portada\",\"item\":\"https:\/\/www.noticiasradioreflejos.com.ar\/2021\/\"},{\"@type\":\"ListItem\",\"position\":2,\"name\":\"Balance del Primer a\u00f1o de Gesti\u00f3n\"}]},{\"@type\":\"WebSite\",\"@id\":\"https:\/\/www.noticiasradioreflejos.com.ar\/2021\/#website\",\"url\":\"https:\/\/www.noticiasradioreflejos.com.ar\/2021\/\",\"name\":\"Noticias Radio Reflejos\",\"description\":\"Las noticias de mi comarca\",\"potentialAction\":[{\"@type\":\"SearchAction\",\"target\":{\"@type\":\"EntryPoint\",\"urlTemplate\":\"https:\/\/www.noticiasradioreflejos.com.ar\/2021\/?s={search_term_string}\"},\"query-input\":{\"@type\":\"PropertyValueSpecification\",\"valueRequired\":true,\"valueName\":\"search_term_string\"}}],\"inLanguage\":\"es\"},{\"@type\":\"Person\",\"@id\":\"https:\/\/www.noticiasradioreflejos.com.ar\/2021\/#\/schema\/person\/ad82545263dcc5ec0996818884fd5fb1\",\"name\":\"Arnaldo Botto\",\"image\":{\"@type\":\"ImageObject\",\"inLanguage\":\"es\",\"@id\":\"https:\/\/www.noticiasradioreflejos.com.ar\/2021\/#\/schema\/person\/image\/\",\"url\":\"https:\/\/secure.gravatar.com\/avatar\/55cb5e37c1efa326397366e6974cb338056df65cb50e7d64d1cf314e87504837?s=96&d=mm&r=g\",\"contentUrl\":\"https:\/\/secure.gravatar.com\/avatar\/55cb5e37c1efa326397366e6974cb338056df65cb50e7d64d1cf314e87504837?s=96&d=mm&r=g\",\"caption\":\"Arnaldo Botto\"},\"url\":\"https:\/\/www.noticiasradioreflejos.com.ar\/2021\/author\/arnaldo\/\"}]}<\/script>\n<!-- \/ Yoast SEO plugin. -->","yoast_head_json":{"title":"Balance del Primer a\u00f1o de Gesti\u00f3n - Noticias Radio Reflejos","robots":{"index":"index","follow":"follow","max-snippet":"max-snippet:-1","max-image-preview":"max-image-preview:large","max-video-preview":"max-video-preview:-1"},"canonical":"https:\/\/www.noticiasradioreflejos.com.ar\/2021\/balance-del-primer-ano-de-gestion\/","og_locale":"es_ES","og_type":"article","og_title":"Balance del Primer a\u00f1o de Gesti\u00f3n - Noticias Radio Reflejos","og_description":"Sergio Bordoni analiz\u00f3 su primer a\u00f1o al frente de la gesti\u00f3n municipal, al cumplirse el \u00faltimo s\u00e1bado doce meses de su asunci\u00f3n como intendente del distrito de Tornquist.","og_url":"https:\/\/www.noticiasradioreflejos.com.ar\/2021\/balance-del-primer-ano-de-gestion\/","og_site_name":"Noticias Radio Reflejos","article_published_time":"2016-12-13T01:00:10+00:00","og_image":[{"width":300,"height":200,"url":"https:\/\/www.noticiasradioreflejos.com.ar\/2021\/wp-content\/uploads\/2021\/07\/logosol300x200.png","type":"image\/png"}],"author":"Arnaldo Botto","twitter_card":"summary_large_image","schema":{"@context":"https:\/\/schema.org","@graph":[{"@type":"WebPage","@id":"https:\/\/www.noticiasradioreflejos.com.ar\/2021\/balance-del-primer-ano-de-gestion\/","url":"https:\/\/www.noticiasradioreflejos.com.ar\/2021\/balance-del-primer-ano-de-gestion\/","name":"Balance del Primer a\u00f1o de Gesti\u00f3n - Noticias Radio Reflejos","isPartOf":{"@id":"https:\/\/www.noticiasradioreflejos.com.ar\/2021\/#website"},"datePublished":"2016-12-13T01:00:10+00:00","author":{"@id":"https:\/\/www.noticiasradioreflejos.com.ar\/2021\/#\/schema\/person\/ad82545263dcc5ec0996818884fd5fb1"},"breadcrumb":{"@id":"https:\/\/www.noticiasradioreflejos.com.ar\/2021\/balance-del-primer-ano-de-gestion\/#breadcrumb"},"inLanguage":"es","potentialAction":[{"@type":"ReadAction","target":["https:\/\/www.noticiasradioreflejos.com.ar\/2021\/balance-del-primer-ano-de-gestion\/"]}]},{"@type":"BreadcrumbList","@id":"https:\/\/www.noticiasradioreflejos.com.ar\/2021\/balance-del-primer-ano-de-gestion\/#breadcrumb","itemListElement":[{"@type":"ListItem","position":1,"name":"Portada","item":"https:\/\/www.noticiasradioreflejos.com.ar\/2021\/"},{"@type":"ListItem","position":2,"name":"Balance del Primer a\u00f1o de Gesti\u00f3n"}]},{"@type":"WebSite","@id":"https:\/\/www.noticiasradioreflejos.com.ar\/2021\/#website","url":"https:\/\/www.noticiasradioreflejos.com.ar\/2021\/","name":"Noticias Radio Reflejos","description":"Las noticias de mi comarca","potentialAction":[{"@type":"SearchAction","target":{"@type":"EntryPoint","urlTemplate":"https:\/\/www.noticiasradioreflejos.com.ar\/2021\/?s={search_term_string}"},"query-input":{"@type":"PropertyValueSpecification","valueRequired":true,"valueName":"search_term_string"}}],"inLanguage":"es"},{"@type":"Person","@id":"https:\/\/www.noticiasradioreflejos.com.ar\/2021\/#\/schema\/person\/ad82545263dcc5ec0996818884fd5fb1","name":"Arnaldo Botto","image":{"@type":"ImageObject","inLanguage":"es","@id":"https:\/\/www.noticiasradioreflejos.com.ar\/2021\/#\/schema\/person\/image\/","url":"https:\/\/secure.gravatar.com\/avatar\/55cb5e37c1efa326397366e6974cb338056df65cb50e7d64d1cf314e87504837?s=96&d=mm&r=g","contentUrl":"https:\/\/secure.gravatar.com\/avatar\/55cb5e37c1efa326397366e6974cb338056df65cb50e7d64d1cf314e87504837?s=96&d=mm&r=g","caption":"Arnaldo Botto"},"url":"https:\/\/www.noticiasradioreflejos.com.ar\/2021\/author\/arnaldo\/"}]}},"_links":{"self":[{"href":"https:\/\/www.noticiasradioreflejos.com.ar\/2021\/wp-json\/wp\/v2\/posts\/4684","targetHints":{"allow":["GET"]}}],"collection":[{"href":"https:\/\/www.noticiasradioreflejos.com.ar\/2021\/wp-json\/wp\/v2\/posts"}],"about":[{"href":"https:\/\/www.noticiasradioreflejos.com.ar\/2021\/wp-json\/wp\/v2\/types\/post"}],"author":[{"embeddable":true,"href":"https:\/\/www.noticiasradioreflejos.com.ar\/2021\/wp-json\/wp\/v2\/users\/3"}],"replies":[{"embeddable":true,"href":"https:\/\/www.noticiasradioreflejos.com.ar\/2021\/wp-json\/wp\/v2\/comments?post=4684"}],"version-history":[{"count":0,"href":"https:\/\/www.noticiasradioreflejos.com.ar\/2021\/wp-json\/wp\/v2\/posts\/4684\/revisions"}],"wp:attachment":[{"href":"https:\/\/www.noticiasradioreflejos.com.ar\/2021\/wp-json\/wp\/v2\/media?parent=4684"}],"wp:term":[{"taxonomy":"category","embeddable":true,"href":"https:\/\/www.noticiasradioreflejos.com.ar\/2021\/wp-json\/wp\/v2\/categories?post=4684"},{"taxonomy":"post_tag","embeddable":true,"href":"https:\/\/www.noticiasradioreflejos.com.ar\/2021\/wp-json\/wp\/v2\/tags?post=4684"}],"curies":[{"name":"wp","href":"https:\/\/api.w.org\/{rel}","templated":true}]}}