{"id":46792,"date":"2020-09-10T11:08:49","date_gmt":"2020-09-10T14:08:49","guid":{"rendered":"http:\/\/www.noticiasradioreflejos.com.ar\/noticias\/?p=46792"},"modified":"2020-09-10T11:08:49","modified_gmt":"2020-09-10T14:08:49","slug":"la-comarca-lamenta-el-fallecimiento-del-sacerdote-juan-carlos-de-piazza","status":"publish","type":"post","link":"https:\/\/www.noticiasradioreflejos.com.ar\/2021\/la-comarca-lamenta-el-fallecimiento-del-sacerdote-juan-carlos-de-piazza\/","title":{"rendered":"La comarca lamenta el fallecimiento del Sacerdote Juan Carlos De Piazza"},"content":{"rendered":"<p>El abuelo que se convirti\u00f3 en cura a los 73 a\u00f1os en el 2013 hoy pas\u00f3 a la \u00abvida Eterna\u00bb.<\/p>\n<p>La triste noticia se conoci\u00f3 esta ma\u00f1ana, las redes sociales mostraron inmediatamente fotos y recuerdos de su paso por la Parroquia de Saldungaray. Hab\u00eda tenido una compleja intervenci\u00f3n quir\u00fargica hace 15 d\u00edas. Cumpli\u00f3 80 a\u00f1os el pasado 31 de agosto.<!--more--><\/p>\n<p>Esperaba desde setiembre del 2012 que el Vaticano destrabara su condici\u00f3n de di\u00e1cono permanente. La noticia que tanto ansiaba le lleg\u00f3 el 19 de marzo del 2013, el mismo d\u00eda que <strong>Jorge Bergoglio<\/strong> se transform\u00f3 en el Papa. Toda una se\u00f1al para <strong>Juan Carlos De Piazza<\/strong> que, a los 73 a\u00f1os, viudo desde los 39, padre de dos hijos y abuelo de seis nietos, se\u00a0convirti\u00f3 el 31 de mayo de ese a\u00f1o en cura de la parroquia Nuestra Se\u00f1ora del Tr\u00e1nsito de Saldungaray, en el sur bonaerense, \u00fanica en el pa\u00eds que guarda la imagen de una Virgen Mar\u00eda recostada.<\/p>\n<p>Monaguillo en su infancia, franciscano desde la adolescencia y miembro del movimiento familiar cristiano una vez casado con Mirta, De Piazza siempre estuvo vinculado a la Iglesia. Despu\u00e9s de que su esposa falleci\u00f3 en un accidente de tr\u00e1nsito, en 1979 el obispo R\u00f3mulo Garc\u00eda se lo llev\u00f3 como su secretario desde Mar del Plata \u2013donde fue visitador m\u00e9dico, practic\u00f3 karate y atendi\u00f3 un kiosco\u2013 a Bah\u00eda Blanca. All\u00ed comenz\u00f3 a estudiar Teolog\u00eda y se consagr\u00f3 como di\u00e1cono. \u201cTodos me preguntaban cu\u00e1ndo iba a dar el paso para pedir ser cura, pero yo los frenaba\u201d, record\u00f3. En abril del a\u00f1o pasado, un viaje a la Virgen del Cerro en Salta, al que no quer\u00eda ir, le dio el impulso final. \u201cHab\u00eda como 5.000 personas. Me impresion\u00f3 mucho la gente, su manifestaci\u00f3n de fe y las vivencias en el micro\u201d, le revel\u00f3 a Clar\u00edn. De regreso al pueblo de Saldungaray, en el que se asent\u00f3 hace 6 a\u00f1os, rez\u00f3 y rez\u00f3 hasta que se decidi\u00f3 a hablar con su actual arzobispo. \u201cTe estaba esperando\u201d, le dijo monse\u00f1or Guillermo Garlatti, quien\u00a0 lo ordenara sacerdote.<\/p>\n<p>Desde ese momento, qued\u00f3 a cargo de las tres capillas de esa jurisdicci\u00f3n parroquial, enclavada en las estribaciones de las Sierras de la Ventana.<\/p>\n<p>Su nombramiento, una de las \u00faltimas decisiones de Benedicto XVI antes de su retiro, gener\u00f3 tanta algarab\u00eda en la poblaci\u00f3n de 1.300 habitantes que la ceremonia se realiz\u00f3 en el gimnasio del colegio Fort\u00edn Pav\u00f3n donde mas de un millar de personas participaron.<\/p>\n<p>&nbsp;<\/p>\n<p><a title=\"Ordenaci\u00f3n de juan Carlos\" href=\"http:\/\/live.staticflickr.com\/65535\/50327061042_dbd33005f8_s.jpg\" rel=\"\"><img loading=\"lazy\" decoding=\"async\" class=\"aligncenter\" title=\"Ordenaci\u00f3n de juan Carlos\" src=\"http:\/\/live.staticflickr.com\/65535\/50327061042_dbd33005f8_c.jpg\" alt=\"Ordenaci\u00f3n de juan Carlos\" width=\"800\" height=\"395\" \/><\/a><\/p>\n","protected":false},"excerpt":{"rendered":"<p>El abuelo que se convirti\u00f3 en cura a los 73 a\u00f1os en el 2013 hoy pas\u00f3 a la \u00abvida Eterna\u00bb. La triste noticia se conoci\u00f3 esta ma\u00f1ana, las redes sociales mostraron inmediatamente fotos y recuerdos de su paso por la Parroquia de Saldungaray. Hab\u00eda tenido una compleja intervenci\u00f3n quir\u00fargica hace 15 d\u00edas. Cumpli\u00f3 80 a\u00f1os [&hellip;]<\/p>\n","protected":false},"author":3,"featured_media":0,"comment_status":"closed","ping_status":"open","sticky":false,"template":"","format":"standard","meta":{"footnotes":""},"categories":[26],"tags":[],"class_list":["post-46792","post","type-post","status-publish","format-standard","hentry","category-sociedad"],"yoast_head":"<!-- This site is optimized with the Yoast SEO plugin v25.9 - https:\/\/yoast.com\/wordpress\/plugins\/seo\/ -->\n<title>La comarca lamenta el fallecimiento del Sacerdote Juan Carlos De Piazza - Noticias Radio Reflejos<\/title>\n<meta name=\"robots\" content=\"index, follow, max-snippet:-1, max-image-preview:large, max-video-preview:-1\" \/>\n<link rel=\"canonical\" href=\"https:\/\/www.noticiasradioreflejos.com.ar\/2021\/la-comarca-lamenta-el-fallecimiento-del-sacerdote-juan-carlos-de-piazza\/\" \/>\n<meta property=\"og:locale\" content=\"es_ES\" \/>\n<meta property=\"og:type\" content=\"article\" \/>\n<meta property=\"og:title\" content=\"La comarca lamenta el fallecimiento del Sacerdote Juan Carlos De Piazza - Noticias Radio Reflejos\" \/>\n<meta property=\"og:description\" content=\"El abuelo que se convirti\u00f3 en cura a los 73 a\u00f1os en el 2013 hoy pas\u00f3 a la \u00abvida Eterna\u00bb. La triste noticia se conoci\u00f3 esta ma\u00f1ana, las redes sociales mostraron inmediatamente fotos y recuerdos de su paso por la Parroquia de Saldungaray. Hab\u00eda tenido una compleja intervenci\u00f3n quir\u00fargica hace 15 d\u00edas. Cumpli\u00f3 80 a\u00f1os [&hellip;]\" \/>\n<meta property=\"og:url\" content=\"https:\/\/www.noticiasradioreflejos.com.ar\/2021\/la-comarca-lamenta-el-fallecimiento-del-sacerdote-juan-carlos-de-piazza\/\" \/>\n<meta property=\"og:site_name\" content=\"Noticias Radio Reflejos\" \/>\n<meta property=\"article:published_time\" content=\"2020-09-10T14:08:49+00:00\" \/>\n<meta property=\"og:image\" content=\"http:\/\/live.staticflickr.com\/65535\/50327061042_dbd33005f8_c.jpg\" \/>\n<meta name=\"author\" content=\"Arnaldo Botto\" \/>\n<meta name=\"twitter:card\" content=\"summary_large_image\" \/>\n<script type=\"application\/ld+json\" class=\"yoast-schema-graph\">{\"@context\":\"https:\/\/schema.org\",\"@graph\":[{\"@type\":\"WebPage\",\"@id\":\"https:\/\/www.noticiasradioreflejos.com.ar\/2021\/la-comarca-lamenta-el-fallecimiento-del-sacerdote-juan-carlos-de-piazza\/\",\"url\":\"https:\/\/www.noticiasradioreflejos.com.ar\/2021\/la-comarca-lamenta-el-fallecimiento-del-sacerdote-juan-carlos-de-piazza\/\",\"name\":\"La comarca lamenta el fallecimiento del Sacerdote Juan Carlos De Piazza - Noticias Radio Reflejos\",\"isPartOf\":{\"@id\":\"https:\/\/www.noticiasradioreflejos.com.ar\/2021\/#website\"},\"primaryImageOfPage\":{\"@id\":\"https:\/\/www.noticiasradioreflejos.com.ar\/2021\/la-comarca-lamenta-el-fallecimiento-del-sacerdote-juan-carlos-de-piazza\/#primaryimage\"},\"image\":{\"@id\":\"https:\/\/www.noticiasradioreflejos.com.ar\/2021\/la-comarca-lamenta-el-fallecimiento-del-sacerdote-juan-carlos-de-piazza\/#primaryimage\"},\"thumbnailUrl\":\"http:\/\/live.staticflickr.com\/65535\/50327061042_dbd33005f8_c.jpg\",\"datePublished\":\"2020-09-10T14:08:49+00:00\",\"author\":{\"@id\":\"https:\/\/www.noticiasradioreflejos.com.ar\/2021\/#\/schema\/person\/ad82545263dcc5ec0996818884fd5fb1\"},\"breadcrumb\":{\"@id\":\"https:\/\/www.noticiasradioreflejos.com.ar\/2021\/la-comarca-lamenta-el-fallecimiento-del-sacerdote-juan-carlos-de-piazza\/#breadcrumb\"},\"inLanguage\":\"es\",\"potentialAction\":[{\"@type\":\"ReadAction\",\"target\":[\"https:\/\/www.noticiasradioreflejos.com.ar\/2021\/la-comarca-lamenta-el-fallecimiento-del-sacerdote-juan-carlos-de-piazza\/\"]}]},{\"@type\":\"ImageObject\",\"inLanguage\":\"es\",\"@id\":\"https:\/\/www.noticiasradioreflejos.com.ar\/2021\/la-comarca-lamenta-el-fallecimiento-del-sacerdote-juan-carlos-de-piazza\/#primaryimage\",\"url\":\"http:\/\/live.staticflickr.com\/65535\/50327061042_dbd33005f8_c.jpg\",\"contentUrl\":\"http:\/\/live.staticflickr.com\/65535\/50327061042_dbd33005f8_c.jpg\"},{\"@type\":\"BreadcrumbList\",\"@id\":\"https:\/\/www.noticiasradioreflejos.com.ar\/2021\/la-comarca-lamenta-el-fallecimiento-del-sacerdote-juan-carlos-de-piazza\/#breadcrumb\",\"itemListElement\":[{\"@type\":\"ListItem\",\"position\":1,\"name\":\"Portada\",\"item\":\"https:\/\/www.noticiasradioreflejos.com.ar\/2021\/\"},{\"@type\":\"ListItem\",\"position\":2,\"name\":\"La comarca lamenta el fallecimiento del Sacerdote Juan Carlos De Piazza\"}]},{\"@type\":\"WebSite\",\"@id\":\"https:\/\/www.noticiasradioreflejos.com.ar\/2021\/#website\",\"url\":\"https:\/\/www.noticiasradioreflejos.com.ar\/2021\/\",\"name\":\"Noticias Radio Reflejos\",\"description\":\"Las noticias de mi comarca\",\"potentialAction\":[{\"@type\":\"SearchAction\",\"target\":{\"@type\":\"EntryPoint\",\"urlTemplate\":\"https:\/\/www.noticiasradioreflejos.com.ar\/2021\/?s={search_term_string}\"},\"query-input\":{\"@type\":\"PropertyValueSpecification\",\"valueRequired\":true,\"valueName\":\"search_term_string\"}}],\"inLanguage\":\"es\"},{\"@type\":\"Person\",\"@id\":\"https:\/\/www.noticiasradioreflejos.com.ar\/2021\/#\/schema\/person\/ad82545263dcc5ec0996818884fd5fb1\",\"name\":\"Arnaldo Botto\",\"image\":{\"@type\":\"ImageObject\",\"inLanguage\":\"es\",\"@id\":\"https:\/\/www.noticiasradioreflejos.com.ar\/2021\/#\/schema\/person\/image\/\",\"url\":\"https:\/\/secure.gravatar.com\/avatar\/55cb5e37c1efa326397366e6974cb338056df65cb50e7d64d1cf314e87504837?s=96&d=mm&r=g\",\"contentUrl\":\"https:\/\/secure.gravatar.com\/avatar\/55cb5e37c1efa326397366e6974cb338056df65cb50e7d64d1cf314e87504837?s=96&d=mm&r=g\",\"caption\":\"Arnaldo Botto\"},\"url\":\"https:\/\/www.noticiasradioreflejos.com.ar\/2021\/author\/arnaldo\/\"}]}<\/script>\n<!-- \/ Yoast SEO plugin. -->","yoast_head_json":{"title":"La comarca lamenta el fallecimiento del Sacerdote Juan Carlos De Piazza - Noticias Radio Reflejos","robots":{"index":"index","follow":"follow","max-snippet":"max-snippet:-1","max-image-preview":"max-image-preview:large","max-video-preview":"max-video-preview:-1"},"canonical":"https:\/\/www.noticiasradioreflejos.com.ar\/2021\/la-comarca-lamenta-el-fallecimiento-del-sacerdote-juan-carlos-de-piazza\/","og_locale":"es_ES","og_type":"article","og_title":"La comarca lamenta el fallecimiento del Sacerdote Juan Carlos De Piazza - Noticias Radio Reflejos","og_description":"El abuelo que se convirti\u00f3 en cura a los 73 a\u00f1os en el 2013 hoy pas\u00f3 a la \u00abvida Eterna\u00bb. La triste noticia se conoci\u00f3 esta ma\u00f1ana, las redes sociales mostraron inmediatamente fotos y recuerdos de su paso por la Parroquia de Saldungaray. Hab\u00eda tenido una compleja intervenci\u00f3n quir\u00fargica hace 15 d\u00edas. Cumpli\u00f3 80 a\u00f1os [&hellip;]","og_url":"https:\/\/www.noticiasradioreflejos.com.ar\/2021\/la-comarca-lamenta-el-fallecimiento-del-sacerdote-juan-carlos-de-piazza\/","og_site_name":"Noticias Radio Reflejos","article_published_time":"2020-09-10T14:08:49+00:00","og_image":[{"url":"http:\/\/live.staticflickr.com\/65535\/50327061042_dbd33005f8_c.jpg","type":"","width":"","height":""}],"author":"Arnaldo Botto","twitter_card":"summary_large_image","schema":{"@context":"https:\/\/schema.org","@graph":[{"@type":"WebPage","@id":"https:\/\/www.noticiasradioreflejos.com.ar\/2021\/la-comarca-lamenta-el-fallecimiento-del-sacerdote-juan-carlos-de-piazza\/","url":"https:\/\/www.noticiasradioreflejos.com.ar\/2021\/la-comarca-lamenta-el-fallecimiento-del-sacerdote-juan-carlos-de-piazza\/","name":"La comarca lamenta el fallecimiento del Sacerdote Juan Carlos De Piazza - Noticias Radio Reflejos","isPartOf":{"@id":"https:\/\/www.noticiasradioreflejos.com.ar\/2021\/#website"},"primaryImageOfPage":{"@id":"https:\/\/www.noticiasradioreflejos.com.ar\/2021\/la-comarca-lamenta-el-fallecimiento-del-sacerdote-juan-carlos-de-piazza\/#primaryimage"},"image":{"@id":"https:\/\/www.noticiasradioreflejos.com.ar\/2021\/la-comarca-lamenta-el-fallecimiento-del-sacerdote-juan-carlos-de-piazza\/#primaryimage"},"thumbnailUrl":"http:\/\/live.staticflickr.com\/65535\/50327061042_dbd33005f8_c.jpg","datePublished":"2020-09-10T14:08:49+00:00","author":{"@id":"https:\/\/www.noticiasradioreflejos.com.ar\/2021\/#\/schema\/person\/ad82545263dcc5ec0996818884fd5fb1"},"breadcrumb":{"@id":"https:\/\/www.noticiasradioreflejos.com.ar\/2021\/la-comarca-lamenta-el-fallecimiento-del-sacerdote-juan-carlos-de-piazza\/#breadcrumb"},"inLanguage":"es","potentialAction":[{"@type":"ReadAction","target":["https:\/\/www.noticiasradioreflejos.com.ar\/2021\/la-comarca-lamenta-el-fallecimiento-del-sacerdote-juan-carlos-de-piazza\/"]}]},{"@type":"ImageObject","inLanguage":"es","@id":"https:\/\/www.noticiasradioreflejos.com.ar\/2021\/la-comarca-lamenta-el-fallecimiento-del-sacerdote-juan-carlos-de-piazza\/#primaryimage","url":"http:\/\/live.staticflickr.com\/65535\/50327061042_dbd33005f8_c.jpg","contentUrl":"http:\/\/live.staticflickr.com\/65535\/50327061042_dbd33005f8_c.jpg"},{"@type":"BreadcrumbList","@id":"https:\/\/www.noticiasradioreflejos.com.ar\/2021\/la-comarca-lamenta-el-fallecimiento-del-sacerdote-juan-carlos-de-piazza\/#breadcrumb","itemListElement":[{"@type":"ListItem","position":1,"name":"Portada","item":"https:\/\/www.noticiasradioreflejos.com.ar\/2021\/"},{"@type":"ListItem","position":2,"name":"La comarca lamenta el fallecimiento del Sacerdote Juan Carlos De Piazza"}]},{"@type":"WebSite","@id":"https:\/\/www.noticiasradioreflejos.com.ar\/2021\/#website","url":"https:\/\/www.noticiasradioreflejos.com.ar\/2021\/","name":"Noticias Radio Reflejos","description":"Las noticias de mi comarca","potentialAction":[{"@type":"SearchAction","target":{"@type":"EntryPoint","urlTemplate":"https:\/\/www.noticiasradioreflejos.com.ar\/2021\/?s={search_term_string}"},"query-input":{"@type":"PropertyValueSpecification","valueRequired":true,"valueName":"search_term_string"}}],"inLanguage":"es"},{"@type":"Person","@id":"https:\/\/www.noticiasradioreflejos.com.ar\/2021\/#\/schema\/person\/ad82545263dcc5ec0996818884fd5fb1","name":"Arnaldo Botto","image":{"@type":"ImageObject","inLanguage":"es","@id":"https:\/\/www.noticiasradioreflejos.com.ar\/2021\/#\/schema\/person\/image\/","url":"https:\/\/secure.gravatar.com\/avatar\/55cb5e37c1efa326397366e6974cb338056df65cb50e7d64d1cf314e87504837?s=96&d=mm&r=g","contentUrl":"https:\/\/secure.gravatar.com\/avatar\/55cb5e37c1efa326397366e6974cb338056df65cb50e7d64d1cf314e87504837?s=96&d=mm&r=g","caption":"Arnaldo Botto"},"url":"https:\/\/www.noticiasradioreflejos.com.ar\/2021\/author\/arnaldo\/"}]}},"_links":{"self":[{"href":"https:\/\/www.noticiasradioreflejos.com.ar\/2021\/wp-json\/wp\/v2\/posts\/46792","targetHints":{"allow":["GET"]}}],"collection":[{"href":"https:\/\/www.noticiasradioreflejos.com.ar\/2021\/wp-json\/wp\/v2\/posts"}],"about":[{"href":"https:\/\/www.noticiasradioreflejos.com.ar\/2021\/wp-json\/wp\/v2\/types\/post"}],"author":[{"embeddable":true,"href":"https:\/\/www.noticiasradioreflejos.com.ar\/2021\/wp-json\/wp\/v2\/users\/3"}],"replies":[{"embeddable":true,"href":"https:\/\/www.noticiasradioreflejos.com.ar\/2021\/wp-json\/wp\/v2\/comments?post=46792"}],"version-history":[{"count":0,"href":"https:\/\/www.noticiasradioreflejos.com.ar\/2021\/wp-json\/wp\/v2\/posts\/46792\/revisions"}],"wp:attachment":[{"href":"https:\/\/www.noticiasradioreflejos.com.ar\/2021\/wp-json\/wp\/v2\/media?parent=46792"}],"wp:term":[{"taxonomy":"category","embeddable":true,"href":"https:\/\/www.noticiasradioreflejos.com.ar\/2021\/wp-json\/wp\/v2\/categories?post=46792"},{"taxonomy":"post_tag","embeddable":true,"href":"https:\/\/www.noticiasradioreflejos.com.ar\/2021\/wp-json\/wp\/v2\/tags?post=46792"}],"curies":[{"name":"wp","href":"https:\/\/api.w.org\/{rel}","templated":true}]}}