{"id":46777,"date":"2020-09-10T07:02:20","date_gmt":"2020-09-10T10:02:20","guid":{"rendered":"http:\/\/www.noticiasradioreflejos.com.ar\/noticias\/?p=46777"},"modified":"2020-09-10T07:02:20","modified_gmt":"2020-09-10T10:02:20","slug":"dentro-de-la-ley-todo-fuera-de-la-ley-nada","status":"publish","type":"post","link":"https:\/\/www.noticiasradioreflejos.com.ar\/2021\/dentro-de-la-ley-todo-fuera-de-la-ley-nada\/","title":{"rendered":"\u201cDentro de la ley todo, fuera de la ley nada\u201d"},"content":{"rendered":"<p>Comunicado del Partido Justicialista:<br \/>\nLa movilizaci\u00f3n de los efectivos de la polic\u00eda de la Provincia de Buenos Aires, en reclamo de aumentos salariales, es comprensible, justa y postergada. <!--more--><\/p>\n<p>Sin embargo, conviene pasar en limpio la petici\u00f3n policial, por un lado, y el m\u00e9todo de protesta, por otro. La Polic\u00eda es una instituci\u00f3n del Estado, auxiliar de la Justicia, cuya misi\u00f3n indeclinable es coadyuvar al cumplimiento de la ley. Por lo tanto, todos sus recursos son p\u00fablicos y deben utilizarse en funci\u00f3n de la misi\u00f3n espec\u00edfica que le asignan los reglamentos, las normativas y la Constituci\u00f3n de la Provincia.<br \/>\nEn ese sentido, comprendemos el contenido de la petici\u00f3n, pero no as\u00ed su m\u00e9todo que da\u00f1a la paz social, la vida y los bienes de los bonaerenses. Ya que los patrulleros y el armamento reglamentario son para cuidar al Pueblo y no para condicionar a las autoridades legitima y legalmente constituida, a trav\u00e9s de un reclamo que viene de otras administraciones; por lo que el deterioro de los ingresos policiales carece de una responsabilidad exclusiva de parte de la administraci\u00f3n del Gobernador Axel Kicillof, quien asumi\u00f3 el pasado 10 de Diciembre de 2019.<br \/>\nValoramos y destacamos el trabajo de la Polic\u00eda en la pandemia, ha participado y participa en la primera l\u00ednea de combate y muchos de sus integrantes han contra\u00eddo el COVID-19, de los cuales diez fallecieron prestando servicios. A ellos nuestro agradecimiento y honor, pero no por ello vamos a consentir y justificar una actitud que pone en riesgo la gobernabilidad, de la que se aprovechan sectores reaccionarios que no se resignan a la derrota electoral y pretenden usufructuar cualquier conflicto con fines mezquinos y repudiable.<br \/>\nInstamos a los polic\u00edas que manifiestan su descontento salarial que apelen a los mecanismos de resoluci\u00f3n de conflictos que ofrece la democracia: el di\u00e1logo y el respeto a la ley, cada uno desempe\u00f1ando su tarea institucional y comprometi\u00e9ndose a salvaguardar la convivencia pac\u00edfica y el funcionamiento pleno de las instituciones.<br \/>\nRodear la Quinta Presidencial de Olivos con veh\u00edculos destinados a la Seguridad del Pueblo es un acto golpista, aunque quieran disfrazarlo de reclamo salarial. Repudiamos que los polic\u00edas peticionantes est\u00e9n utilizando sus armas reglamentarias y sus uniformes para convertir un justo reclamo en una extorci\u00f3n al gobierno institucional de la Provincia y que, adem\u00e1s, agredan la investidura del Presidente Alberto Fernandez.<br \/>\nLa voluntad del Gobierno, como lo est\u00e1 demostrando todos los d\u00edas desde que asumi\u00f3, es solucionar los problemas heredados dentro de las posibilidades presupuestarias que se vayan generando en un contexto agredido por la pandemia del COVID-19. Por lo tanto, sepan quienes reclaman que las respuestas ser\u00e1n efectivas si son capaces de entender la situaci\u00f3n por la que atravesamos todos los argentinos. No hay soluci\u00f3n sectorial sin soluci\u00f3n de conjunto. En nuestra Patria nadie se salva solo. \u201cDentro de la ley todo, fuera de la ley nada\u201d<\/p>\n<p>Partido Justicialista de la Provincia de Buenos Aires <\/p>\n<p>Adhiere Partido Justicialista del Distrito de Tornquist. <\/p>\n","protected":false},"excerpt":{"rendered":"<p>Comunicado del Partido Justicialista: La movilizaci\u00f3n de los efectivos de la polic\u00eda de la Provincia de Buenos Aires, en reclamo de aumentos salariales, es comprensible, justa y postergada.<\/p>\n","protected":false},"author":3,"featured_media":20620,"comment_status":"closed","ping_status":"open","sticky":false,"template":"","format":"standard","meta":{"footnotes":""},"categories":[24],"tags":[],"class_list":["post-46777","post","type-post","status-publish","format-standard","has-post-thumbnail","hentry","category-politica"],"yoast_head":"<!-- This site is optimized with the Yoast SEO plugin v25.9 - https:\/\/yoast.com\/wordpress\/plugins\/seo\/ -->\n<title>\u201cDentro de la ley todo, fuera de la ley nada\u201d - Noticias Radio Reflejos<\/title>\n<meta name=\"robots\" content=\"index, follow, max-snippet:-1, max-image-preview:large, max-video-preview:-1\" \/>\n<link rel=\"canonical\" href=\"https:\/\/www.noticiasradioreflejos.com.ar\/2021\/dentro-de-la-ley-todo-fuera-de-la-ley-nada\/\" \/>\n<meta property=\"og:locale\" content=\"es_ES\" \/>\n<meta property=\"og:type\" content=\"article\" \/>\n<meta property=\"og:title\" content=\"\u201cDentro de la ley todo, fuera de la ley nada\u201d - Noticias Radio Reflejos\" \/>\n<meta property=\"og:description\" content=\"Comunicado del Partido Justicialista: La movilizaci\u00f3n de los efectivos de la polic\u00eda de la Provincia de Buenos Aires, en reclamo de aumentos salariales, es comprensible, justa y postergada.\" \/>\n<meta property=\"og:url\" content=\"https:\/\/www.noticiasradioreflejos.com.ar\/2021\/dentro-de-la-ley-todo-fuera-de-la-ley-nada\/\" \/>\n<meta property=\"og:site_name\" content=\"Noticias Radio Reflejos\" \/>\n<meta property=\"article:published_time\" content=\"2020-09-10T10:02:20+00:00\" \/>\n<meta property=\"og:image\" content=\"https:\/\/www.noticiasradioreflejos.com.ar\/2021\/wp-content\/uploads\/2021\/07\/logosol300x200.png\" \/>\n\t<meta property=\"og:image:width\" content=\"300\" \/>\n\t<meta property=\"og:image:height\" content=\"200\" \/>\n\t<meta property=\"og:image:type\" content=\"image\/png\" \/>\n<meta name=\"author\" content=\"Arnaldo Botto\" \/>\n<meta name=\"twitter:card\" content=\"summary_large_image\" \/>\n<script type=\"application\/ld+json\" class=\"yoast-schema-graph\">{\"@context\":\"https:\/\/schema.org\",\"@graph\":[{\"@type\":\"WebPage\",\"@id\":\"https:\/\/www.noticiasradioreflejos.com.ar\/2021\/dentro-de-la-ley-todo-fuera-de-la-ley-nada\/\",\"url\":\"https:\/\/www.noticiasradioreflejos.com.ar\/2021\/dentro-de-la-ley-todo-fuera-de-la-ley-nada\/\",\"name\":\"\u201cDentro de la ley todo, fuera de la ley nada\u201d - Noticias Radio Reflejos\",\"isPartOf\":{\"@id\":\"https:\/\/www.noticiasradioreflejos.com.ar\/2021\/#website\"},\"primaryImageOfPage\":{\"@id\":\"https:\/\/www.noticiasradioreflejos.com.ar\/2021\/dentro-de-la-ley-todo-fuera-de-la-ley-nada\/#primaryimage\"},\"image\":{\"@id\":\"https:\/\/www.noticiasradioreflejos.com.ar\/2021\/dentro-de-la-ley-todo-fuera-de-la-ley-nada\/#primaryimage\"},\"thumbnailUrl\":\"\",\"datePublished\":\"2020-09-10T10:02:20+00:00\",\"author\":{\"@id\":\"https:\/\/www.noticiasradioreflejos.com.ar\/2021\/#\/schema\/person\/ad82545263dcc5ec0996818884fd5fb1\"},\"breadcrumb\":{\"@id\":\"https:\/\/www.noticiasradioreflejos.com.ar\/2021\/dentro-de-la-ley-todo-fuera-de-la-ley-nada\/#breadcrumb\"},\"inLanguage\":\"es\",\"potentialAction\":[{\"@type\":\"ReadAction\",\"target\":[\"https:\/\/www.noticiasradioreflejos.com.ar\/2021\/dentro-de-la-ley-todo-fuera-de-la-ley-nada\/\"]}]},{\"@type\":\"ImageObject\",\"inLanguage\":\"es\",\"@id\":\"https:\/\/www.noticiasradioreflejos.com.ar\/2021\/dentro-de-la-ley-todo-fuera-de-la-ley-nada\/#primaryimage\",\"url\":\"\",\"contentUrl\":\"\"},{\"@type\":\"BreadcrumbList\",\"@id\":\"https:\/\/www.noticiasradioreflejos.com.ar\/2021\/dentro-de-la-ley-todo-fuera-de-la-ley-nada\/#breadcrumb\",\"itemListElement\":[{\"@type\":\"ListItem\",\"position\":1,\"name\":\"Portada\",\"item\":\"https:\/\/www.noticiasradioreflejos.com.ar\/2021\/\"},{\"@type\":\"ListItem\",\"position\":2,\"name\":\"\u201cDentro de la ley todo, fuera de la ley nada\u201d\"}]},{\"@type\":\"WebSite\",\"@id\":\"https:\/\/www.noticiasradioreflejos.com.ar\/2021\/#website\",\"url\":\"https:\/\/www.noticiasradioreflejos.com.ar\/2021\/\",\"name\":\"Noticias Radio Reflejos\",\"description\":\"Las noticias de mi comarca\",\"potentialAction\":[{\"@type\":\"SearchAction\",\"target\":{\"@type\":\"EntryPoint\",\"urlTemplate\":\"https:\/\/www.noticiasradioreflejos.com.ar\/2021\/?s={search_term_string}\"},\"query-input\":{\"@type\":\"PropertyValueSpecification\",\"valueRequired\":true,\"valueName\":\"search_term_string\"}}],\"inLanguage\":\"es\"},{\"@type\":\"Person\",\"@id\":\"https:\/\/www.noticiasradioreflejos.com.ar\/2021\/#\/schema\/person\/ad82545263dcc5ec0996818884fd5fb1\",\"name\":\"Arnaldo Botto\",\"image\":{\"@type\":\"ImageObject\",\"inLanguage\":\"es\",\"@id\":\"https:\/\/www.noticiasradioreflejos.com.ar\/2021\/#\/schema\/person\/image\/\",\"url\":\"https:\/\/secure.gravatar.com\/avatar\/55cb5e37c1efa326397366e6974cb338056df65cb50e7d64d1cf314e87504837?s=96&d=mm&r=g\",\"contentUrl\":\"https:\/\/secure.gravatar.com\/avatar\/55cb5e37c1efa326397366e6974cb338056df65cb50e7d64d1cf314e87504837?s=96&d=mm&r=g\",\"caption\":\"Arnaldo Botto\"},\"url\":\"https:\/\/www.noticiasradioreflejos.com.ar\/2021\/author\/arnaldo\/\"}]}<\/script>\n<!-- \/ Yoast SEO plugin. -->","yoast_head_json":{"title":"\u201cDentro de la ley todo, fuera de la ley nada\u201d - Noticias Radio Reflejos","robots":{"index":"index","follow":"follow","max-snippet":"max-snippet:-1","max-image-preview":"max-image-preview:large","max-video-preview":"max-video-preview:-1"},"canonical":"https:\/\/www.noticiasradioreflejos.com.ar\/2021\/dentro-de-la-ley-todo-fuera-de-la-ley-nada\/","og_locale":"es_ES","og_type":"article","og_title":"\u201cDentro de la ley todo, fuera de la ley nada\u201d - Noticias Radio Reflejos","og_description":"Comunicado del Partido Justicialista: La movilizaci\u00f3n de los efectivos de la polic\u00eda de la Provincia de Buenos Aires, en reclamo de aumentos salariales, es comprensible, justa y postergada.","og_url":"https:\/\/www.noticiasradioreflejos.com.ar\/2021\/dentro-de-la-ley-todo-fuera-de-la-ley-nada\/","og_site_name":"Noticias Radio Reflejos","article_published_time":"2020-09-10T10:02:20+00:00","og_image":[{"width":300,"height":200,"url":"https:\/\/www.noticiasradioreflejos.com.ar\/2021\/wp-content\/uploads\/2021\/07\/logosol300x200.png","type":"image\/png"}],"author":"Arnaldo Botto","twitter_card":"summary_large_image","schema":{"@context":"https:\/\/schema.org","@graph":[{"@type":"WebPage","@id":"https:\/\/www.noticiasradioreflejos.com.ar\/2021\/dentro-de-la-ley-todo-fuera-de-la-ley-nada\/","url":"https:\/\/www.noticiasradioreflejos.com.ar\/2021\/dentro-de-la-ley-todo-fuera-de-la-ley-nada\/","name":"\u201cDentro de la ley todo, fuera de la ley nada\u201d - Noticias Radio Reflejos","isPartOf":{"@id":"https:\/\/www.noticiasradioreflejos.com.ar\/2021\/#website"},"primaryImageOfPage":{"@id":"https:\/\/www.noticiasradioreflejos.com.ar\/2021\/dentro-de-la-ley-todo-fuera-de-la-ley-nada\/#primaryimage"},"image":{"@id":"https:\/\/www.noticiasradioreflejos.com.ar\/2021\/dentro-de-la-ley-todo-fuera-de-la-ley-nada\/#primaryimage"},"thumbnailUrl":"","datePublished":"2020-09-10T10:02:20+00:00","author":{"@id":"https:\/\/www.noticiasradioreflejos.com.ar\/2021\/#\/schema\/person\/ad82545263dcc5ec0996818884fd5fb1"},"breadcrumb":{"@id":"https:\/\/www.noticiasradioreflejos.com.ar\/2021\/dentro-de-la-ley-todo-fuera-de-la-ley-nada\/#breadcrumb"},"inLanguage":"es","potentialAction":[{"@type":"ReadAction","target":["https:\/\/www.noticiasradioreflejos.com.ar\/2021\/dentro-de-la-ley-todo-fuera-de-la-ley-nada\/"]}]},{"@type":"ImageObject","inLanguage":"es","@id":"https:\/\/www.noticiasradioreflejos.com.ar\/2021\/dentro-de-la-ley-todo-fuera-de-la-ley-nada\/#primaryimage","url":"","contentUrl":""},{"@type":"BreadcrumbList","@id":"https:\/\/www.noticiasradioreflejos.com.ar\/2021\/dentro-de-la-ley-todo-fuera-de-la-ley-nada\/#breadcrumb","itemListElement":[{"@type":"ListItem","position":1,"name":"Portada","item":"https:\/\/www.noticiasradioreflejos.com.ar\/2021\/"},{"@type":"ListItem","position":2,"name":"\u201cDentro de la ley todo, fuera de la ley nada\u201d"}]},{"@type":"WebSite","@id":"https:\/\/www.noticiasradioreflejos.com.ar\/2021\/#website","url":"https:\/\/www.noticiasradioreflejos.com.ar\/2021\/","name":"Noticias Radio Reflejos","description":"Las noticias de mi comarca","potentialAction":[{"@type":"SearchAction","target":{"@type":"EntryPoint","urlTemplate":"https:\/\/www.noticiasradioreflejos.com.ar\/2021\/?s={search_term_string}"},"query-input":{"@type":"PropertyValueSpecification","valueRequired":true,"valueName":"search_term_string"}}],"inLanguage":"es"},{"@type":"Person","@id":"https:\/\/www.noticiasradioreflejos.com.ar\/2021\/#\/schema\/person\/ad82545263dcc5ec0996818884fd5fb1","name":"Arnaldo Botto","image":{"@type":"ImageObject","inLanguage":"es","@id":"https:\/\/www.noticiasradioreflejos.com.ar\/2021\/#\/schema\/person\/image\/","url":"https:\/\/secure.gravatar.com\/avatar\/55cb5e37c1efa326397366e6974cb338056df65cb50e7d64d1cf314e87504837?s=96&d=mm&r=g","contentUrl":"https:\/\/secure.gravatar.com\/avatar\/55cb5e37c1efa326397366e6974cb338056df65cb50e7d64d1cf314e87504837?s=96&d=mm&r=g","caption":"Arnaldo Botto"},"url":"https:\/\/www.noticiasradioreflejos.com.ar\/2021\/author\/arnaldo\/"}]}},"_links":{"self":[{"href":"https:\/\/www.noticiasradioreflejos.com.ar\/2021\/wp-json\/wp\/v2\/posts\/46777","targetHints":{"allow":["GET"]}}],"collection":[{"href":"https:\/\/www.noticiasradioreflejos.com.ar\/2021\/wp-json\/wp\/v2\/posts"}],"about":[{"href":"https:\/\/www.noticiasradioreflejos.com.ar\/2021\/wp-json\/wp\/v2\/types\/post"}],"author":[{"embeddable":true,"href":"https:\/\/www.noticiasradioreflejos.com.ar\/2021\/wp-json\/wp\/v2\/users\/3"}],"replies":[{"embeddable":true,"href":"https:\/\/www.noticiasradioreflejos.com.ar\/2021\/wp-json\/wp\/v2\/comments?post=46777"}],"version-history":[{"count":0,"href":"https:\/\/www.noticiasradioreflejos.com.ar\/2021\/wp-json\/wp\/v2\/posts\/46777\/revisions"}],"wp:featuredmedia":[{"embeddable":true,"href":"https:\/\/www.noticiasradioreflejos.com.ar\/2021\/wp-json\/"}],"wp:attachment":[{"href":"https:\/\/www.noticiasradioreflejos.com.ar\/2021\/wp-json\/wp\/v2\/media?parent=46777"}],"wp:term":[{"taxonomy":"category","embeddable":true,"href":"https:\/\/www.noticiasradioreflejos.com.ar\/2021\/wp-json\/wp\/v2\/categories?post=46777"},{"taxonomy":"post_tag","embeddable":true,"href":"https:\/\/www.noticiasradioreflejos.com.ar\/2021\/wp-json\/wp\/v2\/tags?post=46777"}],"curies":[{"name":"wp","href":"https:\/\/api.w.org\/{rel}","templated":true}]}}