{"id":46770,"date":"2020-09-09T16:51:12","date_gmt":"2020-09-09T19:51:12","guid":{"rendered":"http:\/\/www.noticiasradioreflejos.com.ar\/noticias\/?p=46770"},"modified":"2020-09-09T16:51:12","modified_gmt":"2020-09-09T19:51:12","slug":"la-cgt-condeno-el-exceso-del-reclamo-policial-y-afirmo-que-es-una-amenaza-para-el-estado","status":"publish","type":"post","link":"https:\/\/www.noticiasradioreflejos.com.ar\/2021\/la-cgt-condeno-el-exceso-del-reclamo-policial-y-afirmo-que-es-una-amenaza-para-el-estado\/","title":{"rendered":"La CGT conden\u00f3 \u00abel exceso\u00bb del reclamo policial y afirm\u00f3 que es una amenaza para el Estado."},"content":{"rendered":"<p>La CGT conden\u00f3 hoy \u00abel exceso del leg\u00edtimo reclamo\u00bb de los polic\u00edas bonaerenses y advirti\u00f3 que \u00abla defensa de los derechos laborales de los integrantes de esa fuerza se transform\u00f3 con el paso de las horas en una real amenaza para el normal funcionamiento del Estado\u00bb.<!--more--><br \/>\nLa CGT que colideran H\u00e9ctor Daer y Carlos Acu\u00f1a sostuvo hoy en un comunicado de prensa que \u00abla visibilizaci\u00f3n del descontento policial qued\u00f3 expuesta en las primeras horas del conflicto y todas las acciones posteriores constituyen un exceso que atenta contra el normal funcionamiento de las instituciones\u00bb.<\/p>\n<p>Los integrantes del consejo directivo cegetista reclamaron que \u00abla Polic\u00eda de la provincia de Buenos Aires respete el orden jer\u00e1rquico y se subordine a los mandos institucionales\u00bb, y se\u00f1alaron que \u00abla desigualdad social, la pandemia de coronavirus y la dif\u00edcil realidad econ\u00f3mica no justifica la insubordinaci\u00f3n\u00bb.<\/p>\n<p>\u00abEl di\u00e1logo org\u00e1nico y jer\u00e1rquico es el camino para devolver la tranquilidad a todos los ciudadanos de la provincia, por lo que la CGT acompa\u00f1a al gobernador Axel Kicillof y apoya su gesti\u00f3n en estos cr\u00edticos momentos\u00bb, concluy\u00f3 la central.<\/p>\n<p>Los reclamos salariales y las protestas de las fuerzas policiales se iniciaron a las 23 del lunes \u00faltimo frente al domicilio del gobernador bonaerense, donde se escucharon c\u00e1nticos insultantes, fuegos artificiales y bocinazos de patrulleros.<br \/>\nHoy la protesta se manifest\u00f3 con una movilizaci\u00f3n de polic\u00edas y patrulleros en torno a la Residencia Oficial de Olivos.<br \/>\nNumerosas organizaciones sindicales se solidarizaron con Kicillof, como los municipales, ambas CTA, la Asociaci\u00f3n Bancaria (AB) y los estatales (ATE) repudiaron lo que consideraron \u00abuna maniobra pol\u00edtica contra las instituciones\u00bb.<\/p>\n","protected":false},"excerpt":{"rendered":"<p>La CGT conden\u00f3 hoy \u00abel exceso del leg\u00edtimo reclamo\u00bb de los polic\u00edas bonaerenses y advirti\u00f3 que \u00abla defensa de los derechos laborales de los integrantes de esa fuerza se transform\u00f3 con el paso de las horas en una real amenaza para el normal funcionamiento del Estado\u00bb.<\/p>\n","protected":false},"author":3,"featured_media":0,"comment_status":"closed","ping_status":"open","sticky":false,"template":"","format":"standard","meta":{"footnotes":""},"categories":[24],"tags":[],"class_list":["post-46770","post","type-post","status-publish","format-standard","hentry","category-politica"],"yoast_head":"<!-- This site is optimized with the Yoast SEO plugin v25.9 - https:\/\/yoast.com\/wordpress\/plugins\/seo\/ -->\n<title>La CGT conden\u00f3 &quot;el exceso&quot; del reclamo policial y afirm\u00f3 que es una amenaza para el Estado. - Noticias Radio Reflejos<\/title>\n<meta name=\"robots\" content=\"index, follow, max-snippet:-1, max-image-preview:large, max-video-preview:-1\" \/>\n<link rel=\"canonical\" href=\"https:\/\/www.noticiasradioreflejos.com.ar\/2021\/la-cgt-condeno-el-exceso-del-reclamo-policial-y-afirmo-que-es-una-amenaza-para-el-estado\/\" \/>\n<meta property=\"og:locale\" content=\"es_ES\" \/>\n<meta property=\"og:type\" content=\"article\" \/>\n<meta property=\"og:title\" content=\"La CGT conden\u00f3 &quot;el exceso&quot; del reclamo policial y afirm\u00f3 que es una amenaza para el Estado. - Noticias Radio Reflejos\" \/>\n<meta property=\"og:description\" content=\"La CGT conden\u00f3 hoy \u00abel exceso del leg\u00edtimo reclamo\u00bb de los polic\u00edas bonaerenses y advirti\u00f3 que \u00abla defensa de los derechos laborales de los integrantes de esa fuerza se transform\u00f3 con el paso de las horas en una real amenaza para el normal funcionamiento del Estado\u00bb.\" \/>\n<meta property=\"og:url\" content=\"https:\/\/www.noticiasradioreflejos.com.ar\/2021\/la-cgt-condeno-el-exceso-del-reclamo-policial-y-afirmo-que-es-una-amenaza-para-el-estado\/\" \/>\n<meta property=\"og:site_name\" content=\"Noticias Radio Reflejos\" \/>\n<meta property=\"article:published_time\" content=\"2020-09-09T19:51:12+00:00\" \/>\n<meta property=\"og:image\" content=\"https:\/\/www.noticiasradioreflejos.com.ar\/2021\/wp-content\/uploads\/2021\/07\/logosol300x200.png\" \/>\n\t<meta property=\"og:image:width\" content=\"300\" \/>\n\t<meta property=\"og:image:height\" content=\"200\" \/>\n\t<meta property=\"og:image:type\" content=\"image\/png\" \/>\n<meta name=\"author\" content=\"Arnaldo Botto\" \/>\n<meta name=\"twitter:card\" content=\"summary_large_image\" \/>\n<script type=\"application\/ld+json\" class=\"yoast-schema-graph\">{\"@context\":\"https:\/\/schema.org\",\"@graph\":[{\"@type\":\"WebPage\",\"@id\":\"https:\/\/www.noticiasradioreflejos.com.ar\/2021\/la-cgt-condeno-el-exceso-del-reclamo-policial-y-afirmo-que-es-una-amenaza-para-el-estado\/\",\"url\":\"https:\/\/www.noticiasradioreflejos.com.ar\/2021\/la-cgt-condeno-el-exceso-del-reclamo-policial-y-afirmo-que-es-una-amenaza-para-el-estado\/\",\"name\":\"La CGT conden\u00f3 \\\"el exceso\\\" del reclamo policial y afirm\u00f3 que es una amenaza para el Estado. - Noticias Radio Reflejos\",\"isPartOf\":{\"@id\":\"https:\/\/www.noticiasradioreflejos.com.ar\/2021\/#website\"},\"datePublished\":\"2020-09-09T19:51:12+00:00\",\"author\":{\"@id\":\"https:\/\/www.noticiasradioreflejos.com.ar\/2021\/#\/schema\/person\/ad82545263dcc5ec0996818884fd5fb1\"},\"breadcrumb\":{\"@id\":\"https:\/\/www.noticiasradioreflejos.com.ar\/2021\/la-cgt-condeno-el-exceso-del-reclamo-policial-y-afirmo-que-es-una-amenaza-para-el-estado\/#breadcrumb\"},\"inLanguage\":\"es\",\"potentialAction\":[{\"@type\":\"ReadAction\",\"target\":[\"https:\/\/www.noticiasradioreflejos.com.ar\/2021\/la-cgt-condeno-el-exceso-del-reclamo-policial-y-afirmo-que-es-una-amenaza-para-el-estado\/\"]}]},{\"@type\":\"BreadcrumbList\",\"@id\":\"https:\/\/www.noticiasradioreflejos.com.ar\/2021\/la-cgt-condeno-el-exceso-del-reclamo-policial-y-afirmo-que-es-una-amenaza-para-el-estado\/#breadcrumb\",\"itemListElement\":[{\"@type\":\"ListItem\",\"position\":1,\"name\":\"Portada\",\"item\":\"https:\/\/www.noticiasradioreflejos.com.ar\/2021\/\"},{\"@type\":\"ListItem\",\"position\":2,\"name\":\"La CGT conden\u00f3 \u00abel exceso\u00bb del reclamo policial y afirm\u00f3 que es una amenaza para el Estado.\"}]},{\"@type\":\"WebSite\",\"@id\":\"https:\/\/www.noticiasradioreflejos.com.ar\/2021\/#website\",\"url\":\"https:\/\/www.noticiasradioreflejos.com.ar\/2021\/\",\"name\":\"Noticias Radio Reflejos\",\"description\":\"Las noticias de mi comarca\",\"potentialAction\":[{\"@type\":\"SearchAction\",\"target\":{\"@type\":\"EntryPoint\",\"urlTemplate\":\"https:\/\/www.noticiasradioreflejos.com.ar\/2021\/?s={search_term_string}\"},\"query-input\":{\"@type\":\"PropertyValueSpecification\",\"valueRequired\":true,\"valueName\":\"search_term_string\"}}],\"inLanguage\":\"es\"},{\"@type\":\"Person\",\"@id\":\"https:\/\/www.noticiasradioreflejos.com.ar\/2021\/#\/schema\/person\/ad82545263dcc5ec0996818884fd5fb1\",\"name\":\"Arnaldo Botto\",\"image\":{\"@type\":\"ImageObject\",\"inLanguage\":\"es\",\"@id\":\"https:\/\/www.noticiasradioreflejos.com.ar\/2021\/#\/schema\/person\/image\/\",\"url\":\"https:\/\/secure.gravatar.com\/avatar\/55cb5e37c1efa326397366e6974cb338056df65cb50e7d64d1cf314e87504837?s=96&d=mm&r=g\",\"contentUrl\":\"https:\/\/secure.gravatar.com\/avatar\/55cb5e37c1efa326397366e6974cb338056df65cb50e7d64d1cf314e87504837?s=96&d=mm&r=g\",\"caption\":\"Arnaldo Botto\"},\"url\":\"https:\/\/www.noticiasradioreflejos.com.ar\/2021\/author\/arnaldo\/\"}]}<\/script>\n<!-- \/ Yoast SEO plugin. -->","yoast_head_json":{"title":"La CGT conden\u00f3 \"el exceso\" del reclamo policial y afirm\u00f3 que es una amenaza para el Estado. - Noticias Radio Reflejos","robots":{"index":"index","follow":"follow","max-snippet":"max-snippet:-1","max-image-preview":"max-image-preview:large","max-video-preview":"max-video-preview:-1"},"canonical":"https:\/\/www.noticiasradioreflejos.com.ar\/2021\/la-cgt-condeno-el-exceso-del-reclamo-policial-y-afirmo-que-es-una-amenaza-para-el-estado\/","og_locale":"es_ES","og_type":"article","og_title":"La CGT conden\u00f3 \"el exceso\" del reclamo policial y afirm\u00f3 que es una amenaza para el Estado. - Noticias Radio Reflejos","og_description":"La CGT conden\u00f3 hoy \u00abel exceso del leg\u00edtimo reclamo\u00bb de los polic\u00edas bonaerenses y advirti\u00f3 que \u00abla defensa de los derechos laborales de los integrantes de esa fuerza se transform\u00f3 con el paso de las horas en una real amenaza para el normal funcionamiento del Estado\u00bb.","og_url":"https:\/\/www.noticiasradioreflejos.com.ar\/2021\/la-cgt-condeno-el-exceso-del-reclamo-policial-y-afirmo-que-es-una-amenaza-para-el-estado\/","og_site_name":"Noticias Radio Reflejos","article_published_time":"2020-09-09T19:51:12+00:00","og_image":[{"width":300,"height":200,"url":"https:\/\/www.noticiasradioreflejos.com.ar\/2021\/wp-content\/uploads\/2021\/07\/logosol300x200.png","type":"image\/png"}],"author":"Arnaldo Botto","twitter_card":"summary_large_image","schema":{"@context":"https:\/\/schema.org","@graph":[{"@type":"WebPage","@id":"https:\/\/www.noticiasradioreflejos.com.ar\/2021\/la-cgt-condeno-el-exceso-del-reclamo-policial-y-afirmo-que-es-una-amenaza-para-el-estado\/","url":"https:\/\/www.noticiasradioreflejos.com.ar\/2021\/la-cgt-condeno-el-exceso-del-reclamo-policial-y-afirmo-que-es-una-amenaza-para-el-estado\/","name":"La CGT conden\u00f3 \"el exceso\" del reclamo policial y afirm\u00f3 que es una amenaza para el Estado. - Noticias Radio Reflejos","isPartOf":{"@id":"https:\/\/www.noticiasradioreflejos.com.ar\/2021\/#website"},"datePublished":"2020-09-09T19:51:12+00:00","author":{"@id":"https:\/\/www.noticiasradioreflejos.com.ar\/2021\/#\/schema\/person\/ad82545263dcc5ec0996818884fd5fb1"},"breadcrumb":{"@id":"https:\/\/www.noticiasradioreflejos.com.ar\/2021\/la-cgt-condeno-el-exceso-del-reclamo-policial-y-afirmo-que-es-una-amenaza-para-el-estado\/#breadcrumb"},"inLanguage":"es","potentialAction":[{"@type":"ReadAction","target":["https:\/\/www.noticiasradioreflejos.com.ar\/2021\/la-cgt-condeno-el-exceso-del-reclamo-policial-y-afirmo-que-es-una-amenaza-para-el-estado\/"]}]},{"@type":"BreadcrumbList","@id":"https:\/\/www.noticiasradioreflejos.com.ar\/2021\/la-cgt-condeno-el-exceso-del-reclamo-policial-y-afirmo-que-es-una-amenaza-para-el-estado\/#breadcrumb","itemListElement":[{"@type":"ListItem","position":1,"name":"Portada","item":"https:\/\/www.noticiasradioreflejos.com.ar\/2021\/"},{"@type":"ListItem","position":2,"name":"La CGT conden\u00f3 \u00abel exceso\u00bb del reclamo policial y afirm\u00f3 que es una amenaza para el Estado."}]},{"@type":"WebSite","@id":"https:\/\/www.noticiasradioreflejos.com.ar\/2021\/#website","url":"https:\/\/www.noticiasradioreflejos.com.ar\/2021\/","name":"Noticias Radio Reflejos","description":"Las noticias de mi comarca","potentialAction":[{"@type":"SearchAction","target":{"@type":"EntryPoint","urlTemplate":"https:\/\/www.noticiasradioreflejos.com.ar\/2021\/?s={search_term_string}"},"query-input":{"@type":"PropertyValueSpecification","valueRequired":true,"valueName":"search_term_string"}}],"inLanguage":"es"},{"@type":"Person","@id":"https:\/\/www.noticiasradioreflejos.com.ar\/2021\/#\/schema\/person\/ad82545263dcc5ec0996818884fd5fb1","name":"Arnaldo Botto","image":{"@type":"ImageObject","inLanguage":"es","@id":"https:\/\/www.noticiasradioreflejos.com.ar\/2021\/#\/schema\/person\/image\/","url":"https:\/\/secure.gravatar.com\/avatar\/55cb5e37c1efa326397366e6974cb338056df65cb50e7d64d1cf314e87504837?s=96&d=mm&r=g","contentUrl":"https:\/\/secure.gravatar.com\/avatar\/55cb5e37c1efa326397366e6974cb338056df65cb50e7d64d1cf314e87504837?s=96&d=mm&r=g","caption":"Arnaldo Botto"},"url":"https:\/\/www.noticiasradioreflejos.com.ar\/2021\/author\/arnaldo\/"}]}},"_links":{"self":[{"href":"https:\/\/www.noticiasradioreflejos.com.ar\/2021\/wp-json\/wp\/v2\/posts\/46770","targetHints":{"allow":["GET"]}}],"collection":[{"href":"https:\/\/www.noticiasradioreflejos.com.ar\/2021\/wp-json\/wp\/v2\/posts"}],"about":[{"href":"https:\/\/www.noticiasradioreflejos.com.ar\/2021\/wp-json\/wp\/v2\/types\/post"}],"author":[{"embeddable":true,"href":"https:\/\/www.noticiasradioreflejos.com.ar\/2021\/wp-json\/wp\/v2\/users\/3"}],"replies":[{"embeddable":true,"href":"https:\/\/www.noticiasradioreflejos.com.ar\/2021\/wp-json\/wp\/v2\/comments?post=46770"}],"version-history":[{"count":0,"href":"https:\/\/www.noticiasradioreflejos.com.ar\/2021\/wp-json\/wp\/v2\/posts\/46770\/revisions"}],"wp:attachment":[{"href":"https:\/\/www.noticiasradioreflejos.com.ar\/2021\/wp-json\/wp\/v2\/media?parent=46770"}],"wp:term":[{"taxonomy":"category","embeddable":true,"href":"https:\/\/www.noticiasradioreflejos.com.ar\/2021\/wp-json\/wp\/v2\/categories?post=46770"},{"taxonomy":"post_tag","embeddable":true,"href":"https:\/\/www.noticiasradioreflejos.com.ar\/2021\/wp-json\/wp\/v2\/tags?post=46770"}],"curies":[{"name":"wp","href":"https:\/\/api.w.org\/{rel}","templated":true}]}}