{"id":46766,"date":"2020-09-09T12:15:13","date_gmt":"2020-09-09T15:15:13","guid":{"rendered":"http:\/\/www.noticiasradioreflejos.com.ar\/noticias\/?p=46766"},"modified":"2020-09-09T12:15:13","modified_gmt":"2020-09-09T15:15:13","slug":"primera-caminata-ambiental-en-villa-ventana-sierras-libres-de-basura-2","status":"publish","type":"post","link":"https:\/\/www.noticiasradioreflejos.com.ar\/2021\/primera-caminata-ambiental-en-villa-ventana-sierras-libres-de-basura-2\/","title":{"rendered":"Primera Caminata Ambiental en Villa Ventana \u201cSierras libres de Basura\u201d"},"content":{"rendered":"<p>La Direcci\u00f3n de Deportes junto a la Direcci\u00f3n de Medio Ambiente, recuerda que el Club de Actividades de Ventania, organiz\u00f3 para este 13 de septiembre la primera Caminata Ambiental en Villa Ventana, con el objetivo de mejorar y limpiar el entorno natural que nos rodea, recolectando aquellos residuos que fueron olvidados.<!--more--><br \/>\nInvitamos a todos los vecinos a sumarse a esta actividad, el pr\u00f3ximo 13 de septiembre de 9 a 11 y de 14 a 17hs, en el escenario de la Plaza Salerno de Villa Ventana, donde se entregar\u00e1n bolsas para recolectar los residuos que se encuentren durante el paseo. La misma se realizar\u00e1 de manera individual, con uso de tapaboca obligatorio, respetando los protocolos establecidos por la pandemia de Covid-19. Nuevamente celebramos esta convocatoria y agradecemos al Club de Actividades<br \/>\nde Ventania.<\/p>\n<p>&nbsp;<\/p>\n<p><a title=\"WhatsApp Image 2020-09-03 at 11.34.21\" href=\"http:\/\/live.staticflickr.com\/65535\/50323009253_5415cf19ef_s.jpg\" rel=\"\"><img loading=\"lazy\" decoding=\"async\" class=\"aligncenter\" title=\"WhatsApp Image 2020-09-03 at 11.34.21\" src=\"http:\/\/live.staticflickr.com\/65535\/50323009253_5415cf19ef_c.jpg\" alt=\"WhatsApp Image 2020-09-03 at 11.34.21\" width=\"800\" height=\"800\" \/><\/a><\/p>\n<p>&nbsp;<\/p>\n<p>&nbsp;<\/p>\n","protected":false},"excerpt":{"rendered":"<p>La Direcci\u00f3n de Deportes junto a la Direcci\u00f3n de Medio Ambiente, recuerda que el Club de Actividades de Ventania, organiz\u00f3 para este 13 de septiembre la primera Caminata Ambiental en Villa Ventana, con el objetivo de mejorar y limpiar el entorno natural que nos rodea, recolectando aquellos residuos que fueron olvidados.<\/p>\n","protected":false},"author":3,"featured_media":0,"comment_status":"closed","ping_status":"open","sticky":false,"template":"","format":"standard","meta":{"footnotes":""},"categories":[26],"tags":[],"class_list":["post-46766","post","type-post","status-publish","format-standard","hentry","category-sociedad"],"yoast_head":"<!-- This site is optimized with the Yoast SEO plugin v25.9 - https:\/\/yoast.com\/wordpress\/plugins\/seo\/ -->\n<title>Primera Caminata Ambiental en Villa Ventana \u201cSierras libres de Basura\u201d - Noticias Radio Reflejos<\/title>\n<meta name=\"robots\" content=\"index, follow, max-snippet:-1, max-image-preview:large, max-video-preview:-1\" \/>\n<link rel=\"canonical\" href=\"https:\/\/www.noticiasradioreflejos.com.ar\/2021\/primera-caminata-ambiental-en-villa-ventana-sierras-libres-de-basura-2\/\" \/>\n<meta property=\"og:locale\" content=\"es_ES\" \/>\n<meta property=\"og:type\" content=\"article\" \/>\n<meta property=\"og:title\" content=\"Primera Caminata Ambiental en Villa Ventana \u201cSierras libres de Basura\u201d - Noticias Radio Reflejos\" \/>\n<meta property=\"og:description\" content=\"La Direcci\u00f3n de Deportes junto a la Direcci\u00f3n de Medio Ambiente, recuerda que el Club de Actividades de Ventania, organiz\u00f3 para este 13 de septiembre la primera Caminata Ambiental en Villa Ventana, con el objetivo de mejorar y limpiar el entorno natural que nos rodea, recolectando aquellos residuos que fueron olvidados.\" \/>\n<meta property=\"og:url\" content=\"https:\/\/www.noticiasradioreflejos.com.ar\/2021\/primera-caminata-ambiental-en-villa-ventana-sierras-libres-de-basura-2\/\" \/>\n<meta property=\"og:site_name\" content=\"Noticias Radio Reflejos\" \/>\n<meta property=\"article:published_time\" content=\"2020-09-09T15:15:13+00:00\" \/>\n<meta property=\"og:image\" content=\"http:\/\/live.staticflickr.com\/65535\/50323009253_5415cf19ef_c.jpg\" \/>\n<meta name=\"author\" content=\"Arnaldo Botto\" \/>\n<meta name=\"twitter:card\" content=\"summary_large_image\" \/>\n<script type=\"application\/ld+json\" class=\"yoast-schema-graph\">{\"@context\":\"https:\/\/schema.org\",\"@graph\":[{\"@type\":\"WebPage\",\"@id\":\"https:\/\/www.noticiasradioreflejos.com.ar\/2021\/primera-caminata-ambiental-en-villa-ventana-sierras-libres-de-basura-2\/\",\"url\":\"https:\/\/www.noticiasradioreflejos.com.ar\/2021\/primera-caminata-ambiental-en-villa-ventana-sierras-libres-de-basura-2\/\",\"name\":\"Primera Caminata Ambiental en Villa Ventana \u201cSierras libres de Basura\u201d - Noticias Radio Reflejos\",\"isPartOf\":{\"@id\":\"https:\/\/www.noticiasradioreflejos.com.ar\/2021\/#website\"},\"primaryImageOfPage\":{\"@id\":\"https:\/\/www.noticiasradioreflejos.com.ar\/2021\/primera-caminata-ambiental-en-villa-ventana-sierras-libres-de-basura-2\/#primaryimage\"},\"image\":{\"@id\":\"https:\/\/www.noticiasradioreflejos.com.ar\/2021\/primera-caminata-ambiental-en-villa-ventana-sierras-libres-de-basura-2\/#primaryimage\"},\"thumbnailUrl\":\"http:\/\/live.staticflickr.com\/65535\/50323009253_5415cf19ef_c.jpg\",\"datePublished\":\"2020-09-09T15:15:13+00:00\",\"author\":{\"@id\":\"https:\/\/www.noticiasradioreflejos.com.ar\/2021\/#\/schema\/person\/ad82545263dcc5ec0996818884fd5fb1\"},\"breadcrumb\":{\"@id\":\"https:\/\/www.noticiasradioreflejos.com.ar\/2021\/primera-caminata-ambiental-en-villa-ventana-sierras-libres-de-basura-2\/#breadcrumb\"},\"inLanguage\":\"es\",\"potentialAction\":[{\"@type\":\"ReadAction\",\"target\":[\"https:\/\/www.noticiasradioreflejos.com.ar\/2021\/primera-caminata-ambiental-en-villa-ventana-sierras-libres-de-basura-2\/\"]}]},{\"@type\":\"ImageObject\",\"inLanguage\":\"es\",\"@id\":\"https:\/\/www.noticiasradioreflejos.com.ar\/2021\/primera-caminata-ambiental-en-villa-ventana-sierras-libres-de-basura-2\/#primaryimage\",\"url\":\"http:\/\/live.staticflickr.com\/65535\/50323009253_5415cf19ef_c.jpg\",\"contentUrl\":\"http:\/\/live.staticflickr.com\/65535\/50323009253_5415cf19ef_c.jpg\"},{\"@type\":\"BreadcrumbList\",\"@id\":\"https:\/\/www.noticiasradioreflejos.com.ar\/2021\/primera-caminata-ambiental-en-villa-ventana-sierras-libres-de-basura-2\/#breadcrumb\",\"itemListElement\":[{\"@type\":\"ListItem\",\"position\":1,\"name\":\"Portada\",\"item\":\"https:\/\/www.noticiasradioreflejos.com.ar\/2021\/\"},{\"@type\":\"ListItem\",\"position\":2,\"name\":\"Primera Caminata Ambiental en Villa Ventana \u201cSierras libres de Basura\u201d\"}]},{\"@type\":\"WebSite\",\"@id\":\"https:\/\/www.noticiasradioreflejos.com.ar\/2021\/#website\",\"url\":\"https:\/\/www.noticiasradioreflejos.com.ar\/2021\/\",\"name\":\"Noticias Radio Reflejos\",\"description\":\"Las noticias de mi comarca\",\"potentialAction\":[{\"@type\":\"SearchAction\",\"target\":{\"@type\":\"EntryPoint\",\"urlTemplate\":\"https:\/\/www.noticiasradioreflejos.com.ar\/2021\/?s={search_term_string}\"},\"query-input\":{\"@type\":\"PropertyValueSpecification\",\"valueRequired\":true,\"valueName\":\"search_term_string\"}}],\"inLanguage\":\"es\"},{\"@type\":\"Person\",\"@id\":\"https:\/\/www.noticiasradioreflejos.com.ar\/2021\/#\/schema\/person\/ad82545263dcc5ec0996818884fd5fb1\",\"name\":\"Arnaldo Botto\",\"image\":{\"@type\":\"ImageObject\",\"inLanguage\":\"es\",\"@id\":\"https:\/\/www.noticiasradioreflejos.com.ar\/2021\/#\/schema\/person\/image\/\",\"url\":\"https:\/\/secure.gravatar.com\/avatar\/55cb5e37c1efa326397366e6974cb338056df65cb50e7d64d1cf314e87504837?s=96&d=mm&r=g\",\"contentUrl\":\"https:\/\/secure.gravatar.com\/avatar\/55cb5e37c1efa326397366e6974cb338056df65cb50e7d64d1cf314e87504837?s=96&d=mm&r=g\",\"caption\":\"Arnaldo Botto\"},\"url\":\"https:\/\/www.noticiasradioreflejos.com.ar\/2021\/author\/arnaldo\/\"}]}<\/script>\n<!-- \/ Yoast SEO plugin. -->","yoast_head_json":{"title":"Primera Caminata Ambiental en Villa Ventana \u201cSierras libres de Basura\u201d - Noticias Radio Reflejos","robots":{"index":"index","follow":"follow","max-snippet":"max-snippet:-1","max-image-preview":"max-image-preview:large","max-video-preview":"max-video-preview:-1"},"canonical":"https:\/\/www.noticiasradioreflejos.com.ar\/2021\/primera-caminata-ambiental-en-villa-ventana-sierras-libres-de-basura-2\/","og_locale":"es_ES","og_type":"article","og_title":"Primera Caminata Ambiental en Villa Ventana \u201cSierras libres de Basura\u201d - Noticias Radio Reflejos","og_description":"La Direcci\u00f3n de Deportes junto a la Direcci\u00f3n de Medio Ambiente, recuerda que el Club de Actividades de Ventania, organiz\u00f3 para este 13 de septiembre la primera Caminata Ambiental en Villa Ventana, con el objetivo de mejorar y limpiar el entorno natural que nos rodea, recolectando aquellos residuos que fueron olvidados.","og_url":"https:\/\/www.noticiasradioreflejos.com.ar\/2021\/primera-caminata-ambiental-en-villa-ventana-sierras-libres-de-basura-2\/","og_site_name":"Noticias Radio Reflejos","article_published_time":"2020-09-09T15:15:13+00:00","og_image":[{"url":"http:\/\/live.staticflickr.com\/65535\/50323009253_5415cf19ef_c.jpg","type":"","width":"","height":""}],"author":"Arnaldo Botto","twitter_card":"summary_large_image","schema":{"@context":"https:\/\/schema.org","@graph":[{"@type":"WebPage","@id":"https:\/\/www.noticiasradioreflejos.com.ar\/2021\/primera-caminata-ambiental-en-villa-ventana-sierras-libres-de-basura-2\/","url":"https:\/\/www.noticiasradioreflejos.com.ar\/2021\/primera-caminata-ambiental-en-villa-ventana-sierras-libres-de-basura-2\/","name":"Primera Caminata Ambiental en Villa Ventana \u201cSierras libres de Basura\u201d - Noticias Radio Reflejos","isPartOf":{"@id":"https:\/\/www.noticiasradioreflejos.com.ar\/2021\/#website"},"primaryImageOfPage":{"@id":"https:\/\/www.noticiasradioreflejos.com.ar\/2021\/primera-caminata-ambiental-en-villa-ventana-sierras-libres-de-basura-2\/#primaryimage"},"image":{"@id":"https:\/\/www.noticiasradioreflejos.com.ar\/2021\/primera-caminata-ambiental-en-villa-ventana-sierras-libres-de-basura-2\/#primaryimage"},"thumbnailUrl":"http:\/\/live.staticflickr.com\/65535\/50323009253_5415cf19ef_c.jpg","datePublished":"2020-09-09T15:15:13+00:00","author":{"@id":"https:\/\/www.noticiasradioreflejos.com.ar\/2021\/#\/schema\/person\/ad82545263dcc5ec0996818884fd5fb1"},"breadcrumb":{"@id":"https:\/\/www.noticiasradioreflejos.com.ar\/2021\/primera-caminata-ambiental-en-villa-ventana-sierras-libres-de-basura-2\/#breadcrumb"},"inLanguage":"es","potentialAction":[{"@type":"ReadAction","target":["https:\/\/www.noticiasradioreflejos.com.ar\/2021\/primera-caminata-ambiental-en-villa-ventana-sierras-libres-de-basura-2\/"]}]},{"@type":"ImageObject","inLanguage":"es","@id":"https:\/\/www.noticiasradioreflejos.com.ar\/2021\/primera-caminata-ambiental-en-villa-ventana-sierras-libres-de-basura-2\/#primaryimage","url":"http:\/\/live.staticflickr.com\/65535\/50323009253_5415cf19ef_c.jpg","contentUrl":"http:\/\/live.staticflickr.com\/65535\/50323009253_5415cf19ef_c.jpg"},{"@type":"BreadcrumbList","@id":"https:\/\/www.noticiasradioreflejos.com.ar\/2021\/primera-caminata-ambiental-en-villa-ventana-sierras-libres-de-basura-2\/#breadcrumb","itemListElement":[{"@type":"ListItem","position":1,"name":"Portada","item":"https:\/\/www.noticiasradioreflejos.com.ar\/2021\/"},{"@type":"ListItem","position":2,"name":"Primera Caminata Ambiental en Villa Ventana \u201cSierras libres de Basura\u201d"}]},{"@type":"WebSite","@id":"https:\/\/www.noticiasradioreflejos.com.ar\/2021\/#website","url":"https:\/\/www.noticiasradioreflejos.com.ar\/2021\/","name":"Noticias Radio Reflejos","description":"Las noticias de mi comarca","potentialAction":[{"@type":"SearchAction","target":{"@type":"EntryPoint","urlTemplate":"https:\/\/www.noticiasradioreflejos.com.ar\/2021\/?s={search_term_string}"},"query-input":{"@type":"PropertyValueSpecification","valueRequired":true,"valueName":"search_term_string"}}],"inLanguage":"es"},{"@type":"Person","@id":"https:\/\/www.noticiasradioreflejos.com.ar\/2021\/#\/schema\/person\/ad82545263dcc5ec0996818884fd5fb1","name":"Arnaldo Botto","image":{"@type":"ImageObject","inLanguage":"es","@id":"https:\/\/www.noticiasradioreflejos.com.ar\/2021\/#\/schema\/person\/image\/","url":"https:\/\/secure.gravatar.com\/avatar\/55cb5e37c1efa326397366e6974cb338056df65cb50e7d64d1cf314e87504837?s=96&d=mm&r=g","contentUrl":"https:\/\/secure.gravatar.com\/avatar\/55cb5e37c1efa326397366e6974cb338056df65cb50e7d64d1cf314e87504837?s=96&d=mm&r=g","caption":"Arnaldo Botto"},"url":"https:\/\/www.noticiasradioreflejos.com.ar\/2021\/author\/arnaldo\/"}]}},"_links":{"self":[{"href":"https:\/\/www.noticiasradioreflejos.com.ar\/2021\/wp-json\/wp\/v2\/posts\/46766","targetHints":{"allow":["GET"]}}],"collection":[{"href":"https:\/\/www.noticiasradioreflejos.com.ar\/2021\/wp-json\/wp\/v2\/posts"}],"about":[{"href":"https:\/\/www.noticiasradioreflejos.com.ar\/2021\/wp-json\/wp\/v2\/types\/post"}],"author":[{"embeddable":true,"href":"https:\/\/www.noticiasradioreflejos.com.ar\/2021\/wp-json\/wp\/v2\/users\/3"}],"replies":[{"embeddable":true,"href":"https:\/\/www.noticiasradioreflejos.com.ar\/2021\/wp-json\/wp\/v2\/comments?post=46766"}],"version-history":[{"count":0,"href":"https:\/\/www.noticiasradioreflejos.com.ar\/2021\/wp-json\/wp\/v2\/posts\/46766\/revisions"}],"wp:attachment":[{"href":"https:\/\/www.noticiasradioreflejos.com.ar\/2021\/wp-json\/wp\/v2\/media?parent=46766"}],"wp:term":[{"taxonomy":"category","embeddable":true,"href":"https:\/\/www.noticiasradioreflejos.com.ar\/2021\/wp-json\/wp\/v2\/categories?post=46766"},{"taxonomy":"post_tag","embeddable":true,"href":"https:\/\/www.noticiasradioreflejos.com.ar\/2021\/wp-json\/wp\/v2\/tags?post=46766"}],"curies":[{"name":"wp","href":"https:\/\/api.w.org\/{rel}","templated":true}]}}