{"id":46763,"date":"2020-09-09T11:16:31","date_gmt":"2020-09-09T14:16:31","guid":{"rendered":"http:\/\/www.noticiasradioreflejos.com.ar\/noticias\/?p=46763"},"modified":"2020-09-09T11:16:31","modified_gmt":"2020-09-09T14:16:31","slug":"comunicado-del-partido-intransigente-de-la-pcia-de-buenos-aires","status":"publish","type":"post","link":"https:\/\/www.noticiasradioreflejos.com.ar\/2021\/comunicado-del-partido-intransigente-de-la-pcia-de-buenos-aires\/","title":{"rendered":"Comunicado del Partido Intransigente de la Pcia de Buenos Aires"},"content":{"rendered":"<p>\u201cApoyamos los justos reclamos salariales de tod@s los trabajadores estatales pero repudiamos manifestaciones de sectores policiales \u201d<!--more--><br \/>\n\u201cLas manifestaciones de algunos sectores de la Polic\u00eda Bonaerense ocurridas en las \u00faltimas horas, bajo el argumento de mejoras salariales, claramente exceden dicha demanda que ser\u00eda atendible para la totalidad de las y los trabajadores del Estado, el PI hist\u00f3ricamente las ha compartido y defendido. Sin embargo, apreciamos que en realidad, se dirigen a alterar la vida democr\u00e1tica y el sistema constitucional.<br \/>\nDenunciamos ese atropello mentiroso y enmascarado, a la vez que afirmamos la necesidad de democratizar urgentemente a esa fuerza, modificar su conducci\u00f3n org\u00e1nica, regionalizarla y controlarla parlamentariamente\u201d, as\u00ed lo afirm\u00f3 el PARTIDO INTRANSIGENTE DE LA PCIA. DE B. AIRES.-<br \/>\n\u201cLas y los Polic\u00edas que se pliegan a desmanes y movilizaciones, utilizando m\u00f3viles y bienes p\u00fablicos de la Provincia, manifestando frente al domicilio del Gobernador, pretendiendo condicionar a las leg\u00edtimas autoridades constituidas y elegidas por millones de Bonaerenses hace menos de un a\u00f1o, pese a la actual situaci\u00f3n de emergencia sanitaria, econ\u00f3mica y social que sufre el pa\u00eds , lesionan la tranquilidad de una Sociedad Democr\u00e1tica respetuosa del Estado de Derecho y el Sistema Internacional de los Derechos Humanos, por lo tanto, resultan reprochables y su conducta claramente ileg\u00edtima deber\u00e1 ser juzgada \u201d.-<br \/>\n\u201cDesde el PARTIDO INTRANSIGENTE repudiamos esa actitud, en tanto, sus ide\u00f3logos saben claramente que el reclamo supera lo meramente remunerativo, persigue prop\u00f3sitos pol\u00edticos, mediante la acci\u00f3n corporativa, de conjunto y haci\u00e9ndola p\u00fablica. De tal forma cualquier reclamo salarial justo, debe canalizarse por las v\u00edas org\u00e1nicas de la fuerza como la del resto de las y los trabajadores bonaerenses. Ninguna Polic\u00eda Provincial ni Fuerza Armada o de Seguridad Nacional, debe promover la creaci\u00f3n de un clima enrarecido que tienda a desestabilizar y desconocer a las autoridades elegidas por el Pueblo\u201d.-<br \/>\nFinalmente el PI, manifest\u00f3: \u201csu en\u00e9rgica condena hacia los sectores econ\u00f3micos y pol\u00edticos que vuelven a estar detr\u00e1s de estas asonadas, que -a modo de prueba- comienzan a pulsear corporativamente contra los intereses mayoritarios del Pueblo, la Democracia y el poder soberano del Gobierno Provincial y Popular de los Bonaerenses que encabeza Axel Kiciloff , a quien prestamos nuestro m\u00e1s sincero y decidido apoyo. NUNCA M\u00c1S ES NUNCA M\u00c1S\u201d.-<\/p>\n<p>SECRETAR\u00cdA DE PRENSA, Buenos Aires 8 de septiembre de 2020.-<\/p>\n","protected":false},"excerpt":{"rendered":"<p>\u201cApoyamos los justos reclamos salariales de tod@s los trabajadores estatales pero repudiamos manifestaciones de sectores policiales \u201d<\/p>\n","protected":false},"author":3,"featured_media":33609,"comment_status":"closed","ping_status":"open","sticky":false,"template":"","format":"standard","meta":{"footnotes":""},"categories":[24],"tags":[],"class_list":["post-46763","post","type-post","status-publish","format-standard","has-post-thumbnail","hentry","category-politica"],"yoast_head":"<!-- This site is optimized with the Yoast SEO plugin v25.9 - https:\/\/yoast.com\/wordpress\/plugins\/seo\/ -->\n<title>Comunicado del Partido Intransigente de la Pcia de Buenos Aires - Noticias Radio Reflejos<\/title>\n<meta name=\"robots\" content=\"index, follow, max-snippet:-1, max-image-preview:large, max-video-preview:-1\" \/>\n<link rel=\"canonical\" href=\"https:\/\/www.noticiasradioreflejos.com.ar\/2021\/comunicado-del-partido-intransigente-de-la-pcia-de-buenos-aires\/\" \/>\n<meta property=\"og:locale\" content=\"es_ES\" \/>\n<meta property=\"og:type\" content=\"article\" \/>\n<meta property=\"og:title\" content=\"Comunicado del Partido Intransigente de la Pcia de Buenos Aires - Noticias Radio Reflejos\" \/>\n<meta property=\"og:description\" content=\"\u201cApoyamos los justos reclamos salariales de tod@s los trabajadores estatales pero repudiamos manifestaciones de sectores policiales \u201d\" \/>\n<meta property=\"og:url\" content=\"https:\/\/www.noticiasradioreflejos.com.ar\/2021\/comunicado-del-partido-intransigente-de-la-pcia-de-buenos-aires\/\" \/>\n<meta property=\"og:site_name\" content=\"Noticias Radio Reflejos\" \/>\n<meta property=\"article:published_time\" content=\"2020-09-09T14:16:31+00:00\" \/>\n<meta property=\"og:image\" content=\"https:\/\/www.noticiasradioreflejos.com.ar\/2021\/wp-content\/uploads\/2019\/08\/Comunicado-de-Prensa.jpg\" \/>\n\t<meta property=\"og:image:width\" content=\"1696\" \/>\n\t<meta property=\"og:image:height\" content=\"1061\" \/>\n\t<meta property=\"og:image:type\" content=\"image\/jpeg\" \/>\n<meta name=\"author\" content=\"Arnaldo Botto\" \/>\n<meta name=\"twitter:card\" content=\"summary_large_image\" \/>\n<script type=\"application\/ld+json\" class=\"yoast-schema-graph\">{\"@context\":\"https:\/\/schema.org\",\"@graph\":[{\"@type\":\"WebPage\",\"@id\":\"https:\/\/www.noticiasradioreflejos.com.ar\/2021\/comunicado-del-partido-intransigente-de-la-pcia-de-buenos-aires\/\",\"url\":\"https:\/\/www.noticiasradioreflejos.com.ar\/2021\/comunicado-del-partido-intransigente-de-la-pcia-de-buenos-aires\/\",\"name\":\"Comunicado del Partido Intransigente de la Pcia de Buenos Aires - Noticias Radio Reflejos\",\"isPartOf\":{\"@id\":\"https:\/\/www.noticiasradioreflejos.com.ar\/2021\/#website\"},\"primaryImageOfPage\":{\"@id\":\"https:\/\/www.noticiasradioreflejos.com.ar\/2021\/comunicado-del-partido-intransigente-de-la-pcia-de-buenos-aires\/#primaryimage\"},\"image\":{\"@id\":\"https:\/\/www.noticiasradioreflejos.com.ar\/2021\/comunicado-del-partido-intransigente-de-la-pcia-de-buenos-aires\/#primaryimage\"},\"thumbnailUrl\":\"https:\/\/www.noticiasradioreflejos.com.ar\/2021\/wp-content\/uploads\/2019\/08\/Comunicado-de-Prensa.jpg\",\"datePublished\":\"2020-09-09T14:16:31+00:00\",\"author\":{\"@id\":\"https:\/\/www.noticiasradioreflejos.com.ar\/2021\/#\/schema\/person\/ad82545263dcc5ec0996818884fd5fb1\"},\"breadcrumb\":{\"@id\":\"https:\/\/www.noticiasradioreflejos.com.ar\/2021\/comunicado-del-partido-intransigente-de-la-pcia-de-buenos-aires\/#breadcrumb\"},\"inLanguage\":\"es\",\"potentialAction\":[{\"@type\":\"ReadAction\",\"target\":[\"https:\/\/www.noticiasradioreflejos.com.ar\/2021\/comunicado-del-partido-intransigente-de-la-pcia-de-buenos-aires\/\"]}]},{\"@type\":\"ImageObject\",\"inLanguage\":\"es\",\"@id\":\"https:\/\/www.noticiasradioreflejos.com.ar\/2021\/comunicado-del-partido-intransigente-de-la-pcia-de-buenos-aires\/#primaryimage\",\"url\":\"https:\/\/www.noticiasradioreflejos.com.ar\/2021\/wp-content\/uploads\/2019\/08\/Comunicado-de-Prensa.jpg\",\"contentUrl\":\"https:\/\/www.noticiasradioreflejos.com.ar\/2021\/wp-content\/uploads\/2019\/08\/Comunicado-de-Prensa.jpg\",\"width\":1696,\"height\":1061},{\"@type\":\"BreadcrumbList\",\"@id\":\"https:\/\/www.noticiasradioreflejos.com.ar\/2021\/comunicado-del-partido-intransigente-de-la-pcia-de-buenos-aires\/#breadcrumb\",\"itemListElement\":[{\"@type\":\"ListItem\",\"position\":1,\"name\":\"Portada\",\"item\":\"https:\/\/www.noticiasradioreflejos.com.ar\/2021\/\"},{\"@type\":\"ListItem\",\"position\":2,\"name\":\"Comunicado del Partido Intransigente de la Pcia de Buenos Aires\"}]},{\"@type\":\"WebSite\",\"@id\":\"https:\/\/www.noticiasradioreflejos.com.ar\/2021\/#website\",\"url\":\"https:\/\/www.noticiasradioreflejos.com.ar\/2021\/\",\"name\":\"Noticias Radio Reflejos\",\"description\":\"Las noticias de mi comarca\",\"potentialAction\":[{\"@type\":\"SearchAction\",\"target\":{\"@type\":\"EntryPoint\",\"urlTemplate\":\"https:\/\/www.noticiasradioreflejos.com.ar\/2021\/?s={search_term_string}\"},\"query-input\":{\"@type\":\"PropertyValueSpecification\",\"valueRequired\":true,\"valueName\":\"search_term_string\"}}],\"inLanguage\":\"es\"},{\"@type\":\"Person\",\"@id\":\"https:\/\/www.noticiasradioreflejos.com.ar\/2021\/#\/schema\/person\/ad82545263dcc5ec0996818884fd5fb1\",\"name\":\"Arnaldo Botto\",\"image\":{\"@type\":\"ImageObject\",\"inLanguage\":\"es\",\"@id\":\"https:\/\/www.noticiasradioreflejos.com.ar\/2021\/#\/schema\/person\/image\/\",\"url\":\"https:\/\/secure.gravatar.com\/avatar\/55cb5e37c1efa326397366e6974cb338056df65cb50e7d64d1cf314e87504837?s=96&d=mm&r=g\",\"contentUrl\":\"https:\/\/secure.gravatar.com\/avatar\/55cb5e37c1efa326397366e6974cb338056df65cb50e7d64d1cf314e87504837?s=96&d=mm&r=g\",\"caption\":\"Arnaldo Botto\"},\"url\":\"https:\/\/www.noticiasradioreflejos.com.ar\/2021\/author\/arnaldo\/\"}]}<\/script>\n<!-- \/ Yoast SEO plugin. -->","yoast_head_json":{"title":"Comunicado del Partido Intransigente de la Pcia de Buenos Aires - Noticias Radio Reflejos","robots":{"index":"index","follow":"follow","max-snippet":"max-snippet:-1","max-image-preview":"max-image-preview:large","max-video-preview":"max-video-preview:-1"},"canonical":"https:\/\/www.noticiasradioreflejos.com.ar\/2021\/comunicado-del-partido-intransigente-de-la-pcia-de-buenos-aires\/","og_locale":"es_ES","og_type":"article","og_title":"Comunicado del Partido Intransigente de la Pcia de Buenos Aires - Noticias Radio Reflejos","og_description":"\u201cApoyamos los justos reclamos salariales de tod@s los trabajadores estatales pero repudiamos manifestaciones de sectores policiales \u201d","og_url":"https:\/\/www.noticiasradioreflejos.com.ar\/2021\/comunicado-del-partido-intransigente-de-la-pcia-de-buenos-aires\/","og_site_name":"Noticias Radio Reflejos","article_published_time":"2020-09-09T14:16:31+00:00","og_image":[{"width":1696,"height":1061,"url":"https:\/\/www.noticiasradioreflejos.com.ar\/2021\/wp-content\/uploads\/2019\/08\/Comunicado-de-Prensa.jpg","type":"image\/jpeg"}],"author":"Arnaldo Botto","twitter_card":"summary_large_image","schema":{"@context":"https:\/\/schema.org","@graph":[{"@type":"WebPage","@id":"https:\/\/www.noticiasradioreflejos.com.ar\/2021\/comunicado-del-partido-intransigente-de-la-pcia-de-buenos-aires\/","url":"https:\/\/www.noticiasradioreflejos.com.ar\/2021\/comunicado-del-partido-intransigente-de-la-pcia-de-buenos-aires\/","name":"Comunicado del Partido Intransigente de la Pcia de Buenos Aires - Noticias Radio Reflejos","isPartOf":{"@id":"https:\/\/www.noticiasradioreflejos.com.ar\/2021\/#website"},"primaryImageOfPage":{"@id":"https:\/\/www.noticiasradioreflejos.com.ar\/2021\/comunicado-del-partido-intransigente-de-la-pcia-de-buenos-aires\/#primaryimage"},"image":{"@id":"https:\/\/www.noticiasradioreflejos.com.ar\/2021\/comunicado-del-partido-intransigente-de-la-pcia-de-buenos-aires\/#primaryimage"},"thumbnailUrl":"https:\/\/www.noticiasradioreflejos.com.ar\/2021\/wp-content\/uploads\/2019\/08\/Comunicado-de-Prensa.jpg","datePublished":"2020-09-09T14:16:31+00:00","author":{"@id":"https:\/\/www.noticiasradioreflejos.com.ar\/2021\/#\/schema\/person\/ad82545263dcc5ec0996818884fd5fb1"},"breadcrumb":{"@id":"https:\/\/www.noticiasradioreflejos.com.ar\/2021\/comunicado-del-partido-intransigente-de-la-pcia-de-buenos-aires\/#breadcrumb"},"inLanguage":"es","potentialAction":[{"@type":"ReadAction","target":["https:\/\/www.noticiasradioreflejos.com.ar\/2021\/comunicado-del-partido-intransigente-de-la-pcia-de-buenos-aires\/"]}]},{"@type":"ImageObject","inLanguage":"es","@id":"https:\/\/www.noticiasradioreflejos.com.ar\/2021\/comunicado-del-partido-intransigente-de-la-pcia-de-buenos-aires\/#primaryimage","url":"https:\/\/www.noticiasradioreflejos.com.ar\/2021\/wp-content\/uploads\/2019\/08\/Comunicado-de-Prensa.jpg","contentUrl":"https:\/\/www.noticiasradioreflejos.com.ar\/2021\/wp-content\/uploads\/2019\/08\/Comunicado-de-Prensa.jpg","width":1696,"height":1061},{"@type":"BreadcrumbList","@id":"https:\/\/www.noticiasradioreflejos.com.ar\/2021\/comunicado-del-partido-intransigente-de-la-pcia-de-buenos-aires\/#breadcrumb","itemListElement":[{"@type":"ListItem","position":1,"name":"Portada","item":"https:\/\/www.noticiasradioreflejos.com.ar\/2021\/"},{"@type":"ListItem","position":2,"name":"Comunicado del Partido Intransigente de la Pcia de Buenos Aires"}]},{"@type":"WebSite","@id":"https:\/\/www.noticiasradioreflejos.com.ar\/2021\/#website","url":"https:\/\/www.noticiasradioreflejos.com.ar\/2021\/","name":"Noticias Radio Reflejos","description":"Las noticias de mi comarca","potentialAction":[{"@type":"SearchAction","target":{"@type":"EntryPoint","urlTemplate":"https:\/\/www.noticiasradioreflejos.com.ar\/2021\/?s={search_term_string}"},"query-input":{"@type":"PropertyValueSpecification","valueRequired":true,"valueName":"search_term_string"}}],"inLanguage":"es"},{"@type":"Person","@id":"https:\/\/www.noticiasradioreflejos.com.ar\/2021\/#\/schema\/person\/ad82545263dcc5ec0996818884fd5fb1","name":"Arnaldo Botto","image":{"@type":"ImageObject","inLanguage":"es","@id":"https:\/\/www.noticiasradioreflejos.com.ar\/2021\/#\/schema\/person\/image\/","url":"https:\/\/secure.gravatar.com\/avatar\/55cb5e37c1efa326397366e6974cb338056df65cb50e7d64d1cf314e87504837?s=96&d=mm&r=g","contentUrl":"https:\/\/secure.gravatar.com\/avatar\/55cb5e37c1efa326397366e6974cb338056df65cb50e7d64d1cf314e87504837?s=96&d=mm&r=g","caption":"Arnaldo Botto"},"url":"https:\/\/www.noticiasradioreflejos.com.ar\/2021\/author\/arnaldo\/"}]}},"_links":{"self":[{"href":"https:\/\/www.noticiasradioreflejos.com.ar\/2021\/wp-json\/wp\/v2\/posts\/46763","targetHints":{"allow":["GET"]}}],"collection":[{"href":"https:\/\/www.noticiasradioreflejos.com.ar\/2021\/wp-json\/wp\/v2\/posts"}],"about":[{"href":"https:\/\/www.noticiasradioreflejos.com.ar\/2021\/wp-json\/wp\/v2\/types\/post"}],"author":[{"embeddable":true,"href":"https:\/\/www.noticiasradioreflejos.com.ar\/2021\/wp-json\/wp\/v2\/users\/3"}],"replies":[{"embeddable":true,"href":"https:\/\/www.noticiasradioreflejos.com.ar\/2021\/wp-json\/wp\/v2\/comments?post=46763"}],"version-history":[{"count":0,"href":"https:\/\/www.noticiasradioreflejos.com.ar\/2021\/wp-json\/wp\/v2\/posts\/46763\/revisions"}],"wp:featuredmedia":[{"embeddable":true,"href":"https:\/\/www.noticiasradioreflejos.com.ar\/2021\/wp-json\/wp\/v2\/media\/33609"}],"wp:attachment":[{"href":"https:\/\/www.noticiasradioreflejos.com.ar\/2021\/wp-json\/wp\/v2\/media?parent=46763"}],"wp:term":[{"taxonomy":"category","embeddable":true,"href":"https:\/\/www.noticiasradioreflejos.com.ar\/2021\/wp-json\/wp\/v2\/categories?post=46763"},{"taxonomy":"post_tag","embeddable":true,"href":"https:\/\/www.noticiasradioreflejos.com.ar\/2021\/wp-json\/wp\/v2\/tags?post=46763"}],"curies":[{"name":"wp","href":"https:\/\/api.w.org\/{rel}","templated":true}]}}