{"id":46758,"date":"2020-09-09T08:40:34","date_gmt":"2020-09-09T11:40:34","guid":{"rendered":"http:\/\/www.noticiasradioreflejos.com.ar\/noticias\/?p=46758"},"modified":"2020-09-09T08:40:34","modified_gmt":"2020-09-09T11:40:34","slug":"la-anses-pagara-una-prestacion-economica-a-personas-en-situacion-de-riesgo-por-violencia-de-genero","status":"publish","type":"post","link":"https:\/\/www.noticiasradioreflejos.com.ar\/2021\/la-anses-pagara-una-prestacion-economica-a-personas-en-situacion-de-riesgo-por-violencia-de-genero\/","title":{"rendered":"La anses pagar\u00e1 una prestaci\u00f3n econ\u00f3mica a personas en situaci\u00f3n de riesgo por violencia de g\u00e9nero"},"content":{"rendered":"<p>Ser\u00e1 el valor de un salario m\u00ednimo. La ANSES y el Ministerio de Mujeres, G\u00e9neros y Diversidad de la Naci\u00f3n (MMGyD) otorgar\u00e1n una prestaci\u00f3n econ\u00f3mica para promover la autonom\u00eda de las mujeres y personas LGBTI+ que se encuentran en riesgo por situaci\u00f3n de violencia de g\u00e9nero.<!--more--><br \/>\nDicha prestaci\u00f3n consistir\u00e1 en una suma de dinero no reintegrable, personal, no renovable y no contributiva equivalente a un Salario M\u00ednimo Vital y M\u00f3vil (SMVM), que se abonar\u00e1 durante seis meses consecutivos; su finalidad ser\u00e1 contribuir a solventar los gastos esenciales de organizaci\u00f3n y desarrollo de un proyecto de vida aut\u00f3nomo y libre de violencias.<\/p>\n<p>En este marco, el Decreto 734\/2020 publicado hoy en el Bolet\u00edn Oficial crea el Programa de Apoyo y Acompa\u00f1amiento a Personas en Situaci\u00f3n de Riesgo por Violencia por Razones de G\u00e9nero \u2013Acompa\u00f1ar\u2013, destinado a personas que est\u00e9n en situaci\u00f3n de riesgo por violencia de g\u00e9nero.<\/p>\n<p>Acompa\u00f1ar es compatible con la Asignaci\u00f3n Universal por Hijo (AUH), Asignaci\u00f3n por Embarazo (AUE), Monotributo Social, Ingreso Familiar de Emergencia (IFE) y Trabajo registrado bajo el R\u00e9gimen Especial de Contrato de Trabajo para el Personal de Casas Particulares.<\/p>\n<p>En este marco, en junio, la directora ejecutiva de la ANSES, Fernanda Raverta, y la ministra del MMGyD, Elizabeth G\u00f3mez Alcorta, acordaron establecer l\u00edneas de acci\u00f3n conjunta para impulsar proyectos vinculados a la protecci\u00f3n de mujeres y personas LGBTI+.<\/p>\n<p>Para asegurar la correcta implementaci\u00f3n del programa, Fernanda Raverta junto a todas las direcciones del organismo intervinientes en lo que ser\u00e1 el proceso de aplicaci\u00f3n realizaron una capacitaci\u00f3n virtual conjunta con el MMGyD, para garantizar un Estado presente, activo y comprometido contra de violencia machista.<\/p>\n","protected":false},"excerpt":{"rendered":"<p>Ser\u00e1 el valor de un salario m\u00ednimo. La ANSES y el Ministerio de Mujeres, G\u00e9neros y Diversidad de la Naci\u00f3n (MMGyD) otorgar\u00e1n una prestaci\u00f3n econ\u00f3mica para promover la autonom\u00eda de las mujeres y personas LGBTI+ que se encuentran en riesgo por situaci\u00f3n de violencia de g\u00e9nero.<\/p>\n","protected":false},"author":3,"featured_media":0,"comment_status":"closed","ping_status":"open","sticky":false,"template":"","format":"standard","meta":{"footnotes":""},"categories":[24],"tags":[],"class_list":["post-46758","post","type-post","status-publish","format-standard","hentry","category-politica"],"yoast_head":"<!-- This site is optimized with the Yoast SEO plugin v25.9 - https:\/\/yoast.com\/wordpress\/plugins\/seo\/ -->\n<title>La anses pagar\u00e1 una prestaci\u00f3n econ\u00f3mica a personas en situaci\u00f3n de riesgo por violencia de g\u00e9nero - Noticias Radio Reflejos<\/title>\n<meta name=\"robots\" content=\"index, follow, max-snippet:-1, max-image-preview:large, max-video-preview:-1\" \/>\n<link rel=\"canonical\" href=\"https:\/\/www.noticiasradioreflejos.com.ar\/2021\/la-anses-pagara-una-prestacion-economica-a-personas-en-situacion-de-riesgo-por-violencia-de-genero\/\" \/>\n<meta property=\"og:locale\" content=\"es_ES\" \/>\n<meta property=\"og:type\" content=\"article\" \/>\n<meta property=\"og:title\" content=\"La anses pagar\u00e1 una prestaci\u00f3n econ\u00f3mica a personas en situaci\u00f3n de riesgo por violencia de g\u00e9nero - Noticias Radio Reflejos\" \/>\n<meta property=\"og:description\" content=\"Ser\u00e1 el valor de un salario m\u00ednimo. La ANSES y el Ministerio de Mujeres, G\u00e9neros y Diversidad de la Naci\u00f3n (MMGyD) otorgar\u00e1n una prestaci\u00f3n econ\u00f3mica para promover la autonom\u00eda de las mujeres y personas LGBTI+ que se encuentran en riesgo por situaci\u00f3n de violencia de g\u00e9nero.\" \/>\n<meta property=\"og:url\" content=\"https:\/\/www.noticiasradioreflejos.com.ar\/2021\/la-anses-pagara-una-prestacion-economica-a-personas-en-situacion-de-riesgo-por-violencia-de-genero\/\" \/>\n<meta property=\"og:site_name\" content=\"Noticias Radio Reflejos\" \/>\n<meta property=\"article:published_time\" content=\"2020-09-09T11:40:34+00:00\" \/>\n<meta property=\"og:image\" content=\"https:\/\/www.noticiasradioreflejos.com.ar\/2021\/wp-content\/uploads\/2021\/07\/logosol300x200.png\" \/>\n\t<meta property=\"og:image:width\" content=\"300\" \/>\n\t<meta property=\"og:image:height\" content=\"200\" \/>\n\t<meta property=\"og:image:type\" content=\"image\/png\" \/>\n<meta name=\"author\" content=\"Arnaldo Botto\" \/>\n<meta name=\"twitter:card\" content=\"summary_large_image\" \/>\n<script type=\"application\/ld+json\" class=\"yoast-schema-graph\">{\"@context\":\"https:\/\/schema.org\",\"@graph\":[{\"@type\":\"WebPage\",\"@id\":\"https:\/\/www.noticiasradioreflejos.com.ar\/2021\/la-anses-pagara-una-prestacion-economica-a-personas-en-situacion-de-riesgo-por-violencia-de-genero\/\",\"url\":\"https:\/\/www.noticiasradioreflejos.com.ar\/2021\/la-anses-pagara-una-prestacion-economica-a-personas-en-situacion-de-riesgo-por-violencia-de-genero\/\",\"name\":\"La anses pagar\u00e1 una prestaci\u00f3n econ\u00f3mica a personas en situaci\u00f3n de riesgo por violencia de g\u00e9nero - Noticias Radio Reflejos\",\"isPartOf\":{\"@id\":\"https:\/\/www.noticiasradioreflejos.com.ar\/2021\/#website\"},\"datePublished\":\"2020-09-09T11:40:34+00:00\",\"author\":{\"@id\":\"https:\/\/www.noticiasradioreflejos.com.ar\/2021\/#\/schema\/person\/ad82545263dcc5ec0996818884fd5fb1\"},\"breadcrumb\":{\"@id\":\"https:\/\/www.noticiasradioreflejos.com.ar\/2021\/la-anses-pagara-una-prestacion-economica-a-personas-en-situacion-de-riesgo-por-violencia-de-genero\/#breadcrumb\"},\"inLanguage\":\"es\",\"potentialAction\":[{\"@type\":\"ReadAction\",\"target\":[\"https:\/\/www.noticiasradioreflejos.com.ar\/2021\/la-anses-pagara-una-prestacion-economica-a-personas-en-situacion-de-riesgo-por-violencia-de-genero\/\"]}]},{\"@type\":\"BreadcrumbList\",\"@id\":\"https:\/\/www.noticiasradioreflejos.com.ar\/2021\/la-anses-pagara-una-prestacion-economica-a-personas-en-situacion-de-riesgo-por-violencia-de-genero\/#breadcrumb\",\"itemListElement\":[{\"@type\":\"ListItem\",\"position\":1,\"name\":\"Portada\",\"item\":\"https:\/\/www.noticiasradioreflejos.com.ar\/2021\/\"},{\"@type\":\"ListItem\",\"position\":2,\"name\":\"La anses pagar\u00e1 una prestaci\u00f3n econ\u00f3mica a personas en situaci\u00f3n de riesgo por violencia de g\u00e9nero\"}]},{\"@type\":\"WebSite\",\"@id\":\"https:\/\/www.noticiasradioreflejos.com.ar\/2021\/#website\",\"url\":\"https:\/\/www.noticiasradioreflejos.com.ar\/2021\/\",\"name\":\"Noticias Radio Reflejos\",\"description\":\"Las noticias de mi comarca\",\"potentialAction\":[{\"@type\":\"SearchAction\",\"target\":{\"@type\":\"EntryPoint\",\"urlTemplate\":\"https:\/\/www.noticiasradioreflejos.com.ar\/2021\/?s={search_term_string}\"},\"query-input\":{\"@type\":\"PropertyValueSpecification\",\"valueRequired\":true,\"valueName\":\"search_term_string\"}}],\"inLanguage\":\"es\"},{\"@type\":\"Person\",\"@id\":\"https:\/\/www.noticiasradioreflejos.com.ar\/2021\/#\/schema\/person\/ad82545263dcc5ec0996818884fd5fb1\",\"name\":\"Arnaldo Botto\",\"image\":{\"@type\":\"ImageObject\",\"inLanguage\":\"es\",\"@id\":\"https:\/\/www.noticiasradioreflejos.com.ar\/2021\/#\/schema\/person\/image\/\",\"url\":\"https:\/\/secure.gravatar.com\/avatar\/55cb5e37c1efa326397366e6974cb338056df65cb50e7d64d1cf314e87504837?s=96&d=mm&r=g\",\"contentUrl\":\"https:\/\/secure.gravatar.com\/avatar\/55cb5e37c1efa326397366e6974cb338056df65cb50e7d64d1cf314e87504837?s=96&d=mm&r=g\",\"caption\":\"Arnaldo Botto\"},\"url\":\"https:\/\/www.noticiasradioreflejos.com.ar\/2021\/author\/arnaldo\/\"}]}<\/script>\n<!-- \/ Yoast SEO plugin. -->","yoast_head_json":{"title":"La anses pagar\u00e1 una prestaci\u00f3n econ\u00f3mica a personas en situaci\u00f3n de riesgo por violencia de g\u00e9nero - Noticias Radio Reflejos","robots":{"index":"index","follow":"follow","max-snippet":"max-snippet:-1","max-image-preview":"max-image-preview:large","max-video-preview":"max-video-preview:-1"},"canonical":"https:\/\/www.noticiasradioreflejos.com.ar\/2021\/la-anses-pagara-una-prestacion-economica-a-personas-en-situacion-de-riesgo-por-violencia-de-genero\/","og_locale":"es_ES","og_type":"article","og_title":"La anses pagar\u00e1 una prestaci\u00f3n econ\u00f3mica a personas en situaci\u00f3n de riesgo por violencia de g\u00e9nero - Noticias Radio Reflejos","og_description":"Ser\u00e1 el valor de un salario m\u00ednimo. La ANSES y el Ministerio de Mujeres, G\u00e9neros y Diversidad de la Naci\u00f3n (MMGyD) otorgar\u00e1n una prestaci\u00f3n econ\u00f3mica para promover la autonom\u00eda de las mujeres y personas LGBTI+ que se encuentran en riesgo por situaci\u00f3n de violencia de g\u00e9nero.","og_url":"https:\/\/www.noticiasradioreflejos.com.ar\/2021\/la-anses-pagara-una-prestacion-economica-a-personas-en-situacion-de-riesgo-por-violencia-de-genero\/","og_site_name":"Noticias Radio Reflejos","article_published_time":"2020-09-09T11:40:34+00:00","og_image":[{"width":300,"height":200,"url":"https:\/\/www.noticiasradioreflejos.com.ar\/2021\/wp-content\/uploads\/2021\/07\/logosol300x200.png","type":"image\/png"}],"author":"Arnaldo Botto","twitter_card":"summary_large_image","schema":{"@context":"https:\/\/schema.org","@graph":[{"@type":"WebPage","@id":"https:\/\/www.noticiasradioreflejos.com.ar\/2021\/la-anses-pagara-una-prestacion-economica-a-personas-en-situacion-de-riesgo-por-violencia-de-genero\/","url":"https:\/\/www.noticiasradioreflejos.com.ar\/2021\/la-anses-pagara-una-prestacion-economica-a-personas-en-situacion-de-riesgo-por-violencia-de-genero\/","name":"La anses pagar\u00e1 una prestaci\u00f3n econ\u00f3mica a personas en situaci\u00f3n de riesgo por violencia de g\u00e9nero - Noticias Radio Reflejos","isPartOf":{"@id":"https:\/\/www.noticiasradioreflejos.com.ar\/2021\/#website"},"datePublished":"2020-09-09T11:40:34+00:00","author":{"@id":"https:\/\/www.noticiasradioreflejos.com.ar\/2021\/#\/schema\/person\/ad82545263dcc5ec0996818884fd5fb1"},"breadcrumb":{"@id":"https:\/\/www.noticiasradioreflejos.com.ar\/2021\/la-anses-pagara-una-prestacion-economica-a-personas-en-situacion-de-riesgo-por-violencia-de-genero\/#breadcrumb"},"inLanguage":"es","potentialAction":[{"@type":"ReadAction","target":["https:\/\/www.noticiasradioreflejos.com.ar\/2021\/la-anses-pagara-una-prestacion-economica-a-personas-en-situacion-de-riesgo-por-violencia-de-genero\/"]}]},{"@type":"BreadcrumbList","@id":"https:\/\/www.noticiasradioreflejos.com.ar\/2021\/la-anses-pagara-una-prestacion-economica-a-personas-en-situacion-de-riesgo-por-violencia-de-genero\/#breadcrumb","itemListElement":[{"@type":"ListItem","position":1,"name":"Portada","item":"https:\/\/www.noticiasradioreflejos.com.ar\/2021\/"},{"@type":"ListItem","position":2,"name":"La anses pagar\u00e1 una prestaci\u00f3n econ\u00f3mica a personas en situaci\u00f3n de riesgo por violencia de g\u00e9nero"}]},{"@type":"WebSite","@id":"https:\/\/www.noticiasradioreflejos.com.ar\/2021\/#website","url":"https:\/\/www.noticiasradioreflejos.com.ar\/2021\/","name":"Noticias Radio Reflejos","description":"Las noticias de mi comarca","potentialAction":[{"@type":"SearchAction","target":{"@type":"EntryPoint","urlTemplate":"https:\/\/www.noticiasradioreflejos.com.ar\/2021\/?s={search_term_string}"},"query-input":{"@type":"PropertyValueSpecification","valueRequired":true,"valueName":"search_term_string"}}],"inLanguage":"es"},{"@type":"Person","@id":"https:\/\/www.noticiasradioreflejos.com.ar\/2021\/#\/schema\/person\/ad82545263dcc5ec0996818884fd5fb1","name":"Arnaldo Botto","image":{"@type":"ImageObject","inLanguage":"es","@id":"https:\/\/www.noticiasradioreflejos.com.ar\/2021\/#\/schema\/person\/image\/","url":"https:\/\/secure.gravatar.com\/avatar\/55cb5e37c1efa326397366e6974cb338056df65cb50e7d64d1cf314e87504837?s=96&d=mm&r=g","contentUrl":"https:\/\/secure.gravatar.com\/avatar\/55cb5e37c1efa326397366e6974cb338056df65cb50e7d64d1cf314e87504837?s=96&d=mm&r=g","caption":"Arnaldo Botto"},"url":"https:\/\/www.noticiasradioreflejos.com.ar\/2021\/author\/arnaldo\/"}]}},"_links":{"self":[{"href":"https:\/\/www.noticiasradioreflejos.com.ar\/2021\/wp-json\/wp\/v2\/posts\/46758","targetHints":{"allow":["GET"]}}],"collection":[{"href":"https:\/\/www.noticiasradioreflejos.com.ar\/2021\/wp-json\/wp\/v2\/posts"}],"about":[{"href":"https:\/\/www.noticiasradioreflejos.com.ar\/2021\/wp-json\/wp\/v2\/types\/post"}],"author":[{"embeddable":true,"href":"https:\/\/www.noticiasradioreflejos.com.ar\/2021\/wp-json\/wp\/v2\/users\/3"}],"replies":[{"embeddable":true,"href":"https:\/\/www.noticiasradioreflejos.com.ar\/2021\/wp-json\/wp\/v2\/comments?post=46758"}],"version-history":[{"count":0,"href":"https:\/\/www.noticiasradioreflejos.com.ar\/2021\/wp-json\/wp\/v2\/posts\/46758\/revisions"}],"wp:attachment":[{"href":"https:\/\/www.noticiasradioreflejos.com.ar\/2021\/wp-json\/wp\/v2\/media?parent=46758"}],"wp:term":[{"taxonomy":"category","embeddable":true,"href":"https:\/\/www.noticiasradioreflejos.com.ar\/2021\/wp-json\/wp\/v2\/categories?post=46758"},{"taxonomy":"post_tag","embeddable":true,"href":"https:\/\/www.noticiasradioreflejos.com.ar\/2021\/wp-json\/wp\/v2\/tags?post=46758"}],"curies":[{"name":"wp","href":"https:\/\/api.w.org\/{rel}","templated":true}]}}