{"id":46748,"date":"2020-09-08T22:31:06","date_gmt":"2020-09-09T01:31:06","guid":{"rendered":"http:\/\/www.noticiasradioreflejos.com.ar\/noticias\/?p=46748"},"modified":"2020-09-08T22:31:06","modified_gmt":"2020-09-09T01:31:06","slug":"tornquist-se-sumo-al-reclamo-policial-de-la-provincia-por-sueldos-dignos","status":"publish","type":"post","link":"https:\/\/www.noticiasradioreflejos.com.ar\/2021\/tornquist-se-sumo-al-reclamo-policial-de-la-provincia-por-sueldos-dignos\/","title":{"rendered":"Tornquist se sum\u00f3 al reclamo policial de la provincia por sueldos dignos."},"content":{"rendered":"<p style=\"text-align: center;\">Efectivos de Tornquist participaron con sus familiares en una recorrida en caravana por la ciudad.<!--more--><\/p>\n<p>En el marco de las protestas que se realizan en ciudades de la provincia de buenos aires. Este martes por la noche efectivos policiales y sus familias se adhirieron a la manifestaci\u00f3n y los reclamos por salarios y condiciones mas dignas para la fuerza.<br \/>\nEn ese sentido realizaron una caravana por las calles de la ciudad para manifestar su descontento a una situaci\u00f3n que tildaron de vergonzosa por los sueldos magros y valores irrisorios de las horas extras.<\/p>\n<p>Algunos testimonios dieron cuenta de los pedidos:<\/p>\n<p>\u201cEstamos pidiendo b\u00e1sicamente un aumento salarial, estamos debajo de la l\u00ednea de la pobreza. Nos est\u00e1n pagando la hora extra 40 pesos y necesitamos mejorar las condiciones de trabajo, no tenemos los elementos necesarios y lo que queremos es acompa\u00f1ar a los dem\u00e1s integrantes de la fuerza en las ciudades grandes que son los que mas sufren\u201d<\/p>\n<p>\u201cNos sumamos a esta propuesta que ya no da para m\u00e1s, la fuerza est\u00e1 siendo pisoteada y manoseada de una manera que no puede ser. Tenemos que dignificar nuestro sueldo. Es una verg\u00fcenza lo que nos est\u00e1 pasando. Nos sumamos con este granito de arena que es Tornquist pero siempre pac\u00edficamente. Estamos por debajo de la l\u00ednea de la pobreza. Yo soy subteniente hace 10 a\u00f1os y estoy cobrando 35 mil pesos. Esto no puede ser\u201d\u00a0Hern\u00e1n<\/p>\n<p>\u201cPeleamos por el aumento de salario m\u00e1s horas extras, servicio de polic\u00eda adicional y otros puntos que nos har\u00e1n llegar. Queremos un beneficio para toda la polic\u00eda de la provincia. Tenemos grandes inconvenientes que hay que solucionar que no es de este gobierno sino tambi\u00e9n del anterior. Nosotros peleamos por lo nuestro y dios quiera que tengamos una soluci\u00f3n\u201d\u00a0Antonio.<\/p>\n<p>\u201cMuchas familias est\u00e1n apoyando porque dicen que si se presentan los van a sancionar o le van a iniciar sumario administrativo. Ocurre que no tenemos sindicato. En \u00a0mi caso para poder llegar a tener un sueldo digno tengo que hacer adicionales. Es una verg\u00fcenza la hora extra en 40 pesos. Estamos yendo para darle una mano a nuestros compa\u00f1eros porque tienen que trabajar bastantes horas. Lo hacemos como solidaridad porque estamos cansados, no dormimos bien, con todo lo de la pandemia. Le metemos garra, contagiando a nuestra familia y por eso que estemos en estas condiciones es vergonzozo. Matan a compa\u00f1eros en el gran buenos aires cuando van a tomarse el colectivo para ganar 40 pesos la hora\u201d\u00a0Daniela.<\/p>\n<p>\u201cEstamos apoyando. Esperemos que esto sea algo realmente beneficiario para todos. Para el personal. Que no haya sanciones como piden mis ex compa\u00f1eros de buenos aires porque tenemos el derecho como cualquier ser humano y cualquier ciudadano de la rep\u00fablica a pedir un reclamo sin despretigiar \u00a0a nadie. Una empleada dom\u00e9stica est\u00e1 ganado 200 pesos por hora y una hora extra nuestra son 40 pesos con lo que podes comprar 3 caramelos en el almac\u00e9n. Aponerse un poco las pilas\u201d\u00a0Edgardo.<\/p>\n<p><strong><iframe loading=\"lazy\" src=\"https:\/\/www.youtube.com\/embed\/nZ8CxGLCkG0?feature=youtu\" width=\"560\" height=\"314\" allowfullscreen=\"allowfullscreen\"><\/iframe><\/strong><\/p>\n<div><img decoding=\"async\" src=\"https:\/\/www.noticiastornquist.com.ar\/imagen.php?imagen=\/polis-1.jpg\" \/><\/div>\n<div><\/div>\n<div><\/div>\n","protected":false},"excerpt":{"rendered":"<p>Efectivos de Tornquist participaron con sus familiares en una recorrida en caravana por la ciudad.<\/p>\n","protected":false},"author":3,"featured_media":0,"comment_status":"closed","ping_status":"open","sticky":false,"template":"","format":"standard","meta":{"footnotes":""},"categories":[29],"tags":[],"class_list":["post-46748","post","type-post","status-publish","format-standard","hentry","category-policiales"],"yoast_head":"<!-- This site is optimized with the Yoast SEO plugin v25.9 - https:\/\/yoast.com\/wordpress\/plugins\/seo\/ -->\n<title>Tornquist se sum\u00f3 al reclamo policial de la provincia por sueldos dignos. - Noticias Radio Reflejos<\/title>\n<meta name=\"robots\" content=\"index, follow, max-snippet:-1, max-image-preview:large, max-video-preview:-1\" \/>\n<link rel=\"canonical\" href=\"https:\/\/www.noticiasradioreflejos.com.ar\/2021\/tornquist-se-sumo-al-reclamo-policial-de-la-provincia-por-sueldos-dignos\/\" \/>\n<meta property=\"og:locale\" content=\"es_ES\" \/>\n<meta property=\"og:type\" content=\"article\" \/>\n<meta property=\"og:title\" content=\"Tornquist se sum\u00f3 al reclamo policial de la provincia por sueldos dignos. - Noticias Radio Reflejos\" \/>\n<meta property=\"og:description\" content=\"Efectivos de Tornquist participaron con sus familiares en una recorrida en caravana por la ciudad.\" \/>\n<meta property=\"og:url\" content=\"https:\/\/www.noticiasradioreflejos.com.ar\/2021\/tornquist-se-sumo-al-reclamo-policial-de-la-provincia-por-sueldos-dignos\/\" \/>\n<meta property=\"og:site_name\" content=\"Noticias Radio Reflejos\" \/>\n<meta property=\"article:published_time\" content=\"2020-09-09T01:31:06+00:00\" \/>\n<meta property=\"og:image\" content=\"https:\/\/www.noticiastornquist.com.ar\/imagen.php?imagen=\/polis-1.jpg\" \/>\n<meta name=\"author\" content=\"Arnaldo Botto\" \/>\n<meta name=\"twitter:card\" content=\"summary_large_image\" \/>\n<script type=\"application\/ld+json\" class=\"yoast-schema-graph\">{\"@context\":\"https:\/\/schema.org\",\"@graph\":[{\"@type\":\"WebPage\",\"@id\":\"https:\/\/www.noticiasradioreflejos.com.ar\/2021\/tornquist-se-sumo-al-reclamo-policial-de-la-provincia-por-sueldos-dignos\/\",\"url\":\"https:\/\/www.noticiasradioreflejos.com.ar\/2021\/tornquist-se-sumo-al-reclamo-policial-de-la-provincia-por-sueldos-dignos\/\",\"name\":\"Tornquist se sum\u00f3 al reclamo policial de la provincia por sueldos dignos. - Noticias Radio Reflejos\",\"isPartOf\":{\"@id\":\"https:\/\/www.noticiasradioreflejos.com.ar\/2021\/#website\"},\"primaryImageOfPage\":{\"@id\":\"https:\/\/www.noticiasradioreflejos.com.ar\/2021\/tornquist-se-sumo-al-reclamo-policial-de-la-provincia-por-sueldos-dignos\/#primaryimage\"},\"image\":{\"@id\":\"https:\/\/www.noticiasradioreflejos.com.ar\/2021\/tornquist-se-sumo-al-reclamo-policial-de-la-provincia-por-sueldos-dignos\/#primaryimage\"},\"thumbnailUrl\":\"https:\/\/www.noticiastornquist.com.ar\/imagen.php?imagen=\/polis-1.jpg\",\"datePublished\":\"2020-09-09T01:31:06+00:00\",\"author\":{\"@id\":\"https:\/\/www.noticiasradioreflejos.com.ar\/2021\/#\/schema\/person\/ad82545263dcc5ec0996818884fd5fb1\"},\"breadcrumb\":{\"@id\":\"https:\/\/www.noticiasradioreflejos.com.ar\/2021\/tornquist-se-sumo-al-reclamo-policial-de-la-provincia-por-sueldos-dignos\/#breadcrumb\"},\"inLanguage\":\"es\",\"potentialAction\":[{\"@type\":\"ReadAction\",\"target\":[\"https:\/\/www.noticiasradioreflejos.com.ar\/2021\/tornquist-se-sumo-al-reclamo-policial-de-la-provincia-por-sueldos-dignos\/\"]}]},{\"@type\":\"ImageObject\",\"inLanguage\":\"es\",\"@id\":\"https:\/\/www.noticiasradioreflejos.com.ar\/2021\/tornquist-se-sumo-al-reclamo-policial-de-la-provincia-por-sueldos-dignos\/#primaryimage\",\"url\":\"https:\/\/www.noticiastornquist.com.ar\/imagen.php?imagen=\/polis-1.jpg\",\"contentUrl\":\"https:\/\/www.noticiastornquist.com.ar\/imagen.php?imagen=\/polis-1.jpg\"},{\"@type\":\"BreadcrumbList\",\"@id\":\"https:\/\/www.noticiasradioreflejos.com.ar\/2021\/tornquist-se-sumo-al-reclamo-policial-de-la-provincia-por-sueldos-dignos\/#breadcrumb\",\"itemListElement\":[{\"@type\":\"ListItem\",\"position\":1,\"name\":\"Portada\",\"item\":\"https:\/\/www.noticiasradioreflejos.com.ar\/2021\/\"},{\"@type\":\"ListItem\",\"position\":2,\"name\":\"Tornquist se sum\u00f3 al reclamo policial de la provincia por sueldos dignos.\"}]},{\"@type\":\"WebSite\",\"@id\":\"https:\/\/www.noticiasradioreflejos.com.ar\/2021\/#website\",\"url\":\"https:\/\/www.noticiasradioreflejos.com.ar\/2021\/\",\"name\":\"Noticias Radio Reflejos\",\"description\":\"Las noticias de mi comarca\",\"potentialAction\":[{\"@type\":\"SearchAction\",\"target\":{\"@type\":\"EntryPoint\",\"urlTemplate\":\"https:\/\/www.noticiasradioreflejos.com.ar\/2021\/?s={search_term_string}\"},\"query-input\":{\"@type\":\"PropertyValueSpecification\",\"valueRequired\":true,\"valueName\":\"search_term_string\"}}],\"inLanguage\":\"es\"},{\"@type\":\"Person\",\"@id\":\"https:\/\/www.noticiasradioreflejos.com.ar\/2021\/#\/schema\/person\/ad82545263dcc5ec0996818884fd5fb1\",\"name\":\"Arnaldo Botto\",\"image\":{\"@type\":\"ImageObject\",\"inLanguage\":\"es\",\"@id\":\"https:\/\/www.noticiasradioreflejos.com.ar\/2021\/#\/schema\/person\/image\/\",\"url\":\"https:\/\/secure.gravatar.com\/avatar\/55cb5e37c1efa326397366e6974cb338056df65cb50e7d64d1cf314e87504837?s=96&d=mm&r=g\",\"contentUrl\":\"https:\/\/secure.gravatar.com\/avatar\/55cb5e37c1efa326397366e6974cb338056df65cb50e7d64d1cf314e87504837?s=96&d=mm&r=g\",\"caption\":\"Arnaldo Botto\"},\"url\":\"https:\/\/www.noticiasradioreflejos.com.ar\/2021\/author\/arnaldo\/\"}]}<\/script>\n<!-- \/ Yoast SEO plugin. -->","yoast_head_json":{"title":"Tornquist se sum\u00f3 al reclamo policial de la provincia por sueldos dignos. - Noticias Radio Reflejos","robots":{"index":"index","follow":"follow","max-snippet":"max-snippet:-1","max-image-preview":"max-image-preview:large","max-video-preview":"max-video-preview:-1"},"canonical":"https:\/\/www.noticiasradioreflejos.com.ar\/2021\/tornquist-se-sumo-al-reclamo-policial-de-la-provincia-por-sueldos-dignos\/","og_locale":"es_ES","og_type":"article","og_title":"Tornquist se sum\u00f3 al reclamo policial de la provincia por sueldos dignos. - Noticias Radio Reflejos","og_description":"Efectivos de Tornquist participaron con sus familiares en una recorrida en caravana por la ciudad.","og_url":"https:\/\/www.noticiasradioreflejos.com.ar\/2021\/tornquist-se-sumo-al-reclamo-policial-de-la-provincia-por-sueldos-dignos\/","og_site_name":"Noticias Radio Reflejos","article_published_time":"2020-09-09T01:31:06+00:00","og_image":[{"url":"https:\/\/www.noticiastornquist.com.ar\/imagen.php?imagen=\/polis-1.jpg","type":"","width":"","height":""}],"author":"Arnaldo Botto","twitter_card":"summary_large_image","schema":{"@context":"https:\/\/schema.org","@graph":[{"@type":"WebPage","@id":"https:\/\/www.noticiasradioreflejos.com.ar\/2021\/tornquist-se-sumo-al-reclamo-policial-de-la-provincia-por-sueldos-dignos\/","url":"https:\/\/www.noticiasradioreflejos.com.ar\/2021\/tornquist-se-sumo-al-reclamo-policial-de-la-provincia-por-sueldos-dignos\/","name":"Tornquist se sum\u00f3 al reclamo policial de la provincia por sueldos dignos. - Noticias Radio Reflejos","isPartOf":{"@id":"https:\/\/www.noticiasradioreflejos.com.ar\/2021\/#website"},"primaryImageOfPage":{"@id":"https:\/\/www.noticiasradioreflejos.com.ar\/2021\/tornquist-se-sumo-al-reclamo-policial-de-la-provincia-por-sueldos-dignos\/#primaryimage"},"image":{"@id":"https:\/\/www.noticiasradioreflejos.com.ar\/2021\/tornquist-se-sumo-al-reclamo-policial-de-la-provincia-por-sueldos-dignos\/#primaryimage"},"thumbnailUrl":"https:\/\/www.noticiastornquist.com.ar\/imagen.php?imagen=\/polis-1.jpg","datePublished":"2020-09-09T01:31:06+00:00","author":{"@id":"https:\/\/www.noticiasradioreflejos.com.ar\/2021\/#\/schema\/person\/ad82545263dcc5ec0996818884fd5fb1"},"breadcrumb":{"@id":"https:\/\/www.noticiasradioreflejos.com.ar\/2021\/tornquist-se-sumo-al-reclamo-policial-de-la-provincia-por-sueldos-dignos\/#breadcrumb"},"inLanguage":"es","potentialAction":[{"@type":"ReadAction","target":["https:\/\/www.noticiasradioreflejos.com.ar\/2021\/tornquist-se-sumo-al-reclamo-policial-de-la-provincia-por-sueldos-dignos\/"]}]},{"@type":"ImageObject","inLanguage":"es","@id":"https:\/\/www.noticiasradioreflejos.com.ar\/2021\/tornquist-se-sumo-al-reclamo-policial-de-la-provincia-por-sueldos-dignos\/#primaryimage","url":"https:\/\/www.noticiastornquist.com.ar\/imagen.php?imagen=\/polis-1.jpg","contentUrl":"https:\/\/www.noticiastornquist.com.ar\/imagen.php?imagen=\/polis-1.jpg"},{"@type":"BreadcrumbList","@id":"https:\/\/www.noticiasradioreflejos.com.ar\/2021\/tornquist-se-sumo-al-reclamo-policial-de-la-provincia-por-sueldos-dignos\/#breadcrumb","itemListElement":[{"@type":"ListItem","position":1,"name":"Portada","item":"https:\/\/www.noticiasradioreflejos.com.ar\/2021\/"},{"@type":"ListItem","position":2,"name":"Tornquist se sum\u00f3 al reclamo policial de la provincia por sueldos dignos."}]},{"@type":"WebSite","@id":"https:\/\/www.noticiasradioreflejos.com.ar\/2021\/#website","url":"https:\/\/www.noticiasradioreflejos.com.ar\/2021\/","name":"Noticias Radio Reflejos","description":"Las noticias de mi comarca","potentialAction":[{"@type":"SearchAction","target":{"@type":"EntryPoint","urlTemplate":"https:\/\/www.noticiasradioreflejos.com.ar\/2021\/?s={search_term_string}"},"query-input":{"@type":"PropertyValueSpecification","valueRequired":true,"valueName":"search_term_string"}}],"inLanguage":"es"},{"@type":"Person","@id":"https:\/\/www.noticiasradioreflejos.com.ar\/2021\/#\/schema\/person\/ad82545263dcc5ec0996818884fd5fb1","name":"Arnaldo Botto","image":{"@type":"ImageObject","inLanguage":"es","@id":"https:\/\/www.noticiasradioreflejos.com.ar\/2021\/#\/schema\/person\/image\/","url":"https:\/\/secure.gravatar.com\/avatar\/55cb5e37c1efa326397366e6974cb338056df65cb50e7d64d1cf314e87504837?s=96&d=mm&r=g","contentUrl":"https:\/\/secure.gravatar.com\/avatar\/55cb5e37c1efa326397366e6974cb338056df65cb50e7d64d1cf314e87504837?s=96&d=mm&r=g","caption":"Arnaldo Botto"},"url":"https:\/\/www.noticiasradioreflejos.com.ar\/2021\/author\/arnaldo\/"}]}},"_links":{"self":[{"href":"https:\/\/www.noticiasradioreflejos.com.ar\/2021\/wp-json\/wp\/v2\/posts\/46748","targetHints":{"allow":["GET"]}}],"collection":[{"href":"https:\/\/www.noticiasradioreflejos.com.ar\/2021\/wp-json\/wp\/v2\/posts"}],"about":[{"href":"https:\/\/www.noticiasradioreflejos.com.ar\/2021\/wp-json\/wp\/v2\/types\/post"}],"author":[{"embeddable":true,"href":"https:\/\/www.noticiasradioreflejos.com.ar\/2021\/wp-json\/wp\/v2\/users\/3"}],"replies":[{"embeddable":true,"href":"https:\/\/www.noticiasradioreflejos.com.ar\/2021\/wp-json\/wp\/v2\/comments?post=46748"}],"version-history":[{"count":0,"href":"https:\/\/www.noticiasradioreflejos.com.ar\/2021\/wp-json\/wp\/v2\/posts\/46748\/revisions"}],"wp:attachment":[{"href":"https:\/\/www.noticiasradioreflejos.com.ar\/2021\/wp-json\/wp\/v2\/media?parent=46748"}],"wp:term":[{"taxonomy":"category","embeddable":true,"href":"https:\/\/www.noticiasradioreflejos.com.ar\/2021\/wp-json\/wp\/v2\/categories?post=46748"},{"taxonomy":"post_tag","embeddable":true,"href":"https:\/\/www.noticiasradioreflejos.com.ar\/2021\/wp-json\/wp\/v2\/tags?post=46748"}],"curies":[{"name":"wp","href":"https:\/\/api.w.org\/{rel}","templated":true}]}}