{"id":46745,"date":"2020-09-08T22:24:48","date_gmt":"2020-09-09T01:24:48","guid":{"rendered":"http:\/\/www.noticiasradioreflejos.com.ar\/noticias\/?p=46745"},"modified":"2020-09-08T22:24:48","modified_gmt":"2020-09-09T01:24:48","slug":"dolares-el-banco-provincia-cambia-las-condiciones-para-ciertas-cuentas","status":"publish","type":"post","link":"https:\/\/www.noticiasradioreflejos.com.ar\/2021\/dolares-el-banco-provincia-cambia-las-condiciones-para-ciertas-cuentas\/","title":{"rendered":"D\u00f3lares. El Banco Provincia cambia las condiciones para ciertas cuentas"},"content":{"rendered":"<p>No podr\u00e1n hacerlo sin presentar documentaci\u00f3n en una sucursal; la medida forma parte de los requerimientos del Central para ajustar el control \u00abanticolero\u00bb.<\/p>\n<p><!--more--><\/p>\n<p class=\"capital\">El grifo por el que gotean los\u00a0<b>d\u00f3lares<\/b>\u00a0se sigue ajustando. Esta vez le toc\u00f3 el turno al\u00a0<b>Banco Provincia,<\/b>\u00a0que endureci\u00f3 condiciones para abrir una cuenta en moneda extranjera para quienes se hayan vinculado con la entidad a trav\u00e9s de la\u00a0<a class=\"link\" href=\"https:\/\/www.lanacion.com.ar\/economia\/cuenta-dni-del-banco-provincia-polemica-lanzamiento-nid2352197\">billetera virtual Cuenta DNI,<\/a>\u00a0una app del banco p\u00fablico relanzada en abril pasado y luego popularizada por ser una de las herramientas para cobrar el<b>\u00a0Ingreso Familiar de Emergencia (IFE) durante el<br \/>\nSucede que las personas que se registraban de manera 100% a la Cuenta DNI inmediatamente obten\u00edan una\u00a0<b>cuenta de ahorro en pesos en el Banco Provincia.<\/b>\u00a0Hasta el 20 de agosto pasado, adem\u00e1s, pod\u00edan eventualmente abrir una\u00a0<b>cuenta en d\u00f3lares<\/b>\u00a0y acceder a la compraventa de moneda extranjera.<\/b><\/p>\n<p>Pero, a medida que avanzaron los controles del Banco Central para frenar a los \u00abcoleros digitales\u00bb (las personas que compran su cupo de US$200 y luego se lo ceden a un tercero a cambio de una comisi\u00f3n),\u00a0<b>la entidad financiera bonaerense tuvo que ajustar sus controles.<\/b><\/p>\n<figure id=\"figure_2674026\" class=\"L epigrafe\" data-is=\"imagen\"><picture><source srcset=\"\/\/bucket3.glanacion.com\/anexos\/fotos\/26\/2674026w740.jpg\" media=\"(min-width: 768px)\" \/><source srcset=\"\/\/bucket3.glanacion.com\/anexos\/fotos\/26\/2674026w768.jpg\" media=\"(min-width: 380px)\" \/><img decoding=\"async\" src=\"https:\/\/bucket3.glanacion.com\/anexos\/fotos\/26\/2674026w380.jpg\" alt=\"La Comunicaci\u00f3n A7072 que emiti\u00f3 el Central pidi\u00f3 a los bancos tomar recaudos especiales con cuentas nuevas y cuentas que no hayan registrado movimientos en los 180 d\u00edas anteriores a la fecha en la que se haya ordenado una transferencia\" \/><\/picture><\/figure>\n<p>La Comunicaci\u00f3n A7072 que emiti\u00f3 el Central a mediados de julio pasado pidi\u00f3 a los bancos tomar recaudos especiales con cuentas nuevas y cuentas que no hayan registrado movimientos en los 180 d\u00edas anteriores a la fecha en la que se haya ordenado una transferencia.<\/p>\n<p>Desde el 20 de agosto pasado, el Banco Provincia entonces inhabilit\u00f3 de manera preventiva la posibilidad de abrir una caja de ahorro en d\u00f3lares a las personas que hayan abierto una cuenta de ahorro de pesos\u00a0<b>\u00aba trav\u00e9s de la app Cuenta DNI<\/b>\u00a0u otras cuentas vinculadas a la percepci\u00f3n de un beneficio estatal\u00bb, explicaron voceros de la entidad.<\/p>\n<p>Las quejas de algunos usuarios fueron recogidas por el sitio\u00a0<i>Todo Provincial.<\/i>\u00a0Consultados por\u00a0<b>LA NACION,\u00a0<\/b>voceros de Banco Provincia recalcaron que se trata de una \u00abacci\u00f3n preventiva\u00bb, por lo que, si la persona que abri\u00f3 una nueva cuenta quiere acceder a la compra de moneda extranjera, deber\u00e1 actualizar su perfil personal en una sucursal para quedar habilitado.<\/p>\n<p>Otros bancos tomaron medidas similares.\u00a0Por caso, Santander dispuso que las cuentas b\u00e1sicas nuevas (las que no son de un plan sueldo o las que requieren documentaci\u00f3n adicional) no puedan comprar d\u00f3lares por 180 d\u00edas. Todo parte de la pol\u00edtica de prevenci\u00f3n de los bancos y est\u00e1 enmarcado en las reglas \u00abConozca a su cliente\u00bb que deben seguir las entidades financieras, pertenecientes a uno de los sectores m\u00e1s regulados del pa\u00eds.<\/p>\n<figure id=\"figure_3162320\" class=\"L epigrafe\" data-is=\"imagen\"><picture><source srcset=\"\/\/bucket1.glanacion.com\/anexos\/fotos\/20\/3162320w740.jpg\" media=\"(min-width: 768px)\" \/><source srcset=\"\/\/bucket1.glanacion.com\/anexos\/fotos\/20\/3162320w768.jpg\" media=\"(min-width: 380px)\" \/><img decoding=\"async\" src=\"https:\/\/bucket1.glanacion.com\/anexos\/fotos\/20\/3162320w380.jpg\" alt=\"Otros bancos tomaron medidas similares\" \/>\u00a0<\/picture><\/figure>\n<p>Tanto Santander como Banco Provincia son dos entidades financieras que manejan una gran cantidad de clientes y que han visto un incremento en la apertura de cuentas digitales en los \u00faltimos meses, producto de la pandemia. De todos modos, la mayor\u00eda de los bancos aplic\u00f3 bloqueos parciales o inhabilitaciones a clientes que incumplieron las normas \u00abanticoleros\u00bb.<br \/>\nPor un lado, y por disposici\u00f3n del Central, las entidades financieras tienen la obligaci\u00f3n de retener las transferencias en d\u00f3lares que recibe una cuenta a partir de la segunda al mes y pedir justificaci\u00f3n. En caso de que se considere que esa justificaci\u00f3n no fue suficiente, pueden proceder al bloqueo de la cuenta.<\/p>\n<p>No todos los bancos entendieron esta obligaci\u00f3n de la misma manera. Hay firmas que retienen transferencias a partir de la primera, e incluso que no permiten la recepci\u00f3n de montos en d\u00f3lares seg\u00fan la antig\u00fcedad del cliente. Otras no computan los env\u00edos de una \u00absame name account\u00bb, es decir, pasajes entre dos cuentas del mismo nombre.<\/p>\n<p>Adem\u00e1s, y seg\u00fan explic\u00f3 el Central en su momento, las entidades, sobre la base de \u00ablos controles implementados y en aplicaci\u00f3n de sus pol\u00edticas de prevenci\u00f3n del fraude cambiario y de prevenci\u00f3n del lavado de activos\u00bb, pueden establecer \u00abrestricciones comerciales al uso de los productos bancarios contratados\u00bb, pero sin afectar los fondos de los clientes. Este tipo de medidas ser\u00edan algo as\u00ed como el \u00abderecho de admisi\u00f3n y permanencia\u00bb del que algunos bancos hicieron uso.<\/p>\n<p>Por: Sof\u00eda Terrile<\/p>\n","protected":false},"excerpt":{"rendered":"<p>No podr\u00e1n hacerlo sin presentar documentaci\u00f3n en una sucursal; la medida forma parte de los requerimientos del Central para ajustar el control \u00abanticolero\u00bb.<\/p>\n","protected":false},"author":3,"featured_media":0,"comment_status":"closed","ping_status":"open","sticky":false,"template":"","format":"standard","meta":{"footnotes":""},"categories":[36],"tags":[],"class_list":["post-46745","post","type-post","status-publish","format-standard","hentry","category-economia"],"yoast_head":"<!-- This site is optimized with the Yoast SEO plugin v25.9 - https:\/\/yoast.com\/wordpress\/plugins\/seo\/ -->\n<title>D\u00f3lares. El Banco Provincia cambia las condiciones para ciertas cuentas - Noticias Radio Reflejos<\/title>\n<meta name=\"robots\" content=\"index, follow, max-snippet:-1, max-image-preview:large, max-video-preview:-1\" \/>\n<link rel=\"canonical\" href=\"https:\/\/www.noticiasradioreflejos.com.ar\/2021\/dolares-el-banco-provincia-cambia-las-condiciones-para-ciertas-cuentas\/\" \/>\n<meta property=\"og:locale\" content=\"es_ES\" \/>\n<meta property=\"og:type\" content=\"article\" \/>\n<meta property=\"og:title\" content=\"D\u00f3lares. El Banco Provincia cambia las condiciones para ciertas cuentas - Noticias Radio Reflejos\" \/>\n<meta property=\"og:description\" content=\"No podr\u00e1n hacerlo sin presentar documentaci\u00f3n en una sucursal; la medida forma parte de los requerimientos del Central para ajustar el control \u00abanticolero\u00bb.\" \/>\n<meta property=\"og:url\" content=\"https:\/\/www.noticiasradioreflejos.com.ar\/2021\/dolares-el-banco-provincia-cambia-las-condiciones-para-ciertas-cuentas\/\" \/>\n<meta property=\"og:site_name\" content=\"Noticias Radio Reflejos\" \/>\n<meta property=\"article:published_time\" content=\"2020-09-09T01:24:48+00:00\" \/>\n<meta property=\"og:image\" content=\"https:\/\/bucket3.glanacion.com\/anexos\/fotos\/26\/2674026w380.jpg\" \/>\n<meta name=\"author\" content=\"Arnaldo Botto\" \/>\n<meta name=\"twitter:card\" content=\"summary_large_image\" \/>\n<script type=\"application\/ld+json\" class=\"yoast-schema-graph\">{\"@context\":\"https:\/\/schema.org\",\"@graph\":[{\"@type\":\"WebPage\",\"@id\":\"https:\/\/www.noticiasradioreflejos.com.ar\/2021\/dolares-el-banco-provincia-cambia-las-condiciones-para-ciertas-cuentas\/\",\"url\":\"https:\/\/www.noticiasradioreflejos.com.ar\/2021\/dolares-el-banco-provincia-cambia-las-condiciones-para-ciertas-cuentas\/\",\"name\":\"D\u00f3lares. El Banco Provincia cambia las condiciones para ciertas cuentas - Noticias Radio Reflejos\",\"isPartOf\":{\"@id\":\"https:\/\/www.noticiasradioreflejos.com.ar\/2021\/#website\"},\"primaryImageOfPage\":{\"@id\":\"https:\/\/www.noticiasradioreflejos.com.ar\/2021\/dolares-el-banco-provincia-cambia-las-condiciones-para-ciertas-cuentas\/#primaryimage\"},\"image\":{\"@id\":\"https:\/\/www.noticiasradioreflejos.com.ar\/2021\/dolares-el-banco-provincia-cambia-las-condiciones-para-ciertas-cuentas\/#primaryimage\"},\"thumbnailUrl\":\"https:\/\/bucket3.glanacion.com\/anexos\/fotos\/26\/2674026w380.jpg\",\"datePublished\":\"2020-09-09T01:24:48+00:00\",\"author\":{\"@id\":\"https:\/\/www.noticiasradioreflejos.com.ar\/2021\/#\/schema\/person\/ad82545263dcc5ec0996818884fd5fb1\"},\"breadcrumb\":{\"@id\":\"https:\/\/www.noticiasradioreflejos.com.ar\/2021\/dolares-el-banco-provincia-cambia-las-condiciones-para-ciertas-cuentas\/#breadcrumb\"},\"inLanguage\":\"es\",\"potentialAction\":[{\"@type\":\"ReadAction\",\"target\":[\"https:\/\/www.noticiasradioreflejos.com.ar\/2021\/dolares-el-banco-provincia-cambia-las-condiciones-para-ciertas-cuentas\/\"]}]},{\"@type\":\"ImageObject\",\"inLanguage\":\"es\",\"@id\":\"https:\/\/www.noticiasradioreflejos.com.ar\/2021\/dolares-el-banco-provincia-cambia-las-condiciones-para-ciertas-cuentas\/#primaryimage\",\"url\":\"https:\/\/bucket3.glanacion.com\/anexos\/fotos\/26\/2674026w380.jpg\",\"contentUrl\":\"https:\/\/bucket3.glanacion.com\/anexos\/fotos\/26\/2674026w380.jpg\"},{\"@type\":\"BreadcrumbList\",\"@id\":\"https:\/\/www.noticiasradioreflejos.com.ar\/2021\/dolares-el-banco-provincia-cambia-las-condiciones-para-ciertas-cuentas\/#breadcrumb\",\"itemListElement\":[{\"@type\":\"ListItem\",\"position\":1,\"name\":\"Portada\",\"item\":\"https:\/\/www.noticiasradioreflejos.com.ar\/2021\/\"},{\"@type\":\"ListItem\",\"position\":2,\"name\":\"D\u00f3lares. El Banco Provincia cambia las condiciones para ciertas cuentas\"}]},{\"@type\":\"WebSite\",\"@id\":\"https:\/\/www.noticiasradioreflejos.com.ar\/2021\/#website\",\"url\":\"https:\/\/www.noticiasradioreflejos.com.ar\/2021\/\",\"name\":\"Noticias Radio Reflejos\",\"description\":\"Las noticias de mi comarca\",\"potentialAction\":[{\"@type\":\"SearchAction\",\"target\":{\"@type\":\"EntryPoint\",\"urlTemplate\":\"https:\/\/www.noticiasradioreflejos.com.ar\/2021\/?s={search_term_string}\"},\"query-input\":{\"@type\":\"PropertyValueSpecification\",\"valueRequired\":true,\"valueName\":\"search_term_string\"}}],\"inLanguage\":\"es\"},{\"@type\":\"Person\",\"@id\":\"https:\/\/www.noticiasradioreflejos.com.ar\/2021\/#\/schema\/person\/ad82545263dcc5ec0996818884fd5fb1\",\"name\":\"Arnaldo Botto\",\"image\":{\"@type\":\"ImageObject\",\"inLanguage\":\"es\",\"@id\":\"https:\/\/www.noticiasradioreflejos.com.ar\/2021\/#\/schema\/person\/image\/\",\"url\":\"https:\/\/secure.gravatar.com\/avatar\/55cb5e37c1efa326397366e6974cb338056df65cb50e7d64d1cf314e87504837?s=96&d=mm&r=g\",\"contentUrl\":\"https:\/\/secure.gravatar.com\/avatar\/55cb5e37c1efa326397366e6974cb338056df65cb50e7d64d1cf314e87504837?s=96&d=mm&r=g\",\"caption\":\"Arnaldo Botto\"},\"url\":\"https:\/\/www.noticiasradioreflejos.com.ar\/2021\/author\/arnaldo\/\"}]}<\/script>\n<!-- \/ Yoast SEO plugin. -->","yoast_head_json":{"title":"D\u00f3lares. El Banco Provincia cambia las condiciones para ciertas cuentas - Noticias Radio Reflejos","robots":{"index":"index","follow":"follow","max-snippet":"max-snippet:-1","max-image-preview":"max-image-preview:large","max-video-preview":"max-video-preview:-1"},"canonical":"https:\/\/www.noticiasradioreflejos.com.ar\/2021\/dolares-el-banco-provincia-cambia-las-condiciones-para-ciertas-cuentas\/","og_locale":"es_ES","og_type":"article","og_title":"D\u00f3lares. El Banco Provincia cambia las condiciones para ciertas cuentas - Noticias Radio Reflejos","og_description":"No podr\u00e1n hacerlo sin presentar documentaci\u00f3n en una sucursal; la medida forma parte de los requerimientos del Central para ajustar el control \u00abanticolero\u00bb.","og_url":"https:\/\/www.noticiasradioreflejos.com.ar\/2021\/dolares-el-banco-provincia-cambia-las-condiciones-para-ciertas-cuentas\/","og_site_name":"Noticias Radio Reflejos","article_published_time":"2020-09-09T01:24:48+00:00","og_image":[{"url":"https:\/\/bucket3.glanacion.com\/anexos\/fotos\/26\/2674026w380.jpg","type":"","width":"","height":""}],"author":"Arnaldo Botto","twitter_card":"summary_large_image","schema":{"@context":"https:\/\/schema.org","@graph":[{"@type":"WebPage","@id":"https:\/\/www.noticiasradioreflejos.com.ar\/2021\/dolares-el-banco-provincia-cambia-las-condiciones-para-ciertas-cuentas\/","url":"https:\/\/www.noticiasradioreflejos.com.ar\/2021\/dolares-el-banco-provincia-cambia-las-condiciones-para-ciertas-cuentas\/","name":"D\u00f3lares. El Banco Provincia cambia las condiciones para ciertas cuentas - Noticias Radio Reflejos","isPartOf":{"@id":"https:\/\/www.noticiasradioreflejos.com.ar\/2021\/#website"},"primaryImageOfPage":{"@id":"https:\/\/www.noticiasradioreflejos.com.ar\/2021\/dolares-el-banco-provincia-cambia-las-condiciones-para-ciertas-cuentas\/#primaryimage"},"image":{"@id":"https:\/\/www.noticiasradioreflejos.com.ar\/2021\/dolares-el-banco-provincia-cambia-las-condiciones-para-ciertas-cuentas\/#primaryimage"},"thumbnailUrl":"https:\/\/bucket3.glanacion.com\/anexos\/fotos\/26\/2674026w380.jpg","datePublished":"2020-09-09T01:24:48+00:00","author":{"@id":"https:\/\/www.noticiasradioreflejos.com.ar\/2021\/#\/schema\/person\/ad82545263dcc5ec0996818884fd5fb1"},"breadcrumb":{"@id":"https:\/\/www.noticiasradioreflejos.com.ar\/2021\/dolares-el-banco-provincia-cambia-las-condiciones-para-ciertas-cuentas\/#breadcrumb"},"inLanguage":"es","potentialAction":[{"@type":"ReadAction","target":["https:\/\/www.noticiasradioreflejos.com.ar\/2021\/dolares-el-banco-provincia-cambia-las-condiciones-para-ciertas-cuentas\/"]}]},{"@type":"ImageObject","inLanguage":"es","@id":"https:\/\/www.noticiasradioreflejos.com.ar\/2021\/dolares-el-banco-provincia-cambia-las-condiciones-para-ciertas-cuentas\/#primaryimage","url":"https:\/\/bucket3.glanacion.com\/anexos\/fotos\/26\/2674026w380.jpg","contentUrl":"https:\/\/bucket3.glanacion.com\/anexos\/fotos\/26\/2674026w380.jpg"},{"@type":"BreadcrumbList","@id":"https:\/\/www.noticiasradioreflejos.com.ar\/2021\/dolares-el-banco-provincia-cambia-las-condiciones-para-ciertas-cuentas\/#breadcrumb","itemListElement":[{"@type":"ListItem","position":1,"name":"Portada","item":"https:\/\/www.noticiasradioreflejos.com.ar\/2021\/"},{"@type":"ListItem","position":2,"name":"D\u00f3lares. El Banco Provincia cambia las condiciones para ciertas cuentas"}]},{"@type":"WebSite","@id":"https:\/\/www.noticiasradioreflejos.com.ar\/2021\/#website","url":"https:\/\/www.noticiasradioreflejos.com.ar\/2021\/","name":"Noticias Radio Reflejos","description":"Las noticias de mi comarca","potentialAction":[{"@type":"SearchAction","target":{"@type":"EntryPoint","urlTemplate":"https:\/\/www.noticiasradioreflejos.com.ar\/2021\/?s={search_term_string}"},"query-input":{"@type":"PropertyValueSpecification","valueRequired":true,"valueName":"search_term_string"}}],"inLanguage":"es"},{"@type":"Person","@id":"https:\/\/www.noticiasradioreflejos.com.ar\/2021\/#\/schema\/person\/ad82545263dcc5ec0996818884fd5fb1","name":"Arnaldo Botto","image":{"@type":"ImageObject","inLanguage":"es","@id":"https:\/\/www.noticiasradioreflejos.com.ar\/2021\/#\/schema\/person\/image\/","url":"https:\/\/secure.gravatar.com\/avatar\/55cb5e37c1efa326397366e6974cb338056df65cb50e7d64d1cf314e87504837?s=96&d=mm&r=g","contentUrl":"https:\/\/secure.gravatar.com\/avatar\/55cb5e37c1efa326397366e6974cb338056df65cb50e7d64d1cf314e87504837?s=96&d=mm&r=g","caption":"Arnaldo Botto"},"url":"https:\/\/www.noticiasradioreflejos.com.ar\/2021\/author\/arnaldo\/"}]}},"_links":{"self":[{"href":"https:\/\/www.noticiasradioreflejos.com.ar\/2021\/wp-json\/wp\/v2\/posts\/46745","targetHints":{"allow":["GET"]}}],"collection":[{"href":"https:\/\/www.noticiasradioreflejos.com.ar\/2021\/wp-json\/wp\/v2\/posts"}],"about":[{"href":"https:\/\/www.noticiasradioreflejos.com.ar\/2021\/wp-json\/wp\/v2\/types\/post"}],"author":[{"embeddable":true,"href":"https:\/\/www.noticiasradioreflejos.com.ar\/2021\/wp-json\/wp\/v2\/users\/3"}],"replies":[{"embeddable":true,"href":"https:\/\/www.noticiasradioreflejos.com.ar\/2021\/wp-json\/wp\/v2\/comments?post=46745"}],"version-history":[{"count":0,"href":"https:\/\/www.noticiasradioreflejos.com.ar\/2021\/wp-json\/wp\/v2\/posts\/46745\/revisions"}],"wp:attachment":[{"href":"https:\/\/www.noticiasradioreflejos.com.ar\/2021\/wp-json\/wp\/v2\/media?parent=46745"}],"wp:term":[{"taxonomy":"category","embeddable":true,"href":"https:\/\/www.noticiasradioreflejos.com.ar\/2021\/wp-json\/wp\/v2\/categories?post=46745"},{"taxonomy":"post_tag","embeddable":true,"href":"https:\/\/www.noticiasradioreflejos.com.ar\/2021\/wp-json\/wp\/v2\/tags?post=46745"}],"curies":[{"name":"wp","href":"https:\/\/api.w.org\/{rel}","templated":true}]}}