{"id":46734,"date":"2020-09-08T18:06:57","date_gmt":"2020-09-08T21:06:57","guid":{"rendered":"http:\/\/www.noticiasradioreflejos.com.ar\/noticias\/?p=46734"},"modified":"2020-09-08T18:06:57","modified_gmt":"2020-09-08T21:06:57","slug":"capacitacion-sobre-la-ley-micaela","status":"publish","type":"post","link":"https:\/\/www.noticiasradioreflejos.com.ar\/2021\/capacitacion-sobre-la-ley-micaela\/","title":{"rendered":"\u00abCapacitaci\u00f3n sobre  la  \u201cLey Micaela\u201d"},"content":{"rendered":"<p><a href=\"http:\/\/live.staticflickr.com\/65535\/50321423462_4d4c3b7fcc_s.jpg\" title=\"2020-09-08_06-04-18\" rel=\"\"><img loading=\"lazy\" decoding=\"async\" src=\"http:\/\/live.staticflickr.com\/65535\/50321423462_4d4c3b7fcc_z.jpg\" width=\"530\" height=\"640\" alt=\"2020-09-08_06-04-18\" title=\"2020-09-08_06-04-18\" class=\"alignleft\" style=\"float: left;\"><\/a>El mi\u00e9rcoles 9 de septiembre a las 19 horas, realizaremos una reuni\u00f3n virtual  para dar comienzo a la  etapa inicial de capacitaci\u00f3n sobre  la  \u201cLey Micaela\u201d, destinada a  directivos, miembros de la comisi\u00f3n,  profesores y dem\u00e1s allegados a los clubes del distrito de Tornquist. <!--more--><br \/>\nEn este encuentro contaremos con la participaci\u00f3n del Director de Formaci\u00f3n y Capacitaci\u00f3n, Unidad de Formaci\u00f3n, Investigaci\u00f3n y Pol\u00edticas Culturales para la Igualdad del Ministerio de las Mujeres, Pol\u00edticas de G\u00e9nero y Diversidad Sexual de la Provincia de Buenos Aires se\u00f1or N\u00e9stor Yuyo Garc\u00eda, pap\u00e1 de Micaela, quien tendr\u00e1 a su cargo la primera charla de sensibilizaci\u00f3n  en el marco de la ley de referencia.<\/p>\n<p>Los interesados  pueden acceder al link de la reuni\u00f3n y el programa de la capacitaci\u00f3n por el mail o por las redes del CMMT:<\/p>\n<p>E-mail: cmmujerestornquist@gmail.com<\/p>\n<p>Face: Consejo Municipal de las Mujeres Tornquist<\/p>\n<p>Instagram: CMMUJERESTORNQUIST<\/p>\n","protected":false},"excerpt":{"rendered":"<p>El mi\u00e9rcoles 9 de septiembre a las 19 horas, realizaremos una reuni\u00f3n virtual para dar comienzo a la etapa inicial de capacitaci\u00f3n sobre la \u201cLey Micaela\u201d, destinada a directivos, miembros de la comisi\u00f3n, profesores y dem\u00e1s allegados a los clubes del distrito de Tornquist.<\/p>\n","protected":false},"author":3,"featured_media":0,"comment_status":"closed","ping_status":"open","sticky":false,"template":"","format":"standard","meta":{"footnotes":""},"categories":[24],"tags":[],"class_list":["post-46734","post","type-post","status-publish","format-standard","hentry","category-politica"],"yoast_head":"<!-- This site is optimized with the Yoast SEO plugin v25.9 - https:\/\/yoast.com\/wordpress\/plugins\/seo\/ -->\n<title>&quot;Capacitaci\u00f3n sobre la \u201cLey Micaela\u201d - Noticias Radio Reflejos<\/title>\n<meta name=\"robots\" content=\"index, follow, max-snippet:-1, max-image-preview:large, max-video-preview:-1\" \/>\n<link rel=\"canonical\" href=\"https:\/\/www.noticiasradioreflejos.com.ar\/2021\/capacitacion-sobre-la-ley-micaela\/\" \/>\n<meta property=\"og:locale\" content=\"es_ES\" \/>\n<meta property=\"og:type\" content=\"article\" \/>\n<meta property=\"og:title\" content=\"&quot;Capacitaci\u00f3n sobre la \u201cLey Micaela\u201d - Noticias Radio Reflejos\" \/>\n<meta property=\"og:description\" content=\"El mi\u00e9rcoles 9 de septiembre a las 19 horas, realizaremos una reuni\u00f3n virtual para dar comienzo a la etapa inicial de capacitaci\u00f3n sobre la \u201cLey Micaela\u201d, destinada a directivos, miembros de la comisi\u00f3n, profesores y dem\u00e1s allegados a los clubes del distrito de Tornquist.\" \/>\n<meta property=\"og:url\" content=\"https:\/\/www.noticiasradioreflejos.com.ar\/2021\/capacitacion-sobre-la-ley-micaela\/\" \/>\n<meta property=\"og:site_name\" content=\"Noticias Radio Reflejos\" \/>\n<meta property=\"article:published_time\" content=\"2020-09-08T21:06:57+00:00\" \/>\n<meta property=\"og:image\" content=\"http:\/\/live.staticflickr.com\/65535\/50321423462_4d4c3b7fcc_z.jpg\" \/>\n<meta name=\"author\" content=\"Arnaldo Botto\" \/>\n<meta name=\"twitter:card\" content=\"summary_large_image\" \/>\n<script type=\"application\/ld+json\" class=\"yoast-schema-graph\">{\"@context\":\"https:\/\/schema.org\",\"@graph\":[{\"@type\":\"WebPage\",\"@id\":\"https:\/\/www.noticiasradioreflejos.com.ar\/2021\/capacitacion-sobre-la-ley-micaela\/\",\"url\":\"https:\/\/www.noticiasradioreflejos.com.ar\/2021\/capacitacion-sobre-la-ley-micaela\/\",\"name\":\"\\\"Capacitaci\u00f3n sobre la \u201cLey Micaela\u201d - Noticias Radio Reflejos\",\"isPartOf\":{\"@id\":\"https:\/\/www.noticiasradioreflejos.com.ar\/2021\/#website\"},\"primaryImageOfPage\":{\"@id\":\"https:\/\/www.noticiasradioreflejos.com.ar\/2021\/capacitacion-sobre-la-ley-micaela\/#primaryimage\"},\"image\":{\"@id\":\"https:\/\/www.noticiasradioreflejos.com.ar\/2021\/capacitacion-sobre-la-ley-micaela\/#primaryimage\"},\"thumbnailUrl\":\"http:\/\/live.staticflickr.com\/65535\/50321423462_4d4c3b7fcc_z.jpg\",\"datePublished\":\"2020-09-08T21:06:57+00:00\",\"author\":{\"@id\":\"https:\/\/www.noticiasradioreflejos.com.ar\/2021\/#\/schema\/person\/ad82545263dcc5ec0996818884fd5fb1\"},\"breadcrumb\":{\"@id\":\"https:\/\/www.noticiasradioreflejos.com.ar\/2021\/capacitacion-sobre-la-ley-micaela\/#breadcrumb\"},\"inLanguage\":\"es\",\"potentialAction\":[{\"@type\":\"ReadAction\",\"target\":[\"https:\/\/www.noticiasradioreflejos.com.ar\/2021\/capacitacion-sobre-la-ley-micaela\/\"]}]},{\"@type\":\"ImageObject\",\"inLanguage\":\"es\",\"@id\":\"https:\/\/www.noticiasradioreflejos.com.ar\/2021\/capacitacion-sobre-la-ley-micaela\/#primaryimage\",\"url\":\"http:\/\/live.staticflickr.com\/65535\/50321423462_4d4c3b7fcc_z.jpg\",\"contentUrl\":\"http:\/\/live.staticflickr.com\/65535\/50321423462_4d4c3b7fcc_z.jpg\"},{\"@type\":\"BreadcrumbList\",\"@id\":\"https:\/\/www.noticiasradioreflejos.com.ar\/2021\/capacitacion-sobre-la-ley-micaela\/#breadcrumb\",\"itemListElement\":[{\"@type\":\"ListItem\",\"position\":1,\"name\":\"Portada\",\"item\":\"https:\/\/www.noticiasradioreflejos.com.ar\/2021\/\"},{\"@type\":\"ListItem\",\"position\":2,\"name\":\"\u00abCapacitaci\u00f3n sobre la \u201cLey Micaela\u201d\"}]},{\"@type\":\"WebSite\",\"@id\":\"https:\/\/www.noticiasradioreflejos.com.ar\/2021\/#website\",\"url\":\"https:\/\/www.noticiasradioreflejos.com.ar\/2021\/\",\"name\":\"Noticias Radio Reflejos\",\"description\":\"Las noticias de mi comarca\",\"potentialAction\":[{\"@type\":\"SearchAction\",\"target\":{\"@type\":\"EntryPoint\",\"urlTemplate\":\"https:\/\/www.noticiasradioreflejos.com.ar\/2021\/?s={search_term_string}\"},\"query-input\":{\"@type\":\"PropertyValueSpecification\",\"valueRequired\":true,\"valueName\":\"search_term_string\"}}],\"inLanguage\":\"es\"},{\"@type\":\"Person\",\"@id\":\"https:\/\/www.noticiasradioreflejos.com.ar\/2021\/#\/schema\/person\/ad82545263dcc5ec0996818884fd5fb1\",\"name\":\"Arnaldo Botto\",\"image\":{\"@type\":\"ImageObject\",\"inLanguage\":\"es\",\"@id\":\"https:\/\/www.noticiasradioreflejos.com.ar\/2021\/#\/schema\/person\/image\/\",\"url\":\"https:\/\/secure.gravatar.com\/avatar\/55cb5e37c1efa326397366e6974cb338056df65cb50e7d64d1cf314e87504837?s=96&d=mm&r=g\",\"contentUrl\":\"https:\/\/secure.gravatar.com\/avatar\/55cb5e37c1efa326397366e6974cb338056df65cb50e7d64d1cf314e87504837?s=96&d=mm&r=g\",\"caption\":\"Arnaldo Botto\"},\"url\":\"https:\/\/www.noticiasradioreflejos.com.ar\/2021\/author\/arnaldo\/\"}]}<\/script>\n<!-- \/ Yoast SEO plugin. -->","yoast_head_json":{"title":"\"Capacitaci\u00f3n sobre la \u201cLey Micaela\u201d - Noticias Radio Reflejos","robots":{"index":"index","follow":"follow","max-snippet":"max-snippet:-1","max-image-preview":"max-image-preview:large","max-video-preview":"max-video-preview:-1"},"canonical":"https:\/\/www.noticiasradioreflejos.com.ar\/2021\/capacitacion-sobre-la-ley-micaela\/","og_locale":"es_ES","og_type":"article","og_title":"\"Capacitaci\u00f3n sobre la \u201cLey Micaela\u201d - Noticias Radio Reflejos","og_description":"El mi\u00e9rcoles 9 de septiembre a las 19 horas, realizaremos una reuni\u00f3n virtual para dar comienzo a la etapa inicial de capacitaci\u00f3n sobre la \u201cLey Micaela\u201d, destinada a directivos, miembros de la comisi\u00f3n, profesores y dem\u00e1s allegados a los clubes del distrito de Tornquist.","og_url":"https:\/\/www.noticiasradioreflejos.com.ar\/2021\/capacitacion-sobre-la-ley-micaela\/","og_site_name":"Noticias Radio Reflejos","article_published_time":"2020-09-08T21:06:57+00:00","og_image":[{"url":"http:\/\/live.staticflickr.com\/65535\/50321423462_4d4c3b7fcc_z.jpg","type":"","width":"","height":""}],"author":"Arnaldo Botto","twitter_card":"summary_large_image","schema":{"@context":"https:\/\/schema.org","@graph":[{"@type":"WebPage","@id":"https:\/\/www.noticiasradioreflejos.com.ar\/2021\/capacitacion-sobre-la-ley-micaela\/","url":"https:\/\/www.noticiasradioreflejos.com.ar\/2021\/capacitacion-sobre-la-ley-micaela\/","name":"\"Capacitaci\u00f3n sobre la \u201cLey Micaela\u201d - Noticias Radio Reflejos","isPartOf":{"@id":"https:\/\/www.noticiasradioreflejos.com.ar\/2021\/#website"},"primaryImageOfPage":{"@id":"https:\/\/www.noticiasradioreflejos.com.ar\/2021\/capacitacion-sobre-la-ley-micaela\/#primaryimage"},"image":{"@id":"https:\/\/www.noticiasradioreflejos.com.ar\/2021\/capacitacion-sobre-la-ley-micaela\/#primaryimage"},"thumbnailUrl":"http:\/\/live.staticflickr.com\/65535\/50321423462_4d4c3b7fcc_z.jpg","datePublished":"2020-09-08T21:06:57+00:00","author":{"@id":"https:\/\/www.noticiasradioreflejos.com.ar\/2021\/#\/schema\/person\/ad82545263dcc5ec0996818884fd5fb1"},"breadcrumb":{"@id":"https:\/\/www.noticiasradioreflejos.com.ar\/2021\/capacitacion-sobre-la-ley-micaela\/#breadcrumb"},"inLanguage":"es","potentialAction":[{"@type":"ReadAction","target":["https:\/\/www.noticiasradioreflejos.com.ar\/2021\/capacitacion-sobre-la-ley-micaela\/"]}]},{"@type":"ImageObject","inLanguage":"es","@id":"https:\/\/www.noticiasradioreflejos.com.ar\/2021\/capacitacion-sobre-la-ley-micaela\/#primaryimage","url":"http:\/\/live.staticflickr.com\/65535\/50321423462_4d4c3b7fcc_z.jpg","contentUrl":"http:\/\/live.staticflickr.com\/65535\/50321423462_4d4c3b7fcc_z.jpg"},{"@type":"BreadcrumbList","@id":"https:\/\/www.noticiasradioreflejos.com.ar\/2021\/capacitacion-sobre-la-ley-micaela\/#breadcrumb","itemListElement":[{"@type":"ListItem","position":1,"name":"Portada","item":"https:\/\/www.noticiasradioreflejos.com.ar\/2021\/"},{"@type":"ListItem","position":2,"name":"\u00abCapacitaci\u00f3n sobre la \u201cLey Micaela\u201d"}]},{"@type":"WebSite","@id":"https:\/\/www.noticiasradioreflejos.com.ar\/2021\/#website","url":"https:\/\/www.noticiasradioreflejos.com.ar\/2021\/","name":"Noticias Radio Reflejos","description":"Las noticias de mi comarca","potentialAction":[{"@type":"SearchAction","target":{"@type":"EntryPoint","urlTemplate":"https:\/\/www.noticiasradioreflejos.com.ar\/2021\/?s={search_term_string}"},"query-input":{"@type":"PropertyValueSpecification","valueRequired":true,"valueName":"search_term_string"}}],"inLanguage":"es"},{"@type":"Person","@id":"https:\/\/www.noticiasradioreflejos.com.ar\/2021\/#\/schema\/person\/ad82545263dcc5ec0996818884fd5fb1","name":"Arnaldo Botto","image":{"@type":"ImageObject","inLanguage":"es","@id":"https:\/\/www.noticiasradioreflejos.com.ar\/2021\/#\/schema\/person\/image\/","url":"https:\/\/secure.gravatar.com\/avatar\/55cb5e37c1efa326397366e6974cb338056df65cb50e7d64d1cf314e87504837?s=96&d=mm&r=g","contentUrl":"https:\/\/secure.gravatar.com\/avatar\/55cb5e37c1efa326397366e6974cb338056df65cb50e7d64d1cf314e87504837?s=96&d=mm&r=g","caption":"Arnaldo Botto"},"url":"https:\/\/www.noticiasradioreflejos.com.ar\/2021\/author\/arnaldo\/"}]}},"_links":{"self":[{"href":"https:\/\/www.noticiasradioreflejos.com.ar\/2021\/wp-json\/wp\/v2\/posts\/46734","targetHints":{"allow":["GET"]}}],"collection":[{"href":"https:\/\/www.noticiasradioreflejos.com.ar\/2021\/wp-json\/wp\/v2\/posts"}],"about":[{"href":"https:\/\/www.noticiasradioreflejos.com.ar\/2021\/wp-json\/wp\/v2\/types\/post"}],"author":[{"embeddable":true,"href":"https:\/\/www.noticiasradioreflejos.com.ar\/2021\/wp-json\/wp\/v2\/users\/3"}],"replies":[{"embeddable":true,"href":"https:\/\/www.noticiasradioreflejos.com.ar\/2021\/wp-json\/wp\/v2\/comments?post=46734"}],"version-history":[{"count":0,"href":"https:\/\/www.noticiasradioreflejos.com.ar\/2021\/wp-json\/wp\/v2\/posts\/46734\/revisions"}],"wp:attachment":[{"href":"https:\/\/www.noticiasradioreflejos.com.ar\/2021\/wp-json\/wp\/v2\/media?parent=46734"}],"wp:term":[{"taxonomy":"category","embeddable":true,"href":"https:\/\/www.noticiasradioreflejos.com.ar\/2021\/wp-json\/wp\/v2\/categories?post=46734"},{"taxonomy":"post_tag","embeddable":true,"href":"https:\/\/www.noticiasradioreflejos.com.ar\/2021\/wp-json\/wp\/v2\/tags?post=46734"}],"curies":[{"name":"wp","href":"https:\/\/api.w.org\/{rel}","templated":true}]}}