{"id":46726,"date":"2020-09-08T16:24:45","date_gmt":"2020-09-08T19:24:45","guid":{"rendered":"http:\/\/www.noticiasradioreflejos.com.ar\/noticias\/?p=46726"},"modified":"2020-09-08T16:24:45","modified_gmt":"2020-09-08T19:24:45","slug":"la-situacion-esta-controlada-pero-esto-es-dinamico-manana-puede-variar-y-en-5-dias-tener-100-casos-dr-javier-amor","status":"publish","type":"post","link":"https:\/\/www.noticiasradioreflejos.com.ar\/2021\/la-situacion-esta-controlada-pero-esto-es-dinamico-manana-puede-variar-y-en-5-dias-tener-100-casos-dr-javier-amor\/","title":{"rendered":"\u00abLa situaci\u00f3n est\u00e1 controlada, pero esto es din\u00e1mico, ma\u00f1ana puede variar y en 5 d\u00edas tener 100 casos.\u00bb &#8211; Dr. Javier Amor."},"content":{"rendered":"<p>A ra\u00edz del alerta ante la saturaci\u00f3n de los sistemas de salud, conversamos con Javier Amor, m\u00e9dico encargado de la situaci\u00f3n sanitaria de Villa Ventana, Sierra de la Ventana y Saldungaray durante la pandemia.<!--more--><\/p>\n<p>\u00abHay gran demanda de camas de terapia en relaci\u00f3n a los casos graves de COVID\u00bb expres\u00f3 en un principio el doctor. Admiti\u00f3 que lo que m\u00e1s le preocupa es llevar cierta tranquilidad a la poblaci\u00f3n, pero a la vez concientizar a la misma sobre no abandonar los cuidados para que la situaci\u00f3n en nuestro distrito se mantenga estable. \u00abMantener los aislamientos, evitar las reuniones sociales y todo lo que pueda favorecer el contagio viral es muy importante. Este es el peor momento para enfermarse\u00bb sostuvo.<\/p>\n<p>Javier menciona que \u00abno nos tenemos que preocupar tanto por las reuniones al aire libre si se usa tapabocas y se mantienen las distancias. Lo que si nos tiene que preocupar es el cuidado d\u00eda a d\u00eda\u00bb.<\/p>\n<p>Cuando le preguntamos sobre la condici\u00f3n de Sierra, Saldungaray y Villa, contest\u00f3: Vienen muy bien en relaci\u00f3n a lo que ocurri\u00f3 en Tornquist. En este momento no tenemos positivos, pero constantemente se est\u00e1n haciendo hisopados y con aislamiento de algunos pacientes particulares. Fuera de eso, la situaci\u00f3n est\u00e1 controlada, pero esto es din\u00e1mico, ma\u00f1ana puede variar y en 5 d\u00edas tener 100 casos. Hay que cuidarse y estar muy atentos\u00bb.<\/p>\n<p>\u00abEl gran problema de nuestro pa\u00eds es el sistema de salud que esta en un punto cr\u00edtico y se busc\u00f3 tratar de evitar lo que en realidad termin\u00f3 pasando. Es por esto que se toman este tipo de medidas\u00bb mencion\u00f3 el m\u00e9dico al referirse sobre la capacidad limitada de los hospitales y la carencia de personal m\u00e9dico en Argentino.<\/p>\n<p>Nota completa a continuaci\u00f3n:<br \/>\n<iframe loading=\"lazy\" src=\"https:\/\/w.soundcloud.com\/player\/?url=https%3A\/\/api.soundcloud.com\/tracks\/889856665&amp;color=%23ff5500&amp;auto_play=false&amp;hide_related=false&amp;show_comments=true&amp;show_user=true&amp;show_reposts=false&amp;show_teaser=true\" width=\"100%\" height=\"166\" frameborder=\"no\" scrolling=\"no\"><\/iframe><\/p>\n<div style=\"font-size: 10px; color: #cccccc; line-break: anywhere; word-break: normal; overflow: hidden; white-space: nowrap; text-overflow: ellipsis; font-family: Interstate,Lucida Grande,Lucida Sans Unicode,Lucida Sans,Garuda,Verdana,Tahoma,sans-serif; font-weight: 100;\"><a style=\"color: #cccccc; text-decoration: none;\" title=\"fmreflejos 103.7\" href=\"https:\/\/soundcloud.com\/fmreflejos-103-7\" target=\"_blank\" rel=\"noopener\">fmreflejos 103.7<\/a> \u00b7 <a style=\"color: #cccccc; text-decoration: none;\" title=\"Javier Amor\" href=\"https:\/\/soundcloud.com\/fmreflejos-103-7\/javier-amor-1\" target=\"_blank\" rel=\"noopener\">Javier Amor<\/a><\/div>\n","protected":false},"excerpt":{"rendered":"<p>A ra\u00edz del alerta ante la saturaci\u00f3n de los sistemas de salud, conversamos con Javier Amor, m\u00e9dico encargado de la situaci\u00f3n sanitaria de Villa Ventana, Sierra de la Ventana y Saldungaray durante la pandemia.<\/p>\n","protected":false},"author":3,"featured_media":46090,"comment_status":"closed","ping_status":"open","sticky":false,"template":"","format":"standard","meta":{"footnotes":""},"categories":[30],"tags":[],"class_list":["post-46726","post","type-post","status-publish","format-standard","has-post-thumbnail","hentry","category-salud"],"yoast_head":"<!-- This site is optimized with the Yoast SEO plugin v25.9 - https:\/\/yoast.com\/wordpress\/plugins\/seo\/ -->\n<title>&quot;La situaci\u00f3n est\u00e1 controlada, pero esto es din\u00e1mico, ma\u00f1ana puede variar y en 5 d\u00edas tener 100 casos.&quot; - Dr. Javier Amor. - Noticias Radio Reflejos<\/title>\n<meta name=\"robots\" content=\"index, follow, max-snippet:-1, max-image-preview:large, max-video-preview:-1\" \/>\n<link rel=\"canonical\" href=\"https:\/\/www.noticiasradioreflejos.com.ar\/2021\/la-situacion-esta-controlada-pero-esto-es-dinamico-manana-puede-variar-y-en-5-dias-tener-100-casos-dr-javier-amor\/\" \/>\n<meta property=\"og:locale\" content=\"es_ES\" \/>\n<meta property=\"og:type\" content=\"article\" \/>\n<meta property=\"og:title\" content=\"&quot;La situaci\u00f3n est\u00e1 controlada, pero esto es din\u00e1mico, ma\u00f1ana puede variar y en 5 d\u00edas tener 100 casos.&quot; - Dr. Javier Amor. - Noticias Radio Reflejos\" \/>\n<meta property=\"og:description\" content=\"A ra\u00edz del alerta ante la saturaci\u00f3n de los sistemas de salud, conversamos con Javier Amor, m\u00e9dico encargado de la situaci\u00f3n sanitaria de Villa Ventana, Sierra de la Ventana y Saldungaray durante la pandemia.\" \/>\n<meta property=\"og:url\" content=\"https:\/\/www.noticiasradioreflejos.com.ar\/2021\/la-situacion-esta-controlada-pero-esto-es-dinamico-manana-puede-variar-y-en-5-dias-tener-100-casos-dr-javier-amor\/\" \/>\n<meta property=\"og:site_name\" content=\"Noticias Radio Reflejos\" \/>\n<meta property=\"article:published_time\" content=\"2020-09-08T19:24:45+00:00\" \/>\n<meta property=\"og:image\" content=\"https:\/\/www.noticiasradioreflejos.com.ar\/2021\/wp-content\/uploads\/2020\/08\/20200823_011746_5611011805853563863.png\" \/>\n\t<meta property=\"og:image:width\" content=\"966\" \/>\n\t<meta property=\"og:image:height\" content=\"929\" \/>\n\t<meta property=\"og:image:type\" content=\"image\/png\" \/>\n<meta name=\"author\" content=\"Arnaldo Botto\" \/>\n<meta name=\"twitter:card\" content=\"summary_large_image\" \/>\n<script type=\"application\/ld+json\" class=\"yoast-schema-graph\">{\"@context\":\"https:\/\/schema.org\",\"@graph\":[{\"@type\":\"WebPage\",\"@id\":\"https:\/\/www.noticiasradioreflejos.com.ar\/2021\/la-situacion-esta-controlada-pero-esto-es-dinamico-manana-puede-variar-y-en-5-dias-tener-100-casos-dr-javier-amor\/\",\"url\":\"https:\/\/www.noticiasradioreflejos.com.ar\/2021\/la-situacion-esta-controlada-pero-esto-es-dinamico-manana-puede-variar-y-en-5-dias-tener-100-casos-dr-javier-amor\/\",\"name\":\"\\\"La situaci\u00f3n est\u00e1 controlada, pero esto es din\u00e1mico, ma\u00f1ana puede variar y en 5 d\u00edas tener 100 casos.\\\" - Dr. Javier Amor. - Noticias Radio Reflejos\",\"isPartOf\":{\"@id\":\"https:\/\/www.noticiasradioreflejos.com.ar\/2021\/#website\"},\"primaryImageOfPage\":{\"@id\":\"https:\/\/www.noticiasradioreflejos.com.ar\/2021\/la-situacion-esta-controlada-pero-esto-es-dinamico-manana-puede-variar-y-en-5-dias-tener-100-casos-dr-javier-amor\/#primaryimage\"},\"image\":{\"@id\":\"https:\/\/www.noticiasradioreflejos.com.ar\/2021\/la-situacion-esta-controlada-pero-esto-es-dinamico-manana-puede-variar-y-en-5-dias-tener-100-casos-dr-javier-amor\/#primaryimage\"},\"thumbnailUrl\":\"https:\/\/www.noticiasradioreflejos.com.ar\/2021\/wp-content\/uploads\/2020\/08\/20200823_011746_5611011805853563863.png\",\"datePublished\":\"2020-09-08T19:24:45+00:00\",\"author\":{\"@id\":\"https:\/\/www.noticiasradioreflejos.com.ar\/2021\/#\/schema\/person\/ad82545263dcc5ec0996818884fd5fb1\"},\"breadcrumb\":{\"@id\":\"https:\/\/www.noticiasradioreflejos.com.ar\/2021\/la-situacion-esta-controlada-pero-esto-es-dinamico-manana-puede-variar-y-en-5-dias-tener-100-casos-dr-javier-amor\/#breadcrumb\"},\"inLanguage\":\"es\",\"potentialAction\":[{\"@type\":\"ReadAction\",\"target\":[\"https:\/\/www.noticiasradioreflejos.com.ar\/2021\/la-situacion-esta-controlada-pero-esto-es-dinamico-manana-puede-variar-y-en-5-dias-tener-100-casos-dr-javier-amor\/\"]}]},{\"@type\":\"ImageObject\",\"inLanguage\":\"es\",\"@id\":\"https:\/\/www.noticiasradioreflejos.com.ar\/2021\/la-situacion-esta-controlada-pero-esto-es-dinamico-manana-puede-variar-y-en-5-dias-tener-100-casos-dr-javier-amor\/#primaryimage\",\"url\":\"https:\/\/www.noticiasradioreflejos.com.ar\/2021\/wp-content\/uploads\/2020\/08\/20200823_011746_5611011805853563863.png\",\"contentUrl\":\"https:\/\/www.noticiasradioreflejos.com.ar\/2021\/wp-content\/uploads\/2020\/08\/20200823_011746_5611011805853563863.png\",\"width\":966,\"height\":929},{\"@type\":\"BreadcrumbList\",\"@id\":\"https:\/\/www.noticiasradioreflejos.com.ar\/2021\/la-situacion-esta-controlada-pero-esto-es-dinamico-manana-puede-variar-y-en-5-dias-tener-100-casos-dr-javier-amor\/#breadcrumb\",\"itemListElement\":[{\"@type\":\"ListItem\",\"position\":1,\"name\":\"Portada\",\"item\":\"https:\/\/www.noticiasradioreflejos.com.ar\/2021\/\"},{\"@type\":\"ListItem\",\"position\":2,\"name\":\"\u00abLa situaci\u00f3n est\u00e1 controlada, pero esto es din\u00e1mico, ma\u00f1ana puede variar y en 5 d\u00edas tener 100 casos.\u00bb &#8211; Dr. Javier Amor.\"}]},{\"@type\":\"WebSite\",\"@id\":\"https:\/\/www.noticiasradioreflejos.com.ar\/2021\/#website\",\"url\":\"https:\/\/www.noticiasradioreflejos.com.ar\/2021\/\",\"name\":\"Noticias Radio Reflejos\",\"description\":\"Las noticias de mi comarca\",\"potentialAction\":[{\"@type\":\"SearchAction\",\"target\":{\"@type\":\"EntryPoint\",\"urlTemplate\":\"https:\/\/www.noticiasradioreflejos.com.ar\/2021\/?s={search_term_string}\"},\"query-input\":{\"@type\":\"PropertyValueSpecification\",\"valueRequired\":true,\"valueName\":\"search_term_string\"}}],\"inLanguage\":\"es\"},{\"@type\":\"Person\",\"@id\":\"https:\/\/www.noticiasradioreflejos.com.ar\/2021\/#\/schema\/person\/ad82545263dcc5ec0996818884fd5fb1\",\"name\":\"Arnaldo Botto\",\"image\":{\"@type\":\"ImageObject\",\"inLanguage\":\"es\",\"@id\":\"https:\/\/www.noticiasradioreflejos.com.ar\/2021\/#\/schema\/person\/image\/\",\"url\":\"https:\/\/secure.gravatar.com\/avatar\/55cb5e37c1efa326397366e6974cb338056df65cb50e7d64d1cf314e87504837?s=96&d=mm&r=g\",\"contentUrl\":\"https:\/\/secure.gravatar.com\/avatar\/55cb5e37c1efa326397366e6974cb338056df65cb50e7d64d1cf314e87504837?s=96&d=mm&r=g\",\"caption\":\"Arnaldo Botto\"},\"url\":\"https:\/\/www.noticiasradioreflejos.com.ar\/2021\/author\/arnaldo\/\"}]}<\/script>\n<!-- \/ Yoast SEO plugin. -->","yoast_head_json":{"title":"\"La situaci\u00f3n est\u00e1 controlada, pero esto es din\u00e1mico, ma\u00f1ana puede variar y en 5 d\u00edas tener 100 casos.\" - Dr. Javier Amor. - Noticias Radio Reflejos","robots":{"index":"index","follow":"follow","max-snippet":"max-snippet:-1","max-image-preview":"max-image-preview:large","max-video-preview":"max-video-preview:-1"},"canonical":"https:\/\/www.noticiasradioreflejos.com.ar\/2021\/la-situacion-esta-controlada-pero-esto-es-dinamico-manana-puede-variar-y-en-5-dias-tener-100-casos-dr-javier-amor\/","og_locale":"es_ES","og_type":"article","og_title":"\"La situaci\u00f3n est\u00e1 controlada, pero esto es din\u00e1mico, ma\u00f1ana puede variar y en 5 d\u00edas tener 100 casos.\" - Dr. Javier Amor. - Noticias Radio Reflejos","og_description":"A ra\u00edz del alerta ante la saturaci\u00f3n de los sistemas de salud, conversamos con Javier Amor, m\u00e9dico encargado de la situaci\u00f3n sanitaria de Villa Ventana, Sierra de la Ventana y Saldungaray durante la pandemia.","og_url":"https:\/\/www.noticiasradioreflejos.com.ar\/2021\/la-situacion-esta-controlada-pero-esto-es-dinamico-manana-puede-variar-y-en-5-dias-tener-100-casos-dr-javier-amor\/","og_site_name":"Noticias Radio Reflejos","article_published_time":"2020-09-08T19:24:45+00:00","og_image":[{"width":966,"height":929,"url":"https:\/\/www.noticiasradioreflejos.com.ar\/2021\/wp-content\/uploads\/2020\/08\/20200823_011746_5611011805853563863.png","type":"image\/png"}],"author":"Arnaldo Botto","twitter_card":"summary_large_image","schema":{"@context":"https:\/\/schema.org","@graph":[{"@type":"WebPage","@id":"https:\/\/www.noticiasradioreflejos.com.ar\/2021\/la-situacion-esta-controlada-pero-esto-es-dinamico-manana-puede-variar-y-en-5-dias-tener-100-casos-dr-javier-amor\/","url":"https:\/\/www.noticiasradioreflejos.com.ar\/2021\/la-situacion-esta-controlada-pero-esto-es-dinamico-manana-puede-variar-y-en-5-dias-tener-100-casos-dr-javier-amor\/","name":"\"La situaci\u00f3n est\u00e1 controlada, pero esto es din\u00e1mico, ma\u00f1ana puede variar y en 5 d\u00edas tener 100 casos.\" - Dr. Javier Amor. - Noticias Radio Reflejos","isPartOf":{"@id":"https:\/\/www.noticiasradioreflejos.com.ar\/2021\/#website"},"primaryImageOfPage":{"@id":"https:\/\/www.noticiasradioreflejos.com.ar\/2021\/la-situacion-esta-controlada-pero-esto-es-dinamico-manana-puede-variar-y-en-5-dias-tener-100-casos-dr-javier-amor\/#primaryimage"},"image":{"@id":"https:\/\/www.noticiasradioreflejos.com.ar\/2021\/la-situacion-esta-controlada-pero-esto-es-dinamico-manana-puede-variar-y-en-5-dias-tener-100-casos-dr-javier-amor\/#primaryimage"},"thumbnailUrl":"https:\/\/www.noticiasradioreflejos.com.ar\/2021\/wp-content\/uploads\/2020\/08\/20200823_011746_5611011805853563863.png","datePublished":"2020-09-08T19:24:45+00:00","author":{"@id":"https:\/\/www.noticiasradioreflejos.com.ar\/2021\/#\/schema\/person\/ad82545263dcc5ec0996818884fd5fb1"},"breadcrumb":{"@id":"https:\/\/www.noticiasradioreflejos.com.ar\/2021\/la-situacion-esta-controlada-pero-esto-es-dinamico-manana-puede-variar-y-en-5-dias-tener-100-casos-dr-javier-amor\/#breadcrumb"},"inLanguage":"es","potentialAction":[{"@type":"ReadAction","target":["https:\/\/www.noticiasradioreflejos.com.ar\/2021\/la-situacion-esta-controlada-pero-esto-es-dinamico-manana-puede-variar-y-en-5-dias-tener-100-casos-dr-javier-amor\/"]}]},{"@type":"ImageObject","inLanguage":"es","@id":"https:\/\/www.noticiasradioreflejos.com.ar\/2021\/la-situacion-esta-controlada-pero-esto-es-dinamico-manana-puede-variar-y-en-5-dias-tener-100-casos-dr-javier-amor\/#primaryimage","url":"https:\/\/www.noticiasradioreflejos.com.ar\/2021\/wp-content\/uploads\/2020\/08\/20200823_011746_5611011805853563863.png","contentUrl":"https:\/\/www.noticiasradioreflejos.com.ar\/2021\/wp-content\/uploads\/2020\/08\/20200823_011746_5611011805853563863.png","width":966,"height":929},{"@type":"BreadcrumbList","@id":"https:\/\/www.noticiasradioreflejos.com.ar\/2021\/la-situacion-esta-controlada-pero-esto-es-dinamico-manana-puede-variar-y-en-5-dias-tener-100-casos-dr-javier-amor\/#breadcrumb","itemListElement":[{"@type":"ListItem","position":1,"name":"Portada","item":"https:\/\/www.noticiasradioreflejos.com.ar\/2021\/"},{"@type":"ListItem","position":2,"name":"\u00abLa situaci\u00f3n est\u00e1 controlada, pero esto es din\u00e1mico, ma\u00f1ana puede variar y en 5 d\u00edas tener 100 casos.\u00bb &#8211; Dr. Javier Amor."}]},{"@type":"WebSite","@id":"https:\/\/www.noticiasradioreflejos.com.ar\/2021\/#website","url":"https:\/\/www.noticiasradioreflejos.com.ar\/2021\/","name":"Noticias Radio Reflejos","description":"Las noticias de mi comarca","potentialAction":[{"@type":"SearchAction","target":{"@type":"EntryPoint","urlTemplate":"https:\/\/www.noticiasradioreflejos.com.ar\/2021\/?s={search_term_string}"},"query-input":{"@type":"PropertyValueSpecification","valueRequired":true,"valueName":"search_term_string"}}],"inLanguage":"es"},{"@type":"Person","@id":"https:\/\/www.noticiasradioreflejos.com.ar\/2021\/#\/schema\/person\/ad82545263dcc5ec0996818884fd5fb1","name":"Arnaldo Botto","image":{"@type":"ImageObject","inLanguage":"es","@id":"https:\/\/www.noticiasradioreflejos.com.ar\/2021\/#\/schema\/person\/image\/","url":"https:\/\/secure.gravatar.com\/avatar\/55cb5e37c1efa326397366e6974cb338056df65cb50e7d64d1cf314e87504837?s=96&d=mm&r=g","contentUrl":"https:\/\/secure.gravatar.com\/avatar\/55cb5e37c1efa326397366e6974cb338056df65cb50e7d64d1cf314e87504837?s=96&d=mm&r=g","caption":"Arnaldo Botto"},"url":"https:\/\/www.noticiasradioreflejos.com.ar\/2021\/author\/arnaldo\/"}]}},"_links":{"self":[{"href":"https:\/\/www.noticiasradioreflejos.com.ar\/2021\/wp-json\/wp\/v2\/posts\/46726","targetHints":{"allow":["GET"]}}],"collection":[{"href":"https:\/\/www.noticiasradioreflejos.com.ar\/2021\/wp-json\/wp\/v2\/posts"}],"about":[{"href":"https:\/\/www.noticiasradioreflejos.com.ar\/2021\/wp-json\/wp\/v2\/types\/post"}],"author":[{"embeddable":true,"href":"https:\/\/www.noticiasradioreflejos.com.ar\/2021\/wp-json\/wp\/v2\/users\/3"}],"replies":[{"embeddable":true,"href":"https:\/\/www.noticiasradioreflejos.com.ar\/2021\/wp-json\/wp\/v2\/comments?post=46726"}],"version-history":[{"count":0,"href":"https:\/\/www.noticiasradioreflejos.com.ar\/2021\/wp-json\/wp\/v2\/posts\/46726\/revisions"}],"wp:featuredmedia":[{"embeddable":true,"href":"https:\/\/www.noticiasradioreflejos.com.ar\/2021\/wp-json\/wp\/v2\/media\/46090"}],"wp:attachment":[{"href":"https:\/\/www.noticiasradioreflejos.com.ar\/2021\/wp-json\/wp\/v2\/media?parent=46726"}],"wp:term":[{"taxonomy":"category","embeddable":true,"href":"https:\/\/www.noticiasradioreflejos.com.ar\/2021\/wp-json\/wp\/v2\/categories?post=46726"},{"taxonomy":"post_tag","embeddable":true,"href":"https:\/\/www.noticiasradioreflejos.com.ar\/2021\/wp-json\/wp\/v2\/tags?post=46726"}],"curies":[{"name":"wp","href":"https:\/\/api.w.org\/{rel}","templated":true}]}}