{"id":46719,"date":"2020-09-08T16:12:58","date_gmt":"2020-09-08T19:12:58","guid":{"rendered":"http:\/\/www.noticiasradioreflejos.com.ar\/noticias\/?p=46719"},"modified":"2020-09-08T16:12:58","modified_gmt":"2020-09-08T19:12:58","slug":"desde-la-agrupacion-ventania-se-esta-trabajando-para-conformar-cooperativas-de-trabajo-de-rubro-amplio-en-distintas-localidades-del-distrito-jose-luis-medina","status":"publish","type":"post","link":"https:\/\/www.noticiasradioreflejos.com.ar\/2021\/desde-la-agrupacion-ventania-se-esta-trabajando-para-conformar-cooperativas-de-trabajo-de-rubro-amplio-en-distintas-localidades-del-distrito-jose-luis-medina\/","title":{"rendered":"Desde la Agrupaci\u00f3n Ventania se est\u00e1 trabajando para conformar cooperativas de trabajo de rubro amplio en distintas localidades del distrito\u00bb &#8211; Jos\u00e9 Luis Medina."},"content":{"rendered":"<p>Hace aproximadamente un mes se consolidaba la Agrupaci\u00f3n Ventania. En esta nota, Germ\u00e1n Mend\u00eda y Jos\u00e9 Luis Medina nos cuentan cu\u00e1les son los or\u00edgenes, prop\u00f3sitos y objetivos de la misma.<!--more--><\/p>\n<p>\u00abEsto surgi\u00f3 hace un mes. Nosotros formamos parte de la mesa de trabajo del Frente de Todos. Despu\u00e9s de la campa\u00f1a &#8216;Abrigo para Todos&#8217; nos sorprendi\u00f3 que se empezaron a comunicar los vecinos a trav\u00e9s de las redes felicit\u00e1ndonos por la acci\u00f3n. Eso nos llam\u00f3 la atenci\u00f3n y con la inquietud de algunos vecinos de Villa formamos la Agrupaci\u00f3n. Con el tiempo se fueron sumando vecinos de otros lugares. La idea de la Agrupaci\u00f3n era apuntar a generar acciones concretas y m\u00e1s trabajo\u00bb explic\u00f3 Germ\u00e1n el origen de la agrupaci\u00f3n.<\/p>\n<p><a title=\"Germ\u00e1n Mend\u00eda\" href=\"http:\/\/live.staticflickr.com\/65535\/50320491721_62b3dc89d3_s.jpg\" rel=\"\"><img loading=\"lazy\" decoding=\"async\" title=\"Germ\u00e1n Mend\u00eda\" src=\"http:\/\/live.staticflickr.com\/65535\/50320491721_62b3dc89d3_w.jpg\" alt=\"Germ\u00e1n Mend\u00eda\" width=\"400\" height=\"348\" \/><\/a>Germ\u00e1n asegura que, a pesar de la pandemia y el no poder reunirse, la situaci\u00f3n de cuarentena les ha brindado una herramienta muy \u00fatil que fueron las capacitaciones virtuales. \u00abDe otra forma, no hubi\u00e9semos podido acceder a algunas capacitaciones por temas de movilidad. La verdad es que es todo mucho m\u00e1s sencillo\u00bb. Adem\u00e1s, agreg\u00f3 que \u00abla acci\u00f3n en terreno es una complejidad que necesita planificaci\u00f3n y esto nos permiti\u00f3 salir a ayudar a los vecinos con las cosas claras\u00bb.<\/p>\n<p><a title=\"Huertas comunitarias\" href=\"http:\/\/live.staticflickr.com\/65535\/50320665142_513b4a575c_s.jpg\" rel=\"\"><img loading=\"lazy\" decoding=\"async\" class=\"aligncenter\" title=\"Huertas comunitarias\" src=\"http:\/\/live.staticflickr.com\/65535\/50320665142_a51489717c_o.png\" alt=\"Huertas comunitarias\" width=\"653\" height=\"440\" \/><\/a><\/p>\n<p>Jos\u00e9 Luis Medina expresa \u00abfue una sorpresa sobre todo para los militantes ya viejos que se hayan incorporado gente independiente, vecinos que nunca hab\u00edan trabajado en pol\u00edtica. Eso nos pone muy contentos\u00bb. Dentro de la agrupaci\u00f3n y del Frente de Todos, Jos\u00e9 Luis est\u00e1 a trabaja en la parte de producci\u00f3n y asociativismo, que tiene que ver con las cooperativas y las mutuales. \u00abPudimos bajar al movimiento Octubre, que es una organizaci\u00f3n social que nos permite tener contacto directo con el INAES\u00bb inform\u00f3. Desde la Agrupaci\u00f3n Ventania se est\u00e1 trabajando para conformar cooperativas de trabajo de rubro amplio en distintas localidades del distrito como Sierra de la Ventana y Nueva Roma.<\/p>\n<p>&nbsp;<\/p>\n<p><a title=\"Jos\u00e9 Luis Medina\" href=\"http:\/\/live.staticflickr.com\/65535\/50319816003_e5508b8165_s.jpg\" rel=\"\"><img loading=\"lazy\" decoding=\"async\" class=\"alignleft\" style=\"float: left;\" title=\"Jos\u00e9 Luis Medina\" src=\"http:\/\/live.staticflickr.com\/65535\/50319816003_e5508b8165.jpg\" alt=\"Jos\u00e9 Luis Medina\" width=\"370\" height=\"500\" \/><\/a>\u00abNosotros seguimos cerca del vecino, lo social sigue estando m\u00e1s ahora que nuestro distrito fue golpeado por el turismo. Hemos tenido contacto con las C\u00e1maras de Comercio y eso nos deriv\u00f3 a tener contacto directo con los legisladores de la Sexta para solucionar lo antes posible a ese sector\u00bb expres\u00f3 finalmente Jos\u00e9 Luis.<\/p>\n<p>Para finalizar la nota y luego de escuchar a su compa\u00f1ero, Germ\u00e1n quiso hacer la siguiente aclaraci\u00f3n para los vecinos: \u00abm\u00e1s all\u00e1 de las banderas pol\u00edticas, somos conscientes de que esto se sale trabajando. Quiero dejarle abierta la invitaci\u00f3n a los vecinos que quieran capacitarse y ver de qu\u00e9 se trata. Me parece que est\u00e1 bueno transmitir y compartir estas herramientas para trabajar por el distrito\u00bb.<\/p>\n<p>Para contactarse con la agrupaci\u00f3n, pueden buscarlos como Agrupaci\u00f3n Ventania en Facebook e Instagram.<\/p>\n<p>Nota completa a continuaci\u00f3n:<br \/>\n<iframe loading=\"lazy\" src=\"https:\/\/w.soundcloud.com\/player\/?url=https%3A\/\/api.soundcloud.com\/tracks\/889855795&amp;color=%23ff5500&amp;auto_play=false&amp;hide_related=false&amp;show_comments=true&amp;show_user=true&amp;show_reposts=false&amp;show_teaser=true\" width=\"100%\" height=\"166\" frameborder=\"no\" scrolling=\"no\"><\/iframe><\/p>\n<div style=\"font-size: 10px; color: #cccccc; line-break: anywhere; word-break: normal; overflow: hidden; white-space: nowrap; text-overflow: ellipsis; font-family: Interstate,Lucida Grande,Lucida Sans Unicode,Lucida Sans,Garuda,Verdana,Tahoma,sans-serif; font-weight: 100;\"><a style=\"color: #cccccc; text-decoration: none;\" title=\"fmreflejos 103.7\" href=\"https:\/\/soundcloud.com\/fmreflejos-103-7\" target=\"_blank\" rel=\"noopener\">fmreflejos 103.7<\/a> \u00b7 <a style=\"color: #cccccc; text-decoration: none;\" title=\"Agrupacion Ventania\" href=\"https:\/\/soundcloud.com\/fmreflejos-103-7\/agrupacion-ventania\" target=\"_blank\" rel=\"noopener\">Agrupacion Ventania<\/a><\/div>\n","protected":false},"excerpt":{"rendered":"<p>Hace aproximadamente un mes se consolidaba la Agrupaci\u00f3n Ventania. En esta nota, Germ\u00e1n Mend\u00eda y Jos\u00e9 Luis Medina nos cuentan cu\u00e1les son los or\u00edgenes, prop\u00f3sitos y objetivos de la misma.<\/p>\n","protected":false},"author":3,"featured_media":0,"comment_status":"closed","ping_status":"open","sticky":false,"template":"","format":"standard","meta":{"footnotes":""},"categories":[26],"tags":[],"class_list":["post-46719","post","type-post","status-publish","format-standard","hentry","category-sociedad"],"yoast_head":"<!-- This site is optimized with the Yoast SEO plugin v25.9 - https:\/\/yoast.com\/wordpress\/plugins\/seo\/ -->\n<title>Desde la Agrupaci\u00f3n Ventania se est\u00e1 trabajando para conformar cooperativas de trabajo de rubro amplio en distintas localidades del distrito&quot; - Jos\u00e9 Luis Medina. - Noticias Radio Reflejos<\/title>\n<meta name=\"robots\" content=\"index, follow, max-snippet:-1, max-image-preview:large, max-video-preview:-1\" \/>\n<link rel=\"canonical\" href=\"https:\/\/www.noticiasradioreflejos.com.ar\/2021\/desde-la-agrupacion-ventania-se-esta-trabajando-para-conformar-cooperativas-de-trabajo-de-rubro-amplio-en-distintas-localidades-del-distrito-jose-luis-medina\/\" \/>\n<meta property=\"og:locale\" content=\"es_ES\" \/>\n<meta property=\"og:type\" content=\"article\" \/>\n<meta property=\"og:title\" content=\"Desde la Agrupaci\u00f3n Ventania se est\u00e1 trabajando para conformar cooperativas de trabajo de rubro amplio en distintas localidades del distrito&quot; - Jos\u00e9 Luis Medina. - Noticias Radio Reflejos\" \/>\n<meta property=\"og:description\" content=\"Hace aproximadamente un mes se consolidaba la Agrupaci\u00f3n Ventania. En esta nota, Germ\u00e1n Mend\u00eda y Jos\u00e9 Luis Medina nos cuentan cu\u00e1les son los or\u00edgenes, prop\u00f3sitos y objetivos de la misma.\" \/>\n<meta property=\"og:url\" content=\"https:\/\/www.noticiasradioreflejos.com.ar\/2021\/desde-la-agrupacion-ventania-se-esta-trabajando-para-conformar-cooperativas-de-trabajo-de-rubro-amplio-en-distintas-localidades-del-distrito-jose-luis-medina\/\" \/>\n<meta property=\"og:site_name\" content=\"Noticias Radio Reflejos\" \/>\n<meta property=\"article:published_time\" content=\"2020-09-08T19:12:58+00:00\" \/>\n<meta property=\"og:image\" content=\"http:\/\/live.staticflickr.com\/65535\/50320491721_62b3dc89d3_w.jpg\" \/>\n<meta name=\"author\" content=\"Arnaldo Botto\" \/>\n<meta name=\"twitter:card\" content=\"summary_large_image\" \/>\n<script type=\"application\/ld+json\" class=\"yoast-schema-graph\">{\"@context\":\"https:\/\/schema.org\",\"@graph\":[{\"@type\":\"WebPage\",\"@id\":\"https:\/\/www.noticiasradioreflejos.com.ar\/2021\/desde-la-agrupacion-ventania-se-esta-trabajando-para-conformar-cooperativas-de-trabajo-de-rubro-amplio-en-distintas-localidades-del-distrito-jose-luis-medina\/\",\"url\":\"https:\/\/www.noticiasradioreflejos.com.ar\/2021\/desde-la-agrupacion-ventania-se-esta-trabajando-para-conformar-cooperativas-de-trabajo-de-rubro-amplio-en-distintas-localidades-del-distrito-jose-luis-medina\/\",\"name\":\"Desde la Agrupaci\u00f3n Ventania se est\u00e1 trabajando para conformar cooperativas de trabajo de rubro amplio en distintas localidades del distrito\\\" - Jos\u00e9 Luis Medina. - Noticias Radio Reflejos\",\"isPartOf\":{\"@id\":\"https:\/\/www.noticiasradioreflejos.com.ar\/2021\/#website\"},\"primaryImageOfPage\":{\"@id\":\"https:\/\/www.noticiasradioreflejos.com.ar\/2021\/desde-la-agrupacion-ventania-se-esta-trabajando-para-conformar-cooperativas-de-trabajo-de-rubro-amplio-en-distintas-localidades-del-distrito-jose-luis-medina\/#primaryimage\"},\"image\":{\"@id\":\"https:\/\/www.noticiasradioreflejos.com.ar\/2021\/desde-la-agrupacion-ventania-se-esta-trabajando-para-conformar-cooperativas-de-trabajo-de-rubro-amplio-en-distintas-localidades-del-distrito-jose-luis-medina\/#primaryimage\"},\"thumbnailUrl\":\"http:\/\/live.staticflickr.com\/65535\/50320491721_62b3dc89d3_w.jpg\",\"datePublished\":\"2020-09-08T19:12:58+00:00\",\"author\":{\"@id\":\"https:\/\/www.noticiasradioreflejos.com.ar\/2021\/#\/schema\/person\/ad82545263dcc5ec0996818884fd5fb1\"},\"breadcrumb\":{\"@id\":\"https:\/\/www.noticiasradioreflejos.com.ar\/2021\/desde-la-agrupacion-ventania-se-esta-trabajando-para-conformar-cooperativas-de-trabajo-de-rubro-amplio-en-distintas-localidades-del-distrito-jose-luis-medina\/#breadcrumb\"},\"inLanguage\":\"es\",\"potentialAction\":[{\"@type\":\"ReadAction\",\"target\":[\"https:\/\/www.noticiasradioreflejos.com.ar\/2021\/desde-la-agrupacion-ventania-se-esta-trabajando-para-conformar-cooperativas-de-trabajo-de-rubro-amplio-en-distintas-localidades-del-distrito-jose-luis-medina\/\"]}]},{\"@type\":\"ImageObject\",\"inLanguage\":\"es\",\"@id\":\"https:\/\/www.noticiasradioreflejos.com.ar\/2021\/desde-la-agrupacion-ventania-se-esta-trabajando-para-conformar-cooperativas-de-trabajo-de-rubro-amplio-en-distintas-localidades-del-distrito-jose-luis-medina\/#primaryimage\",\"url\":\"http:\/\/live.staticflickr.com\/65535\/50320491721_62b3dc89d3_w.jpg\",\"contentUrl\":\"http:\/\/live.staticflickr.com\/65535\/50320491721_62b3dc89d3_w.jpg\"},{\"@type\":\"BreadcrumbList\",\"@id\":\"https:\/\/www.noticiasradioreflejos.com.ar\/2021\/desde-la-agrupacion-ventania-se-esta-trabajando-para-conformar-cooperativas-de-trabajo-de-rubro-amplio-en-distintas-localidades-del-distrito-jose-luis-medina\/#breadcrumb\",\"itemListElement\":[{\"@type\":\"ListItem\",\"position\":1,\"name\":\"Portada\",\"item\":\"https:\/\/www.noticiasradioreflejos.com.ar\/2021\/\"},{\"@type\":\"ListItem\",\"position\":2,\"name\":\"Desde la Agrupaci\u00f3n Ventania se est\u00e1 trabajando para conformar cooperativas de trabajo de rubro amplio en distintas localidades del distrito\u00bb &#8211; Jos\u00e9 Luis Medina.\"}]},{\"@type\":\"WebSite\",\"@id\":\"https:\/\/www.noticiasradioreflejos.com.ar\/2021\/#website\",\"url\":\"https:\/\/www.noticiasradioreflejos.com.ar\/2021\/\",\"name\":\"Noticias Radio Reflejos\",\"description\":\"Las noticias de mi comarca\",\"potentialAction\":[{\"@type\":\"SearchAction\",\"target\":{\"@type\":\"EntryPoint\",\"urlTemplate\":\"https:\/\/www.noticiasradioreflejos.com.ar\/2021\/?s={search_term_string}\"},\"query-input\":{\"@type\":\"PropertyValueSpecification\",\"valueRequired\":true,\"valueName\":\"search_term_string\"}}],\"inLanguage\":\"es\"},{\"@type\":\"Person\",\"@id\":\"https:\/\/www.noticiasradioreflejos.com.ar\/2021\/#\/schema\/person\/ad82545263dcc5ec0996818884fd5fb1\",\"name\":\"Arnaldo Botto\",\"image\":{\"@type\":\"ImageObject\",\"inLanguage\":\"es\",\"@id\":\"https:\/\/www.noticiasradioreflejos.com.ar\/2021\/#\/schema\/person\/image\/\",\"url\":\"https:\/\/secure.gravatar.com\/avatar\/55cb5e37c1efa326397366e6974cb338056df65cb50e7d64d1cf314e87504837?s=96&d=mm&r=g\",\"contentUrl\":\"https:\/\/secure.gravatar.com\/avatar\/55cb5e37c1efa326397366e6974cb338056df65cb50e7d64d1cf314e87504837?s=96&d=mm&r=g\",\"caption\":\"Arnaldo Botto\"},\"url\":\"https:\/\/www.noticiasradioreflejos.com.ar\/2021\/author\/arnaldo\/\"}]}<\/script>\n<!-- \/ Yoast SEO plugin. -->","yoast_head_json":{"title":"Desde la Agrupaci\u00f3n Ventania se est\u00e1 trabajando para conformar cooperativas de trabajo de rubro amplio en distintas localidades del distrito\" - Jos\u00e9 Luis Medina. - Noticias Radio Reflejos","robots":{"index":"index","follow":"follow","max-snippet":"max-snippet:-1","max-image-preview":"max-image-preview:large","max-video-preview":"max-video-preview:-1"},"canonical":"https:\/\/www.noticiasradioreflejos.com.ar\/2021\/desde-la-agrupacion-ventania-se-esta-trabajando-para-conformar-cooperativas-de-trabajo-de-rubro-amplio-en-distintas-localidades-del-distrito-jose-luis-medina\/","og_locale":"es_ES","og_type":"article","og_title":"Desde la Agrupaci\u00f3n Ventania se est\u00e1 trabajando para conformar cooperativas de trabajo de rubro amplio en distintas localidades del distrito\" - Jos\u00e9 Luis Medina. - Noticias Radio Reflejos","og_description":"Hace aproximadamente un mes se consolidaba la Agrupaci\u00f3n Ventania. En esta nota, Germ\u00e1n Mend\u00eda y Jos\u00e9 Luis Medina nos cuentan cu\u00e1les son los or\u00edgenes, prop\u00f3sitos y objetivos de la misma.","og_url":"https:\/\/www.noticiasradioreflejos.com.ar\/2021\/desde-la-agrupacion-ventania-se-esta-trabajando-para-conformar-cooperativas-de-trabajo-de-rubro-amplio-en-distintas-localidades-del-distrito-jose-luis-medina\/","og_site_name":"Noticias Radio Reflejos","article_published_time":"2020-09-08T19:12:58+00:00","og_image":[{"url":"http:\/\/live.staticflickr.com\/65535\/50320491721_62b3dc89d3_w.jpg","type":"","width":"","height":""}],"author":"Arnaldo Botto","twitter_card":"summary_large_image","schema":{"@context":"https:\/\/schema.org","@graph":[{"@type":"WebPage","@id":"https:\/\/www.noticiasradioreflejos.com.ar\/2021\/desde-la-agrupacion-ventania-se-esta-trabajando-para-conformar-cooperativas-de-trabajo-de-rubro-amplio-en-distintas-localidades-del-distrito-jose-luis-medina\/","url":"https:\/\/www.noticiasradioreflejos.com.ar\/2021\/desde-la-agrupacion-ventania-se-esta-trabajando-para-conformar-cooperativas-de-trabajo-de-rubro-amplio-en-distintas-localidades-del-distrito-jose-luis-medina\/","name":"Desde la Agrupaci\u00f3n Ventania se est\u00e1 trabajando para conformar cooperativas de trabajo de rubro amplio en distintas localidades del distrito\" - Jos\u00e9 Luis Medina. - Noticias Radio Reflejos","isPartOf":{"@id":"https:\/\/www.noticiasradioreflejos.com.ar\/2021\/#website"},"primaryImageOfPage":{"@id":"https:\/\/www.noticiasradioreflejos.com.ar\/2021\/desde-la-agrupacion-ventania-se-esta-trabajando-para-conformar-cooperativas-de-trabajo-de-rubro-amplio-en-distintas-localidades-del-distrito-jose-luis-medina\/#primaryimage"},"image":{"@id":"https:\/\/www.noticiasradioreflejos.com.ar\/2021\/desde-la-agrupacion-ventania-se-esta-trabajando-para-conformar-cooperativas-de-trabajo-de-rubro-amplio-en-distintas-localidades-del-distrito-jose-luis-medina\/#primaryimage"},"thumbnailUrl":"http:\/\/live.staticflickr.com\/65535\/50320491721_62b3dc89d3_w.jpg","datePublished":"2020-09-08T19:12:58+00:00","author":{"@id":"https:\/\/www.noticiasradioreflejos.com.ar\/2021\/#\/schema\/person\/ad82545263dcc5ec0996818884fd5fb1"},"breadcrumb":{"@id":"https:\/\/www.noticiasradioreflejos.com.ar\/2021\/desde-la-agrupacion-ventania-se-esta-trabajando-para-conformar-cooperativas-de-trabajo-de-rubro-amplio-en-distintas-localidades-del-distrito-jose-luis-medina\/#breadcrumb"},"inLanguage":"es","potentialAction":[{"@type":"ReadAction","target":["https:\/\/www.noticiasradioreflejos.com.ar\/2021\/desde-la-agrupacion-ventania-se-esta-trabajando-para-conformar-cooperativas-de-trabajo-de-rubro-amplio-en-distintas-localidades-del-distrito-jose-luis-medina\/"]}]},{"@type":"ImageObject","inLanguage":"es","@id":"https:\/\/www.noticiasradioreflejos.com.ar\/2021\/desde-la-agrupacion-ventania-se-esta-trabajando-para-conformar-cooperativas-de-trabajo-de-rubro-amplio-en-distintas-localidades-del-distrito-jose-luis-medina\/#primaryimage","url":"http:\/\/live.staticflickr.com\/65535\/50320491721_62b3dc89d3_w.jpg","contentUrl":"http:\/\/live.staticflickr.com\/65535\/50320491721_62b3dc89d3_w.jpg"},{"@type":"BreadcrumbList","@id":"https:\/\/www.noticiasradioreflejos.com.ar\/2021\/desde-la-agrupacion-ventania-se-esta-trabajando-para-conformar-cooperativas-de-trabajo-de-rubro-amplio-en-distintas-localidades-del-distrito-jose-luis-medina\/#breadcrumb","itemListElement":[{"@type":"ListItem","position":1,"name":"Portada","item":"https:\/\/www.noticiasradioreflejos.com.ar\/2021\/"},{"@type":"ListItem","position":2,"name":"Desde la Agrupaci\u00f3n Ventania se est\u00e1 trabajando para conformar cooperativas de trabajo de rubro amplio en distintas localidades del distrito\u00bb &#8211; Jos\u00e9 Luis Medina."}]},{"@type":"WebSite","@id":"https:\/\/www.noticiasradioreflejos.com.ar\/2021\/#website","url":"https:\/\/www.noticiasradioreflejos.com.ar\/2021\/","name":"Noticias Radio Reflejos","description":"Las noticias de mi comarca","potentialAction":[{"@type":"SearchAction","target":{"@type":"EntryPoint","urlTemplate":"https:\/\/www.noticiasradioreflejos.com.ar\/2021\/?s={search_term_string}"},"query-input":{"@type":"PropertyValueSpecification","valueRequired":true,"valueName":"search_term_string"}}],"inLanguage":"es"},{"@type":"Person","@id":"https:\/\/www.noticiasradioreflejos.com.ar\/2021\/#\/schema\/person\/ad82545263dcc5ec0996818884fd5fb1","name":"Arnaldo Botto","image":{"@type":"ImageObject","inLanguage":"es","@id":"https:\/\/www.noticiasradioreflejos.com.ar\/2021\/#\/schema\/person\/image\/","url":"https:\/\/secure.gravatar.com\/avatar\/55cb5e37c1efa326397366e6974cb338056df65cb50e7d64d1cf314e87504837?s=96&d=mm&r=g","contentUrl":"https:\/\/secure.gravatar.com\/avatar\/55cb5e37c1efa326397366e6974cb338056df65cb50e7d64d1cf314e87504837?s=96&d=mm&r=g","caption":"Arnaldo Botto"},"url":"https:\/\/www.noticiasradioreflejos.com.ar\/2021\/author\/arnaldo\/"}]}},"_links":{"self":[{"href":"https:\/\/www.noticiasradioreflejos.com.ar\/2021\/wp-json\/wp\/v2\/posts\/46719","targetHints":{"allow":["GET"]}}],"collection":[{"href":"https:\/\/www.noticiasradioreflejos.com.ar\/2021\/wp-json\/wp\/v2\/posts"}],"about":[{"href":"https:\/\/www.noticiasradioreflejos.com.ar\/2021\/wp-json\/wp\/v2\/types\/post"}],"author":[{"embeddable":true,"href":"https:\/\/www.noticiasradioreflejos.com.ar\/2021\/wp-json\/wp\/v2\/users\/3"}],"replies":[{"embeddable":true,"href":"https:\/\/www.noticiasradioreflejos.com.ar\/2021\/wp-json\/wp\/v2\/comments?post=46719"}],"version-history":[{"count":0,"href":"https:\/\/www.noticiasradioreflejos.com.ar\/2021\/wp-json\/wp\/v2\/posts\/46719\/revisions"}],"wp:attachment":[{"href":"https:\/\/www.noticiasradioreflejos.com.ar\/2021\/wp-json\/wp\/v2\/media?parent=46719"}],"wp:term":[{"taxonomy":"category","embeddable":true,"href":"https:\/\/www.noticiasradioreflejos.com.ar\/2021\/wp-json\/wp\/v2\/categories?post=46719"},{"taxonomy":"post_tag","embeddable":true,"href":"https:\/\/www.noticiasradioreflejos.com.ar\/2021\/wp-json\/wp\/v2\/tags?post=46719"}],"curies":[{"name":"wp","href":"https:\/\/api.w.org\/{rel}","templated":true}]}}