{"id":46714,"date":"2020-09-08T15:35:56","date_gmt":"2020-09-08T18:35:56","guid":{"rendered":"http:\/\/www.noticiasradioreflejos.com.ar\/noticias\/?p=46714"},"modified":"2020-09-08T15:35:56","modified_gmt":"2020-09-08T18:35:56","slug":"disenos-de-portales-en-la-comarca-proyectos-en-hormigon-del-arq-francisco-vanoli","status":"publish","type":"post","link":"https:\/\/www.noticiasradioreflejos.com.ar\/2021\/disenos-de-portales-en-la-comarca-proyectos-en-hormigon-del-arq-francisco-vanoli\/","title":{"rendered":"Dise\u00f1os de portales en la comarca. Proyectos en hormig\u00f3n del Arq. Francisco Vanoli"},"content":{"rendered":"<p><a title=\"WhatsApp Image 2020-09-07 at 22.40.06\" href=\"http:\/\/live.staticflickr.com\/65535\/50320669697_ffd904862f_s.jpg\" rel=\"\"><img loading=\"lazy\" decoding=\"async\" class=\"alignleft\" style=\"float: left;\" title=\"WhatsApp Image 2020-09-07 at 22.40.06\" src=\"http:\/\/live.staticflickr.com\/65535\/50320669697_ffd904862f.jpg\" alt=\"WhatsApp Image 2020-09-07 at 22.40.06\" width=\"500\" height=\"354\" \/><\/a>Con varios proyectos ejecutados en el distrito y otros ambisiosos para el futuro, esta ma\u00f1ana entrevistamos a Francisco \u00abPancho\u00bb Vanoli, arquitecto de la ciudad de Tornquist. Francisco nos cuenta su formaci\u00f3n y trayectoria, nos comenta c\u00f3mo dise\u00f1\u00f3 el acceso a los parques e\u00f3licos de Tres Picos y nos adelanta un lindo trabajo en vistas de realizarse en el Cerro Calvario.<!--more--><\/p>\n<p>Francisco Vanoli es un arquitecto nacido en Tornquist y residente de la misma localidad. Estudi\u00f3 en la Universidad de La Plata y form\u00f3 parte de muchos proyectos relacionados con la Comarca y la zona. Entre los m\u00e1s destacados se encuentra el C\u00f3digo de Planeamiento Urbano y Territorial. En la nota, <a title=\"WhatsApp Image 2020-09-07 at 23.18.00\" href=\"http:\/\/live.staticflickr.com\/65535\/50320496366_1b9f4c2df8_s.jpg\" rel=\"\"><img loading=\"lazy\" decoding=\"async\" class=\"alignleft\" style=\"float: left;\" title=\"WhatsApp Image 2020-09-07 at 23.18.00\" src=\"http:\/\/live.staticflickr.com\/65535\/50320496366_1b9f4c2df8.jpg\" alt=\"WhatsApp Image 2020-09-07 at 23.18.00\" width=\"354\" height=\"500\" \/><\/a>Francisco destaca la importancia de este \u00faltimo trabajo mencionado, \u00abahora podemos regular y controlar el uso de los suelos. La Comarca hubiera sido un desperdicio si no hubi\u00e9ramos tenido un c\u00f3digo como el que tenemos\u00bb. Tambi\u00e9n trabaj\u00f3 en distintas obras para el Municipio de nuestro distrito y hoy en d\u00eda sigue ejerciendo su profesi\u00f3n.<\/p>\n<p>\u00abUn visionario. Fue impresionante que en 4 a\u00f1os hizo 40 obras municipales. Lo que tiene que saber la gente es que Francisco Salamone no es s\u00f3lo reconocido en la Comarca o en Argentina, sino en el mundo. Fue un visionario de la arquitectura futurista. Uno lo toma como referente en el proceso sobre como se pudo llegara hacer cosas as\u00ed en hormig\u00f3n, hay fotos que no se pueden creer\u00bb expres\u00f3 Pancho cuando le preguntamos si se sent\u00eda identificado con el famoso ingeniero y arquitecto Francisco Salamone que tantas obras p\u00fablicas ha realizado en nuestra zona.<\/p>\n<p><a title=\"Club hipico\" href=\"http:\/\/live.staticflickr.com\/65535\/50320491841_389cd97a7d_s.jpg\" rel=\"\"><img loading=\"lazy\" decoding=\"async\" class=\"aligncenter\" title=\"Club hipico\" src=\"http:\/\/live.staticflickr.com\/65535\/50320491841_389cd97a7d_c.jpg\" alt=\"Club hipico\" width=\"800\" height=\"600\" \/><\/a><\/p>\n<p>\u00abCuando me pongo con la ingeniera Agustina Rodriguez Vidal a pensar el dise\u00f1o parados en frente de la tranquera en medio de la nada, dije: &#8216;lo primero que se me ocurre mirando los molinos, es hacer del lado izquierdo un arco suspendido en hormig\u00f3n sin apoyo'\u00bb mencion\u00f3 el arquitecto al recordar c\u00f3mo se inspir\u00f3 para dise\u00f1ar la entrada al parque e\u00f3lico de Tres Picos. Adem\u00e1s, agreg\u00f3 que cuando lo invitaron a la empresa, dentro de las recomendaciones que le dieron estaba la petici\u00f3n de que su trabajo represente a la empresa y que se ajuste al presupuesto de la misma. Es por ello que Francisco se inspir\u00f3 en las h\u00e9lices de los aerogeneradores para pensar la puerta de entrada.<\/p>\n<p><a title=\"WhatsApp Image 2020-09-07 at 23.15.45\" href=\"http:\/\/live.staticflickr.com\/65535\/50320669612_3fd283d1f2_s.jpg\" rel=\"\"><img loading=\"lazy\" decoding=\"async\" class=\"aligncenter\" title=\"WhatsApp Image 2020-09-07 at 23.15.45\" src=\"http:\/\/live.staticflickr.com\/65535\/50320669612_3fd283d1f2_z.jpg\" alt=\"WhatsApp Image 2020-09-07 at 23.15.45\" width=\"640\" height=\"638\" \/><\/a><\/p>\n<p>Por otro lado, Vanoli tambi\u00e9n est\u00e1 trabajando en el dise\u00f1o de una cruz de 80 metros para colocar en el Cerro Calvario con el fin de que se pueda visualizar la zona desde distintos puntos de la comarca. \u00abDesde lo econ\u00f3mico, es dif\u00edcil pensar en obras que puedan embellecer y resaltar el distrito. La idea es generar un circuito tur\u00edstico que englobe toda la comarca\u00bb.<\/p>\n<p>Nota completa a continuaci\u00f3n:<br \/>\n<iframe loading=\"lazy\" src=\"https:\/\/w.soundcloud.com\/player\/?url=https%3A\/\/api.soundcloud.com\/tracks\/889808104&amp;color=%23ff5500&amp;auto_play=false&amp;hide_related=false&amp;show_comments=true&amp;show_user=true&amp;show_reposts=false&amp;show_teaser=true\" width=\"100%\" height=\"166\" frameborder=\"no\" scrolling=\"no\"><\/iframe><\/p>\n<div style=\"font-size: 10px; color: #cccccc; line-break: anywhere; word-break: normal; overflow: hidden; white-space: nowrap; text-overflow: ellipsis; font-family: Interstate,Lucida Grande,Lucida Sans Unicode,Lucida Sans,Garuda,Verdana,Tahoma,sans-serif; font-weight: 100;\"><a style=\"color: #cccccc; text-decoration: none;\" title=\"fmreflejos 103.7\" href=\"https:\/\/soundcloud.com\/fmreflejos-103-7\" target=\"_blank\" rel=\"noopener\">fmreflejos 103.7<\/a> \u00b7 <a style=\"color: #cccccc; text-decoration: none;\" title=\"Francisco Vanoli - Portales de la comarca\" href=\"https:\/\/soundcloud.com\/fmreflejos-103-7\/nota-francisco-vanoli-1\" target=\"_blank\" rel=\"noopener\">Francisco Vanoli &#8211; Portales de la comarca<\/a><\/div>\n<p><a title=\"2020-09-09_07-14-12\" href=\"http:\/\/live.staticflickr.com\/65535\/50323081537_a94fc0fbc8_s.jpg\" rel=\"\"><img loading=\"lazy\" decoding=\"async\" class=\"aligncenter\" title=\"2020-09-09_07-14-12\" src=\"http:\/\/live.staticflickr.com\/65535\/50323081537_a94fc0fbc8_b.jpg\" alt=\"2020-09-09_07-14-12\" width=\"1024\" height=\"680\" \/><\/a><br \/>\n<em>Oficina de informes Turisticos de Saldungaray<\/em><\/p>\n","protected":false},"excerpt":{"rendered":"<p>Con varios proyectos ejecutados en el distrito y otros ambisiosos para el futuro, esta ma\u00f1ana entrevistamos a Francisco \u00abPancho\u00bb Vanoli, arquitecto de la ciudad de Tornquist. Francisco nos cuenta su formaci\u00f3n y trayectoria, nos comenta c\u00f3mo dise\u00f1\u00f3 el acceso a los parques e\u00f3licos de Tres Picos y nos adelanta un lindo trabajo en vistas de [&hellip;]<\/p>\n","protected":false},"author":3,"featured_media":0,"comment_status":"closed","ping_status":"open","sticky":false,"template":"","format":"standard","meta":{"footnotes":""},"categories":[35,26],"tags":[],"class_list":["post-46714","post","type-post","status-publish","format-standard","hentry","category-cultura","category-sociedad"],"yoast_head":"<!-- This site is optimized with the Yoast SEO plugin v25.9 - https:\/\/yoast.com\/wordpress\/plugins\/seo\/ -->\n<title>Dise\u00f1os de portales en la comarca. Proyectos en hormig\u00f3n del Arq. Francisco Vanoli - Noticias Radio Reflejos<\/title>\n<meta name=\"robots\" content=\"index, follow, max-snippet:-1, max-image-preview:large, max-video-preview:-1\" \/>\n<link rel=\"canonical\" href=\"https:\/\/www.noticiasradioreflejos.com.ar\/2021\/disenos-de-portales-en-la-comarca-proyectos-en-hormigon-del-arq-francisco-vanoli\/\" \/>\n<meta property=\"og:locale\" content=\"es_ES\" \/>\n<meta property=\"og:type\" content=\"article\" \/>\n<meta property=\"og:title\" content=\"Dise\u00f1os de portales en la comarca. Proyectos en hormig\u00f3n del Arq. Francisco Vanoli - Noticias Radio Reflejos\" \/>\n<meta property=\"og:description\" content=\"Con varios proyectos ejecutados en el distrito y otros ambisiosos para el futuro, esta ma\u00f1ana entrevistamos a Francisco \u00abPancho\u00bb Vanoli, arquitecto de la ciudad de Tornquist. Francisco nos cuenta su formaci\u00f3n y trayectoria, nos comenta c\u00f3mo dise\u00f1\u00f3 el acceso a los parques e\u00f3licos de Tres Picos y nos adelanta un lindo trabajo en vistas de [&hellip;]\" \/>\n<meta property=\"og:url\" content=\"https:\/\/www.noticiasradioreflejos.com.ar\/2021\/disenos-de-portales-en-la-comarca-proyectos-en-hormigon-del-arq-francisco-vanoli\/\" \/>\n<meta property=\"og:site_name\" content=\"Noticias Radio Reflejos\" \/>\n<meta property=\"article:published_time\" content=\"2020-09-08T18:35:56+00:00\" \/>\n<meta property=\"og:image\" content=\"http:\/\/live.staticflickr.com\/65535\/50320669697_ffd904862f.jpg\" \/>\n<meta name=\"author\" content=\"Arnaldo Botto\" \/>\n<meta name=\"twitter:card\" content=\"summary_large_image\" \/>\n<script type=\"application\/ld+json\" class=\"yoast-schema-graph\">{\"@context\":\"https:\/\/schema.org\",\"@graph\":[{\"@type\":\"WebPage\",\"@id\":\"https:\/\/www.noticiasradioreflejos.com.ar\/2021\/disenos-de-portales-en-la-comarca-proyectos-en-hormigon-del-arq-francisco-vanoli\/\",\"url\":\"https:\/\/www.noticiasradioreflejos.com.ar\/2021\/disenos-de-portales-en-la-comarca-proyectos-en-hormigon-del-arq-francisco-vanoli\/\",\"name\":\"Dise\u00f1os de portales en la comarca. Proyectos en hormig\u00f3n del Arq. Francisco Vanoli - Noticias Radio Reflejos\",\"isPartOf\":{\"@id\":\"https:\/\/www.noticiasradioreflejos.com.ar\/2021\/#website\"},\"primaryImageOfPage\":{\"@id\":\"https:\/\/www.noticiasradioreflejos.com.ar\/2021\/disenos-de-portales-en-la-comarca-proyectos-en-hormigon-del-arq-francisco-vanoli\/#primaryimage\"},\"image\":{\"@id\":\"https:\/\/www.noticiasradioreflejos.com.ar\/2021\/disenos-de-portales-en-la-comarca-proyectos-en-hormigon-del-arq-francisco-vanoli\/#primaryimage\"},\"thumbnailUrl\":\"http:\/\/live.staticflickr.com\/65535\/50320669697_ffd904862f.jpg\",\"datePublished\":\"2020-09-08T18:35:56+00:00\",\"author\":{\"@id\":\"https:\/\/www.noticiasradioreflejos.com.ar\/2021\/#\/schema\/person\/ad82545263dcc5ec0996818884fd5fb1\"},\"breadcrumb\":{\"@id\":\"https:\/\/www.noticiasradioreflejos.com.ar\/2021\/disenos-de-portales-en-la-comarca-proyectos-en-hormigon-del-arq-francisco-vanoli\/#breadcrumb\"},\"inLanguage\":\"es\",\"potentialAction\":[{\"@type\":\"ReadAction\",\"target\":[\"https:\/\/www.noticiasradioreflejos.com.ar\/2021\/disenos-de-portales-en-la-comarca-proyectos-en-hormigon-del-arq-francisco-vanoli\/\"]}]},{\"@type\":\"ImageObject\",\"inLanguage\":\"es\",\"@id\":\"https:\/\/www.noticiasradioreflejos.com.ar\/2021\/disenos-de-portales-en-la-comarca-proyectos-en-hormigon-del-arq-francisco-vanoli\/#primaryimage\",\"url\":\"http:\/\/live.staticflickr.com\/65535\/50320669697_ffd904862f.jpg\",\"contentUrl\":\"http:\/\/live.staticflickr.com\/65535\/50320669697_ffd904862f.jpg\"},{\"@type\":\"BreadcrumbList\",\"@id\":\"https:\/\/www.noticiasradioreflejos.com.ar\/2021\/disenos-de-portales-en-la-comarca-proyectos-en-hormigon-del-arq-francisco-vanoli\/#breadcrumb\",\"itemListElement\":[{\"@type\":\"ListItem\",\"position\":1,\"name\":\"Portada\",\"item\":\"https:\/\/www.noticiasradioreflejos.com.ar\/2021\/\"},{\"@type\":\"ListItem\",\"position\":2,\"name\":\"Dise\u00f1os de portales en la comarca. Proyectos en hormig\u00f3n del Arq. Francisco Vanoli\"}]},{\"@type\":\"WebSite\",\"@id\":\"https:\/\/www.noticiasradioreflejos.com.ar\/2021\/#website\",\"url\":\"https:\/\/www.noticiasradioreflejos.com.ar\/2021\/\",\"name\":\"Noticias Radio Reflejos\",\"description\":\"Las noticias de mi comarca\",\"potentialAction\":[{\"@type\":\"SearchAction\",\"target\":{\"@type\":\"EntryPoint\",\"urlTemplate\":\"https:\/\/www.noticiasradioreflejos.com.ar\/2021\/?s={search_term_string}\"},\"query-input\":{\"@type\":\"PropertyValueSpecification\",\"valueRequired\":true,\"valueName\":\"search_term_string\"}}],\"inLanguage\":\"es\"},{\"@type\":\"Person\",\"@id\":\"https:\/\/www.noticiasradioreflejos.com.ar\/2021\/#\/schema\/person\/ad82545263dcc5ec0996818884fd5fb1\",\"name\":\"Arnaldo Botto\",\"image\":{\"@type\":\"ImageObject\",\"inLanguage\":\"es\",\"@id\":\"https:\/\/www.noticiasradioreflejos.com.ar\/2021\/#\/schema\/person\/image\/\",\"url\":\"https:\/\/secure.gravatar.com\/avatar\/55cb5e37c1efa326397366e6974cb338056df65cb50e7d64d1cf314e87504837?s=96&d=mm&r=g\",\"contentUrl\":\"https:\/\/secure.gravatar.com\/avatar\/55cb5e37c1efa326397366e6974cb338056df65cb50e7d64d1cf314e87504837?s=96&d=mm&r=g\",\"caption\":\"Arnaldo Botto\"},\"url\":\"https:\/\/www.noticiasradioreflejos.com.ar\/2021\/author\/arnaldo\/\"}]}<\/script>\n<!-- \/ Yoast SEO plugin. -->","yoast_head_json":{"title":"Dise\u00f1os de portales en la comarca. Proyectos en hormig\u00f3n del Arq. Francisco Vanoli - Noticias Radio Reflejos","robots":{"index":"index","follow":"follow","max-snippet":"max-snippet:-1","max-image-preview":"max-image-preview:large","max-video-preview":"max-video-preview:-1"},"canonical":"https:\/\/www.noticiasradioreflejos.com.ar\/2021\/disenos-de-portales-en-la-comarca-proyectos-en-hormigon-del-arq-francisco-vanoli\/","og_locale":"es_ES","og_type":"article","og_title":"Dise\u00f1os de portales en la comarca. Proyectos en hormig\u00f3n del Arq. Francisco Vanoli - Noticias Radio Reflejos","og_description":"Con varios proyectos ejecutados en el distrito y otros ambisiosos para el futuro, esta ma\u00f1ana entrevistamos a Francisco \u00abPancho\u00bb Vanoli, arquitecto de la ciudad de Tornquist. Francisco nos cuenta su formaci\u00f3n y trayectoria, nos comenta c\u00f3mo dise\u00f1\u00f3 el acceso a los parques e\u00f3licos de Tres Picos y nos adelanta un lindo trabajo en vistas de [&hellip;]","og_url":"https:\/\/www.noticiasradioreflejos.com.ar\/2021\/disenos-de-portales-en-la-comarca-proyectos-en-hormigon-del-arq-francisco-vanoli\/","og_site_name":"Noticias Radio Reflejos","article_published_time":"2020-09-08T18:35:56+00:00","og_image":[{"url":"http:\/\/live.staticflickr.com\/65535\/50320669697_ffd904862f.jpg","type":"","width":"","height":""}],"author":"Arnaldo Botto","twitter_card":"summary_large_image","schema":{"@context":"https:\/\/schema.org","@graph":[{"@type":"WebPage","@id":"https:\/\/www.noticiasradioreflejos.com.ar\/2021\/disenos-de-portales-en-la-comarca-proyectos-en-hormigon-del-arq-francisco-vanoli\/","url":"https:\/\/www.noticiasradioreflejos.com.ar\/2021\/disenos-de-portales-en-la-comarca-proyectos-en-hormigon-del-arq-francisco-vanoli\/","name":"Dise\u00f1os de portales en la comarca. Proyectos en hormig\u00f3n del Arq. Francisco Vanoli - Noticias Radio Reflejos","isPartOf":{"@id":"https:\/\/www.noticiasradioreflejos.com.ar\/2021\/#website"},"primaryImageOfPage":{"@id":"https:\/\/www.noticiasradioreflejos.com.ar\/2021\/disenos-de-portales-en-la-comarca-proyectos-en-hormigon-del-arq-francisco-vanoli\/#primaryimage"},"image":{"@id":"https:\/\/www.noticiasradioreflejos.com.ar\/2021\/disenos-de-portales-en-la-comarca-proyectos-en-hormigon-del-arq-francisco-vanoli\/#primaryimage"},"thumbnailUrl":"http:\/\/live.staticflickr.com\/65535\/50320669697_ffd904862f.jpg","datePublished":"2020-09-08T18:35:56+00:00","author":{"@id":"https:\/\/www.noticiasradioreflejos.com.ar\/2021\/#\/schema\/person\/ad82545263dcc5ec0996818884fd5fb1"},"breadcrumb":{"@id":"https:\/\/www.noticiasradioreflejos.com.ar\/2021\/disenos-de-portales-en-la-comarca-proyectos-en-hormigon-del-arq-francisco-vanoli\/#breadcrumb"},"inLanguage":"es","potentialAction":[{"@type":"ReadAction","target":["https:\/\/www.noticiasradioreflejos.com.ar\/2021\/disenos-de-portales-en-la-comarca-proyectos-en-hormigon-del-arq-francisco-vanoli\/"]}]},{"@type":"ImageObject","inLanguage":"es","@id":"https:\/\/www.noticiasradioreflejos.com.ar\/2021\/disenos-de-portales-en-la-comarca-proyectos-en-hormigon-del-arq-francisco-vanoli\/#primaryimage","url":"http:\/\/live.staticflickr.com\/65535\/50320669697_ffd904862f.jpg","contentUrl":"http:\/\/live.staticflickr.com\/65535\/50320669697_ffd904862f.jpg"},{"@type":"BreadcrumbList","@id":"https:\/\/www.noticiasradioreflejos.com.ar\/2021\/disenos-de-portales-en-la-comarca-proyectos-en-hormigon-del-arq-francisco-vanoli\/#breadcrumb","itemListElement":[{"@type":"ListItem","position":1,"name":"Portada","item":"https:\/\/www.noticiasradioreflejos.com.ar\/2021\/"},{"@type":"ListItem","position":2,"name":"Dise\u00f1os de portales en la comarca. Proyectos en hormig\u00f3n del Arq. Francisco Vanoli"}]},{"@type":"WebSite","@id":"https:\/\/www.noticiasradioreflejos.com.ar\/2021\/#website","url":"https:\/\/www.noticiasradioreflejos.com.ar\/2021\/","name":"Noticias Radio Reflejos","description":"Las noticias de mi comarca","potentialAction":[{"@type":"SearchAction","target":{"@type":"EntryPoint","urlTemplate":"https:\/\/www.noticiasradioreflejos.com.ar\/2021\/?s={search_term_string}"},"query-input":{"@type":"PropertyValueSpecification","valueRequired":true,"valueName":"search_term_string"}}],"inLanguage":"es"},{"@type":"Person","@id":"https:\/\/www.noticiasradioreflejos.com.ar\/2021\/#\/schema\/person\/ad82545263dcc5ec0996818884fd5fb1","name":"Arnaldo Botto","image":{"@type":"ImageObject","inLanguage":"es","@id":"https:\/\/www.noticiasradioreflejos.com.ar\/2021\/#\/schema\/person\/image\/","url":"https:\/\/secure.gravatar.com\/avatar\/55cb5e37c1efa326397366e6974cb338056df65cb50e7d64d1cf314e87504837?s=96&d=mm&r=g","contentUrl":"https:\/\/secure.gravatar.com\/avatar\/55cb5e37c1efa326397366e6974cb338056df65cb50e7d64d1cf314e87504837?s=96&d=mm&r=g","caption":"Arnaldo Botto"},"url":"https:\/\/www.noticiasradioreflejos.com.ar\/2021\/author\/arnaldo\/"}]}},"_links":{"self":[{"href":"https:\/\/www.noticiasradioreflejos.com.ar\/2021\/wp-json\/wp\/v2\/posts\/46714","targetHints":{"allow":["GET"]}}],"collection":[{"href":"https:\/\/www.noticiasradioreflejos.com.ar\/2021\/wp-json\/wp\/v2\/posts"}],"about":[{"href":"https:\/\/www.noticiasradioreflejos.com.ar\/2021\/wp-json\/wp\/v2\/types\/post"}],"author":[{"embeddable":true,"href":"https:\/\/www.noticiasradioreflejos.com.ar\/2021\/wp-json\/wp\/v2\/users\/3"}],"replies":[{"embeddable":true,"href":"https:\/\/www.noticiasradioreflejos.com.ar\/2021\/wp-json\/wp\/v2\/comments?post=46714"}],"version-history":[{"count":0,"href":"https:\/\/www.noticiasradioreflejos.com.ar\/2021\/wp-json\/wp\/v2\/posts\/46714\/revisions"}],"wp:attachment":[{"href":"https:\/\/www.noticiasradioreflejos.com.ar\/2021\/wp-json\/wp\/v2\/media?parent=46714"}],"wp:term":[{"taxonomy":"category","embeddable":true,"href":"https:\/\/www.noticiasradioreflejos.com.ar\/2021\/wp-json\/wp\/v2\/categories?post=46714"},{"taxonomy":"post_tag","embeddable":true,"href":"https:\/\/www.noticiasradioreflejos.com.ar\/2021\/wp-json\/wp\/v2\/tags?post=46714"}],"curies":[{"name":"wp","href":"https:\/\/api.w.org\/{rel}","templated":true}]}}