{"id":46704,"date":"2020-09-08T09:21:11","date_gmt":"2020-09-08T12:21:11","guid":{"rendered":"http:\/\/www.noticiasradioreflejos.com.ar\/noticias\/?p=46704"},"modified":"2020-09-08T09:21:11","modified_gmt":"2020-09-08T12:21:11","slug":"el-gobierno-bonaerense-anuncio-que-otorgara-un-aumento-salarial-a-policias","status":"publish","type":"post","link":"https:\/\/www.noticiasradioreflejos.com.ar\/2021\/el-gobierno-bonaerense-anuncio-que-otorgara-un-aumento-salarial-a-policias\/","title":{"rendered":"El Gobierno bonaerense anunci\u00f3 que otorgar\u00e1 un aumento salarial a polic\u00edas"},"content":{"rendered":"<p>El jefe de Gabinete bonaerense, Carlos Bianco, anunci\u00f3 hoy que este jueves o viernes se dar\u00e1 a conocer una \u00abmejora salarial importante\u00bb para la polic\u00eda de la provincia de Buenos Aires y sostuvo que las autoridades buscan \u00abdar certezas a la fuerza\u00bb.<!--more--><br \/>\n\u00abEst\u00e1 previsto hacer un anuncio del plan integral de seguridad para la provincia, que ser\u00e1 de car\u00e1cter operativo\u00bb, dijo Bianco en una conferencia de prensa, en la que agreg\u00f3 que, cuando se realice esa presentaci\u00f3n, tambi\u00e9n se anunciar\u00e1 una \u00abmejora salarial importante para la fuerza\u00bb.<\/p>\n<p>As\u00ed lo dijo en una rueda de prensa que ofreci\u00f3 esta ma\u00f1ana junto al ministro de Seguridad, Sergio Berni, en el Centro de Coordinaci\u00f3n estrat\u00e9gica de la Polic\u00eda de la provincia de Buenos Aires para referirse a las condiciones laborales de esa fuerza.<\/p>\n<p>\u00abQueremos dar certidumbre sobre lo que va a pasar, queremos dar certeza a la fuerza\u00bb, dijo Bianco.<\/p>\n<p>Ayer, efectivos retirados de la Polic\u00eda bonaerense y agentes en actividad, francos de servicio, realizaron una protesta en el centro de la ciudad de La Plata en reclamo de una mejora salarial y en demanda de insumos para prevenir el contagio del coronavirus.<\/p>\n<p>Los polic\u00edas, junto a sus familiares, cortaron las calles 7 y 50, en el centro de la capital provincial, en tanto algunos patrulleros que se acercaron a la zona hicieron sonar sus sirenas en apoyo a la protesta.<\/p>\n<p>Si bien no se especific\u00f3 el monto del aumento que se le otorgar\u00e1 a los efectivos policiales, Bianco resalt\u00f3 que esos agentes \u00abdeben recuperar lo perdido\u00bb entre 2016 y 2019 debido a que son quienes junto a los m\u00e9dicos \u00abest\u00e1n haciendo un trabajo esencial, en la trinchera\u00bb en el marco de la pandemia de coronavirus.<\/p>\n<p>El jefe de Gabinete reconoci\u00f3 que la protesta policial que se registr\u00f3 ayer \u00absorprendi\u00f3\u00bb al Gobierno dado que ya hab\u00edan anunciado que se trabaja en una \u00abmejora de la infraestructura, el equipamiento y en una recomposici\u00f3n salarial\u00bb para la fuerza.<\/p>\n<p>No obstante, subray\u00f3 que el reclamo \u00abes leg\u00edtimo\u00bb y destac\u00f3 que \u00ablo importante es ratificar la intenci\u00f3n del Gobierno de seguir trabajando para mejorar las condiciones de la polic\u00eda, reconocer su tareas y seguir avanzan do en la mejora de la seguridad en general\u00bb.<\/p>\n<p>En la misma l\u00ednea, Berni plante\u00f3 que desde el Ejecutivo se viene trabajando para \u00abactualizar el salario de los efectivos de la polic\u00eda de Buenos Aires, que viene con un retraso importante\u00bb.<\/p>\n<p>\u00abSabemos el gran trabajo que se est\u00e1 haciendo en esta situaci\u00f3n excepcional de la pandemia y atender no s\u00f3lo los mecanismos de seguridad sino tambi\u00e9n los mecanismos log\u00edsticos para la prevenci\u00f3n en cada uno de los municipios\u00bb, expuso.<\/p>\n<p>Berni sostuvo que entre jueves y viernes, \u00abadem\u00e1s del tratamiento de sus salario, vamos a atender la sanidad policial de los efectivos y sus familias, con sus centros propios de atenci\u00f3n, y la cuesti\u00f3n de acceso a la vivienda, para mejorar la calidad de vida de la polic\u00eda de Buenos Aires\u00bb.<\/p>\n<p>El ministro explic\u00f3 que desde marzo un total de 10 polic\u00edas fallecieron por Covid-19 y m\u00e1s de 7 mil contrajeron la enfermedad.<\/p>\n<p>Luego, apunt\u00f3 que desde la administraci\u00f3n bonaerense se valora \u00abel profesionalismo, el gran esfuerzo y el compromiso que los polic\u00edas realizaron durante esta pandemia\u00bb y se\u00f1al\u00f3 que, por ello, \u00abhay que escuchar la protesta entendible\u00bb, a la que tambi\u00e9n calific\u00f3 como \u00ableg\u00edtima\u00bb.<\/p>\n<p>Con todo, puso de manifiesto que el reclamo de ayer fue \u00abencabezado por familiares, personal retirado y exonerado de la polic\u00eda\u00bb y sostuvo que \u00abla gran mayor\u00eda de los efectivos ayer estuvieron trabajando en la calle y, de hecho, anoche detuvimos al sindicado como el asesino de Ludmila\u00bb, la joven de 14 a\u00f1os que estaba desaparecida desde el domingo a la ma\u00f1ana y que fue hallada asesinada ayer en una casa de la localidad bonaerense de Francisco \u00c1lvarez.<\/p>\n<p>\u00abDesde la provincia garantizamos la seguridad\u00bb, enfatiz\u00f3 el ministro de Seguridad bonaerense y a\u00f1adi\u00f3: \u00abSi no la podemos garantizar desde la polic\u00eda, ser\u00e1 con la solicitud de fuerzas federales\u00bb.<\/p>\n<p>Aclar\u00f3 luego que la seguridad del gobernador Axel Kicillof, que vive en la residencia oficial ubicada en la misma manzana que la Casa de Gobierno donde se llevaron a cabo algunas de las protestas, \u00abnunca estuvo amenazada\u00bb.<\/p>\n<p>\u00abLos manifestantes en la puerta de la Gobernaci\u00f3n protestaron en el marco de la razonabilidad, entregaron un petitorio y se fueron a su casa\u00bb, dijo el ministro y evalu\u00f3 que el reclamo se llev\u00f3 a cabo de \u00abmanera democr\u00e1tica\u00bb por lo que no fue necesaria la \u00abintervenci\u00f3n de la fuerza\u00bb.<\/p>\n<p>\u00abEl camino que debemos transitar es escucharnos entre todos\u00bb, agreg\u00f3 Berni y concluy\u00f3 que el Gobierno sabe \u00abcu\u00e1l es el camino a transitar: el bienestar de la polic\u00eda y su familia es prioridad\u00bb.<\/p>\n","protected":false},"excerpt":{"rendered":"<p>El jefe de Gabinete bonaerense, Carlos Bianco, anunci\u00f3 hoy que este jueves o viernes se dar\u00e1 a conocer una \u00abmejora salarial importante\u00bb para la polic\u00eda de la provincia de Buenos Aires y sostuvo que las autoridades buscan \u00abdar certezas a la fuerza\u00bb.<\/p>\n","protected":false},"author":3,"featured_media":0,"comment_status":"closed","ping_status":"open","sticky":false,"template":"","format":"standard","meta":{"footnotes":""},"categories":[24],"tags":[],"class_list":["post-46704","post","type-post","status-publish","format-standard","hentry","category-politica"],"yoast_head":"<!-- This site is optimized with the Yoast SEO plugin v25.9 - https:\/\/yoast.com\/wordpress\/plugins\/seo\/ -->\n<title>El Gobierno bonaerense anunci\u00f3 que otorgar\u00e1 un aumento salarial a polic\u00edas - Noticias Radio Reflejos<\/title>\n<meta name=\"robots\" content=\"index, follow, max-snippet:-1, max-image-preview:large, max-video-preview:-1\" \/>\n<link rel=\"canonical\" href=\"https:\/\/www.noticiasradioreflejos.com.ar\/2021\/el-gobierno-bonaerense-anuncio-que-otorgara-un-aumento-salarial-a-policias\/\" \/>\n<meta property=\"og:locale\" content=\"es_ES\" \/>\n<meta property=\"og:type\" content=\"article\" \/>\n<meta property=\"og:title\" content=\"El Gobierno bonaerense anunci\u00f3 que otorgar\u00e1 un aumento salarial a polic\u00edas - Noticias Radio Reflejos\" \/>\n<meta property=\"og:description\" content=\"El jefe de Gabinete bonaerense, Carlos Bianco, anunci\u00f3 hoy que este jueves o viernes se dar\u00e1 a conocer una \u00abmejora salarial importante\u00bb para la polic\u00eda de la provincia de Buenos Aires y sostuvo que las autoridades buscan \u00abdar certezas a la fuerza\u00bb.\" \/>\n<meta property=\"og:url\" content=\"https:\/\/www.noticiasradioreflejos.com.ar\/2021\/el-gobierno-bonaerense-anuncio-que-otorgara-un-aumento-salarial-a-policias\/\" \/>\n<meta property=\"og:site_name\" content=\"Noticias Radio Reflejos\" \/>\n<meta property=\"article:published_time\" content=\"2020-09-08T12:21:11+00:00\" \/>\n<meta property=\"og:image\" content=\"https:\/\/www.noticiasradioreflejos.com.ar\/2021\/wp-content\/uploads\/2021\/07\/logosol300x200.png\" \/>\n\t<meta property=\"og:image:width\" content=\"300\" \/>\n\t<meta property=\"og:image:height\" content=\"200\" \/>\n\t<meta property=\"og:image:type\" content=\"image\/png\" \/>\n<meta name=\"author\" content=\"Arnaldo Botto\" \/>\n<meta name=\"twitter:card\" content=\"summary_large_image\" \/>\n<script type=\"application\/ld+json\" class=\"yoast-schema-graph\">{\"@context\":\"https:\/\/schema.org\",\"@graph\":[{\"@type\":\"WebPage\",\"@id\":\"https:\/\/www.noticiasradioreflejos.com.ar\/2021\/el-gobierno-bonaerense-anuncio-que-otorgara-un-aumento-salarial-a-policias\/\",\"url\":\"https:\/\/www.noticiasradioreflejos.com.ar\/2021\/el-gobierno-bonaerense-anuncio-que-otorgara-un-aumento-salarial-a-policias\/\",\"name\":\"El Gobierno bonaerense anunci\u00f3 que otorgar\u00e1 un aumento salarial a polic\u00edas - Noticias Radio Reflejos\",\"isPartOf\":{\"@id\":\"https:\/\/www.noticiasradioreflejos.com.ar\/2021\/#website\"},\"datePublished\":\"2020-09-08T12:21:11+00:00\",\"author\":{\"@id\":\"https:\/\/www.noticiasradioreflejos.com.ar\/2021\/#\/schema\/person\/ad82545263dcc5ec0996818884fd5fb1\"},\"breadcrumb\":{\"@id\":\"https:\/\/www.noticiasradioreflejos.com.ar\/2021\/el-gobierno-bonaerense-anuncio-que-otorgara-un-aumento-salarial-a-policias\/#breadcrumb\"},\"inLanguage\":\"es\",\"potentialAction\":[{\"@type\":\"ReadAction\",\"target\":[\"https:\/\/www.noticiasradioreflejos.com.ar\/2021\/el-gobierno-bonaerense-anuncio-que-otorgara-un-aumento-salarial-a-policias\/\"]}]},{\"@type\":\"BreadcrumbList\",\"@id\":\"https:\/\/www.noticiasradioreflejos.com.ar\/2021\/el-gobierno-bonaerense-anuncio-que-otorgara-un-aumento-salarial-a-policias\/#breadcrumb\",\"itemListElement\":[{\"@type\":\"ListItem\",\"position\":1,\"name\":\"Portada\",\"item\":\"https:\/\/www.noticiasradioreflejos.com.ar\/2021\/\"},{\"@type\":\"ListItem\",\"position\":2,\"name\":\"El Gobierno bonaerense anunci\u00f3 que otorgar\u00e1 un aumento salarial a polic\u00edas\"}]},{\"@type\":\"WebSite\",\"@id\":\"https:\/\/www.noticiasradioreflejos.com.ar\/2021\/#website\",\"url\":\"https:\/\/www.noticiasradioreflejos.com.ar\/2021\/\",\"name\":\"Noticias Radio Reflejos\",\"description\":\"Las noticias de mi comarca\",\"potentialAction\":[{\"@type\":\"SearchAction\",\"target\":{\"@type\":\"EntryPoint\",\"urlTemplate\":\"https:\/\/www.noticiasradioreflejos.com.ar\/2021\/?s={search_term_string}\"},\"query-input\":{\"@type\":\"PropertyValueSpecification\",\"valueRequired\":true,\"valueName\":\"search_term_string\"}}],\"inLanguage\":\"es\"},{\"@type\":\"Person\",\"@id\":\"https:\/\/www.noticiasradioreflejos.com.ar\/2021\/#\/schema\/person\/ad82545263dcc5ec0996818884fd5fb1\",\"name\":\"Arnaldo Botto\",\"image\":{\"@type\":\"ImageObject\",\"inLanguage\":\"es\",\"@id\":\"https:\/\/www.noticiasradioreflejos.com.ar\/2021\/#\/schema\/person\/image\/\",\"url\":\"https:\/\/secure.gravatar.com\/avatar\/55cb5e37c1efa326397366e6974cb338056df65cb50e7d64d1cf314e87504837?s=96&d=mm&r=g\",\"contentUrl\":\"https:\/\/secure.gravatar.com\/avatar\/55cb5e37c1efa326397366e6974cb338056df65cb50e7d64d1cf314e87504837?s=96&d=mm&r=g\",\"caption\":\"Arnaldo Botto\"},\"url\":\"https:\/\/www.noticiasradioreflejos.com.ar\/2021\/author\/arnaldo\/\"}]}<\/script>\n<!-- \/ Yoast SEO plugin. -->","yoast_head_json":{"title":"El Gobierno bonaerense anunci\u00f3 que otorgar\u00e1 un aumento salarial a polic\u00edas - Noticias Radio Reflejos","robots":{"index":"index","follow":"follow","max-snippet":"max-snippet:-1","max-image-preview":"max-image-preview:large","max-video-preview":"max-video-preview:-1"},"canonical":"https:\/\/www.noticiasradioreflejos.com.ar\/2021\/el-gobierno-bonaerense-anuncio-que-otorgara-un-aumento-salarial-a-policias\/","og_locale":"es_ES","og_type":"article","og_title":"El Gobierno bonaerense anunci\u00f3 que otorgar\u00e1 un aumento salarial a polic\u00edas - Noticias Radio Reflejos","og_description":"El jefe de Gabinete bonaerense, Carlos Bianco, anunci\u00f3 hoy que este jueves o viernes se dar\u00e1 a conocer una \u00abmejora salarial importante\u00bb para la polic\u00eda de la provincia de Buenos Aires y sostuvo que las autoridades buscan \u00abdar certezas a la fuerza\u00bb.","og_url":"https:\/\/www.noticiasradioreflejos.com.ar\/2021\/el-gobierno-bonaerense-anuncio-que-otorgara-un-aumento-salarial-a-policias\/","og_site_name":"Noticias Radio Reflejos","article_published_time":"2020-09-08T12:21:11+00:00","og_image":[{"width":300,"height":200,"url":"https:\/\/www.noticiasradioreflejos.com.ar\/2021\/wp-content\/uploads\/2021\/07\/logosol300x200.png","type":"image\/png"}],"author":"Arnaldo Botto","twitter_card":"summary_large_image","schema":{"@context":"https:\/\/schema.org","@graph":[{"@type":"WebPage","@id":"https:\/\/www.noticiasradioreflejos.com.ar\/2021\/el-gobierno-bonaerense-anuncio-que-otorgara-un-aumento-salarial-a-policias\/","url":"https:\/\/www.noticiasradioreflejos.com.ar\/2021\/el-gobierno-bonaerense-anuncio-que-otorgara-un-aumento-salarial-a-policias\/","name":"El Gobierno bonaerense anunci\u00f3 que otorgar\u00e1 un aumento salarial a polic\u00edas - Noticias Radio Reflejos","isPartOf":{"@id":"https:\/\/www.noticiasradioreflejos.com.ar\/2021\/#website"},"datePublished":"2020-09-08T12:21:11+00:00","author":{"@id":"https:\/\/www.noticiasradioreflejos.com.ar\/2021\/#\/schema\/person\/ad82545263dcc5ec0996818884fd5fb1"},"breadcrumb":{"@id":"https:\/\/www.noticiasradioreflejos.com.ar\/2021\/el-gobierno-bonaerense-anuncio-que-otorgara-un-aumento-salarial-a-policias\/#breadcrumb"},"inLanguage":"es","potentialAction":[{"@type":"ReadAction","target":["https:\/\/www.noticiasradioreflejos.com.ar\/2021\/el-gobierno-bonaerense-anuncio-que-otorgara-un-aumento-salarial-a-policias\/"]}]},{"@type":"BreadcrumbList","@id":"https:\/\/www.noticiasradioreflejos.com.ar\/2021\/el-gobierno-bonaerense-anuncio-que-otorgara-un-aumento-salarial-a-policias\/#breadcrumb","itemListElement":[{"@type":"ListItem","position":1,"name":"Portada","item":"https:\/\/www.noticiasradioreflejos.com.ar\/2021\/"},{"@type":"ListItem","position":2,"name":"El Gobierno bonaerense anunci\u00f3 que otorgar\u00e1 un aumento salarial a polic\u00edas"}]},{"@type":"WebSite","@id":"https:\/\/www.noticiasradioreflejos.com.ar\/2021\/#website","url":"https:\/\/www.noticiasradioreflejos.com.ar\/2021\/","name":"Noticias Radio Reflejos","description":"Las noticias de mi comarca","potentialAction":[{"@type":"SearchAction","target":{"@type":"EntryPoint","urlTemplate":"https:\/\/www.noticiasradioreflejos.com.ar\/2021\/?s={search_term_string}"},"query-input":{"@type":"PropertyValueSpecification","valueRequired":true,"valueName":"search_term_string"}}],"inLanguage":"es"},{"@type":"Person","@id":"https:\/\/www.noticiasradioreflejos.com.ar\/2021\/#\/schema\/person\/ad82545263dcc5ec0996818884fd5fb1","name":"Arnaldo Botto","image":{"@type":"ImageObject","inLanguage":"es","@id":"https:\/\/www.noticiasradioreflejos.com.ar\/2021\/#\/schema\/person\/image\/","url":"https:\/\/secure.gravatar.com\/avatar\/55cb5e37c1efa326397366e6974cb338056df65cb50e7d64d1cf314e87504837?s=96&d=mm&r=g","contentUrl":"https:\/\/secure.gravatar.com\/avatar\/55cb5e37c1efa326397366e6974cb338056df65cb50e7d64d1cf314e87504837?s=96&d=mm&r=g","caption":"Arnaldo Botto"},"url":"https:\/\/www.noticiasradioreflejos.com.ar\/2021\/author\/arnaldo\/"}]}},"_links":{"self":[{"href":"https:\/\/www.noticiasradioreflejos.com.ar\/2021\/wp-json\/wp\/v2\/posts\/46704","targetHints":{"allow":["GET"]}}],"collection":[{"href":"https:\/\/www.noticiasradioreflejos.com.ar\/2021\/wp-json\/wp\/v2\/posts"}],"about":[{"href":"https:\/\/www.noticiasradioreflejos.com.ar\/2021\/wp-json\/wp\/v2\/types\/post"}],"author":[{"embeddable":true,"href":"https:\/\/www.noticiasradioreflejos.com.ar\/2021\/wp-json\/wp\/v2\/users\/3"}],"replies":[{"embeddable":true,"href":"https:\/\/www.noticiasradioreflejos.com.ar\/2021\/wp-json\/wp\/v2\/comments?post=46704"}],"version-history":[{"count":0,"href":"https:\/\/www.noticiasradioreflejos.com.ar\/2021\/wp-json\/wp\/v2\/posts\/46704\/revisions"}],"wp:attachment":[{"href":"https:\/\/www.noticiasradioreflejos.com.ar\/2021\/wp-json\/wp\/v2\/media?parent=46704"}],"wp:term":[{"taxonomy":"category","embeddable":true,"href":"https:\/\/www.noticiasradioreflejos.com.ar\/2021\/wp-json\/wp\/v2\/categories?post=46704"},{"taxonomy":"post_tag","embeddable":true,"href":"https:\/\/www.noticiasradioreflejos.com.ar\/2021\/wp-json\/wp\/v2\/tags?post=46704"}],"curies":[{"name":"wp","href":"https:\/\/api.w.org\/{rel}","templated":true}]}}