{"id":46701,"date":"2020-09-08T09:03:31","date_gmt":"2020-09-08T12:03:31","guid":{"rendered":"http:\/\/www.noticiasradioreflejos.com.ar\/noticias\/?p=46701"},"modified":"2020-09-08T09:03:31","modified_gmt":"2020-09-08T12:03:31","slug":"comienza-la-inscripcion-para-los-cursos-del-programa-upami","status":"publish","type":"post","link":"https:\/\/www.noticiasradioreflejos.com.ar\/2021\/comienza-la-inscripcion-para-los-cursos-del-programa-upami\/","title":{"rendered":"Comienza la inscripci\u00f3n para los cursos del  PROGRAMA UPAMI"},"content":{"rendered":"<p>Se encuentra abierta la inscripci\u00f3n para los cursos del Programa UPAMI (Universidad Para Adultos Mayores Integrados).<br \/>\nUPAMI naci\u00f3 en el 2005 como un programa local, entre la UGL V y la Universidad Nacional del Sur, y dado su \u00e9xito y la innovaci\u00f3n que supone, se nacionaliz\u00f3 tres a\u00f1os despu\u00e9s, manteni\u00e9ndose activo durante 15 a\u00f1os y sumando a m\u00e1s de 40 universidades participantes. <!--more--><br \/>\nDebido al particular contexto epidemiol\u00f3gico que nos toca afrontar este a\u00f1o, tanto las inscripciones como el cursado ser\u00e1n de modo virtual, pero siempre pensando en acercar a las personas afiliadas la mejor calidad acad\u00e9mica.<br \/>\nPara tal fin, \u00e9ste a\u00f1o se habilitaron 60 cursos diferentes para la UGL V, entre las 3 universidades (UNS, UTN y UPSO) y adem\u00e1s PAMI aument\u00f3 el presupuesto destinado a docentes y coordinaciones del programa.<br \/>\nLos interesados deber\u00e1n inscribirse mediante la web que cada casa de altos estudio habilit\u00f3 y en donde adem\u00e1s podr\u00e1n consultar la oferta acad\u00e9mica dispuesta para \u00e9ste a\u00f1o y las fechas de inicio de cada uno de los talleres.<br \/>\n<strong>UNS:<\/strong><a href=\"http:\/\/www.bitly.com\/upami2020\"> www.bitly.com\/upami2020<\/a><\/p>\n<p><strong>UTN:<\/strong> <a href=\"https:\/\/ceut.frbb.utn.edu.ar\/altaweb\/pages\/inscripciones.php\">https:\/\/ceut.frbb.utn.edu.ar\/altaweb\/pages\/inscripciones.php<\/a><\/p>\n<p><strong>UPSO<\/strong>:<a href=\"https:\/\/docs.google.com\/forms\/d\/1cB4Ja-KnJc8JNCXAVAISXShKJeeiaq-3ic6CRu7XEEU\/viewform?edit_requested=true\"> https:\/\/docs.google.com\/forms\/d\/1cB4Ja-KnJc8JNCXAVAISXShKJeeiaq-3ic6CRu7XEEU\/viewform?edit_requested=true<\/a><\/p>\n<p>El programa UPAMI tiene como finalidad hacer efectivo el acceso a la educaci\u00f3n de las personas mayores. El aprendizaje favorece una mejor integraci\u00f3n personal, a trav\u00e9s de la adquisici\u00f3n de destrezas y habilidades. A la vez, favorece la recuperaci\u00f3n y la legitimaci\u00f3n de saberes personales y sociales y fomenta la participaci\u00f3n.<\/p>\n<p>\u00abUPAMI como programa fortalece el capital social que las personas mayores suponen para la sociedad, poniendo el eje en que sigan form\u00e1ndose como ciudadanos y generando un ida y vuelta con docentes, sus compa\u00f1eros y la poblaci\u00f3n\u201d, asegur\u00f3 Paola Buedo, Directora Ejecutiva de la UGL V, al tiempo que agreg\u00f3 que \u201csin duda, es un programa que ha sido apropiado por las personas mayores por todo lo que significa\u201d.<\/p>\n<p>Buedo destac\u00f3 que \u201ceste a\u00f1o, por el car\u00e1cter virtual, UPAMI puede llegar a todas las personas afiliadas de la ciudad y la regi\u00f3n, lo cual sigue contribuyendo al acceso democratizado del conocimiento\u00bb.<\/p>\n","protected":false},"excerpt":{"rendered":"<p>Se encuentra abierta la inscripci\u00f3n para los cursos del Programa UPAMI (Universidad Para Adultos Mayores Integrados). UPAMI naci\u00f3 en el 2005 como un programa local, entre la UGL V y la Universidad Nacional del Sur, y dado su \u00e9xito y la innovaci\u00f3n que supone, se nacionaliz\u00f3 tres a\u00f1os despu\u00e9s, manteni\u00e9ndose activo durante 15 a\u00f1os y [&hellip;]<\/p>\n","protected":false},"author":3,"featured_media":0,"comment_status":"closed","ping_status":"open","sticky":false,"template":"","format":"standard","meta":{"footnotes":""},"categories":[26],"tags":[],"class_list":["post-46701","post","type-post","status-publish","format-standard","hentry","category-sociedad"],"yoast_head":"<!-- This site is optimized with the Yoast SEO plugin v25.9 - https:\/\/yoast.com\/wordpress\/plugins\/seo\/ -->\n<title>Comienza la inscripci\u00f3n para los cursos del PROGRAMA UPAMI - Noticias Radio Reflejos<\/title>\n<meta name=\"robots\" content=\"index, follow, max-snippet:-1, max-image-preview:large, max-video-preview:-1\" \/>\n<link rel=\"canonical\" href=\"https:\/\/www.noticiasradioreflejos.com.ar\/2021\/comienza-la-inscripcion-para-los-cursos-del-programa-upami\/\" \/>\n<meta property=\"og:locale\" content=\"es_ES\" \/>\n<meta property=\"og:type\" content=\"article\" \/>\n<meta property=\"og:title\" content=\"Comienza la inscripci\u00f3n para los cursos del PROGRAMA UPAMI - Noticias Radio Reflejos\" \/>\n<meta property=\"og:description\" content=\"Se encuentra abierta la inscripci\u00f3n para los cursos del Programa UPAMI (Universidad Para Adultos Mayores Integrados). UPAMI naci\u00f3 en el 2005 como un programa local, entre la UGL V y la Universidad Nacional del Sur, y dado su \u00e9xito y la innovaci\u00f3n que supone, se nacionaliz\u00f3 tres a\u00f1os despu\u00e9s, manteni\u00e9ndose activo durante 15 a\u00f1os y [&hellip;]\" \/>\n<meta property=\"og:url\" content=\"https:\/\/www.noticiasradioreflejos.com.ar\/2021\/comienza-la-inscripcion-para-los-cursos-del-programa-upami\/\" \/>\n<meta property=\"og:site_name\" content=\"Noticias Radio Reflejos\" \/>\n<meta property=\"article:published_time\" content=\"2020-09-08T12:03:31+00:00\" \/>\n<meta property=\"og:image\" content=\"https:\/\/www.noticiasradioreflejos.com.ar\/2021\/wp-content\/uploads\/2021\/07\/logosol300x200.png\" \/>\n\t<meta property=\"og:image:width\" content=\"300\" \/>\n\t<meta property=\"og:image:height\" content=\"200\" \/>\n\t<meta property=\"og:image:type\" content=\"image\/png\" \/>\n<meta name=\"author\" content=\"Arnaldo Botto\" \/>\n<meta name=\"twitter:card\" content=\"summary_large_image\" \/>\n<script type=\"application\/ld+json\" class=\"yoast-schema-graph\">{\"@context\":\"https:\/\/schema.org\",\"@graph\":[{\"@type\":\"WebPage\",\"@id\":\"https:\/\/www.noticiasradioreflejos.com.ar\/2021\/comienza-la-inscripcion-para-los-cursos-del-programa-upami\/\",\"url\":\"https:\/\/www.noticiasradioreflejos.com.ar\/2021\/comienza-la-inscripcion-para-los-cursos-del-programa-upami\/\",\"name\":\"Comienza la inscripci\u00f3n para los cursos del PROGRAMA UPAMI - Noticias Radio Reflejos\",\"isPartOf\":{\"@id\":\"https:\/\/www.noticiasradioreflejos.com.ar\/2021\/#website\"},\"datePublished\":\"2020-09-08T12:03:31+00:00\",\"author\":{\"@id\":\"https:\/\/www.noticiasradioreflejos.com.ar\/2021\/#\/schema\/person\/ad82545263dcc5ec0996818884fd5fb1\"},\"breadcrumb\":{\"@id\":\"https:\/\/www.noticiasradioreflejos.com.ar\/2021\/comienza-la-inscripcion-para-los-cursos-del-programa-upami\/#breadcrumb\"},\"inLanguage\":\"es\",\"potentialAction\":[{\"@type\":\"ReadAction\",\"target\":[\"https:\/\/www.noticiasradioreflejos.com.ar\/2021\/comienza-la-inscripcion-para-los-cursos-del-programa-upami\/\"]}]},{\"@type\":\"BreadcrumbList\",\"@id\":\"https:\/\/www.noticiasradioreflejos.com.ar\/2021\/comienza-la-inscripcion-para-los-cursos-del-programa-upami\/#breadcrumb\",\"itemListElement\":[{\"@type\":\"ListItem\",\"position\":1,\"name\":\"Portada\",\"item\":\"https:\/\/www.noticiasradioreflejos.com.ar\/2021\/\"},{\"@type\":\"ListItem\",\"position\":2,\"name\":\"Comienza la inscripci\u00f3n para los cursos del PROGRAMA UPAMI\"}]},{\"@type\":\"WebSite\",\"@id\":\"https:\/\/www.noticiasradioreflejos.com.ar\/2021\/#website\",\"url\":\"https:\/\/www.noticiasradioreflejos.com.ar\/2021\/\",\"name\":\"Noticias Radio Reflejos\",\"description\":\"Las noticias de mi comarca\",\"potentialAction\":[{\"@type\":\"SearchAction\",\"target\":{\"@type\":\"EntryPoint\",\"urlTemplate\":\"https:\/\/www.noticiasradioreflejos.com.ar\/2021\/?s={search_term_string}\"},\"query-input\":{\"@type\":\"PropertyValueSpecification\",\"valueRequired\":true,\"valueName\":\"search_term_string\"}}],\"inLanguage\":\"es\"},{\"@type\":\"Person\",\"@id\":\"https:\/\/www.noticiasradioreflejos.com.ar\/2021\/#\/schema\/person\/ad82545263dcc5ec0996818884fd5fb1\",\"name\":\"Arnaldo Botto\",\"image\":{\"@type\":\"ImageObject\",\"inLanguage\":\"es\",\"@id\":\"https:\/\/www.noticiasradioreflejos.com.ar\/2021\/#\/schema\/person\/image\/\",\"url\":\"https:\/\/secure.gravatar.com\/avatar\/55cb5e37c1efa326397366e6974cb338056df65cb50e7d64d1cf314e87504837?s=96&d=mm&r=g\",\"contentUrl\":\"https:\/\/secure.gravatar.com\/avatar\/55cb5e37c1efa326397366e6974cb338056df65cb50e7d64d1cf314e87504837?s=96&d=mm&r=g\",\"caption\":\"Arnaldo Botto\"},\"url\":\"https:\/\/www.noticiasradioreflejos.com.ar\/2021\/author\/arnaldo\/\"}]}<\/script>\n<!-- \/ Yoast SEO plugin. -->","yoast_head_json":{"title":"Comienza la inscripci\u00f3n para los cursos del PROGRAMA UPAMI - Noticias Radio Reflejos","robots":{"index":"index","follow":"follow","max-snippet":"max-snippet:-1","max-image-preview":"max-image-preview:large","max-video-preview":"max-video-preview:-1"},"canonical":"https:\/\/www.noticiasradioreflejos.com.ar\/2021\/comienza-la-inscripcion-para-los-cursos-del-programa-upami\/","og_locale":"es_ES","og_type":"article","og_title":"Comienza la inscripci\u00f3n para los cursos del PROGRAMA UPAMI - Noticias Radio Reflejos","og_description":"Se encuentra abierta la inscripci\u00f3n para los cursos del Programa UPAMI (Universidad Para Adultos Mayores Integrados). UPAMI naci\u00f3 en el 2005 como un programa local, entre la UGL V y la Universidad Nacional del Sur, y dado su \u00e9xito y la innovaci\u00f3n que supone, se nacionaliz\u00f3 tres a\u00f1os despu\u00e9s, manteni\u00e9ndose activo durante 15 a\u00f1os y [&hellip;]","og_url":"https:\/\/www.noticiasradioreflejos.com.ar\/2021\/comienza-la-inscripcion-para-los-cursos-del-programa-upami\/","og_site_name":"Noticias Radio Reflejos","article_published_time":"2020-09-08T12:03:31+00:00","og_image":[{"width":300,"height":200,"url":"https:\/\/www.noticiasradioreflejos.com.ar\/2021\/wp-content\/uploads\/2021\/07\/logosol300x200.png","type":"image\/png"}],"author":"Arnaldo Botto","twitter_card":"summary_large_image","schema":{"@context":"https:\/\/schema.org","@graph":[{"@type":"WebPage","@id":"https:\/\/www.noticiasradioreflejos.com.ar\/2021\/comienza-la-inscripcion-para-los-cursos-del-programa-upami\/","url":"https:\/\/www.noticiasradioreflejos.com.ar\/2021\/comienza-la-inscripcion-para-los-cursos-del-programa-upami\/","name":"Comienza la inscripci\u00f3n para los cursos del PROGRAMA UPAMI - Noticias Radio Reflejos","isPartOf":{"@id":"https:\/\/www.noticiasradioreflejos.com.ar\/2021\/#website"},"datePublished":"2020-09-08T12:03:31+00:00","author":{"@id":"https:\/\/www.noticiasradioreflejos.com.ar\/2021\/#\/schema\/person\/ad82545263dcc5ec0996818884fd5fb1"},"breadcrumb":{"@id":"https:\/\/www.noticiasradioreflejos.com.ar\/2021\/comienza-la-inscripcion-para-los-cursos-del-programa-upami\/#breadcrumb"},"inLanguage":"es","potentialAction":[{"@type":"ReadAction","target":["https:\/\/www.noticiasradioreflejos.com.ar\/2021\/comienza-la-inscripcion-para-los-cursos-del-programa-upami\/"]}]},{"@type":"BreadcrumbList","@id":"https:\/\/www.noticiasradioreflejos.com.ar\/2021\/comienza-la-inscripcion-para-los-cursos-del-programa-upami\/#breadcrumb","itemListElement":[{"@type":"ListItem","position":1,"name":"Portada","item":"https:\/\/www.noticiasradioreflejos.com.ar\/2021\/"},{"@type":"ListItem","position":2,"name":"Comienza la inscripci\u00f3n para los cursos del PROGRAMA UPAMI"}]},{"@type":"WebSite","@id":"https:\/\/www.noticiasradioreflejos.com.ar\/2021\/#website","url":"https:\/\/www.noticiasradioreflejos.com.ar\/2021\/","name":"Noticias Radio Reflejos","description":"Las noticias de mi comarca","potentialAction":[{"@type":"SearchAction","target":{"@type":"EntryPoint","urlTemplate":"https:\/\/www.noticiasradioreflejos.com.ar\/2021\/?s={search_term_string}"},"query-input":{"@type":"PropertyValueSpecification","valueRequired":true,"valueName":"search_term_string"}}],"inLanguage":"es"},{"@type":"Person","@id":"https:\/\/www.noticiasradioreflejos.com.ar\/2021\/#\/schema\/person\/ad82545263dcc5ec0996818884fd5fb1","name":"Arnaldo Botto","image":{"@type":"ImageObject","inLanguage":"es","@id":"https:\/\/www.noticiasradioreflejos.com.ar\/2021\/#\/schema\/person\/image\/","url":"https:\/\/secure.gravatar.com\/avatar\/55cb5e37c1efa326397366e6974cb338056df65cb50e7d64d1cf314e87504837?s=96&d=mm&r=g","contentUrl":"https:\/\/secure.gravatar.com\/avatar\/55cb5e37c1efa326397366e6974cb338056df65cb50e7d64d1cf314e87504837?s=96&d=mm&r=g","caption":"Arnaldo Botto"},"url":"https:\/\/www.noticiasradioreflejos.com.ar\/2021\/author\/arnaldo\/"}]}},"_links":{"self":[{"href":"https:\/\/www.noticiasradioreflejos.com.ar\/2021\/wp-json\/wp\/v2\/posts\/46701","targetHints":{"allow":["GET"]}}],"collection":[{"href":"https:\/\/www.noticiasradioreflejos.com.ar\/2021\/wp-json\/wp\/v2\/posts"}],"about":[{"href":"https:\/\/www.noticiasradioreflejos.com.ar\/2021\/wp-json\/wp\/v2\/types\/post"}],"author":[{"embeddable":true,"href":"https:\/\/www.noticiasradioreflejos.com.ar\/2021\/wp-json\/wp\/v2\/users\/3"}],"replies":[{"embeddable":true,"href":"https:\/\/www.noticiasradioreflejos.com.ar\/2021\/wp-json\/wp\/v2\/comments?post=46701"}],"version-history":[{"count":0,"href":"https:\/\/www.noticiasradioreflejos.com.ar\/2021\/wp-json\/wp\/v2\/posts\/46701\/revisions"}],"wp:attachment":[{"href":"https:\/\/www.noticiasradioreflejos.com.ar\/2021\/wp-json\/wp\/v2\/media?parent=46701"}],"wp:term":[{"taxonomy":"category","embeddable":true,"href":"https:\/\/www.noticiasradioreflejos.com.ar\/2021\/wp-json\/wp\/v2\/categories?post=46701"},{"taxonomy":"post_tag","embeddable":true,"href":"https:\/\/www.noticiasradioreflejos.com.ar\/2021\/wp-json\/wp\/v2\/tags?post=46701"}],"curies":[{"name":"wp","href":"https:\/\/api.w.org\/{rel}","templated":true}]}}