{"id":46698,"date":"2020-09-08T08:44:15","date_gmt":"2020-09-08T11:44:15","guid":{"rendered":"http:\/\/www.noticiasradioreflejos.com.ar\/noticias\/?p=46698"},"modified":"2020-09-08T08:44:15","modified_gmt":"2020-09-08T11:44:15","slug":"aprueban-en-buenos-aires-el-protocolo-para-acompanantes-de-pacientes-internados-con-coronavirus","status":"publish","type":"post","link":"https:\/\/www.noticiasradioreflejos.com.ar\/2021\/aprueban-en-buenos-aires-el-protocolo-para-acompanantes-de-pacientes-internados-con-coronavirus\/","title":{"rendered":"Aprueban en Buenos Aires el protocolo para acompa\u00f1antes de pacientes internados con coronavirus"},"content":{"rendered":"<p>El Gobierno bonaerense aprob\u00f3 hoy un protocolo para el ingreso a los centros de salud de acompa\u00f1antes de personas internadas con coronavirus o sospecha de tener la enfermedad, que busca \u00abevitar la soledad y angustia que podr\u00eda producir en las personas afectadas el distanciamiento f\u00edsico de sus seres queridos en condiciones cr\u00edticas y con frecuencia dolorosas\u00bb.<!--more--><br \/>\nEl protocolo, que fue publicado hoy en el Bolet\u00edn Oficial del distrito, promueve pr\u00e1cticas de cuidado integrales.<br \/>\nLa instituci\u00f3n m\u00e9dica deber\u00e1 garantizar la disponibilidad de insumos de protecci\u00f3n personal, informaci\u00f3n sobre el protocolo en todos los sectores y servicios involucrados, y espacios adecuados para el cumplimiento de las medidas preventivas.<\/p>\n<p>El protocolo establece que deber\u00e1 haber un equipo que acompa\u00f1e el ingreso, coordine con los actores involucrados, realice el seguimiento del circuito y monitoree el cumplimiento de las pautas de cuidado; y se recomienda la conformaci\u00f3n multidisciplinar de ese equipo y la participaci\u00f3n de los servicios de salud mental, cl\u00ednica m\u00e9dica, enfermer\u00eda y cuidados paliativos.<\/p>\n<p>Los acompa\u00f1antes pueden ser mayores de edad que no presenten s\u00edntomas ni condiciones de riesgo asociadas a la Covid-19 y quienes hayan sido capacitados en la correcta utilizaci\u00f3n de Equipos de Protecci\u00f3n Personal (EPP).<\/p>\n<p>A la instituci\u00f3n podr\u00e1 entrar s\u00f3lo un acompa\u00f1ante, quien deber\u00e1 maximizar medidas de higiene personal e higiene respiratoria; no podr\u00e1 compartir utensilios, alimentos ni bebidas con el paciente; y deber\u00e1 utilizar barbijo quir\u00fargico, protecci\u00f3n ocular, camisol\u00edn y guantes mientras dure su estad\u00eda.<\/p>\n<p>Adem\u00e1s, deber\u00e1 respetar el distanciamiento f\u00edsico; no podr\u00e1 transitar por otros espacios del establecimiento y una vez que ingrese a la habitaci\u00f3n debe permanecer all\u00ed, sin transitar por pasillos u otros lugares del hospital.<\/p>\n<p>El protocolo remarca que acompa\u00f1ante y paciente deben comer en distintos momentos: mientras uno come o bebe la otra persona debe permanecer con barbijo y mantener una distancia m\u00ednima de 2 metros. En caso de pasar la noche en la habitaci\u00f3n, deber\u00e1 dormir al menos a 2 metros de distancia de la persona internada.<\/p>\n<p>Por otro lado, una vez que abandona el hospital debe comprometerse a hacer el aislamiento en su domicilio bajo las condiciones previstas para toda persona considerada \u201ccontacto estrecho\u201d de caso confirmado.<\/p>\n<p>Con respecto al equipo m\u00e9dico, deber\u00e1 capacitar al acompa\u00f1ante sobre el uso adecuado del equipo de protecci\u00f3n personal y otorgar uno completo para que se cambie.<\/p>\n<p>Cuando la persona se retire del lugar, deber\u00e1 pedir asistencia al personal de turno, saldr\u00e1 de la habitaci\u00f3n tomando la bolsa con sus pertenencias y ser\u00e1 asistido para quitarse el EPP y el descarte del equipo reutilizable en un espacio destinado a tal fin, mientras el resto se colocar\u00e1 en bolsas de residuos patol\u00f3gicos.<\/p>\n<p>Asimismo, deber\u00e1 regresar a su domicilio en medios propios, evitando el uso del transporte p\u00fablico y permanecer en aislamiento domiciliario en los tiempos previstos para toda persona considerada \u201ccontacto estrecho\u201d.<\/p>\n","protected":false},"excerpt":{"rendered":"<p>El Gobierno bonaerense aprob\u00f3 hoy un protocolo para el ingreso a los centros de salud de acompa\u00f1antes de personas internadas con coronavirus o sospecha de tener la enfermedad, que busca \u00abevitar la soledad y angustia que podr\u00eda producir en las personas afectadas el distanciamiento f\u00edsico de sus seres queridos en condiciones cr\u00edticas y con frecuencia [&hellip;]<\/p>\n","protected":false},"author":3,"featured_media":0,"comment_status":"closed","ping_status":"open","sticky":false,"template":"","format":"standard","meta":{"footnotes":""},"categories":[26],"tags":[],"class_list":["post-46698","post","type-post","status-publish","format-standard","hentry","category-sociedad"],"yoast_head":"<!-- This site is optimized with the Yoast SEO plugin v25.9 - https:\/\/yoast.com\/wordpress\/plugins\/seo\/ -->\n<title>Aprueban en Buenos Aires el protocolo para acompa\u00f1antes de pacientes internados con coronavirus - Noticias Radio Reflejos<\/title>\n<meta name=\"robots\" content=\"index, follow, max-snippet:-1, max-image-preview:large, max-video-preview:-1\" \/>\n<link rel=\"canonical\" href=\"https:\/\/www.noticiasradioreflejos.com.ar\/2021\/aprueban-en-buenos-aires-el-protocolo-para-acompanantes-de-pacientes-internados-con-coronavirus\/\" \/>\n<meta property=\"og:locale\" content=\"es_ES\" \/>\n<meta property=\"og:type\" content=\"article\" \/>\n<meta property=\"og:title\" content=\"Aprueban en Buenos Aires el protocolo para acompa\u00f1antes de pacientes internados con coronavirus - Noticias Radio Reflejos\" \/>\n<meta property=\"og:description\" content=\"El Gobierno bonaerense aprob\u00f3 hoy un protocolo para el ingreso a los centros de salud de acompa\u00f1antes de personas internadas con coronavirus o sospecha de tener la enfermedad, que busca \u00abevitar la soledad y angustia que podr\u00eda producir en las personas afectadas el distanciamiento f\u00edsico de sus seres queridos en condiciones cr\u00edticas y con frecuencia [&hellip;]\" \/>\n<meta property=\"og:url\" content=\"https:\/\/www.noticiasradioreflejos.com.ar\/2021\/aprueban-en-buenos-aires-el-protocolo-para-acompanantes-de-pacientes-internados-con-coronavirus\/\" \/>\n<meta property=\"og:site_name\" content=\"Noticias Radio Reflejos\" \/>\n<meta property=\"article:published_time\" content=\"2020-09-08T11:44:15+00:00\" \/>\n<meta property=\"og:image\" content=\"https:\/\/www.noticiasradioreflejos.com.ar\/2021\/wp-content\/uploads\/2021\/07\/logosol300x200.png\" \/>\n\t<meta property=\"og:image:width\" content=\"300\" \/>\n\t<meta property=\"og:image:height\" content=\"200\" \/>\n\t<meta property=\"og:image:type\" content=\"image\/png\" \/>\n<meta name=\"author\" content=\"Arnaldo Botto\" \/>\n<meta name=\"twitter:card\" content=\"summary_large_image\" \/>\n<script type=\"application\/ld+json\" class=\"yoast-schema-graph\">{\"@context\":\"https:\/\/schema.org\",\"@graph\":[{\"@type\":\"WebPage\",\"@id\":\"https:\/\/www.noticiasradioreflejos.com.ar\/2021\/aprueban-en-buenos-aires-el-protocolo-para-acompanantes-de-pacientes-internados-con-coronavirus\/\",\"url\":\"https:\/\/www.noticiasradioreflejos.com.ar\/2021\/aprueban-en-buenos-aires-el-protocolo-para-acompanantes-de-pacientes-internados-con-coronavirus\/\",\"name\":\"Aprueban en Buenos Aires el protocolo para acompa\u00f1antes de pacientes internados con coronavirus - Noticias Radio Reflejos\",\"isPartOf\":{\"@id\":\"https:\/\/www.noticiasradioreflejos.com.ar\/2021\/#website\"},\"datePublished\":\"2020-09-08T11:44:15+00:00\",\"author\":{\"@id\":\"https:\/\/www.noticiasradioreflejos.com.ar\/2021\/#\/schema\/person\/ad82545263dcc5ec0996818884fd5fb1\"},\"breadcrumb\":{\"@id\":\"https:\/\/www.noticiasradioreflejos.com.ar\/2021\/aprueban-en-buenos-aires-el-protocolo-para-acompanantes-de-pacientes-internados-con-coronavirus\/#breadcrumb\"},\"inLanguage\":\"es\",\"potentialAction\":[{\"@type\":\"ReadAction\",\"target\":[\"https:\/\/www.noticiasradioreflejos.com.ar\/2021\/aprueban-en-buenos-aires-el-protocolo-para-acompanantes-de-pacientes-internados-con-coronavirus\/\"]}]},{\"@type\":\"BreadcrumbList\",\"@id\":\"https:\/\/www.noticiasradioreflejos.com.ar\/2021\/aprueban-en-buenos-aires-el-protocolo-para-acompanantes-de-pacientes-internados-con-coronavirus\/#breadcrumb\",\"itemListElement\":[{\"@type\":\"ListItem\",\"position\":1,\"name\":\"Portada\",\"item\":\"https:\/\/www.noticiasradioreflejos.com.ar\/2021\/\"},{\"@type\":\"ListItem\",\"position\":2,\"name\":\"Aprueban en Buenos Aires el protocolo para acompa\u00f1antes de pacientes internados con coronavirus\"}]},{\"@type\":\"WebSite\",\"@id\":\"https:\/\/www.noticiasradioreflejos.com.ar\/2021\/#website\",\"url\":\"https:\/\/www.noticiasradioreflejos.com.ar\/2021\/\",\"name\":\"Noticias Radio Reflejos\",\"description\":\"Las noticias de mi comarca\",\"potentialAction\":[{\"@type\":\"SearchAction\",\"target\":{\"@type\":\"EntryPoint\",\"urlTemplate\":\"https:\/\/www.noticiasradioreflejos.com.ar\/2021\/?s={search_term_string}\"},\"query-input\":{\"@type\":\"PropertyValueSpecification\",\"valueRequired\":true,\"valueName\":\"search_term_string\"}}],\"inLanguage\":\"es\"},{\"@type\":\"Person\",\"@id\":\"https:\/\/www.noticiasradioreflejos.com.ar\/2021\/#\/schema\/person\/ad82545263dcc5ec0996818884fd5fb1\",\"name\":\"Arnaldo Botto\",\"image\":{\"@type\":\"ImageObject\",\"inLanguage\":\"es\",\"@id\":\"https:\/\/www.noticiasradioreflejos.com.ar\/2021\/#\/schema\/person\/image\/\",\"url\":\"https:\/\/secure.gravatar.com\/avatar\/55cb5e37c1efa326397366e6974cb338056df65cb50e7d64d1cf314e87504837?s=96&d=mm&r=g\",\"contentUrl\":\"https:\/\/secure.gravatar.com\/avatar\/55cb5e37c1efa326397366e6974cb338056df65cb50e7d64d1cf314e87504837?s=96&d=mm&r=g\",\"caption\":\"Arnaldo Botto\"},\"url\":\"https:\/\/www.noticiasradioreflejos.com.ar\/2021\/author\/arnaldo\/\"}]}<\/script>\n<!-- \/ Yoast SEO plugin. -->","yoast_head_json":{"title":"Aprueban en Buenos Aires el protocolo para acompa\u00f1antes de pacientes internados con coronavirus - Noticias Radio Reflejos","robots":{"index":"index","follow":"follow","max-snippet":"max-snippet:-1","max-image-preview":"max-image-preview:large","max-video-preview":"max-video-preview:-1"},"canonical":"https:\/\/www.noticiasradioreflejos.com.ar\/2021\/aprueban-en-buenos-aires-el-protocolo-para-acompanantes-de-pacientes-internados-con-coronavirus\/","og_locale":"es_ES","og_type":"article","og_title":"Aprueban en Buenos Aires el protocolo para acompa\u00f1antes de pacientes internados con coronavirus - Noticias Radio Reflejos","og_description":"El Gobierno bonaerense aprob\u00f3 hoy un protocolo para el ingreso a los centros de salud de acompa\u00f1antes de personas internadas con coronavirus o sospecha de tener la enfermedad, que busca \u00abevitar la soledad y angustia que podr\u00eda producir en las personas afectadas el distanciamiento f\u00edsico de sus seres queridos en condiciones cr\u00edticas y con frecuencia [&hellip;]","og_url":"https:\/\/www.noticiasradioreflejos.com.ar\/2021\/aprueban-en-buenos-aires-el-protocolo-para-acompanantes-de-pacientes-internados-con-coronavirus\/","og_site_name":"Noticias Radio Reflejos","article_published_time":"2020-09-08T11:44:15+00:00","og_image":[{"width":300,"height":200,"url":"https:\/\/www.noticiasradioreflejos.com.ar\/2021\/wp-content\/uploads\/2021\/07\/logosol300x200.png","type":"image\/png"}],"author":"Arnaldo Botto","twitter_card":"summary_large_image","schema":{"@context":"https:\/\/schema.org","@graph":[{"@type":"WebPage","@id":"https:\/\/www.noticiasradioreflejos.com.ar\/2021\/aprueban-en-buenos-aires-el-protocolo-para-acompanantes-de-pacientes-internados-con-coronavirus\/","url":"https:\/\/www.noticiasradioreflejos.com.ar\/2021\/aprueban-en-buenos-aires-el-protocolo-para-acompanantes-de-pacientes-internados-con-coronavirus\/","name":"Aprueban en Buenos Aires el protocolo para acompa\u00f1antes de pacientes internados con coronavirus - Noticias Radio Reflejos","isPartOf":{"@id":"https:\/\/www.noticiasradioreflejos.com.ar\/2021\/#website"},"datePublished":"2020-09-08T11:44:15+00:00","author":{"@id":"https:\/\/www.noticiasradioreflejos.com.ar\/2021\/#\/schema\/person\/ad82545263dcc5ec0996818884fd5fb1"},"breadcrumb":{"@id":"https:\/\/www.noticiasradioreflejos.com.ar\/2021\/aprueban-en-buenos-aires-el-protocolo-para-acompanantes-de-pacientes-internados-con-coronavirus\/#breadcrumb"},"inLanguage":"es","potentialAction":[{"@type":"ReadAction","target":["https:\/\/www.noticiasradioreflejos.com.ar\/2021\/aprueban-en-buenos-aires-el-protocolo-para-acompanantes-de-pacientes-internados-con-coronavirus\/"]}]},{"@type":"BreadcrumbList","@id":"https:\/\/www.noticiasradioreflejos.com.ar\/2021\/aprueban-en-buenos-aires-el-protocolo-para-acompanantes-de-pacientes-internados-con-coronavirus\/#breadcrumb","itemListElement":[{"@type":"ListItem","position":1,"name":"Portada","item":"https:\/\/www.noticiasradioreflejos.com.ar\/2021\/"},{"@type":"ListItem","position":2,"name":"Aprueban en Buenos Aires el protocolo para acompa\u00f1antes de pacientes internados con coronavirus"}]},{"@type":"WebSite","@id":"https:\/\/www.noticiasradioreflejos.com.ar\/2021\/#website","url":"https:\/\/www.noticiasradioreflejos.com.ar\/2021\/","name":"Noticias Radio Reflejos","description":"Las noticias de mi comarca","potentialAction":[{"@type":"SearchAction","target":{"@type":"EntryPoint","urlTemplate":"https:\/\/www.noticiasradioreflejos.com.ar\/2021\/?s={search_term_string}"},"query-input":{"@type":"PropertyValueSpecification","valueRequired":true,"valueName":"search_term_string"}}],"inLanguage":"es"},{"@type":"Person","@id":"https:\/\/www.noticiasradioreflejos.com.ar\/2021\/#\/schema\/person\/ad82545263dcc5ec0996818884fd5fb1","name":"Arnaldo Botto","image":{"@type":"ImageObject","inLanguage":"es","@id":"https:\/\/www.noticiasradioreflejos.com.ar\/2021\/#\/schema\/person\/image\/","url":"https:\/\/secure.gravatar.com\/avatar\/55cb5e37c1efa326397366e6974cb338056df65cb50e7d64d1cf314e87504837?s=96&d=mm&r=g","contentUrl":"https:\/\/secure.gravatar.com\/avatar\/55cb5e37c1efa326397366e6974cb338056df65cb50e7d64d1cf314e87504837?s=96&d=mm&r=g","caption":"Arnaldo Botto"},"url":"https:\/\/www.noticiasradioreflejos.com.ar\/2021\/author\/arnaldo\/"}]}},"_links":{"self":[{"href":"https:\/\/www.noticiasradioreflejos.com.ar\/2021\/wp-json\/wp\/v2\/posts\/46698","targetHints":{"allow":["GET"]}}],"collection":[{"href":"https:\/\/www.noticiasradioreflejos.com.ar\/2021\/wp-json\/wp\/v2\/posts"}],"about":[{"href":"https:\/\/www.noticiasradioreflejos.com.ar\/2021\/wp-json\/wp\/v2\/types\/post"}],"author":[{"embeddable":true,"href":"https:\/\/www.noticiasradioreflejos.com.ar\/2021\/wp-json\/wp\/v2\/users\/3"}],"replies":[{"embeddable":true,"href":"https:\/\/www.noticiasradioreflejos.com.ar\/2021\/wp-json\/wp\/v2\/comments?post=46698"}],"version-history":[{"count":0,"href":"https:\/\/www.noticiasradioreflejos.com.ar\/2021\/wp-json\/wp\/v2\/posts\/46698\/revisions"}],"wp:attachment":[{"href":"https:\/\/www.noticiasradioreflejos.com.ar\/2021\/wp-json\/wp\/v2\/media?parent=46698"}],"wp:term":[{"taxonomy":"category","embeddable":true,"href":"https:\/\/www.noticiasradioreflejos.com.ar\/2021\/wp-json\/wp\/v2\/categories?post=46698"},{"taxonomy":"post_tag","embeddable":true,"href":"https:\/\/www.noticiasradioreflejos.com.ar\/2021\/wp-json\/wp\/v2\/tags?post=46698"}],"curies":[{"name":"wp","href":"https:\/\/api.w.org\/{rel}","templated":true}]}}