{"id":46695,"date":"2020-09-08T08:38:54","date_gmt":"2020-09-08T11:38:54","guid":{"rendered":"http:\/\/www.noticiasradioreflejos.com.ar\/noticias\/?p=46695"},"modified":"2020-09-08T08:38:54","modified_gmt":"2020-09-08T11:38:54","slug":"bianco-confirmo-que-esta-semana-se-anunciara-un-aumento-salarial-a-policias-bonaerenses","status":"publish","type":"post","link":"https:\/\/www.noticiasradioreflejos.com.ar\/2021\/bianco-confirmo-que-esta-semana-se-anunciara-un-aumento-salarial-a-policias-bonaerenses\/","title":{"rendered":"Bianco confirm\u00f3 que esta semana se anunciar\u00e1 un aumento salarial a polic\u00edas bonaerenses"},"content":{"rendered":"<p>El Jefe de Gabinete bonaerense, Carlos Bianco dijo hoy que este jueves o viernes se anunciar\u00e1 una \u00abmejora salarial importante\u00bb para la polic\u00eda de la provincia de Buenos Aires y sostuvo que las autoridades buscan \u00abdar certezas a la fuerza\u00bb.<!--more--><br \/>\n\u00abEst\u00e1 previsto hacer un anuncio del plan integral de seguridad para la provincia, que ser\u00e1 un plan de car\u00e1cter operativo\u00bb, dijo Bianco en una conferencia de prensa, en la que agreg\u00f3 que, cuando se realice esa presentaci\u00f3n. tambi\u00e9n se anunciar\u00e1 una \u00abmejora salarial importante para la fuerza\u00bb.<\/p>\n<p>As\u00ed lo anunci\u00f3 en una rueda de prensa que ofreci\u00f3, junto al ministro de Seguridad, Sergio Berni, en el Centro de Coordinaci\u00f3n estrat\u00e9gica de la Polic\u00eda de la provincia de Buenos Aires para referirse a las condiciones laborales de esa fuerza.<\/p>\n<p>\u00abQueremos dar certidumbre sobre lo que va a pasar, queremos dar certeza a la fuerza\u00bb, dijo Bianco en la rueda de prensa.<\/p>\n<p>Ayer, efectivos retirados de la Polic\u00eda bonaerense y agentes en actividad, francos de servicio, realizaron una protesta en el centro de la ciudad de La Plata en reclamo de una mejora salarial y en demanda de insumos para prevenir el contagio del coronavirus.<\/p>\n<p>Los polic\u00edas, junto a sus familiares, cortaron las calles 7 y 50, en el centro de la capital provincial, en tanto algunos patrulleros que se acercaron a la zona hicieron sonar sus sirenas en apoyo a la protesta.<\/p>\n<p>Los efectivos se manifestaron en demanda de una mejora salarial y para que les sea provistos insumos que eviten se contagien de coronavirus, expresaron a los medios, resguardando su identidad.<\/p>\n<p>Protestas similares se registraron anoche en Mar del Plata, Jun\u00edn, Bah\u00eda Blanca y otros distritos del conurbano provincial.<\/p>\n","protected":false},"excerpt":{"rendered":"<p>El Jefe de Gabinete bonaerense, Carlos Bianco dijo hoy que este jueves o viernes se anunciar\u00e1 una \u00abmejora salarial importante\u00bb para la polic\u00eda de la provincia de Buenos Aires y sostuvo que las autoridades buscan \u00abdar certezas a la fuerza\u00bb.<\/p>\n","protected":false},"author":3,"featured_media":0,"comment_status":"closed","ping_status":"open","sticky":false,"template":"","format":"standard","meta":{"footnotes":""},"categories":[24],"tags":[],"class_list":["post-46695","post","type-post","status-publish","format-standard","hentry","category-politica"],"yoast_head":"<!-- This site is optimized with the Yoast SEO plugin v25.9 - https:\/\/yoast.com\/wordpress\/plugins\/seo\/ -->\n<title>Bianco confirm\u00f3 que esta semana se anunciar\u00e1 un aumento salarial a polic\u00edas bonaerenses - Noticias Radio Reflejos<\/title>\n<meta name=\"robots\" content=\"index, follow, max-snippet:-1, max-image-preview:large, max-video-preview:-1\" \/>\n<link rel=\"canonical\" href=\"https:\/\/www.noticiasradioreflejos.com.ar\/2021\/bianco-confirmo-que-esta-semana-se-anunciara-un-aumento-salarial-a-policias-bonaerenses\/\" \/>\n<meta property=\"og:locale\" content=\"es_ES\" \/>\n<meta property=\"og:type\" content=\"article\" \/>\n<meta property=\"og:title\" content=\"Bianco confirm\u00f3 que esta semana se anunciar\u00e1 un aumento salarial a polic\u00edas bonaerenses - Noticias Radio Reflejos\" \/>\n<meta property=\"og:description\" content=\"El Jefe de Gabinete bonaerense, Carlos Bianco dijo hoy que este jueves o viernes se anunciar\u00e1 una \u00abmejora salarial importante\u00bb para la polic\u00eda de la provincia de Buenos Aires y sostuvo que las autoridades buscan \u00abdar certezas a la fuerza\u00bb.\" \/>\n<meta property=\"og:url\" content=\"https:\/\/www.noticiasradioreflejos.com.ar\/2021\/bianco-confirmo-que-esta-semana-se-anunciara-un-aumento-salarial-a-policias-bonaerenses\/\" \/>\n<meta property=\"og:site_name\" content=\"Noticias Radio Reflejos\" \/>\n<meta property=\"article:published_time\" content=\"2020-09-08T11:38:54+00:00\" \/>\n<meta property=\"og:image\" content=\"https:\/\/www.noticiasradioreflejos.com.ar\/2021\/wp-content\/uploads\/2021\/07\/logosol300x200.png\" \/>\n\t<meta property=\"og:image:width\" content=\"300\" \/>\n\t<meta property=\"og:image:height\" content=\"200\" \/>\n\t<meta property=\"og:image:type\" content=\"image\/png\" \/>\n<meta name=\"author\" content=\"Arnaldo Botto\" \/>\n<meta name=\"twitter:card\" content=\"summary_large_image\" \/>\n<script type=\"application\/ld+json\" class=\"yoast-schema-graph\">{\"@context\":\"https:\/\/schema.org\",\"@graph\":[{\"@type\":\"WebPage\",\"@id\":\"https:\/\/www.noticiasradioreflejos.com.ar\/2021\/bianco-confirmo-que-esta-semana-se-anunciara-un-aumento-salarial-a-policias-bonaerenses\/\",\"url\":\"https:\/\/www.noticiasradioreflejos.com.ar\/2021\/bianco-confirmo-que-esta-semana-se-anunciara-un-aumento-salarial-a-policias-bonaerenses\/\",\"name\":\"Bianco confirm\u00f3 que esta semana se anunciar\u00e1 un aumento salarial a polic\u00edas bonaerenses - Noticias Radio Reflejos\",\"isPartOf\":{\"@id\":\"https:\/\/www.noticiasradioreflejos.com.ar\/2021\/#website\"},\"datePublished\":\"2020-09-08T11:38:54+00:00\",\"author\":{\"@id\":\"https:\/\/www.noticiasradioreflejos.com.ar\/2021\/#\/schema\/person\/ad82545263dcc5ec0996818884fd5fb1\"},\"breadcrumb\":{\"@id\":\"https:\/\/www.noticiasradioreflejos.com.ar\/2021\/bianco-confirmo-que-esta-semana-se-anunciara-un-aumento-salarial-a-policias-bonaerenses\/#breadcrumb\"},\"inLanguage\":\"es\",\"potentialAction\":[{\"@type\":\"ReadAction\",\"target\":[\"https:\/\/www.noticiasradioreflejos.com.ar\/2021\/bianco-confirmo-que-esta-semana-se-anunciara-un-aumento-salarial-a-policias-bonaerenses\/\"]}]},{\"@type\":\"BreadcrumbList\",\"@id\":\"https:\/\/www.noticiasradioreflejos.com.ar\/2021\/bianco-confirmo-que-esta-semana-se-anunciara-un-aumento-salarial-a-policias-bonaerenses\/#breadcrumb\",\"itemListElement\":[{\"@type\":\"ListItem\",\"position\":1,\"name\":\"Portada\",\"item\":\"https:\/\/www.noticiasradioreflejos.com.ar\/2021\/\"},{\"@type\":\"ListItem\",\"position\":2,\"name\":\"Bianco confirm\u00f3 que esta semana se anunciar\u00e1 un aumento salarial a polic\u00edas bonaerenses\"}]},{\"@type\":\"WebSite\",\"@id\":\"https:\/\/www.noticiasradioreflejos.com.ar\/2021\/#website\",\"url\":\"https:\/\/www.noticiasradioreflejos.com.ar\/2021\/\",\"name\":\"Noticias Radio Reflejos\",\"description\":\"Las noticias de mi comarca\",\"potentialAction\":[{\"@type\":\"SearchAction\",\"target\":{\"@type\":\"EntryPoint\",\"urlTemplate\":\"https:\/\/www.noticiasradioreflejos.com.ar\/2021\/?s={search_term_string}\"},\"query-input\":{\"@type\":\"PropertyValueSpecification\",\"valueRequired\":true,\"valueName\":\"search_term_string\"}}],\"inLanguage\":\"es\"},{\"@type\":\"Person\",\"@id\":\"https:\/\/www.noticiasradioreflejos.com.ar\/2021\/#\/schema\/person\/ad82545263dcc5ec0996818884fd5fb1\",\"name\":\"Arnaldo Botto\",\"image\":{\"@type\":\"ImageObject\",\"inLanguage\":\"es\",\"@id\":\"https:\/\/www.noticiasradioreflejos.com.ar\/2021\/#\/schema\/person\/image\/\",\"url\":\"https:\/\/secure.gravatar.com\/avatar\/55cb5e37c1efa326397366e6974cb338056df65cb50e7d64d1cf314e87504837?s=96&d=mm&r=g\",\"contentUrl\":\"https:\/\/secure.gravatar.com\/avatar\/55cb5e37c1efa326397366e6974cb338056df65cb50e7d64d1cf314e87504837?s=96&d=mm&r=g\",\"caption\":\"Arnaldo Botto\"},\"url\":\"https:\/\/www.noticiasradioreflejos.com.ar\/2021\/author\/arnaldo\/\"}]}<\/script>\n<!-- \/ Yoast SEO plugin. -->","yoast_head_json":{"title":"Bianco confirm\u00f3 que esta semana se anunciar\u00e1 un aumento salarial a polic\u00edas bonaerenses - Noticias Radio Reflejos","robots":{"index":"index","follow":"follow","max-snippet":"max-snippet:-1","max-image-preview":"max-image-preview:large","max-video-preview":"max-video-preview:-1"},"canonical":"https:\/\/www.noticiasradioreflejos.com.ar\/2021\/bianco-confirmo-que-esta-semana-se-anunciara-un-aumento-salarial-a-policias-bonaerenses\/","og_locale":"es_ES","og_type":"article","og_title":"Bianco confirm\u00f3 que esta semana se anunciar\u00e1 un aumento salarial a polic\u00edas bonaerenses - Noticias Radio Reflejos","og_description":"El Jefe de Gabinete bonaerense, Carlos Bianco dijo hoy que este jueves o viernes se anunciar\u00e1 una \u00abmejora salarial importante\u00bb para la polic\u00eda de la provincia de Buenos Aires y sostuvo que las autoridades buscan \u00abdar certezas a la fuerza\u00bb.","og_url":"https:\/\/www.noticiasradioreflejos.com.ar\/2021\/bianco-confirmo-que-esta-semana-se-anunciara-un-aumento-salarial-a-policias-bonaerenses\/","og_site_name":"Noticias Radio Reflejos","article_published_time":"2020-09-08T11:38:54+00:00","og_image":[{"width":300,"height":200,"url":"https:\/\/www.noticiasradioreflejos.com.ar\/2021\/wp-content\/uploads\/2021\/07\/logosol300x200.png","type":"image\/png"}],"author":"Arnaldo Botto","twitter_card":"summary_large_image","schema":{"@context":"https:\/\/schema.org","@graph":[{"@type":"WebPage","@id":"https:\/\/www.noticiasradioreflejos.com.ar\/2021\/bianco-confirmo-que-esta-semana-se-anunciara-un-aumento-salarial-a-policias-bonaerenses\/","url":"https:\/\/www.noticiasradioreflejos.com.ar\/2021\/bianco-confirmo-que-esta-semana-se-anunciara-un-aumento-salarial-a-policias-bonaerenses\/","name":"Bianco confirm\u00f3 que esta semana se anunciar\u00e1 un aumento salarial a polic\u00edas bonaerenses - Noticias Radio Reflejos","isPartOf":{"@id":"https:\/\/www.noticiasradioreflejos.com.ar\/2021\/#website"},"datePublished":"2020-09-08T11:38:54+00:00","author":{"@id":"https:\/\/www.noticiasradioreflejos.com.ar\/2021\/#\/schema\/person\/ad82545263dcc5ec0996818884fd5fb1"},"breadcrumb":{"@id":"https:\/\/www.noticiasradioreflejos.com.ar\/2021\/bianco-confirmo-que-esta-semana-se-anunciara-un-aumento-salarial-a-policias-bonaerenses\/#breadcrumb"},"inLanguage":"es","potentialAction":[{"@type":"ReadAction","target":["https:\/\/www.noticiasradioreflejos.com.ar\/2021\/bianco-confirmo-que-esta-semana-se-anunciara-un-aumento-salarial-a-policias-bonaerenses\/"]}]},{"@type":"BreadcrumbList","@id":"https:\/\/www.noticiasradioreflejos.com.ar\/2021\/bianco-confirmo-que-esta-semana-se-anunciara-un-aumento-salarial-a-policias-bonaerenses\/#breadcrumb","itemListElement":[{"@type":"ListItem","position":1,"name":"Portada","item":"https:\/\/www.noticiasradioreflejos.com.ar\/2021\/"},{"@type":"ListItem","position":2,"name":"Bianco confirm\u00f3 que esta semana se anunciar\u00e1 un aumento salarial a polic\u00edas bonaerenses"}]},{"@type":"WebSite","@id":"https:\/\/www.noticiasradioreflejos.com.ar\/2021\/#website","url":"https:\/\/www.noticiasradioreflejos.com.ar\/2021\/","name":"Noticias Radio Reflejos","description":"Las noticias de mi comarca","potentialAction":[{"@type":"SearchAction","target":{"@type":"EntryPoint","urlTemplate":"https:\/\/www.noticiasradioreflejos.com.ar\/2021\/?s={search_term_string}"},"query-input":{"@type":"PropertyValueSpecification","valueRequired":true,"valueName":"search_term_string"}}],"inLanguage":"es"},{"@type":"Person","@id":"https:\/\/www.noticiasradioreflejos.com.ar\/2021\/#\/schema\/person\/ad82545263dcc5ec0996818884fd5fb1","name":"Arnaldo Botto","image":{"@type":"ImageObject","inLanguage":"es","@id":"https:\/\/www.noticiasradioreflejos.com.ar\/2021\/#\/schema\/person\/image\/","url":"https:\/\/secure.gravatar.com\/avatar\/55cb5e37c1efa326397366e6974cb338056df65cb50e7d64d1cf314e87504837?s=96&d=mm&r=g","contentUrl":"https:\/\/secure.gravatar.com\/avatar\/55cb5e37c1efa326397366e6974cb338056df65cb50e7d64d1cf314e87504837?s=96&d=mm&r=g","caption":"Arnaldo Botto"},"url":"https:\/\/www.noticiasradioreflejos.com.ar\/2021\/author\/arnaldo\/"}]}},"_links":{"self":[{"href":"https:\/\/www.noticiasradioreflejos.com.ar\/2021\/wp-json\/wp\/v2\/posts\/46695","targetHints":{"allow":["GET"]}}],"collection":[{"href":"https:\/\/www.noticiasradioreflejos.com.ar\/2021\/wp-json\/wp\/v2\/posts"}],"about":[{"href":"https:\/\/www.noticiasradioreflejos.com.ar\/2021\/wp-json\/wp\/v2\/types\/post"}],"author":[{"embeddable":true,"href":"https:\/\/www.noticiasradioreflejos.com.ar\/2021\/wp-json\/wp\/v2\/users\/3"}],"replies":[{"embeddable":true,"href":"https:\/\/www.noticiasradioreflejos.com.ar\/2021\/wp-json\/wp\/v2\/comments?post=46695"}],"version-history":[{"count":0,"href":"https:\/\/www.noticiasradioreflejos.com.ar\/2021\/wp-json\/wp\/v2\/posts\/46695\/revisions"}],"wp:attachment":[{"href":"https:\/\/www.noticiasradioreflejos.com.ar\/2021\/wp-json\/wp\/v2\/media?parent=46695"}],"wp:term":[{"taxonomy":"category","embeddable":true,"href":"https:\/\/www.noticiasradioreflejos.com.ar\/2021\/wp-json\/wp\/v2\/categories?post=46695"},{"taxonomy":"post_tag","embeddable":true,"href":"https:\/\/www.noticiasradioreflejos.com.ar\/2021\/wp-json\/wp\/v2\/tags?post=46695"}],"curies":[{"name":"wp","href":"https:\/\/api.w.org\/{rel}","templated":true}]}}