{"id":46692,"date":"2020-09-08T08:34:40","date_gmt":"2020-09-08T11:34:40","guid":{"rendered":"http:\/\/www.noticiasradioreflejos.com.ar\/noticias\/?p=46692"},"modified":"2020-09-08T08:34:40","modified_gmt":"2020-09-08T11:34:40","slug":"efectivos-de-la-policia-bonaerense-realizaron-protestas-en-distintos-puntos-de-la-provincia-en-reclamo-de-mejores-condiciones-de-trabajo","status":"publish","type":"post","link":"https:\/\/www.noticiasradioreflejos.com.ar\/2021\/efectivos-de-la-policia-bonaerense-realizaron-protestas-en-distintos-puntos-de-la-provincia-en-reclamo-de-mejores-condiciones-de-trabajo\/","title":{"rendered":"Efectivos de la polic\u00eda bonaerense realizaron protestas en distintos puntos de la Provincia en reclamo de mejores condiciones de trabajo."},"content":{"rendered":"<p>La Matanza fue el distrito donde m\u00e1s se sinti\u00f3 la convocatoria pero el lugar m\u00e1s inc\u00f3modo para Axel Kicillof y Sergio Berni fue la protesta desarrollada frente a la Casa de Gobierno y el Ministerio de Seguridad<!--more--><br \/>\nPolic\u00edas bonaerenses retirados y en actividad se manifestaron durante el lunes en distintos puntos de la provincia de Buenos Aires junto a familiares, vecinos y efectivos de fuerzas federales y de Gendarmer\u00eda agrupados en distintas organizaciones (Fuerzas Unidas, AFUDDHH, SUPTRA Central). El pedido de mejores condiciones salariales fue el principal reclamo pero a ello se sumaron otros puntos como el de mejor equipamiento y entrenamiento.<\/p>\n<p>Una de las medidas que tomaron fue la de retenci\u00f3n de tareas, que consiste en atender s\u00f3lo las llamadas al 911. No patrullan comercios ni vigilan tierras que pueden ser usurpadas. Tampoco prestan atenci\u00f3n a las viviendas. Cada zona queda pr\u00e1cticamente en el desamparo.<br \/>\nLa medida fue creciendo y sumando adeptos con el correr de las horas del lunes. La Matanza fue el distrito donde m\u00e1s se sinti\u00f3 la convocatoria pero el lugar m\u00e1s inc\u00f3modo para Axel Kicillof y Sergio Berni fue la protesta desarrollada frente a la Casa de Gobierno y el Ministerio de Seguridad. Los efectivos hicieron sonar las sirenas de los patrulleros y polic\u00edas junto a civiles aplaudieron y tocaron algunos bombos.<\/p>\n<p><iframe loading=\"lazy\" src=\"https:\/\/www.youtube.com\/embed\/4lHKN3JdhMs\" width=\"560\" height=\"315\" frameborder=\"0\" allowfullscreen=\"allowfullscreen\"><\/iframe><br \/>\n<span style=\"color: #3366ff;\"><em>Im\u00e1genes de Bah\u00eda Blanca, Necochea, Mar del Plata y Alte Brown<\/em><\/span><\/p>\n<p>Al principio, el programa de retenci\u00f3n de tareas, que equivale al trabajo a reglamento en la actividad civil, tom\u00f3 fuerza en los principales partidos del conurbano bonaerense, pero con el correr de las horas gan\u00f3 a toda la provincia. Pasadas las 22 horas segu\u00edan con fuerza en La Plata, La Matanza, Jun\u00edn, Bah\u00eda Blanca, Almirante Brown y Mar del Plata.<\/p>\n<p>Los comisarios en las departamentales intimaron a los subordinados a desistir explic\u00e1ndoles que les iban a iniciar sumarios. Sin embargo, la cantidad de polic\u00edas adheridos a la protesta transformaba en impracticable la tarea de labrarle las actuaciones.<br \/>\nEl conflicto tom\u00f3 fuerza despu\u00e9s de la muerte de la oficial Julia Valles, atropellada en la madrugada del s\u00e1bado por una moto en uno de los controles urbanos de Lan\u00fas en el l\u00edmite con Berazategui. \u201cNos mandan a esos controles en nuestros autos o en \u00f3mnibus. Nos dan dos conos anaranjados y un Handy que no funciona y nos dejan expuestos a cualquier asesino. Si de un puesto de control nos tienen que avisar que hay un veh\u00edculo sospechoso, el mensaje llega por WhatsApp y muchas veces, tarde\u201d, relat\u00f3 uno de los suboficiales en la manifestaci\u00f3n.<\/p>\n<p>Las quejas eran interminables. En primer lugar, estaba el tema salarial. Un polic\u00eda el primer a\u00f1o haciendo adicionales, cobra $61 mil, pero tiene que pagar su uniforme y las balas, entre otros gastos. Esto si trabajan hasta 36 horas corridas y en los francos hacen otras tareas. Despu\u00e9s de las 12 horas de la jornada laboral, cobran un adicional de $40 que hace dos a\u00f1os que no se modifica. \u201cEstas horas Cores, equivalen a menos del treinta por ciento de lo que gana por hora una empleada dom\u00e9stica\u201d explic\u00f3 un polic\u00eda.<\/p>\n<p>La otra queja era porque la tropa de m\u00f3viles se estaba desgastando velozmente. Un veh\u00edculo policial a los 12 meses, por el elevado rodamiento y las condiciones extremas en que trabajan tienen un fuerte desgaste. \u201cHay compa\u00f1eros que manejan m\u00f3viles que no tienen frenos o no est\u00e1n en buenas condiciones. En una persecuci\u00f3n es f\u00e1cil perder el control del veh\u00edculo. Todo esto sin contar el sue\u00f1o, que es el peor enemigo, cuando lo ponen al conductor doce horas al volante. De la nafta mejor no hablemos, hay reparticiones donde no hay dinero ni para combustible\u201d, siguieron relatando.<\/p>\n<p>La pandemia tambi\u00e9n es un inconveniente. M\u00e1s all\u00e1 de los polic\u00edas contagiados, los dej\u00f3 sin entrenamiento. Antes de marzo entre cien y trescientos polic\u00edas hac\u00edan diariamente su reentrenamiento que lo deben realizar en sus d\u00edas francos. Ahora, solo lo pueden hacer en grupos de cinco por el riesgo de contagio y con esta proporci\u00f3n la mayor\u00eda de la fuerza est\u00e1 sin pr\u00e1ctica de tiro.<\/p>\n<p>Muchos agentes acompa\u00f1aron esta protesta y parecen dispuestos a reclamar.<br \/>\nMuchos agentes acompa\u00f1aron esta protesta y parecen dispuestos a reclamar.<br \/>\nCristian Ritondo, ex ministro de Seguridad, recuerda que tuvo un solo episodio con la polic\u00eda. \u201cSi a estos les estalla uno de esta magnitud a los nueve meses de Gobierno no quiero imaginar que pasar\u00e1 m\u00e1s adelante\u201d, se\u00f1al\u00f3 a Infobae. \u201cYo compre sesenta mil chalecos y ya se est\u00e1n venciendo los primeros diez mil y no los est\u00e1n renovando\u201d, agreg\u00f3.<\/p>\n<p>Por supuesto, en voz baja, los polic\u00edas preguntaban \u201c\u00bfUsted oy\u00f3 hablar ahora del juego ilegal? \u00bfNo? Volvi\u00f3 a como era antes. Se reincorporaron ochocientos polic\u00edas sumariados y oficiales de alto rango envueltos en causas de corrupci\u00f3n. De los narcotraficantes ni noticias \u00bfCu\u00e1nto hace que no se derrumban bunkers? Y entra alg\u00fan pesado\u201d, las preguntas eran infinitas y comparaban estos hechos con el discurso del ministro Berni sobre la seguridad y las cr\u00edticas a su colega en la Naci\u00f3n Sabina Federic.<\/p>\n<p>infobae-image<br \/>\nTambi\u00e9n criticaron las nuevas medidas de seguridad. Los intendentes est\u00e1n sin recursos y el personal que env\u00edan de la Naci\u00f3n est\u00e1 tan mal equipado como el de la bonaerense. \u201cAhora los delincuentes tiran con fusiles FAL o AK 47 que est\u00e1n llegando a la Argentina de una manera asombrosa. Tambi\u00e9n manejan ametralladoras Uzi y nosotros contamos con simples pistolas y escopetas con postas de goma. De plomo, nos est\u00e1 prohibido. Cuando ellos huyen tiran r\u00e1fagas de ametralladora de espaldas y no les importa si matan a inocentes. Nosotros le pegamos un balazo en la espalda, mientras huye y dispara, y nos hacen interminables sumarios que nos dejan sin salario y sin adicionales mientras dura la investigaci\u00f3n. Hay fiscales que nos investigan si tiramos m\u00e1s de tres tiros para ver si hubo alevos\u00eda\u201d.<\/p>\n<p>El conflicto tom\u00f3 fuerza despu\u00e9s de la muerte de la oficial Julia Valles, atropellada en la madrugada del s\u00e1bado por una moto en uno de los controles urbanos de Lan\u00fas en el l\u00edmite con Berazategui.<br \/>\nEl conflicto tom\u00f3 fuerza despu\u00e9s de la muerte de la oficial Julia Valles, atropellada en la madrugada del s\u00e1bado por una moto en uno de los controles urbanos de Lan\u00fas en el l\u00edmite con Berazategui.<br \/>\nEl otro temor de los funcionarios es el Servicio Penitenciario Bonaerense. Muchos agentes acompa\u00f1aron esta protesta y parecen dispuestos a reclamar. El efecto contagio en las fuerzas de seguridad es grande. Cabe recordar la \u00faltima rebeli\u00f3n policial que naci\u00f3 en C\u00f3rdoba, durante el mandato de CFK, y se extendi\u00f3 a casi todo el pa\u00eds.<\/p>\n<p>La debilidad de las fuerzas de seguridad se revela en cada protesta.<\/p>\n<p>&nbsp;<\/p>\n<p><strong><span style=\"color: #ff6600;\">Por Luis Beldi de Infobae<\/span><\/strong><\/p>\n","protected":false},"excerpt":{"rendered":"<p>La Matanza fue el distrito donde m\u00e1s se sinti\u00f3 la convocatoria pero el lugar m\u00e1s inc\u00f3modo para Axel Kicillof y Sergio Berni fue la protesta desarrollada frente a la Casa de Gobierno y el Ministerio de Seguridad<\/p>\n","protected":false},"author":3,"featured_media":0,"comment_status":"closed","ping_status":"open","sticky":false,"template":"","format":"standard","meta":{"footnotes":""},"categories":[29],"tags":[],"class_list":["post-46692","post","type-post","status-publish","format-standard","hentry","category-policiales"],"yoast_head":"<!-- This site is optimized with the Yoast SEO plugin v25.9 - https:\/\/yoast.com\/wordpress\/plugins\/seo\/ -->\n<title>Efectivos de la polic\u00eda bonaerense realizaron protestas en distintos puntos de la Provincia en reclamo de mejores condiciones de trabajo. - Noticias Radio Reflejos<\/title>\n<meta name=\"robots\" content=\"index, follow, max-snippet:-1, max-image-preview:large, max-video-preview:-1\" \/>\n<link rel=\"canonical\" href=\"https:\/\/www.noticiasradioreflejos.com.ar\/2021\/efectivos-de-la-policia-bonaerense-realizaron-protestas-en-distintos-puntos-de-la-provincia-en-reclamo-de-mejores-condiciones-de-trabajo\/\" \/>\n<meta property=\"og:locale\" content=\"es_ES\" \/>\n<meta property=\"og:type\" content=\"article\" \/>\n<meta property=\"og:title\" content=\"Efectivos de la polic\u00eda bonaerense realizaron protestas en distintos puntos de la Provincia en reclamo de mejores condiciones de trabajo. - Noticias Radio Reflejos\" \/>\n<meta property=\"og:description\" content=\"La Matanza fue el distrito donde m\u00e1s se sinti\u00f3 la convocatoria pero el lugar m\u00e1s inc\u00f3modo para Axel Kicillof y Sergio Berni fue la protesta desarrollada frente a la Casa de Gobierno y el Ministerio de Seguridad\" \/>\n<meta property=\"og:url\" content=\"https:\/\/www.noticiasradioreflejos.com.ar\/2021\/efectivos-de-la-policia-bonaerense-realizaron-protestas-en-distintos-puntos-de-la-provincia-en-reclamo-de-mejores-condiciones-de-trabajo\/\" \/>\n<meta property=\"og:site_name\" content=\"Noticias Radio Reflejos\" \/>\n<meta property=\"article:published_time\" content=\"2020-09-08T11:34:40+00:00\" \/>\n<meta property=\"og:image\" content=\"https:\/\/www.noticiasradioreflejos.com.ar\/2021\/wp-content\/uploads\/2021\/07\/logosol300x200.png\" \/>\n\t<meta property=\"og:image:width\" content=\"300\" \/>\n\t<meta property=\"og:image:height\" content=\"200\" \/>\n\t<meta property=\"og:image:type\" content=\"image\/png\" \/>\n<meta name=\"author\" content=\"Arnaldo Botto\" \/>\n<meta name=\"twitter:card\" content=\"summary_large_image\" \/>\n<script type=\"application\/ld+json\" class=\"yoast-schema-graph\">{\"@context\":\"https:\/\/schema.org\",\"@graph\":[{\"@type\":\"WebPage\",\"@id\":\"https:\/\/www.noticiasradioreflejos.com.ar\/2021\/efectivos-de-la-policia-bonaerense-realizaron-protestas-en-distintos-puntos-de-la-provincia-en-reclamo-de-mejores-condiciones-de-trabajo\/\",\"url\":\"https:\/\/www.noticiasradioreflejos.com.ar\/2021\/efectivos-de-la-policia-bonaerense-realizaron-protestas-en-distintos-puntos-de-la-provincia-en-reclamo-de-mejores-condiciones-de-trabajo\/\",\"name\":\"Efectivos de la polic\u00eda bonaerense realizaron protestas en distintos puntos de la Provincia en reclamo de mejores condiciones de trabajo. - Noticias Radio Reflejos\",\"isPartOf\":{\"@id\":\"https:\/\/www.noticiasradioreflejos.com.ar\/2021\/#website\"},\"datePublished\":\"2020-09-08T11:34:40+00:00\",\"author\":{\"@id\":\"https:\/\/www.noticiasradioreflejos.com.ar\/2021\/#\/schema\/person\/ad82545263dcc5ec0996818884fd5fb1\"},\"breadcrumb\":{\"@id\":\"https:\/\/www.noticiasradioreflejos.com.ar\/2021\/efectivos-de-la-policia-bonaerense-realizaron-protestas-en-distintos-puntos-de-la-provincia-en-reclamo-de-mejores-condiciones-de-trabajo\/#breadcrumb\"},\"inLanguage\":\"es\",\"potentialAction\":[{\"@type\":\"ReadAction\",\"target\":[\"https:\/\/www.noticiasradioreflejos.com.ar\/2021\/efectivos-de-la-policia-bonaerense-realizaron-protestas-en-distintos-puntos-de-la-provincia-en-reclamo-de-mejores-condiciones-de-trabajo\/\"]}]},{\"@type\":\"BreadcrumbList\",\"@id\":\"https:\/\/www.noticiasradioreflejos.com.ar\/2021\/efectivos-de-la-policia-bonaerense-realizaron-protestas-en-distintos-puntos-de-la-provincia-en-reclamo-de-mejores-condiciones-de-trabajo\/#breadcrumb\",\"itemListElement\":[{\"@type\":\"ListItem\",\"position\":1,\"name\":\"Portada\",\"item\":\"https:\/\/www.noticiasradioreflejos.com.ar\/2021\/\"},{\"@type\":\"ListItem\",\"position\":2,\"name\":\"Efectivos de la polic\u00eda bonaerense realizaron protestas en distintos puntos de la Provincia en reclamo de mejores condiciones de trabajo.\"}]},{\"@type\":\"WebSite\",\"@id\":\"https:\/\/www.noticiasradioreflejos.com.ar\/2021\/#website\",\"url\":\"https:\/\/www.noticiasradioreflejos.com.ar\/2021\/\",\"name\":\"Noticias Radio Reflejos\",\"description\":\"Las noticias de mi comarca\",\"potentialAction\":[{\"@type\":\"SearchAction\",\"target\":{\"@type\":\"EntryPoint\",\"urlTemplate\":\"https:\/\/www.noticiasradioreflejos.com.ar\/2021\/?s={search_term_string}\"},\"query-input\":{\"@type\":\"PropertyValueSpecification\",\"valueRequired\":true,\"valueName\":\"search_term_string\"}}],\"inLanguage\":\"es\"},{\"@type\":\"Person\",\"@id\":\"https:\/\/www.noticiasradioreflejos.com.ar\/2021\/#\/schema\/person\/ad82545263dcc5ec0996818884fd5fb1\",\"name\":\"Arnaldo Botto\",\"image\":{\"@type\":\"ImageObject\",\"inLanguage\":\"es\",\"@id\":\"https:\/\/www.noticiasradioreflejos.com.ar\/2021\/#\/schema\/person\/image\/\",\"url\":\"https:\/\/secure.gravatar.com\/avatar\/55cb5e37c1efa326397366e6974cb338056df65cb50e7d64d1cf314e87504837?s=96&d=mm&r=g\",\"contentUrl\":\"https:\/\/secure.gravatar.com\/avatar\/55cb5e37c1efa326397366e6974cb338056df65cb50e7d64d1cf314e87504837?s=96&d=mm&r=g\",\"caption\":\"Arnaldo Botto\"},\"url\":\"https:\/\/www.noticiasradioreflejos.com.ar\/2021\/author\/arnaldo\/\"}]}<\/script>\n<!-- \/ Yoast SEO plugin. -->","yoast_head_json":{"title":"Efectivos de la polic\u00eda bonaerense realizaron protestas en distintos puntos de la Provincia en reclamo de mejores condiciones de trabajo. - Noticias Radio Reflejos","robots":{"index":"index","follow":"follow","max-snippet":"max-snippet:-1","max-image-preview":"max-image-preview:large","max-video-preview":"max-video-preview:-1"},"canonical":"https:\/\/www.noticiasradioreflejos.com.ar\/2021\/efectivos-de-la-policia-bonaerense-realizaron-protestas-en-distintos-puntos-de-la-provincia-en-reclamo-de-mejores-condiciones-de-trabajo\/","og_locale":"es_ES","og_type":"article","og_title":"Efectivos de la polic\u00eda bonaerense realizaron protestas en distintos puntos de la Provincia en reclamo de mejores condiciones de trabajo. - Noticias Radio Reflejos","og_description":"La Matanza fue el distrito donde m\u00e1s se sinti\u00f3 la convocatoria pero el lugar m\u00e1s inc\u00f3modo para Axel Kicillof y Sergio Berni fue la protesta desarrollada frente a la Casa de Gobierno y el Ministerio de Seguridad","og_url":"https:\/\/www.noticiasradioreflejos.com.ar\/2021\/efectivos-de-la-policia-bonaerense-realizaron-protestas-en-distintos-puntos-de-la-provincia-en-reclamo-de-mejores-condiciones-de-trabajo\/","og_site_name":"Noticias Radio Reflejos","article_published_time":"2020-09-08T11:34:40+00:00","og_image":[{"width":300,"height":200,"url":"https:\/\/www.noticiasradioreflejos.com.ar\/2021\/wp-content\/uploads\/2021\/07\/logosol300x200.png","type":"image\/png"}],"author":"Arnaldo Botto","twitter_card":"summary_large_image","schema":{"@context":"https:\/\/schema.org","@graph":[{"@type":"WebPage","@id":"https:\/\/www.noticiasradioreflejos.com.ar\/2021\/efectivos-de-la-policia-bonaerense-realizaron-protestas-en-distintos-puntos-de-la-provincia-en-reclamo-de-mejores-condiciones-de-trabajo\/","url":"https:\/\/www.noticiasradioreflejos.com.ar\/2021\/efectivos-de-la-policia-bonaerense-realizaron-protestas-en-distintos-puntos-de-la-provincia-en-reclamo-de-mejores-condiciones-de-trabajo\/","name":"Efectivos de la polic\u00eda bonaerense realizaron protestas en distintos puntos de la Provincia en reclamo de mejores condiciones de trabajo. - Noticias Radio Reflejos","isPartOf":{"@id":"https:\/\/www.noticiasradioreflejos.com.ar\/2021\/#website"},"datePublished":"2020-09-08T11:34:40+00:00","author":{"@id":"https:\/\/www.noticiasradioreflejos.com.ar\/2021\/#\/schema\/person\/ad82545263dcc5ec0996818884fd5fb1"},"breadcrumb":{"@id":"https:\/\/www.noticiasradioreflejos.com.ar\/2021\/efectivos-de-la-policia-bonaerense-realizaron-protestas-en-distintos-puntos-de-la-provincia-en-reclamo-de-mejores-condiciones-de-trabajo\/#breadcrumb"},"inLanguage":"es","potentialAction":[{"@type":"ReadAction","target":["https:\/\/www.noticiasradioreflejos.com.ar\/2021\/efectivos-de-la-policia-bonaerense-realizaron-protestas-en-distintos-puntos-de-la-provincia-en-reclamo-de-mejores-condiciones-de-trabajo\/"]}]},{"@type":"BreadcrumbList","@id":"https:\/\/www.noticiasradioreflejos.com.ar\/2021\/efectivos-de-la-policia-bonaerense-realizaron-protestas-en-distintos-puntos-de-la-provincia-en-reclamo-de-mejores-condiciones-de-trabajo\/#breadcrumb","itemListElement":[{"@type":"ListItem","position":1,"name":"Portada","item":"https:\/\/www.noticiasradioreflejos.com.ar\/2021\/"},{"@type":"ListItem","position":2,"name":"Efectivos de la polic\u00eda bonaerense realizaron protestas en distintos puntos de la Provincia en reclamo de mejores condiciones de trabajo."}]},{"@type":"WebSite","@id":"https:\/\/www.noticiasradioreflejos.com.ar\/2021\/#website","url":"https:\/\/www.noticiasradioreflejos.com.ar\/2021\/","name":"Noticias Radio Reflejos","description":"Las noticias de mi comarca","potentialAction":[{"@type":"SearchAction","target":{"@type":"EntryPoint","urlTemplate":"https:\/\/www.noticiasradioreflejos.com.ar\/2021\/?s={search_term_string}"},"query-input":{"@type":"PropertyValueSpecification","valueRequired":true,"valueName":"search_term_string"}}],"inLanguage":"es"},{"@type":"Person","@id":"https:\/\/www.noticiasradioreflejos.com.ar\/2021\/#\/schema\/person\/ad82545263dcc5ec0996818884fd5fb1","name":"Arnaldo Botto","image":{"@type":"ImageObject","inLanguage":"es","@id":"https:\/\/www.noticiasradioreflejos.com.ar\/2021\/#\/schema\/person\/image\/","url":"https:\/\/secure.gravatar.com\/avatar\/55cb5e37c1efa326397366e6974cb338056df65cb50e7d64d1cf314e87504837?s=96&d=mm&r=g","contentUrl":"https:\/\/secure.gravatar.com\/avatar\/55cb5e37c1efa326397366e6974cb338056df65cb50e7d64d1cf314e87504837?s=96&d=mm&r=g","caption":"Arnaldo Botto"},"url":"https:\/\/www.noticiasradioreflejos.com.ar\/2021\/author\/arnaldo\/"}]}},"_links":{"self":[{"href":"https:\/\/www.noticiasradioreflejos.com.ar\/2021\/wp-json\/wp\/v2\/posts\/46692","targetHints":{"allow":["GET"]}}],"collection":[{"href":"https:\/\/www.noticiasradioreflejos.com.ar\/2021\/wp-json\/wp\/v2\/posts"}],"about":[{"href":"https:\/\/www.noticiasradioreflejos.com.ar\/2021\/wp-json\/wp\/v2\/types\/post"}],"author":[{"embeddable":true,"href":"https:\/\/www.noticiasradioreflejos.com.ar\/2021\/wp-json\/wp\/v2\/users\/3"}],"replies":[{"embeddable":true,"href":"https:\/\/www.noticiasradioreflejos.com.ar\/2021\/wp-json\/wp\/v2\/comments?post=46692"}],"version-history":[{"count":0,"href":"https:\/\/www.noticiasradioreflejos.com.ar\/2021\/wp-json\/wp\/v2\/posts\/46692\/revisions"}],"wp:attachment":[{"href":"https:\/\/www.noticiasradioreflejos.com.ar\/2021\/wp-json\/wp\/v2\/media?parent=46692"}],"wp:term":[{"taxonomy":"category","embeddable":true,"href":"https:\/\/www.noticiasradioreflejos.com.ar\/2021\/wp-json\/wp\/v2\/categories?post=46692"},{"taxonomy":"post_tag","embeddable":true,"href":"https:\/\/www.noticiasradioreflejos.com.ar\/2021\/wp-json\/wp\/v2\/tags?post=46692"}],"curies":[{"name":"wp","href":"https:\/\/api.w.org\/{rel}","templated":true}]}}