{"id":46626,"date":"2020-09-05T16:23:48","date_gmt":"2020-09-05T19:23:48","guid":{"rendered":"http:\/\/www.noticiasradioreflejos.com.ar\/noticias\/?p=46626"},"modified":"2020-09-05T16:23:48","modified_gmt":"2020-09-05T19:23:48","slug":"tres-nuevas-muertes-por-coronavirus-en-bahia","status":"publish","type":"post","link":"https:\/\/www.noticiasradioreflejos.com.ar\/2021\/tres-nuevas-muertes-por-coronavirus-en-bahia\/","title":{"rendered":"Tres nuevas muertes por coronavirus en Bah\u00eda."},"content":{"rendered":"<p>Se trata de tres adultos mayores, de 75, 91 y 101 a\u00f1os. Adem\u00e1s, se notific\u00f3 que hubo 39 casos confirmados y 29 pacientes recuperados en las \u00faltimas 24 horas.<!--more--><\/p>\n<p style=\"text-align: left;\"><img loading=\"lazy\" decoding=\"async\" class=\"attachment- size- wp-post-image\" src=\"https:\/\/www.labrujula24.com\/wp-content\/uploads\/2020\/07\/coronavirus-argentina.jpg\" sizes=\"auto, (max-width: 1000px) 100vw, 1000px\" srcset=\"https:\/\/www.labrujula24.com\/wp-content\/uploads\/2020\/07\/coronavirus-argentina.jpg 1000w, https:\/\/www.labrujula24.com\/wp-content\/uploads\/2020\/07\/coronavirus-argentina-768x461.jpg 768w, https:\/\/www.labrujula24.com\/wp-content\/uploads\/2020\/07\/coronavirus-argentina-590x354.jpg 590w, https:\/\/www.labrujula24.com\/wp-content\/uploads\/2020\/07\/coronavirus-argentina-400x240.jpg 400w\" alt=\"\" width=\"1000\" height=\"600\" data-cfsrc=\"https:\/\/www.labrujula24.com\/wp-content\/uploads\/2020\/07\/coronavirus-argentina.jpg\" \/><\/p>\n<div id=\"mvp-site\" class=\"left relative\">\n<div id=\"mvp-site-wall\" class=\"left relative\">\n<div id=\"mvp-site-main\" class=\"left relative\">\n<div id=\"mvp-main-body-wrap\" class=\"left relative\">\n<article id=\"mvp-article-wrap\">\n<div class=\"left relative\">\n<div class=\"left relative\">\n<div class=\"mvp-main-box\">\n<div class=\"left relative\">\n<div class=\"mvp-post-main-out left relative\">\n<div class=\"mvp-post-main-in\">\n<div class=\"left relative\">\n<div class=\"left relative\">\n<div class=\"mvp-post-soc-out right relative\">\n<div class=\"mvp-post-soc-in\">\n<div class=\"left relative\">\n<div id=\"mvp-content-body-top\" class=\"left relative\">\n<div id=\"mvp-content-main\" class=\"left relative\">\n<div id=\"textbody\">\n<p><strong>En tal sentido, desde el municipio se indic\u00f3 que las v\u00edctimas fatales son una mujer de 75 a\u00f1os que no estaba internada, un hombre de 91 y otra mujer de 101, que estaban en el Hospital Italiano.<\/strong><\/p>\n<p>Adem\u00e1s, en el mismo informe se notific\u00f3 que hubo 39 contagios y 29 pacientes recuperados. As\u00ed las cosas, desde el comienzo de la pandemia en la ciudad se detectaron 1292 casos confirmados, de los cuales 493 contin\u00faan activos, 764 recuperados y 35 fallecidos.<\/p>\n<p><a title=\"2020-09-05_04-17-56\" href=\"http:\/\/live.staticflickr.com\/65535\/50308617838_071a2860ec_s.jpg\" rel=\"\"><img loading=\"lazy\" decoding=\"async\" class=\"aligncenter\" title=\"2020-09-05_04-17-56\" src=\"http:\/\/live.staticflickr.com\/65535\/50308617838_57a4566227_o.jpg\" alt=\"2020-09-05_04-17-56\" width=\"1200\" height=\"1050\" \/><\/a><\/p>\n<\/div>\n<\/div>\n<\/div>\n<\/div>\n<\/div>\n<\/div>\n<\/div>\n<\/div>\n<\/div>\n<\/div>\n<\/div>\n<\/div>\n<\/div>\n<\/div>\n<\/article>\n<\/div>\n<\/div>\n<\/div>\n<\/div>\n","protected":false},"excerpt":{"rendered":"<p>Se trata de tres adultos mayores, de 75, 91 y 101 a\u00f1os. Adem\u00e1s, se notific\u00f3 que hubo 39 casos confirmados y 29 pacientes recuperados en las \u00faltimas 24 horas.<\/p>\n","protected":false},"author":3,"featured_media":0,"comment_status":"closed","ping_status":"open","sticky":false,"template":"","format":"standard","meta":{"footnotes":""},"categories":[30],"tags":[],"class_list":["post-46626","post","type-post","status-publish","format-standard","hentry","category-salud"],"yoast_head":"<!-- This site is optimized with the Yoast SEO plugin v25.9 - https:\/\/yoast.com\/wordpress\/plugins\/seo\/ -->\n<title>Tres nuevas muertes por coronavirus en Bah\u00eda. - Noticias Radio Reflejos<\/title>\n<meta name=\"robots\" content=\"index, follow, max-snippet:-1, max-image-preview:large, max-video-preview:-1\" \/>\n<link rel=\"canonical\" href=\"https:\/\/www.noticiasradioreflejos.com.ar\/2021\/tres-nuevas-muertes-por-coronavirus-en-bahia\/\" \/>\n<meta property=\"og:locale\" content=\"es_ES\" \/>\n<meta property=\"og:type\" content=\"article\" \/>\n<meta property=\"og:title\" content=\"Tres nuevas muertes por coronavirus en Bah\u00eda. - Noticias Radio Reflejos\" \/>\n<meta property=\"og:description\" content=\"Se trata de tres adultos mayores, de 75, 91 y 101 a\u00f1os. Adem\u00e1s, se notific\u00f3 que hubo 39 casos confirmados y 29 pacientes recuperados en las \u00faltimas 24 horas.\" \/>\n<meta property=\"og:url\" content=\"https:\/\/www.noticiasradioreflejos.com.ar\/2021\/tres-nuevas-muertes-por-coronavirus-en-bahia\/\" \/>\n<meta property=\"og:site_name\" content=\"Noticias Radio Reflejos\" \/>\n<meta property=\"article:published_time\" content=\"2020-09-05T19:23:48+00:00\" \/>\n<meta property=\"og:image\" content=\"https:\/\/www.labrujula24.com\/wp-content\/uploads\/2020\/07\/coronavirus-argentina.jpg\" \/>\n<meta name=\"author\" content=\"Arnaldo Botto\" \/>\n<meta name=\"twitter:card\" content=\"summary_large_image\" \/>\n<script type=\"application\/ld+json\" class=\"yoast-schema-graph\">{\"@context\":\"https:\/\/schema.org\",\"@graph\":[{\"@type\":\"WebPage\",\"@id\":\"https:\/\/www.noticiasradioreflejos.com.ar\/2021\/tres-nuevas-muertes-por-coronavirus-en-bahia\/\",\"url\":\"https:\/\/www.noticiasradioreflejos.com.ar\/2021\/tres-nuevas-muertes-por-coronavirus-en-bahia\/\",\"name\":\"Tres nuevas muertes por coronavirus en Bah\u00eda. - Noticias Radio Reflejos\",\"isPartOf\":{\"@id\":\"https:\/\/www.noticiasradioreflejos.com.ar\/2021\/#website\"},\"primaryImageOfPage\":{\"@id\":\"https:\/\/www.noticiasradioreflejos.com.ar\/2021\/tres-nuevas-muertes-por-coronavirus-en-bahia\/#primaryimage\"},\"image\":{\"@id\":\"https:\/\/www.noticiasradioreflejos.com.ar\/2021\/tres-nuevas-muertes-por-coronavirus-en-bahia\/#primaryimage\"},\"thumbnailUrl\":\"https:\/\/www.labrujula24.com\/wp-content\/uploads\/2020\/07\/coronavirus-argentina.jpg\",\"datePublished\":\"2020-09-05T19:23:48+00:00\",\"author\":{\"@id\":\"https:\/\/www.noticiasradioreflejos.com.ar\/2021\/#\/schema\/person\/ad82545263dcc5ec0996818884fd5fb1\"},\"breadcrumb\":{\"@id\":\"https:\/\/www.noticiasradioreflejos.com.ar\/2021\/tres-nuevas-muertes-por-coronavirus-en-bahia\/#breadcrumb\"},\"inLanguage\":\"es\",\"potentialAction\":[{\"@type\":\"ReadAction\",\"target\":[\"https:\/\/www.noticiasradioreflejos.com.ar\/2021\/tres-nuevas-muertes-por-coronavirus-en-bahia\/\"]}]},{\"@type\":\"ImageObject\",\"inLanguage\":\"es\",\"@id\":\"https:\/\/www.noticiasradioreflejos.com.ar\/2021\/tres-nuevas-muertes-por-coronavirus-en-bahia\/#primaryimage\",\"url\":\"https:\/\/www.labrujula24.com\/wp-content\/uploads\/2020\/07\/coronavirus-argentina.jpg\",\"contentUrl\":\"https:\/\/www.labrujula24.com\/wp-content\/uploads\/2020\/07\/coronavirus-argentina.jpg\"},{\"@type\":\"BreadcrumbList\",\"@id\":\"https:\/\/www.noticiasradioreflejos.com.ar\/2021\/tres-nuevas-muertes-por-coronavirus-en-bahia\/#breadcrumb\",\"itemListElement\":[{\"@type\":\"ListItem\",\"position\":1,\"name\":\"Portada\",\"item\":\"https:\/\/www.noticiasradioreflejos.com.ar\/2021\/\"},{\"@type\":\"ListItem\",\"position\":2,\"name\":\"Tres nuevas muertes por coronavirus en Bah\u00eda.\"}]},{\"@type\":\"WebSite\",\"@id\":\"https:\/\/www.noticiasradioreflejos.com.ar\/2021\/#website\",\"url\":\"https:\/\/www.noticiasradioreflejos.com.ar\/2021\/\",\"name\":\"Noticias Radio Reflejos\",\"description\":\"Las noticias de mi comarca\",\"potentialAction\":[{\"@type\":\"SearchAction\",\"target\":{\"@type\":\"EntryPoint\",\"urlTemplate\":\"https:\/\/www.noticiasradioreflejos.com.ar\/2021\/?s={search_term_string}\"},\"query-input\":{\"@type\":\"PropertyValueSpecification\",\"valueRequired\":true,\"valueName\":\"search_term_string\"}}],\"inLanguage\":\"es\"},{\"@type\":\"Person\",\"@id\":\"https:\/\/www.noticiasradioreflejos.com.ar\/2021\/#\/schema\/person\/ad82545263dcc5ec0996818884fd5fb1\",\"name\":\"Arnaldo Botto\",\"image\":{\"@type\":\"ImageObject\",\"inLanguage\":\"es\",\"@id\":\"https:\/\/www.noticiasradioreflejos.com.ar\/2021\/#\/schema\/person\/image\/\",\"url\":\"https:\/\/secure.gravatar.com\/avatar\/55cb5e37c1efa326397366e6974cb338056df65cb50e7d64d1cf314e87504837?s=96&d=mm&r=g\",\"contentUrl\":\"https:\/\/secure.gravatar.com\/avatar\/55cb5e37c1efa326397366e6974cb338056df65cb50e7d64d1cf314e87504837?s=96&d=mm&r=g\",\"caption\":\"Arnaldo Botto\"},\"url\":\"https:\/\/www.noticiasradioreflejos.com.ar\/2021\/author\/arnaldo\/\"}]}<\/script>\n<!-- \/ Yoast SEO plugin. -->","yoast_head_json":{"title":"Tres nuevas muertes por coronavirus en Bah\u00eda. - Noticias Radio Reflejos","robots":{"index":"index","follow":"follow","max-snippet":"max-snippet:-1","max-image-preview":"max-image-preview:large","max-video-preview":"max-video-preview:-1"},"canonical":"https:\/\/www.noticiasradioreflejos.com.ar\/2021\/tres-nuevas-muertes-por-coronavirus-en-bahia\/","og_locale":"es_ES","og_type":"article","og_title":"Tres nuevas muertes por coronavirus en Bah\u00eda. - Noticias Radio Reflejos","og_description":"Se trata de tres adultos mayores, de 75, 91 y 101 a\u00f1os. Adem\u00e1s, se notific\u00f3 que hubo 39 casos confirmados y 29 pacientes recuperados en las \u00faltimas 24 horas.","og_url":"https:\/\/www.noticiasradioreflejos.com.ar\/2021\/tres-nuevas-muertes-por-coronavirus-en-bahia\/","og_site_name":"Noticias Radio Reflejos","article_published_time":"2020-09-05T19:23:48+00:00","og_image":[{"url":"https:\/\/www.labrujula24.com\/wp-content\/uploads\/2020\/07\/coronavirus-argentina.jpg","type":"","width":"","height":""}],"author":"Arnaldo Botto","twitter_card":"summary_large_image","schema":{"@context":"https:\/\/schema.org","@graph":[{"@type":"WebPage","@id":"https:\/\/www.noticiasradioreflejos.com.ar\/2021\/tres-nuevas-muertes-por-coronavirus-en-bahia\/","url":"https:\/\/www.noticiasradioreflejos.com.ar\/2021\/tres-nuevas-muertes-por-coronavirus-en-bahia\/","name":"Tres nuevas muertes por coronavirus en Bah\u00eda. - Noticias Radio Reflejos","isPartOf":{"@id":"https:\/\/www.noticiasradioreflejos.com.ar\/2021\/#website"},"primaryImageOfPage":{"@id":"https:\/\/www.noticiasradioreflejos.com.ar\/2021\/tres-nuevas-muertes-por-coronavirus-en-bahia\/#primaryimage"},"image":{"@id":"https:\/\/www.noticiasradioreflejos.com.ar\/2021\/tres-nuevas-muertes-por-coronavirus-en-bahia\/#primaryimage"},"thumbnailUrl":"https:\/\/www.labrujula24.com\/wp-content\/uploads\/2020\/07\/coronavirus-argentina.jpg","datePublished":"2020-09-05T19:23:48+00:00","author":{"@id":"https:\/\/www.noticiasradioreflejos.com.ar\/2021\/#\/schema\/person\/ad82545263dcc5ec0996818884fd5fb1"},"breadcrumb":{"@id":"https:\/\/www.noticiasradioreflejos.com.ar\/2021\/tres-nuevas-muertes-por-coronavirus-en-bahia\/#breadcrumb"},"inLanguage":"es","potentialAction":[{"@type":"ReadAction","target":["https:\/\/www.noticiasradioreflejos.com.ar\/2021\/tres-nuevas-muertes-por-coronavirus-en-bahia\/"]}]},{"@type":"ImageObject","inLanguage":"es","@id":"https:\/\/www.noticiasradioreflejos.com.ar\/2021\/tres-nuevas-muertes-por-coronavirus-en-bahia\/#primaryimage","url":"https:\/\/www.labrujula24.com\/wp-content\/uploads\/2020\/07\/coronavirus-argentina.jpg","contentUrl":"https:\/\/www.labrujula24.com\/wp-content\/uploads\/2020\/07\/coronavirus-argentina.jpg"},{"@type":"BreadcrumbList","@id":"https:\/\/www.noticiasradioreflejos.com.ar\/2021\/tres-nuevas-muertes-por-coronavirus-en-bahia\/#breadcrumb","itemListElement":[{"@type":"ListItem","position":1,"name":"Portada","item":"https:\/\/www.noticiasradioreflejos.com.ar\/2021\/"},{"@type":"ListItem","position":2,"name":"Tres nuevas muertes por coronavirus en Bah\u00eda."}]},{"@type":"WebSite","@id":"https:\/\/www.noticiasradioreflejos.com.ar\/2021\/#website","url":"https:\/\/www.noticiasradioreflejos.com.ar\/2021\/","name":"Noticias Radio Reflejos","description":"Las noticias de mi comarca","potentialAction":[{"@type":"SearchAction","target":{"@type":"EntryPoint","urlTemplate":"https:\/\/www.noticiasradioreflejos.com.ar\/2021\/?s={search_term_string}"},"query-input":{"@type":"PropertyValueSpecification","valueRequired":true,"valueName":"search_term_string"}}],"inLanguage":"es"},{"@type":"Person","@id":"https:\/\/www.noticiasradioreflejos.com.ar\/2021\/#\/schema\/person\/ad82545263dcc5ec0996818884fd5fb1","name":"Arnaldo Botto","image":{"@type":"ImageObject","inLanguage":"es","@id":"https:\/\/www.noticiasradioreflejos.com.ar\/2021\/#\/schema\/person\/image\/","url":"https:\/\/secure.gravatar.com\/avatar\/55cb5e37c1efa326397366e6974cb338056df65cb50e7d64d1cf314e87504837?s=96&d=mm&r=g","contentUrl":"https:\/\/secure.gravatar.com\/avatar\/55cb5e37c1efa326397366e6974cb338056df65cb50e7d64d1cf314e87504837?s=96&d=mm&r=g","caption":"Arnaldo Botto"},"url":"https:\/\/www.noticiasradioreflejos.com.ar\/2021\/author\/arnaldo\/"}]}},"_links":{"self":[{"href":"https:\/\/www.noticiasradioreflejos.com.ar\/2021\/wp-json\/wp\/v2\/posts\/46626","targetHints":{"allow":["GET"]}}],"collection":[{"href":"https:\/\/www.noticiasradioreflejos.com.ar\/2021\/wp-json\/wp\/v2\/posts"}],"about":[{"href":"https:\/\/www.noticiasradioreflejos.com.ar\/2021\/wp-json\/wp\/v2\/types\/post"}],"author":[{"embeddable":true,"href":"https:\/\/www.noticiasradioreflejos.com.ar\/2021\/wp-json\/wp\/v2\/users\/3"}],"replies":[{"embeddable":true,"href":"https:\/\/www.noticiasradioreflejos.com.ar\/2021\/wp-json\/wp\/v2\/comments?post=46626"}],"version-history":[{"count":0,"href":"https:\/\/www.noticiasradioreflejos.com.ar\/2021\/wp-json\/wp\/v2\/posts\/46626\/revisions"}],"wp:attachment":[{"href":"https:\/\/www.noticiasradioreflejos.com.ar\/2021\/wp-json\/wp\/v2\/media?parent=46626"}],"wp:term":[{"taxonomy":"category","embeddable":true,"href":"https:\/\/www.noticiasradioreflejos.com.ar\/2021\/wp-json\/wp\/v2\/categories?post=46626"},{"taxonomy":"post_tag","embeddable":true,"href":"https:\/\/www.noticiasradioreflejos.com.ar\/2021\/wp-json\/wp\/v2\/tags?post=46626"}],"curies":[{"name":"wp","href":"https:\/\/api.w.org\/{rel}","templated":true}]}}