{"id":46623,"date":"2020-09-05T16:06:16","date_gmt":"2020-09-05T19:06:16","guid":{"rendered":"http:\/\/www.noticiasradioreflejos.com.ar\/noticias\/?p=46623"},"modified":"2020-09-05T16:06:16","modified_gmt":"2020-09-05T19:06:16","slug":"monte-hermoso-ingresa-comitiva-de-diez-propietarios-para-dialogar-con-el-intendente","status":"publish","type":"post","link":"https:\/\/www.noticiasradioreflejos.com.ar\/2021\/monte-hermoso-ingresa-comitiva-de-diez-propietarios-para-dialogar-con-el-intendente\/","title":{"rendered":"Monte Hermoso: ingresa comitiva de diez propietarios para dialogar con el intendente"},"content":{"rendered":"<p>Minutos antes de las 15, una comitiva de 10 personas, representando a los propietarios no residentes, ingres\u00f3 a Monte Hermoso para dialogar con Dichiara, con el objetivo de evaluar nuevas medidas<\/p>\n<p><!--more--><\/p>\n<p>La caravana de propietarios no residentes, de aproximadamente 100 veh\u00edculos con ocupantes que presentaban permiso para circular,\u00a0<strong>lleg\u00f3 minutos antes de las 15 hroas hasta los retenes ubicados en la ruta 3<\/strong>, donde una comitiva del municipio hab\u00eda dispuesto junto a la polic\u00eda el control, evitando el acceso de los manifestantes.<\/p>\n<p><img loading=\"lazy\" decoding=\"async\" class=\"aligncenter wp-image-5932\" src=\"https:\/\/noticiasmontehermoso.com.ar\/wp-content\/uploads\/2020\/09\/Propietarios-no-residentes-caravana-a-Monte-Hermoso-300x150.jpeg\" sizes=\"auto, (max-width: 800px) 100vw, 800px\" srcset=\"https:\/\/noticiasmontehermoso.com.ar\/wp-content\/uploads\/2020\/09\/Propietarios-no-residentes-caravana-a-Monte-Hermoso-300x150.jpeg 300w, https:\/\/noticiasmontehermoso.com.ar\/wp-content\/uploads\/2020\/09\/Propietarios-no-residentes-caravana-a-Monte-Hermoso-1024x512.jpeg 1024w, https:\/\/noticiasmontehermoso.com.ar\/wp-content\/uploads\/2020\/09\/Propietarios-no-residentes-caravana-a-Monte-Hermoso-768x384.jpeg 768w, https:\/\/noticiasmontehermoso.com.ar\/wp-content\/uploads\/2020\/09\/Propietarios-no-residentes-caravana-a-Monte-Hermoso-360x180.jpeg 360w, https:\/\/noticiasmontehermoso.com.ar\/wp-content\/uploads\/2020\/09\/Propietarios-no-residentes-caravana-a-Monte-Hermoso-750x375.jpeg 750w, https:\/\/noticiasmontehermoso.com.ar\/wp-content\/uploads\/2020\/09\/Propietarios-no-residentes-caravana-a-Monte-Hermoso-1140x570.jpeg 1140w, https:\/\/noticiasmontehermoso.com.ar\/wp-content\/uploads\/2020\/09\/Propietarios-no-residentes-caravana-a-Monte-Hermoso.jpeg 1280w\" alt=\"Propietarios no residentes caravana a Monte Hermoso\" width=\"800\" height=\"400\" data-pin-no-hover=\"true\" \/>Con algunas tensiones, pero sin perder, afortunadamente, el clima de tranquilidad y de di\u00e1logo,\u00a0<strong>se lleg\u00f3 a un acuerdo para que pueda ingresar un grupo de 8 personas<\/strong>\u00a0en representaci\u00f3n de los propietarios.<\/p>\n<p>Una vez llegados a Monte Hermoso el objetivo es establecer un di\u00e1logo para evaluar nuevas medidas.<\/p>\n<div class=\"jnews_inline_related_post_wrapper left\">\n<div class=\"jnews_inline_related_post\">\n<div class=\"jeg_postblock_21 jeg_postblock jeg_module_hook jeg_pagination_nextprev jeg_col_2o3 jnews_module_5928_2_5f53e097dd69b \" data-unique=\"jnews_module_5928_2_5f53e097dd69b\">\n<div class=\"jeg_block_navigation\">\n<div class=\"jeg_block_nav \"><i class=\"fa fa-angle-left\"><\/i>Si bien la intenci\u00f3n inicial era dialogar con intendente, se inform\u00f3 que esperan a la comitiva el secretario de gobierno, Hern\u00e1n Harranz junto a Mariano Prieto, de la Secretar\u00eda de Asesor\u00eda Legal y T\u00e9cnica municipal.<\/div>\n<\/div>\n<\/div>\n<\/div>\n<\/div>\n<p>La ausencia del intendente Dichiara no fue bien recibida por los manifestantes, quienes reclamaron a Arranz \u201cque est\u00e9 presente para que podamos hablar directamente con \u00e9l\u201d.<\/p>\n","protected":false},"excerpt":{"rendered":"<p>Minutos antes de las 15, una comitiva de 10 personas, representando a los propietarios no residentes, ingres\u00f3 a Monte Hermoso para dialogar con Dichiara, con el objetivo de evaluar nuevas medidas<\/p>\n","protected":false},"author":3,"featured_media":0,"comment_status":"closed","ping_status":"open","sticky":false,"template":"","format":"standard","meta":{"footnotes":""},"categories":[26],"tags":[],"class_list":["post-46623","post","type-post","status-publish","format-standard","hentry","category-sociedad"],"yoast_head":"<!-- This site is optimized with the Yoast SEO plugin v25.9 - https:\/\/yoast.com\/wordpress\/plugins\/seo\/ -->\n<title>Monte Hermoso: ingresa comitiva de diez propietarios para dialogar con el intendente - Noticias Radio Reflejos<\/title>\n<meta name=\"robots\" content=\"index, follow, max-snippet:-1, max-image-preview:large, max-video-preview:-1\" \/>\n<link rel=\"canonical\" href=\"https:\/\/www.noticiasradioreflejos.com.ar\/2021\/monte-hermoso-ingresa-comitiva-de-diez-propietarios-para-dialogar-con-el-intendente\/\" \/>\n<meta property=\"og:locale\" content=\"es_ES\" \/>\n<meta property=\"og:type\" content=\"article\" \/>\n<meta property=\"og:title\" content=\"Monte Hermoso: ingresa comitiva de diez propietarios para dialogar con el intendente - Noticias Radio Reflejos\" \/>\n<meta property=\"og:description\" content=\"Minutos antes de las 15, una comitiva de 10 personas, representando a los propietarios no residentes, ingres\u00f3 a Monte Hermoso para dialogar con Dichiara, con el objetivo de evaluar nuevas medidas\" \/>\n<meta property=\"og:url\" content=\"https:\/\/www.noticiasradioreflejos.com.ar\/2021\/monte-hermoso-ingresa-comitiva-de-diez-propietarios-para-dialogar-con-el-intendente\/\" \/>\n<meta property=\"og:site_name\" content=\"Noticias Radio Reflejos\" \/>\n<meta property=\"article:published_time\" content=\"2020-09-05T19:06:16+00:00\" \/>\n<meta property=\"og:image\" content=\"https:\/\/www.noticiasradioreflejos.com.ar\/2021\/wp-content\/uploads\/2021\/07\/logosol300x200.png\" \/>\n\t<meta property=\"og:image:width\" content=\"300\" \/>\n\t<meta property=\"og:image:height\" content=\"200\" \/>\n\t<meta property=\"og:image:type\" content=\"image\/png\" \/>\n<meta name=\"author\" content=\"Arnaldo Botto\" \/>\n<meta name=\"twitter:card\" content=\"summary_large_image\" \/>\n<script type=\"application\/ld+json\" class=\"yoast-schema-graph\">{\"@context\":\"https:\/\/schema.org\",\"@graph\":[{\"@type\":\"WebPage\",\"@id\":\"https:\/\/www.noticiasradioreflejos.com.ar\/2021\/monte-hermoso-ingresa-comitiva-de-diez-propietarios-para-dialogar-con-el-intendente\/\",\"url\":\"https:\/\/www.noticiasradioreflejos.com.ar\/2021\/monte-hermoso-ingresa-comitiva-de-diez-propietarios-para-dialogar-con-el-intendente\/\",\"name\":\"Monte Hermoso: ingresa comitiva de diez propietarios para dialogar con el intendente - Noticias Radio Reflejos\",\"isPartOf\":{\"@id\":\"https:\/\/www.noticiasradioreflejos.com.ar\/2021\/#website\"},\"primaryImageOfPage\":{\"@id\":\"https:\/\/www.noticiasradioreflejos.com.ar\/2021\/monte-hermoso-ingresa-comitiva-de-diez-propietarios-para-dialogar-con-el-intendente\/#primaryimage\"},\"image\":{\"@id\":\"https:\/\/www.noticiasradioreflejos.com.ar\/2021\/monte-hermoso-ingresa-comitiva-de-diez-propietarios-para-dialogar-con-el-intendente\/#primaryimage\"},\"thumbnailUrl\":\"https:\/\/noticiasmontehermoso.com.ar\/wp-content\/uploads\/2020\/09\/Propietarios-no-residentes-caravana-a-Monte-Hermoso-300x150.jpeg\",\"datePublished\":\"2020-09-05T19:06:16+00:00\",\"author\":{\"@id\":\"https:\/\/www.noticiasradioreflejos.com.ar\/2021\/#\/schema\/person\/ad82545263dcc5ec0996818884fd5fb1\"},\"breadcrumb\":{\"@id\":\"https:\/\/www.noticiasradioreflejos.com.ar\/2021\/monte-hermoso-ingresa-comitiva-de-diez-propietarios-para-dialogar-con-el-intendente\/#breadcrumb\"},\"inLanguage\":\"es\",\"potentialAction\":[{\"@type\":\"ReadAction\",\"target\":[\"https:\/\/www.noticiasradioreflejos.com.ar\/2021\/monte-hermoso-ingresa-comitiva-de-diez-propietarios-para-dialogar-con-el-intendente\/\"]}]},{\"@type\":\"ImageObject\",\"inLanguage\":\"es\",\"@id\":\"https:\/\/www.noticiasradioreflejos.com.ar\/2021\/monte-hermoso-ingresa-comitiva-de-diez-propietarios-para-dialogar-con-el-intendente\/#primaryimage\",\"url\":\"https:\/\/noticiasmontehermoso.com.ar\/wp-content\/uploads\/2020\/09\/Propietarios-no-residentes-caravana-a-Monte-Hermoso-300x150.jpeg\",\"contentUrl\":\"https:\/\/noticiasmontehermoso.com.ar\/wp-content\/uploads\/2020\/09\/Propietarios-no-residentes-caravana-a-Monte-Hermoso-300x150.jpeg\"},{\"@type\":\"BreadcrumbList\",\"@id\":\"https:\/\/www.noticiasradioreflejos.com.ar\/2021\/monte-hermoso-ingresa-comitiva-de-diez-propietarios-para-dialogar-con-el-intendente\/#breadcrumb\",\"itemListElement\":[{\"@type\":\"ListItem\",\"position\":1,\"name\":\"Portada\",\"item\":\"https:\/\/www.noticiasradioreflejos.com.ar\/2021\/\"},{\"@type\":\"ListItem\",\"position\":2,\"name\":\"Monte Hermoso: ingresa comitiva de diez propietarios para dialogar con el intendente\"}]},{\"@type\":\"WebSite\",\"@id\":\"https:\/\/www.noticiasradioreflejos.com.ar\/2021\/#website\",\"url\":\"https:\/\/www.noticiasradioreflejos.com.ar\/2021\/\",\"name\":\"Noticias Radio Reflejos\",\"description\":\"Las noticias de mi comarca\",\"potentialAction\":[{\"@type\":\"SearchAction\",\"target\":{\"@type\":\"EntryPoint\",\"urlTemplate\":\"https:\/\/www.noticiasradioreflejos.com.ar\/2021\/?s={search_term_string}\"},\"query-input\":{\"@type\":\"PropertyValueSpecification\",\"valueRequired\":true,\"valueName\":\"search_term_string\"}}],\"inLanguage\":\"es\"},{\"@type\":\"Person\",\"@id\":\"https:\/\/www.noticiasradioreflejos.com.ar\/2021\/#\/schema\/person\/ad82545263dcc5ec0996818884fd5fb1\",\"name\":\"Arnaldo Botto\",\"image\":{\"@type\":\"ImageObject\",\"inLanguage\":\"es\",\"@id\":\"https:\/\/www.noticiasradioreflejos.com.ar\/2021\/#\/schema\/person\/image\/\",\"url\":\"https:\/\/secure.gravatar.com\/avatar\/55cb5e37c1efa326397366e6974cb338056df65cb50e7d64d1cf314e87504837?s=96&d=mm&r=g\",\"contentUrl\":\"https:\/\/secure.gravatar.com\/avatar\/55cb5e37c1efa326397366e6974cb338056df65cb50e7d64d1cf314e87504837?s=96&d=mm&r=g\",\"caption\":\"Arnaldo Botto\"},\"url\":\"https:\/\/www.noticiasradioreflejos.com.ar\/2021\/author\/arnaldo\/\"}]}<\/script>\n<!-- \/ Yoast SEO plugin. -->","yoast_head_json":{"title":"Monte Hermoso: ingresa comitiva de diez propietarios para dialogar con el intendente - Noticias Radio Reflejos","robots":{"index":"index","follow":"follow","max-snippet":"max-snippet:-1","max-image-preview":"max-image-preview:large","max-video-preview":"max-video-preview:-1"},"canonical":"https:\/\/www.noticiasradioreflejos.com.ar\/2021\/monte-hermoso-ingresa-comitiva-de-diez-propietarios-para-dialogar-con-el-intendente\/","og_locale":"es_ES","og_type":"article","og_title":"Monte Hermoso: ingresa comitiva de diez propietarios para dialogar con el intendente - Noticias Radio Reflejos","og_description":"Minutos antes de las 15, una comitiva de 10 personas, representando a los propietarios no residentes, ingres\u00f3 a Monte Hermoso para dialogar con Dichiara, con el objetivo de evaluar nuevas medidas","og_url":"https:\/\/www.noticiasradioreflejos.com.ar\/2021\/monte-hermoso-ingresa-comitiva-de-diez-propietarios-para-dialogar-con-el-intendente\/","og_site_name":"Noticias Radio Reflejos","article_published_time":"2020-09-05T19:06:16+00:00","og_image":[{"width":300,"height":200,"url":"https:\/\/www.noticiasradioreflejos.com.ar\/2021\/wp-content\/uploads\/2021\/07\/logosol300x200.png","type":"image\/png"}],"author":"Arnaldo Botto","twitter_card":"summary_large_image","schema":{"@context":"https:\/\/schema.org","@graph":[{"@type":"WebPage","@id":"https:\/\/www.noticiasradioreflejos.com.ar\/2021\/monte-hermoso-ingresa-comitiva-de-diez-propietarios-para-dialogar-con-el-intendente\/","url":"https:\/\/www.noticiasradioreflejos.com.ar\/2021\/monte-hermoso-ingresa-comitiva-de-diez-propietarios-para-dialogar-con-el-intendente\/","name":"Monte Hermoso: ingresa comitiva de diez propietarios para dialogar con el intendente - Noticias Radio Reflejos","isPartOf":{"@id":"https:\/\/www.noticiasradioreflejos.com.ar\/2021\/#website"},"primaryImageOfPage":{"@id":"https:\/\/www.noticiasradioreflejos.com.ar\/2021\/monte-hermoso-ingresa-comitiva-de-diez-propietarios-para-dialogar-con-el-intendente\/#primaryimage"},"image":{"@id":"https:\/\/www.noticiasradioreflejos.com.ar\/2021\/monte-hermoso-ingresa-comitiva-de-diez-propietarios-para-dialogar-con-el-intendente\/#primaryimage"},"thumbnailUrl":"https:\/\/noticiasmontehermoso.com.ar\/wp-content\/uploads\/2020\/09\/Propietarios-no-residentes-caravana-a-Monte-Hermoso-300x150.jpeg","datePublished":"2020-09-05T19:06:16+00:00","author":{"@id":"https:\/\/www.noticiasradioreflejos.com.ar\/2021\/#\/schema\/person\/ad82545263dcc5ec0996818884fd5fb1"},"breadcrumb":{"@id":"https:\/\/www.noticiasradioreflejos.com.ar\/2021\/monte-hermoso-ingresa-comitiva-de-diez-propietarios-para-dialogar-con-el-intendente\/#breadcrumb"},"inLanguage":"es","potentialAction":[{"@type":"ReadAction","target":["https:\/\/www.noticiasradioreflejos.com.ar\/2021\/monte-hermoso-ingresa-comitiva-de-diez-propietarios-para-dialogar-con-el-intendente\/"]}]},{"@type":"ImageObject","inLanguage":"es","@id":"https:\/\/www.noticiasradioreflejos.com.ar\/2021\/monte-hermoso-ingresa-comitiva-de-diez-propietarios-para-dialogar-con-el-intendente\/#primaryimage","url":"https:\/\/noticiasmontehermoso.com.ar\/wp-content\/uploads\/2020\/09\/Propietarios-no-residentes-caravana-a-Monte-Hermoso-300x150.jpeg","contentUrl":"https:\/\/noticiasmontehermoso.com.ar\/wp-content\/uploads\/2020\/09\/Propietarios-no-residentes-caravana-a-Monte-Hermoso-300x150.jpeg"},{"@type":"BreadcrumbList","@id":"https:\/\/www.noticiasradioreflejos.com.ar\/2021\/monte-hermoso-ingresa-comitiva-de-diez-propietarios-para-dialogar-con-el-intendente\/#breadcrumb","itemListElement":[{"@type":"ListItem","position":1,"name":"Portada","item":"https:\/\/www.noticiasradioreflejos.com.ar\/2021\/"},{"@type":"ListItem","position":2,"name":"Monte Hermoso: ingresa comitiva de diez propietarios para dialogar con el intendente"}]},{"@type":"WebSite","@id":"https:\/\/www.noticiasradioreflejos.com.ar\/2021\/#website","url":"https:\/\/www.noticiasradioreflejos.com.ar\/2021\/","name":"Noticias Radio Reflejos","description":"Las noticias de mi comarca","potentialAction":[{"@type":"SearchAction","target":{"@type":"EntryPoint","urlTemplate":"https:\/\/www.noticiasradioreflejos.com.ar\/2021\/?s={search_term_string}"},"query-input":{"@type":"PropertyValueSpecification","valueRequired":true,"valueName":"search_term_string"}}],"inLanguage":"es"},{"@type":"Person","@id":"https:\/\/www.noticiasradioreflejos.com.ar\/2021\/#\/schema\/person\/ad82545263dcc5ec0996818884fd5fb1","name":"Arnaldo Botto","image":{"@type":"ImageObject","inLanguage":"es","@id":"https:\/\/www.noticiasradioreflejos.com.ar\/2021\/#\/schema\/person\/image\/","url":"https:\/\/secure.gravatar.com\/avatar\/55cb5e37c1efa326397366e6974cb338056df65cb50e7d64d1cf314e87504837?s=96&d=mm&r=g","contentUrl":"https:\/\/secure.gravatar.com\/avatar\/55cb5e37c1efa326397366e6974cb338056df65cb50e7d64d1cf314e87504837?s=96&d=mm&r=g","caption":"Arnaldo Botto"},"url":"https:\/\/www.noticiasradioreflejos.com.ar\/2021\/author\/arnaldo\/"}]}},"_links":{"self":[{"href":"https:\/\/www.noticiasradioreflejos.com.ar\/2021\/wp-json\/wp\/v2\/posts\/46623","targetHints":{"allow":["GET"]}}],"collection":[{"href":"https:\/\/www.noticiasradioreflejos.com.ar\/2021\/wp-json\/wp\/v2\/posts"}],"about":[{"href":"https:\/\/www.noticiasradioreflejos.com.ar\/2021\/wp-json\/wp\/v2\/types\/post"}],"author":[{"embeddable":true,"href":"https:\/\/www.noticiasradioreflejos.com.ar\/2021\/wp-json\/wp\/v2\/users\/3"}],"replies":[{"embeddable":true,"href":"https:\/\/www.noticiasradioreflejos.com.ar\/2021\/wp-json\/wp\/v2\/comments?post=46623"}],"version-history":[{"count":0,"href":"https:\/\/www.noticiasradioreflejos.com.ar\/2021\/wp-json\/wp\/v2\/posts\/46623\/revisions"}],"wp:attachment":[{"href":"https:\/\/www.noticiasradioreflejos.com.ar\/2021\/wp-json\/wp\/v2\/media?parent=46623"}],"wp:term":[{"taxonomy":"category","embeddable":true,"href":"https:\/\/www.noticiasradioreflejos.com.ar\/2021\/wp-json\/wp\/v2\/categories?post=46623"},{"taxonomy":"post_tag","embeddable":true,"href":"https:\/\/www.noticiasradioreflejos.com.ar\/2021\/wp-json\/wp\/v2\/tags?post=46623"}],"curies":[{"name":"wp","href":"https:\/\/api.w.org\/{rel}","templated":true}]}}