{"id":46621,"date":"2020-09-05T14:59:55","date_gmt":"2020-09-05T17:59:55","guid":{"rendered":"http:\/\/www.noticiasradioreflejos.com.ar\/noticias\/?p=46621"},"modified":"2020-09-05T14:59:55","modified_gmt":"2020-09-05T17:59:55","slug":"tres-detenidos-por-los-hechos-vandalicos-en-la-unidad-academica","status":"publish","type":"post","link":"https:\/\/www.noticiasradioreflejos.com.ar\/2021\/tres-detenidos-por-los-hechos-vandalicos-en-la-unidad-academica\/","title":{"rendered":"Tres detenidos por los hechos vand\u00e1licos en la Unidad Academica."},"content":{"rendered":"<p>La Secretaria de Seguridad de la Municipalidad de Tornquist lleva a conocimiento de la poblaci\u00f3n que con fecha 25 de Agosto del corriente, en la Estaci\u00f3n de Polic\u00eda Comunal local se recibi\u00f3 una denuncia penal a los directivos del Establecimiento Educativo \u201cUnidad Acad\u00e9mica Ernesto Tornquist\u201d,<!--more-->en donde denunciaran que autor\/es ignorado\/s sin ejercer violencia ingresaran a la escuela y provocaran destrozos y pintadas con aerosol en las diferentes aulas del establecimiento inici\u00e1ndose Actuaciones Prevencionales por el delito de DA\u00d1O, con intervenci\u00f3n de la Ayudant\u00eda Fiscal de Tornquist. Inmediatamente se aboca personal policial a los fines de dar con los autores. Que tras realizar amplias tareas investigativas, revisi\u00f3n de C\u00e1maras de Seguridad p\u00fablicas y privadas, y gracias al aporte de personas de este medio, se logra dar con los autores del hecho, trat\u00e1ndose de IGNACIO TORRES, de 18 a\u00f1os de edad, MAXIMO FERNANDEZ, de 18 a\u00f1os de edad, y un menor de 16 a\u00f1os, del cual se omite dar informaci\u00f3n dada su condici\u00f3n, todos oriundos de este medio. Interviene la Ayudant\u00eda Fiscal de Tornquist.-<br \/>\nSECRETARIA DE SEGURIDAD \u2013 MUNICIPALIDAD DE TORNQUIST.-<br \/>\nSEPTIEMBRE 05 DE 2020.<\/p>\n","protected":false},"excerpt":{"rendered":"<p>La Secretaria de Seguridad de la Municipalidad de Tornquist lleva a conocimiento de la poblaci\u00f3n que con fecha 25 de Agosto del corriente, en la Estaci\u00f3n de Polic\u00eda Comunal local se recibi\u00f3 una denuncia penal a los directivos del Establecimiento Educativo \u201cUnidad Acad\u00e9mica Ernesto Tornquist\u201d,<\/p>\n","protected":false},"author":3,"featured_media":19838,"comment_status":"closed","ping_status":"open","sticky":false,"template":"","format":"standard","meta":{"footnotes":""},"categories":[29],"tags":[],"class_list":["post-46621","post","type-post","status-publish","format-standard","has-post-thumbnail","hentry","category-policiales"],"yoast_head":"<!-- This site is optimized with the Yoast SEO plugin v25.9 - https:\/\/yoast.com\/wordpress\/plugins\/seo\/ -->\n<title>Tres detenidos por los hechos vand\u00e1licos en la Unidad Academica. - Noticias Radio Reflejos<\/title>\n<meta name=\"robots\" content=\"index, follow, max-snippet:-1, max-image-preview:large, max-video-preview:-1\" \/>\n<link rel=\"canonical\" href=\"https:\/\/www.noticiasradioreflejos.com.ar\/2021\/tres-detenidos-por-los-hechos-vandalicos-en-la-unidad-academica\/\" \/>\n<meta property=\"og:locale\" content=\"es_ES\" \/>\n<meta property=\"og:type\" content=\"article\" \/>\n<meta property=\"og:title\" content=\"Tres detenidos por los hechos vand\u00e1licos en la Unidad Academica. - Noticias Radio Reflejos\" \/>\n<meta property=\"og:description\" content=\"La Secretaria de Seguridad de la Municipalidad de Tornquist lleva a conocimiento de la poblaci\u00f3n que con fecha 25 de Agosto del corriente, en la Estaci\u00f3n de Polic\u00eda Comunal local se recibi\u00f3 una denuncia penal a los directivos del Establecimiento Educativo \u201cUnidad Acad\u00e9mica Ernesto Tornquist\u201d,\" \/>\n<meta property=\"og:url\" content=\"https:\/\/www.noticiasradioreflejos.com.ar\/2021\/tres-detenidos-por-los-hechos-vandalicos-en-la-unidad-academica\/\" \/>\n<meta property=\"og:site_name\" content=\"Noticias Radio Reflejos\" \/>\n<meta property=\"article:published_time\" content=\"2020-09-05T17:59:55+00:00\" \/>\n<meta property=\"og:image\" content=\"https:\/\/www.noticiasradioreflejos.com.ar\/2021\/wp-content\/uploads\/2018\/03\/esposas.jpg\" \/>\n\t<meta property=\"og:image:width\" content=\"1330\" \/>\n\t<meta property=\"og:image:height\" content=\"750\" \/>\n\t<meta property=\"og:image:type\" content=\"image\/jpeg\" \/>\n<meta name=\"author\" content=\"Arnaldo Botto\" \/>\n<meta name=\"twitter:card\" content=\"summary_large_image\" \/>\n<script type=\"application\/ld+json\" class=\"yoast-schema-graph\">{\"@context\":\"https:\/\/schema.org\",\"@graph\":[{\"@type\":\"WebPage\",\"@id\":\"https:\/\/www.noticiasradioreflejos.com.ar\/2021\/tres-detenidos-por-los-hechos-vandalicos-en-la-unidad-academica\/\",\"url\":\"https:\/\/www.noticiasradioreflejos.com.ar\/2021\/tres-detenidos-por-los-hechos-vandalicos-en-la-unidad-academica\/\",\"name\":\"Tres detenidos por los hechos vand\u00e1licos en la Unidad Academica. - Noticias Radio Reflejos\",\"isPartOf\":{\"@id\":\"https:\/\/www.noticiasradioreflejos.com.ar\/2021\/#website\"},\"primaryImageOfPage\":{\"@id\":\"https:\/\/www.noticiasradioreflejos.com.ar\/2021\/tres-detenidos-por-los-hechos-vandalicos-en-la-unidad-academica\/#primaryimage\"},\"image\":{\"@id\":\"https:\/\/www.noticiasradioreflejos.com.ar\/2021\/tres-detenidos-por-los-hechos-vandalicos-en-la-unidad-academica\/#primaryimage\"},\"thumbnailUrl\":\"https:\/\/www.noticiasradioreflejos.com.ar\/2021\/wp-content\/uploads\/2018\/03\/esposas.jpg\",\"datePublished\":\"2020-09-05T17:59:55+00:00\",\"author\":{\"@id\":\"https:\/\/www.noticiasradioreflejos.com.ar\/2021\/#\/schema\/person\/ad82545263dcc5ec0996818884fd5fb1\"},\"breadcrumb\":{\"@id\":\"https:\/\/www.noticiasradioreflejos.com.ar\/2021\/tres-detenidos-por-los-hechos-vandalicos-en-la-unidad-academica\/#breadcrumb\"},\"inLanguage\":\"es\",\"potentialAction\":[{\"@type\":\"ReadAction\",\"target\":[\"https:\/\/www.noticiasradioreflejos.com.ar\/2021\/tres-detenidos-por-los-hechos-vandalicos-en-la-unidad-academica\/\"]}]},{\"@type\":\"ImageObject\",\"inLanguage\":\"es\",\"@id\":\"https:\/\/www.noticiasradioreflejos.com.ar\/2021\/tres-detenidos-por-los-hechos-vandalicos-en-la-unidad-academica\/#primaryimage\",\"url\":\"https:\/\/www.noticiasradioreflejos.com.ar\/2021\/wp-content\/uploads\/2018\/03\/esposas.jpg\",\"contentUrl\":\"https:\/\/www.noticiasradioreflejos.com.ar\/2021\/wp-content\/uploads\/2018\/03\/esposas.jpg\",\"width\":1330,\"height\":750},{\"@type\":\"BreadcrumbList\",\"@id\":\"https:\/\/www.noticiasradioreflejos.com.ar\/2021\/tres-detenidos-por-los-hechos-vandalicos-en-la-unidad-academica\/#breadcrumb\",\"itemListElement\":[{\"@type\":\"ListItem\",\"position\":1,\"name\":\"Portada\",\"item\":\"https:\/\/www.noticiasradioreflejos.com.ar\/2021\/\"},{\"@type\":\"ListItem\",\"position\":2,\"name\":\"Tres detenidos por los hechos vand\u00e1licos en la Unidad Academica.\"}]},{\"@type\":\"WebSite\",\"@id\":\"https:\/\/www.noticiasradioreflejos.com.ar\/2021\/#website\",\"url\":\"https:\/\/www.noticiasradioreflejos.com.ar\/2021\/\",\"name\":\"Noticias Radio Reflejos\",\"description\":\"Las noticias de mi comarca\",\"potentialAction\":[{\"@type\":\"SearchAction\",\"target\":{\"@type\":\"EntryPoint\",\"urlTemplate\":\"https:\/\/www.noticiasradioreflejos.com.ar\/2021\/?s={search_term_string}\"},\"query-input\":{\"@type\":\"PropertyValueSpecification\",\"valueRequired\":true,\"valueName\":\"search_term_string\"}}],\"inLanguage\":\"es\"},{\"@type\":\"Person\",\"@id\":\"https:\/\/www.noticiasradioreflejos.com.ar\/2021\/#\/schema\/person\/ad82545263dcc5ec0996818884fd5fb1\",\"name\":\"Arnaldo Botto\",\"image\":{\"@type\":\"ImageObject\",\"inLanguage\":\"es\",\"@id\":\"https:\/\/www.noticiasradioreflejos.com.ar\/2021\/#\/schema\/person\/image\/\",\"url\":\"https:\/\/secure.gravatar.com\/avatar\/55cb5e37c1efa326397366e6974cb338056df65cb50e7d64d1cf314e87504837?s=96&d=mm&r=g\",\"contentUrl\":\"https:\/\/secure.gravatar.com\/avatar\/55cb5e37c1efa326397366e6974cb338056df65cb50e7d64d1cf314e87504837?s=96&d=mm&r=g\",\"caption\":\"Arnaldo Botto\"},\"url\":\"https:\/\/www.noticiasradioreflejos.com.ar\/2021\/author\/arnaldo\/\"}]}<\/script>\n<!-- \/ Yoast SEO plugin. -->","yoast_head_json":{"title":"Tres detenidos por los hechos vand\u00e1licos en la Unidad Academica. - Noticias Radio Reflejos","robots":{"index":"index","follow":"follow","max-snippet":"max-snippet:-1","max-image-preview":"max-image-preview:large","max-video-preview":"max-video-preview:-1"},"canonical":"https:\/\/www.noticiasradioreflejos.com.ar\/2021\/tres-detenidos-por-los-hechos-vandalicos-en-la-unidad-academica\/","og_locale":"es_ES","og_type":"article","og_title":"Tres detenidos por los hechos vand\u00e1licos en la Unidad Academica. - Noticias Radio Reflejos","og_description":"La Secretaria de Seguridad de la Municipalidad de Tornquist lleva a conocimiento de la poblaci\u00f3n que con fecha 25 de Agosto del corriente, en la Estaci\u00f3n de Polic\u00eda Comunal local se recibi\u00f3 una denuncia penal a los directivos del Establecimiento Educativo \u201cUnidad Acad\u00e9mica Ernesto Tornquist\u201d,","og_url":"https:\/\/www.noticiasradioreflejos.com.ar\/2021\/tres-detenidos-por-los-hechos-vandalicos-en-la-unidad-academica\/","og_site_name":"Noticias Radio Reflejos","article_published_time":"2020-09-05T17:59:55+00:00","og_image":[{"width":1330,"height":750,"url":"https:\/\/www.noticiasradioreflejos.com.ar\/2021\/wp-content\/uploads\/2018\/03\/esposas.jpg","type":"image\/jpeg"}],"author":"Arnaldo Botto","twitter_card":"summary_large_image","schema":{"@context":"https:\/\/schema.org","@graph":[{"@type":"WebPage","@id":"https:\/\/www.noticiasradioreflejos.com.ar\/2021\/tres-detenidos-por-los-hechos-vandalicos-en-la-unidad-academica\/","url":"https:\/\/www.noticiasradioreflejos.com.ar\/2021\/tres-detenidos-por-los-hechos-vandalicos-en-la-unidad-academica\/","name":"Tres detenidos por los hechos vand\u00e1licos en la Unidad Academica. - Noticias Radio Reflejos","isPartOf":{"@id":"https:\/\/www.noticiasradioreflejos.com.ar\/2021\/#website"},"primaryImageOfPage":{"@id":"https:\/\/www.noticiasradioreflejos.com.ar\/2021\/tres-detenidos-por-los-hechos-vandalicos-en-la-unidad-academica\/#primaryimage"},"image":{"@id":"https:\/\/www.noticiasradioreflejos.com.ar\/2021\/tres-detenidos-por-los-hechos-vandalicos-en-la-unidad-academica\/#primaryimage"},"thumbnailUrl":"https:\/\/www.noticiasradioreflejos.com.ar\/2021\/wp-content\/uploads\/2018\/03\/esposas.jpg","datePublished":"2020-09-05T17:59:55+00:00","author":{"@id":"https:\/\/www.noticiasradioreflejos.com.ar\/2021\/#\/schema\/person\/ad82545263dcc5ec0996818884fd5fb1"},"breadcrumb":{"@id":"https:\/\/www.noticiasradioreflejos.com.ar\/2021\/tres-detenidos-por-los-hechos-vandalicos-en-la-unidad-academica\/#breadcrumb"},"inLanguage":"es","potentialAction":[{"@type":"ReadAction","target":["https:\/\/www.noticiasradioreflejos.com.ar\/2021\/tres-detenidos-por-los-hechos-vandalicos-en-la-unidad-academica\/"]}]},{"@type":"ImageObject","inLanguage":"es","@id":"https:\/\/www.noticiasradioreflejos.com.ar\/2021\/tres-detenidos-por-los-hechos-vandalicos-en-la-unidad-academica\/#primaryimage","url":"https:\/\/www.noticiasradioreflejos.com.ar\/2021\/wp-content\/uploads\/2018\/03\/esposas.jpg","contentUrl":"https:\/\/www.noticiasradioreflejos.com.ar\/2021\/wp-content\/uploads\/2018\/03\/esposas.jpg","width":1330,"height":750},{"@type":"BreadcrumbList","@id":"https:\/\/www.noticiasradioreflejos.com.ar\/2021\/tres-detenidos-por-los-hechos-vandalicos-en-la-unidad-academica\/#breadcrumb","itemListElement":[{"@type":"ListItem","position":1,"name":"Portada","item":"https:\/\/www.noticiasradioreflejos.com.ar\/2021\/"},{"@type":"ListItem","position":2,"name":"Tres detenidos por los hechos vand\u00e1licos en la Unidad Academica."}]},{"@type":"WebSite","@id":"https:\/\/www.noticiasradioreflejos.com.ar\/2021\/#website","url":"https:\/\/www.noticiasradioreflejos.com.ar\/2021\/","name":"Noticias Radio Reflejos","description":"Las noticias de mi comarca","potentialAction":[{"@type":"SearchAction","target":{"@type":"EntryPoint","urlTemplate":"https:\/\/www.noticiasradioreflejos.com.ar\/2021\/?s={search_term_string}"},"query-input":{"@type":"PropertyValueSpecification","valueRequired":true,"valueName":"search_term_string"}}],"inLanguage":"es"},{"@type":"Person","@id":"https:\/\/www.noticiasradioreflejos.com.ar\/2021\/#\/schema\/person\/ad82545263dcc5ec0996818884fd5fb1","name":"Arnaldo Botto","image":{"@type":"ImageObject","inLanguage":"es","@id":"https:\/\/www.noticiasradioreflejos.com.ar\/2021\/#\/schema\/person\/image\/","url":"https:\/\/secure.gravatar.com\/avatar\/55cb5e37c1efa326397366e6974cb338056df65cb50e7d64d1cf314e87504837?s=96&d=mm&r=g","contentUrl":"https:\/\/secure.gravatar.com\/avatar\/55cb5e37c1efa326397366e6974cb338056df65cb50e7d64d1cf314e87504837?s=96&d=mm&r=g","caption":"Arnaldo Botto"},"url":"https:\/\/www.noticiasradioreflejos.com.ar\/2021\/author\/arnaldo\/"}]}},"_links":{"self":[{"href":"https:\/\/www.noticiasradioreflejos.com.ar\/2021\/wp-json\/wp\/v2\/posts\/46621","targetHints":{"allow":["GET"]}}],"collection":[{"href":"https:\/\/www.noticiasradioreflejos.com.ar\/2021\/wp-json\/wp\/v2\/posts"}],"about":[{"href":"https:\/\/www.noticiasradioreflejos.com.ar\/2021\/wp-json\/wp\/v2\/types\/post"}],"author":[{"embeddable":true,"href":"https:\/\/www.noticiasradioreflejos.com.ar\/2021\/wp-json\/wp\/v2\/users\/3"}],"replies":[{"embeddable":true,"href":"https:\/\/www.noticiasradioreflejos.com.ar\/2021\/wp-json\/wp\/v2\/comments?post=46621"}],"version-history":[{"count":0,"href":"https:\/\/www.noticiasradioreflejos.com.ar\/2021\/wp-json\/wp\/v2\/posts\/46621\/revisions"}],"wp:featuredmedia":[{"embeddable":true,"href":"https:\/\/www.noticiasradioreflejos.com.ar\/2021\/wp-json\/wp\/v2\/media\/19838"}],"wp:attachment":[{"href":"https:\/\/www.noticiasradioreflejos.com.ar\/2021\/wp-json\/wp\/v2\/media?parent=46621"}],"wp:term":[{"taxonomy":"category","embeddable":true,"href":"https:\/\/www.noticiasradioreflejos.com.ar\/2021\/wp-json\/wp\/v2\/categories?post=46621"},{"taxonomy":"post_tag","embeddable":true,"href":"https:\/\/www.noticiasradioreflejos.com.ar\/2021\/wp-json\/wp\/v2\/tags?post=46621"}],"curies":[{"name":"wp","href":"https:\/\/api.w.org\/{rel}","templated":true}]}}