{"id":46604,"date":"2020-09-04T19:01:34","date_gmt":"2020-09-04T22:01:34","guid":{"rendered":"http:\/\/www.noticiasradioreflejos.com.ar\/noticias\/?p=46604"},"modified":"2020-09-04T19:01:34","modified_gmt":"2020-09-04T22:01:34","slug":"la-justicia-ordeno-reincorporar-a-los-afiliados-expulsados-del-radicalismo-provincial","status":"publish","type":"post","link":"https:\/\/www.noticiasradioreflejos.com.ar\/2021\/la-justicia-ordeno-reincorporar-a-los-afiliados-expulsados-del-radicalismo-provincial\/","title":{"rendered":"La justicia orden\u00f3 reincorporar a los afiliados expulsados del radicalismo provincial."},"content":{"rendered":"<p>El Poder Judicial de la Provincial de Buenos Aires\u00a0desde el\u00a0\u00a0Juzgado: TRIBUNAL EN LO CRIMINAL N\u00ba 6 &#8211; SAN ISIDRO,\u00a0\u00a0\u00a0emiti\u00f2 en el d\u00eca de la fecha la resoluci\u00f2n rectificatoria por la CAUSA N\u00famero: 4508 Car\u00e1tulada :LEANDRO IPUCHE S\/ ACCI\u00d3N DE AMPARO COLECTIVO C\/ UNION CIVICA RADICAL DE LA PROVINCIA DE BUENOS AIRES, Ordenando la \u00abInmediata reincorporaci\u00f3n de los afiliados expulsados en forma unilateral del partido.<!--more--><\/p>\n<p>Durante esta semana en FM Reflejos entrevistamos al dirigente\u00a0<strong>Fabio Abraham<\/strong>, integrante de la\u00a0<strong>Movilizaci\u00f3n Partidaria<\/strong>, un sector de la\u00a0<strong>UCR<\/strong>\u00a0que apoya la candidatura de\u00a0<strong>Gustavo Posse<\/strong>. En esta nota, Fabio\u00a0explic\u00f3\u00a0la raz\u00f3n del petitorio realizado en contra del Comit\u00e9 Provincia de Buenos Aires de la UCR, en el que se denuncian actitudes dictatoriales dentro del partido.<span id=\"more-46510\"><\/span><\/p>\n<p>El Comit\u00e9 Provincia de Buenos Aires de la UCR, en su primera resoluci\u00f3n del a\u00f1o, el 28 de agosto pasado, ha decidido la extinci\u00f3n de afiliaci\u00f3n de m\u00e1s de 750 afiliados. Con respecto a esto, Fabio comparte su opini\u00f3n: \u201cEn primer lugar, el comit\u00e9 de la Provincia decidi\u00f3 suspender con la intenci\u00f3n de expulsar a 750 afiliados que han participado de las elecciones en 2019. El art\u00edculo 10 establece que quien no cumple con el mandato partidario y es candidato por otra lista, es expulsado directamente y se agarraron de ese art\u00edculo. El problema es que ese art\u00edculo no se ha aplicado hace mucho tiempo y ahora se aplica parcialmente porque quienes apoyan a Posse son los expulsados, pero los que son amigos de la lista oficial, no son expulsados. Es una barbaridad y de una hipocres\u00eda total\u201d, manifest\u00f2 el pasado mi\u00e9rcoles en el medio.<\/p>\n<p><a href=\"http:\/\/www.noticiasradioreflejos.com.ar\/noticias\/wp-content\/uploads\/2020\/09\/Abraham.jpg\"><img loading=\"lazy\" decoding=\"async\" class=\"alignleft size-thumbnail-noticias wp-image-46525\" src=\"http:\/\/www.noticiasradioreflejos.com.ar\/noticias\/wp-content\/uploads\/2020\/09\/Abraham-500x300.jpg\" alt=\"Abraham\" width=\"500\" height=\"300\" \/><\/a>No finaliz\u00f3 la semana y la buena noticia lleg\u00f3 desde San Isidro para los expulsados, ya que la Justicia provincial orden\u00f3 la reincorporaci\u00f3n de todos los afiliados no dando lugar al turbio manejo interno por el cual s\u00f3lo fueron expulsados integrantes de las listas opositoras a <strong>Daniel Salvador<\/strong>.<\/p>\n<p>El tribunal \u00abFundamenta su pretensi\u00f3n en que la cautelar dictada no resultaba ser la medida peticionada por la parte, no siendo de su inter\u00e9s \u00ab&#8230;perjudicar de ninguna manera el desarrollo de las elecciones internas, ni afectar de modo alguno los derechos de los ciudadanos que est\u00e1n en el padr\u00f3n y son afiliados partidarios&#8230;\u00bb (textual), peticionando en consecuencia se aclare los dispuesto en el apartado IV del pronunciamiento de referencia que reza \u00ab&#8230;LIBRAR OFICIO a la Unidad C\u00edvica Radical de la Provincia de Buenos Aires que arbitre los medios que resulten pertinentes a efectos de suspender, interina y transitoriamente, la fecha de cierre fijada para el pr\u00f3ximo 11 de septiembre, a las 23.59 hs&#8230;\u00bb.<\/p>\n<p>La resoluci\u00f3n expone como primordial <strong>\u00abla protecci\u00f3n de derechos pol\u00edticos\u00bb <\/strong>y entonces<strong> \u00abResuelve\u00bb:\u00a0<\/strong><\/p>\n<p>I. HACER LUGAR al pedido de ACLARATORIA formulado por el accionante, conforme los argumentos expuestos, y en consecuencia, SUBSANAR la omisi\u00f3n y ACLARAR sus alcances, pues la resoluci\u00f3n sobre la que se ha emitido opini\u00f3n resulta ser la nro. 1\/2020, DEL 28 DE AGOSTO DE 2020, SUSPENDIENDO SUS EFECTOS y ORDENANDO LA INMEDIATA REINCORPORACI\u00d3N DE LOS AFILIADOS detallados en su anexo I, ello hasta tanto el \u00d3rgano competente resuelva la cuesti\u00f3n fondal (arts. 36, inc. 3ro y 196, segundo y tercer p\u00e1rrafo inc. del C.P.C.C., 52 Ley 12008 y 9 de la Ley de Amparo 13928).<br \/>\nII. LIBRAR nuevo oficio a la Uni\u00f3n C\u00edvica Radical de la Provincia de Buenos Aires a efectos que tome nota de la aclaratoria dictada mediante el presente pronunciamiento, y de cumplimiento a sus disposiciones.<br \/>\nIII. P\u00d3NGASE EN CONOCIMIENTO del Juzgado en lo Civil y Comercial Nro. 17 de La Plata lo actuado.<\/p>\n<p><a href=\"https:\/\/es.scribd.com\/document\/474841694\/resolucion-rectifica-cautelar\" target=\"_blank\" rel=\"noopener\"><span style=\"color: #ff0000;\"><strong>Ver Resoluci\u00f3n\u00a0<\/strong><\/span><\/a><\/p>\n","protected":false},"excerpt":{"rendered":"<p>El Poder Judicial de la Provincial de Buenos Aires\u00a0desde el\u00a0\u00a0Juzgado: TRIBUNAL EN LO CRIMINAL N\u00ba 6 &#8211; SAN ISIDRO,\u00a0\u00a0\u00a0emiti\u00f2 en el d\u00eca de la fecha la resoluci\u00f2n rectificatoria por la CAUSA N\u00famero: 4508 Car\u00e1tulada :LEANDRO IPUCHE S\/ ACCI\u00d3N DE AMPARO COLECTIVO C\/ UNION CIVICA RADICAL DE LA PROVINCIA DE BUENOS AIRES, Ordenando la \u00abInmediata reincorporaci\u00f3n [&hellip;]<\/p>\n","protected":false},"author":3,"featured_media":11796,"comment_status":"closed","ping_status":"open","sticky":false,"template":"","format":"standard","meta":{"footnotes":""},"categories":[24],"tags":[],"class_list":["post-46604","post","type-post","status-publish","format-standard","has-post-thumbnail","hentry","category-politica"],"yoast_head":"<!-- This site is optimized with the Yoast SEO plugin v25.9 - https:\/\/yoast.com\/wordpress\/plugins\/seo\/ -->\n<title>La justicia orden\u00f3 reincorporar a los afiliados expulsados del radicalismo provincial. - Noticias Radio Reflejos<\/title>\n<meta name=\"robots\" content=\"index, follow, max-snippet:-1, max-image-preview:large, max-video-preview:-1\" \/>\n<link rel=\"canonical\" href=\"https:\/\/www.noticiasradioreflejos.com.ar\/2021\/la-justicia-ordeno-reincorporar-a-los-afiliados-expulsados-del-radicalismo-provincial\/\" \/>\n<meta property=\"og:locale\" content=\"es_ES\" \/>\n<meta property=\"og:type\" content=\"article\" \/>\n<meta property=\"og:title\" content=\"La justicia orden\u00f3 reincorporar a los afiliados expulsados del radicalismo provincial. - Noticias Radio Reflejos\" \/>\n<meta property=\"og:description\" content=\"El Poder Judicial de la Provincial de Buenos Aires\u00a0desde el\u00a0\u00a0Juzgado: TRIBUNAL EN LO CRIMINAL N\u00ba 6 &#8211; SAN ISIDRO,\u00a0\u00a0\u00a0emiti\u00f2 en el d\u00eca de la fecha la resoluci\u00f2n rectificatoria por la CAUSA N\u00famero: 4508 Car\u00e1tulada :LEANDRO IPUCHE S\/ ACCI\u00d3N DE AMPARO COLECTIVO C\/ UNION CIVICA RADICAL DE LA PROVINCIA DE BUENOS AIRES, Ordenando la \u00abInmediata reincorporaci\u00f3n [&hellip;]\" \/>\n<meta property=\"og:url\" content=\"https:\/\/www.noticiasradioreflejos.com.ar\/2021\/la-justicia-ordeno-reincorporar-a-los-afiliados-expulsados-del-radicalismo-provincial\/\" \/>\n<meta property=\"og:site_name\" content=\"Noticias Radio Reflejos\" \/>\n<meta property=\"article:published_time\" content=\"2020-09-04T22:01:34+00:00\" \/>\n<meta property=\"og:image\" content=\"https:\/\/www.noticiasradioreflejos.com.ar\/2021\/wp-content\/uploads\/2017\/06\/justicia1_1000_750.jpg\" \/>\n\t<meta property=\"og:image:width\" content=\"750\" \/>\n\t<meta property=\"og:image:height\" content=\"500\" \/>\n\t<meta property=\"og:image:type\" content=\"image\/jpeg\" \/>\n<meta name=\"author\" content=\"Arnaldo Botto\" \/>\n<meta name=\"twitter:card\" content=\"summary_large_image\" \/>\n<script type=\"application\/ld+json\" class=\"yoast-schema-graph\">{\"@context\":\"https:\/\/schema.org\",\"@graph\":[{\"@type\":\"WebPage\",\"@id\":\"https:\/\/www.noticiasradioreflejos.com.ar\/2021\/la-justicia-ordeno-reincorporar-a-los-afiliados-expulsados-del-radicalismo-provincial\/\",\"url\":\"https:\/\/www.noticiasradioreflejos.com.ar\/2021\/la-justicia-ordeno-reincorporar-a-los-afiliados-expulsados-del-radicalismo-provincial\/\",\"name\":\"La justicia orden\u00f3 reincorporar a los afiliados expulsados del radicalismo provincial. - Noticias Radio Reflejos\",\"isPartOf\":{\"@id\":\"https:\/\/www.noticiasradioreflejos.com.ar\/2021\/#website\"},\"primaryImageOfPage\":{\"@id\":\"https:\/\/www.noticiasradioreflejos.com.ar\/2021\/la-justicia-ordeno-reincorporar-a-los-afiliados-expulsados-del-radicalismo-provincial\/#primaryimage\"},\"image\":{\"@id\":\"https:\/\/www.noticiasradioreflejos.com.ar\/2021\/la-justicia-ordeno-reincorporar-a-los-afiliados-expulsados-del-radicalismo-provincial\/#primaryimage\"},\"thumbnailUrl\":\"https:\/\/www.noticiasradioreflejos.com.ar\/2021\/wp-content\/uploads\/2017\/06\/justicia1_1000_750.jpg\",\"datePublished\":\"2020-09-04T22:01:34+00:00\",\"author\":{\"@id\":\"https:\/\/www.noticiasradioreflejos.com.ar\/2021\/#\/schema\/person\/ad82545263dcc5ec0996818884fd5fb1\"},\"breadcrumb\":{\"@id\":\"https:\/\/www.noticiasradioreflejos.com.ar\/2021\/la-justicia-ordeno-reincorporar-a-los-afiliados-expulsados-del-radicalismo-provincial\/#breadcrumb\"},\"inLanguage\":\"es\",\"potentialAction\":[{\"@type\":\"ReadAction\",\"target\":[\"https:\/\/www.noticiasradioreflejos.com.ar\/2021\/la-justicia-ordeno-reincorporar-a-los-afiliados-expulsados-del-radicalismo-provincial\/\"]}]},{\"@type\":\"ImageObject\",\"inLanguage\":\"es\",\"@id\":\"https:\/\/www.noticiasradioreflejos.com.ar\/2021\/la-justicia-ordeno-reincorporar-a-los-afiliados-expulsados-del-radicalismo-provincial\/#primaryimage\",\"url\":\"https:\/\/www.noticiasradioreflejos.com.ar\/2021\/wp-content\/uploads\/2017\/06\/justicia1_1000_750.jpg\",\"contentUrl\":\"https:\/\/www.noticiasradioreflejos.com.ar\/2021\/wp-content\/uploads\/2017\/06\/justicia1_1000_750.jpg\",\"width\":750,\"height\":500},{\"@type\":\"BreadcrumbList\",\"@id\":\"https:\/\/www.noticiasradioreflejos.com.ar\/2021\/la-justicia-ordeno-reincorporar-a-los-afiliados-expulsados-del-radicalismo-provincial\/#breadcrumb\",\"itemListElement\":[{\"@type\":\"ListItem\",\"position\":1,\"name\":\"Portada\",\"item\":\"https:\/\/www.noticiasradioreflejos.com.ar\/2021\/\"},{\"@type\":\"ListItem\",\"position\":2,\"name\":\"La justicia orden\u00f3 reincorporar a los afiliados expulsados del radicalismo provincial.\"}]},{\"@type\":\"WebSite\",\"@id\":\"https:\/\/www.noticiasradioreflejos.com.ar\/2021\/#website\",\"url\":\"https:\/\/www.noticiasradioreflejos.com.ar\/2021\/\",\"name\":\"Noticias Radio Reflejos\",\"description\":\"Las noticias de mi comarca\",\"potentialAction\":[{\"@type\":\"SearchAction\",\"target\":{\"@type\":\"EntryPoint\",\"urlTemplate\":\"https:\/\/www.noticiasradioreflejos.com.ar\/2021\/?s={search_term_string}\"},\"query-input\":{\"@type\":\"PropertyValueSpecification\",\"valueRequired\":true,\"valueName\":\"search_term_string\"}}],\"inLanguage\":\"es\"},{\"@type\":\"Person\",\"@id\":\"https:\/\/www.noticiasradioreflejos.com.ar\/2021\/#\/schema\/person\/ad82545263dcc5ec0996818884fd5fb1\",\"name\":\"Arnaldo Botto\",\"image\":{\"@type\":\"ImageObject\",\"inLanguage\":\"es\",\"@id\":\"https:\/\/www.noticiasradioreflejos.com.ar\/2021\/#\/schema\/person\/image\/\",\"url\":\"https:\/\/secure.gravatar.com\/avatar\/55cb5e37c1efa326397366e6974cb338056df65cb50e7d64d1cf314e87504837?s=96&d=mm&r=g\",\"contentUrl\":\"https:\/\/secure.gravatar.com\/avatar\/55cb5e37c1efa326397366e6974cb338056df65cb50e7d64d1cf314e87504837?s=96&d=mm&r=g\",\"caption\":\"Arnaldo Botto\"},\"url\":\"https:\/\/www.noticiasradioreflejos.com.ar\/2021\/author\/arnaldo\/\"}]}<\/script>\n<!-- \/ Yoast SEO plugin. -->","yoast_head_json":{"title":"La justicia orden\u00f3 reincorporar a los afiliados expulsados del radicalismo provincial. - Noticias Radio Reflejos","robots":{"index":"index","follow":"follow","max-snippet":"max-snippet:-1","max-image-preview":"max-image-preview:large","max-video-preview":"max-video-preview:-1"},"canonical":"https:\/\/www.noticiasradioreflejos.com.ar\/2021\/la-justicia-ordeno-reincorporar-a-los-afiliados-expulsados-del-radicalismo-provincial\/","og_locale":"es_ES","og_type":"article","og_title":"La justicia orden\u00f3 reincorporar a los afiliados expulsados del radicalismo provincial. - Noticias Radio Reflejos","og_description":"El Poder Judicial de la Provincial de Buenos Aires\u00a0desde el\u00a0\u00a0Juzgado: TRIBUNAL EN LO CRIMINAL N\u00ba 6 &#8211; SAN ISIDRO,\u00a0\u00a0\u00a0emiti\u00f2 en el d\u00eca de la fecha la resoluci\u00f2n rectificatoria por la CAUSA N\u00famero: 4508 Car\u00e1tulada :LEANDRO IPUCHE S\/ ACCI\u00d3N DE AMPARO COLECTIVO C\/ UNION CIVICA RADICAL DE LA PROVINCIA DE BUENOS AIRES, Ordenando la \u00abInmediata reincorporaci\u00f3n [&hellip;]","og_url":"https:\/\/www.noticiasradioreflejos.com.ar\/2021\/la-justicia-ordeno-reincorporar-a-los-afiliados-expulsados-del-radicalismo-provincial\/","og_site_name":"Noticias Radio Reflejos","article_published_time":"2020-09-04T22:01:34+00:00","og_image":[{"width":750,"height":500,"url":"https:\/\/www.noticiasradioreflejos.com.ar\/2021\/wp-content\/uploads\/2017\/06\/justicia1_1000_750.jpg","type":"image\/jpeg"}],"author":"Arnaldo Botto","twitter_card":"summary_large_image","schema":{"@context":"https:\/\/schema.org","@graph":[{"@type":"WebPage","@id":"https:\/\/www.noticiasradioreflejos.com.ar\/2021\/la-justicia-ordeno-reincorporar-a-los-afiliados-expulsados-del-radicalismo-provincial\/","url":"https:\/\/www.noticiasradioreflejos.com.ar\/2021\/la-justicia-ordeno-reincorporar-a-los-afiliados-expulsados-del-radicalismo-provincial\/","name":"La justicia orden\u00f3 reincorporar a los afiliados expulsados del radicalismo provincial. - Noticias Radio Reflejos","isPartOf":{"@id":"https:\/\/www.noticiasradioreflejos.com.ar\/2021\/#website"},"primaryImageOfPage":{"@id":"https:\/\/www.noticiasradioreflejos.com.ar\/2021\/la-justicia-ordeno-reincorporar-a-los-afiliados-expulsados-del-radicalismo-provincial\/#primaryimage"},"image":{"@id":"https:\/\/www.noticiasradioreflejos.com.ar\/2021\/la-justicia-ordeno-reincorporar-a-los-afiliados-expulsados-del-radicalismo-provincial\/#primaryimage"},"thumbnailUrl":"https:\/\/www.noticiasradioreflejos.com.ar\/2021\/wp-content\/uploads\/2017\/06\/justicia1_1000_750.jpg","datePublished":"2020-09-04T22:01:34+00:00","author":{"@id":"https:\/\/www.noticiasradioreflejos.com.ar\/2021\/#\/schema\/person\/ad82545263dcc5ec0996818884fd5fb1"},"breadcrumb":{"@id":"https:\/\/www.noticiasradioreflejos.com.ar\/2021\/la-justicia-ordeno-reincorporar-a-los-afiliados-expulsados-del-radicalismo-provincial\/#breadcrumb"},"inLanguage":"es","potentialAction":[{"@type":"ReadAction","target":["https:\/\/www.noticiasradioreflejos.com.ar\/2021\/la-justicia-ordeno-reincorporar-a-los-afiliados-expulsados-del-radicalismo-provincial\/"]}]},{"@type":"ImageObject","inLanguage":"es","@id":"https:\/\/www.noticiasradioreflejos.com.ar\/2021\/la-justicia-ordeno-reincorporar-a-los-afiliados-expulsados-del-radicalismo-provincial\/#primaryimage","url":"https:\/\/www.noticiasradioreflejos.com.ar\/2021\/wp-content\/uploads\/2017\/06\/justicia1_1000_750.jpg","contentUrl":"https:\/\/www.noticiasradioreflejos.com.ar\/2021\/wp-content\/uploads\/2017\/06\/justicia1_1000_750.jpg","width":750,"height":500},{"@type":"BreadcrumbList","@id":"https:\/\/www.noticiasradioreflejos.com.ar\/2021\/la-justicia-ordeno-reincorporar-a-los-afiliados-expulsados-del-radicalismo-provincial\/#breadcrumb","itemListElement":[{"@type":"ListItem","position":1,"name":"Portada","item":"https:\/\/www.noticiasradioreflejos.com.ar\/2021\/"},{"@type":"ListItem","position":2,"name":"La justicia orden\u00f3 reincorporar a los afiliados expulsados del radicalismo provincial."}]},{"@type":"WebSite","@id":"https:\/\/www.noticiasradioreflejos.com.ar\/2021\/#website","url":"https:\/\/www.noticiasradioreflejos.com.ar\/2021\/","name":"Noticias Radio Reflejos","description":"Las noticias de mi comarca","potentialAction":[{"@type":"SearchAction","target":{"@type":"EntryPoint","urlTemplate":"https:\/\/www.noticiasradioreflejos.com.ar\/2021\/?s={search_term_string}"},"query-input":{"@type":"PropertyValueSpecification","valueRequired":true,"valueName":"search_term_string"}}],"inLanguage":"es"},{"@type":"Person","@id":"https:\/\/www.noticiasradioreflejos.com.ar\/2021\/#\/schema\/person\/ad82545263dcc5ec0996818884fd5fb1","name":"Arnaldo Botto","image":{"@type":"ImageObject","inLanguage":"es","@id":"https:\/\/www.noticiasradioreflejos.com.ar\/2021\/#\/schema\/person\/image\/","url":"https:\/\/secure.gravatar.com\/avatar\/55cb5e37c1efa326397366e6974cb338056df65cb50e7d64d1cf314e87504837?s=96&d=mm&r=g","contentUrl":"https:\/\/secure.gravatar.com\/avatar\/55cb5e37c1efa326397366e6974cb338056df65cb50e7d64d1cf314e87504837?s=96&d=mm&r=g","caption":"Arnaldo Botto"},"url":"https:\/\/www.noticiasradioreflejos.com.ar\/2021\/author\/arnaldo\/"}]}},"_links":{"self":[{"href":"https:\/\/www.noticiasradioreflejos.com.ar\/2021\/wp-json\/wp\/v2\/posts\/46604","targetHints":{"allow":["GET"]}}],"collection":[{"href":"https:\/\/www.noticiasradioreflejos.com.ar\/2021\/wp-json\/wp\/v2\/posts"}],"about":[{"href":"https:\/\/www.noticiasradioreflejos.com.ar\/2021\/wp-json\/wp\/v2\/types\/post"}],"author":[{"embeddable":true,"href":"https:\/\/www.noticiasradioreflejos.com.ar\/2021\/wp-json\/wp\/v2\/users\/3"}],"replies":[{"embeddable":true,"href":"https:\/\/www.noticiasradioreflejos.com.ar\/2021\/wp-json\/wp\/v2\/comments?post=46604"}],"version-history":[{"count":0,"href":"https:\/\/www.noticiasradioreflejos.com.ar\/2021\/wp-json\/wp\/v2\/posts\/46604\/revisions"}],"wp:featuredmedia":[{"embeddable":true,"href":"https:\/\/www.noticiasradioreflejos.com.ar\/2021\/wp-json\/wp\/v2\/media\/11796"}],"wp:attachment":[{"href":"https:\/\/www.noticiasradioreflejos.com.ar\/2021\/wp-json\/wp\/v2\/media?parent=46604"}],"wp:term":[{"taxonomy":"category","embeddable":true,"href":"https:\/\/www.noticiasradioreflejos.com.ar\/2021\/wp-json\/wp\/v2\/categories?post=46604"},{"taxonomy":"post_tag","embeddable":true,"href":"https:\/\/www.noticiasradioreflejos.com.ar\/2021\/wp-json\/wp\/v2\/tags?post=46604"}],"curies":[{"name":"wp","href":"https:\/\/api.w.org\/{rel}","templated":true}]}}