{"id":46590,"date":"2020-09-04T12:54:08","date_gmt":"2020-09-04T15:54:08","guid":{"rendered":"http:\/\/www.noticiasradioreflejos.com.ar\/noticias\/?p=46590"},"modified":"2020-09-04T12:54:08","modified_gmt":"2020-09-04T15:54:08","slug":"hay-gente-que-lamentablemente-tienden-a-ser-negacionistas-pero-cuando-padecen-el-virus-salen-a-decir-esto-no-es-joda-lic-daniel-slucki","status":"publish","type":"post","link":"https:\/\/www.noticiasradioreflejos.com.ar\/2021\/hay-gente-que-lamentablemente-tienden-a-ser-negacionistas-pero-cuando-padecen-el-virus-salen-a-decir-esto-no-es-joda-lic-daniel-slucki\/","title":{"rendered":"\u00abHay gente que lamentablemente tienden a ser negacionistas, pero cuando padecen el virus salen a decir &#8216;esto no es joda&#8217; &#8211; Lic. Daniel Slucki"},"content":{"rendered":"<p><a title=\"Daniel Slucki\" href=\"http:\/\/live.staticflickr.com\/65535\/50305216457_acb00e0558_s.jpg\" rel=\"\"><img loading=\"lazy\" decoding=\"async\" class=\"alignleft\" style=\"float: left;\" title=\"Daniel Slucki\" src=\"http:\/\/live.staticflickr.com\/65535\/50305216457_acb00e0558_w.jpg\" alt=\"Daniel Slucki\" width=\"400\" height=\"400\" \/><\/a>Ya son varios los profesionales que apelan a una se\u00f1al de alerta sobre la situaci\u00f3n pand\u00e9mica. Primero fue la Sociedad Argentina de Terapia Intensiva y luego los Profesores de Medicina de la UBA salieron a declarar el mismo aviso. Ayer por la noche, fueron los Psicoanalistas los que emitieron un comunicado contemplando la gravedad de la situaci\u00f3n en la que estamos inmersos desde otra perspectiva. Esta ma\u00f1ana conversamos con el <strong>Licenciado Daniel Slucki<\/strong>, directivo del <strong>Colegio Profesional de Psicoanalistas<\/strong>, para que nos explique en profundidad cu\u00e1les son los justificantes para publicar la alerta.<!--more--><\/p>\n<p>\u00abCre\u00edmos que hac\u00eda falta la palabra de los trabajadores de la salud mental porque coincidimos con los planteos anteriores; estamos ante un momento muy cr\u00edtico de la pandemia\u00bb explic\u00f3 Daniel al comenzar la nota. El Licenciado visualiza que \u00abla gente se est\u00e1 comportando de una manera en t\u00e9rminos absolutamente opuestos al momento que estamos viviendo\u00bb.<\/p>\n<p>Estas son las razones por las que los Psicoanalistas ven necesario salir a comunicar. \u00abCreemos que hay cierto rechazo a la percepci\u00f3n de la realidad, como si se negara el momento de pandemia\u00bb mencion\u00f3 Slucki al hacer referencia a los estragos que est\u00e1 causando el COVID en Am\u00e9rica Latina mientras la gente se comporta como si esto no estuviera sucediendo. \u00abUno entiende el hartazgo. 5 o 6 meses de cuarentena nadie lo quiere, pero tenemos que entender que nos tenemos que cuidar y por eso es que escribimos el comunicado\u00bb expres\u00f3.<\/p>\n<p>El Licenciado aporta que, adem\u00e1s de este mecanismo de rechazo de la percepci\u00f3n de la realidad, tambi\u00e9n pueden visualizar la aceptaci\u00f3n de la realidad en simult\u00e1neo con dicho rechazo, es decir, \u00ablo acepto, pero no me importa\u00bb.<\/p>\n<p>Cuando le preguntamos a Daniel si las consultas hab\u00edan aumentado en relaci\u00f3n a la situaci\u00f3n de pandemia, \u00e9l respondi\u00f3: \u00abSi, todo esto fue de menos a m\u00e1s. No manejo datos exactos, pero entiendo que a medida que avanz\u00f3 la cuarentena, las consultas han aumentado. La situaci\u00f3n de encierro conlleva dificultades de acuerdo a los antecedentes que trae cada persona\u00bb. Entre las dificultades que m\u00e1s se han presentado en los ciudadanos a ra\u00edz del encierro se encuentran el trastorno del sue\u00f1o, problem\u00e1ticas familiares y violencia familiar. \u00abEstas manifestaciones se est\u00e1n dando sin duda\u00bb sostuvo Daniel.<\/p>\n<p>\u00abEn el gabinete presidencial han sumado profesionales de la salud mental para mejorar la percepci\u00f3n del padecimiento de la gente o de sus conductas\u00bb coment\u00f3 el licenciado. \u00abHay gente que lamentablemente tienden a ser negacionistas, pero cuando padecen el virus salen a decir &#8216;esto no es joda'\u00bb opin\u00f3 sobre aquellos que carecen de empat\u00eda y dejan de cuidarse porque a ellos todav\u00eda no les toc\u00f3. \u00abLo mejor que podemos hacer colectivamente es respetar la cuarentena. Los manifestantes que salen a las calles tienen la peor manera de salir a protestar\u00bb.<\/p>\n<p>En cuanto a los anuncios de vacunas y medicamentos supuestamente curativos del virus que son mencionados por los Psicoanalistas en el comunicado, Slucki hace la siguiente aclaraci\u00f3n para finalizar la nota: \u00abMe parece que es criminal salir a hablar recetas caseras no experimentadas o alternativas y difundirlas en medios de comunicaci\u00f3n masivos. Tenemos que alertar bastante. Hay que confiar en el desarrollo cient\u00edfico. Sugerimos que haya una buena comunicaci\u00f3n, realista pero no alarmista, que genere consenso y convicciones en la gente\u00bb.<\/p>\n<p><strong>Nota completa a continuaci\u00f3n:<\/strong><br \/>\n<iframe loading=\"lazy\" src=\"https:\/\/w.soundcloud.com\/player\/?url=https%3A\/\/api.soundcloud.com\/tracks\/887488792&amp;color=%23ff5500&amp;auto_play=false&amp;hide_related=false&amp;show_comments=true&amp;show_user=true&amp;show_reposts=false&amp;show_teaser=true\" width=\"100%\" height=\"166\" frameborder=\"no\" scrolling=\"no\"><\/iframe><\/p>\n<div style=\"font-size: 10px; color: #cccccc; line-break: anywhere; word-break: normal; overflow: hidden; white-space: nowrap; text-overflow: ellipsis; font-family: Interstate,Lucida Grande,Lucida Sans Unicode,Lucida Sans,Garuda,Verdana,Tahoma,sans-serif; font-weight: 100;\"><a style=\"color: #cccccc; text-decoration: none;\" title=\"fmreflejos 103.7\" href=\"https:\/\/soundcloud.com\/fmreflejos-103-7\" target=\"_blank\" rel=\"noopener\">fmreflejos 103.7<\/a> \u00b7 <a style=\"color: #cccccc; text-decoration: none;\" title=\"Nota Daniel Slucki - Colegio de Psicoanalistas.\" href=\"https:\/\/soundcloud.com\/fmreflejos-103-7\/nota-daniel-slucki\" target=\"_blank\" rel=\"noopener\">Nota Daniel Slucki &#8211; Colegio de Psicoanalistas.<\/a><\/div>\n<p><strong>Texto del Comunicado<\/strong><\/p>\n<p><a title=\"WhatsApp Image 2020-09-03 at 22.39.15 (1)\" href=\"http:\/\/live.staticflickr.com\/65535\/50305066651_4ae73afb0d_s.jpg\" rel=\"\"><img loading=\"lazy\" decoding=\"async\" class=\"aligncenter\" title=\"WhatsApp Image 2020-09-03 at 22.39.15 (1)\" src=\"http:\/\/live.staticflickr.com\/65535\/50305066651_4ae73afb0d_c.jpg\" alt=\"WhatsApp Image 2020-09-03 at 22.39.15 (1)\" width=\"525\" height=\"800\" \/><\/a><\/p>\n","protected":false},"excerpt":{"rendered":"<p>Ya son varios los profesionales que apelan a una se\u00f1al de alerta sobre la situaci\u00f3n pand\u00e9mica. Primero fue la Sociedad Argentina de Terapia Intensiva y luego los Profesores de Medicina de la UBA salieron a declarar el mismo aviso. Ayer por la noche, fueron los Psicoanalistas los que emitieron un comunicado contemplando la gravedad de [&hellip;]<\/p>\n","protected":false},"author":3,"featured_media":0,"comment_status":"closed","ping_status":"open","sticky":false,"template":"","format":"standard","meta":{"footnotes":""},"categories":[30],"tags":[],"class_list":["post-46590","post","type-post","status-publish","format-standard","hentry","category-salud"],"yoast_head":"<!-- This site is optimized with the Yoast SEO plugin v25.9 - https:\/\/yoast.com\/wordpress\/plugins\/seo\/ -->\n<title>&quot;Hay gente que lamentablemente tienden a ser negacionistas, pero cuando padecen el virus salen a decir &#039;esto no es joda&#039; - Lic. Daniel Slucki - Noticias Radio Reflejos<\/title>\n<meta name=\"robots\" content=\"index, follow, max-snippet:-1, max-image-preview:large, max-video-preview:-1\" \/>\n<link rel=\"canonical\" href=\"https:\/\/www.noticiasradioreflejos.com.ar\/2021\/hay-gente-que-lamentablemente-tienden-a-ser-negacionistas-pero-cuando-padecen-el-virus-salen-a-decir-esto-no-es-joda-lic-daniel-slucki\/\" \/>\n<meta property=\"og:locale\" content=\"es_ES\" \/>\n<meta property=\"og:type\" content=\"article\" \/>\n<meta property=\"og:title\" content=\"&quot;Hay gente que lamentablemente tienden a ser negacionistas, pero cuando padecen el virus salen a decir &#039;esto no es joda&#039; - Lic. Daniel Slucki - Noticias Radio Reflejos\" \/>\n<meta property=\"og:description\" content=\"Ya son varios los profesionales que apelan a una se\u00f1al de alerta sobre la situaci\u00f3n pand\u00e9mica. Primero fue la Sociedad Argentina de Terapia Intensiva y luego los Profesores de Medicina de la UBA salieron a declarar el mismo aviso. Ayer por la noche, fueron los Psicoanalistas los que emitieron un comunicado contemplando la gravedad de [&hellip;]\" \/>\n<meta property=\"og:url\" content=\"https:\/\/www.noticiasradioreflejos.com.ar\/2021\/hay-gente-que-lamentablemente-tienden-a-ser-negacionistas-pero-cuando-padecen-el-virus-salen-a-decir-esto-no-es-joda-lic-daniel-slucki\/\" \/>\n<meta property=\"og:site_name\" content=\"Noticias Radio Reflejos\" \/>\n<meta property=\"article:published_time\" content=\"2020-09-04T15:54:08+00:00\" \/>\n<meta property=\"og:image\" content=\"http:\/\/live.staticflickr.com\/65535\/50305216457_acb00e0558_w.jpg\" \/>\n<meta name=\"author\" content=\"Arnaldo Botto\" \/>\n<meta name=\"twitter:card\" content=\"summary_large_image\" \/>\n<script type=\"application\/ld+json\" class=\"yoast-schema-graph\">{\"@context\":\"https:\/\/schema.org\",\"@graph\":[{\"@type\":\"WebPage\",\"@id\":\"https:\/\/www.noticiasradioreflejos.com.ar\/2021\/hay-gente-que-lamentablemente-tienden-a-ser-negacionistas-pero-cuando-padecen-el-virus-salen-a-decir-esto-no-es-joda-lic-daniel-slucki\/\",\"url\":\"https:\/\/www.noticiasradioreflejos.com.ar\/2021\/hay-gente-que-lamentablemente-tienden-a-ser-negacionistas-pero-cuando-padecen-el-virus-salen-a-decir-esto-no-es-joda-lic-daniel-slucki\/\",\"name\":\"\\\"Hay gente que lamentablemente tienden a ser negacionistas, pero cuando padecen el virus salen a decir 'esto no es joda' - Lic. Daniel Slucki - Noticias Radio Reflejos\",\"isPartOf\":{\"@id\":\"https:\/\/www.noticiasradioreflejos.com.ar\/2021\/#website\"},\"primaryImageOfPage\":{\"@id\":\"https:\/\/www.noticiasradioreflejos.com.ar\/2021\/hay-gente-que-lamentablemente-tienden-a-ser-negacionistas-pero-cuando-padecen-el-virus-salen-a-decir-esto-no-es-joda-lic-daniel-slucki\/#primaryimage\"},\"image\":{\"@id\":\"https:\/\/www.noticiasradioreflejos.com.ar\/2021\/hay-gente-que-lamentablemente-tienden-a-ser-negacionistas-pero-cuando-padecen-el-virus-salen-a-decir-esto-no-es-joda-lic-daniel-slucki\/#primaryimage\"},\"thumbnailUrl\":\"http:\/\/live.staticflickr.com\/65535\/50305216457_acb00e0558_w.jpg\",\"datePublished\":\"2020-09-04T15:54:08+00:00\",\"author\":{\"@id\":\"https:\/\/www.noticiasradioreflejos.com.ar\/2021\/#\/schema\/person\/ad82545263dcc5ec0996818884fd5fb1\"},\"breadcrumb\":{\"@id\":\"https:\/\/www.noticiasradioreflejos.com.ar\/2021\/hay-gente-que-lamentablemente-tienden-a-ser-negacionistas-pero-cuando-padecen-el-virus-salen-a-decir-esto-no-es-joda-lic-daniel-slucki\/#breadcrumb\"},\"inLanguage\":\"es\",\"potentialAction\":[{\"@type\":\"ReadAction\",\"target\":[\"https:\/\/www.noticiasradioreflejos.com.ar\/2021\/hay-gente-que-lamentablemente-tienden-a-ser-negacionistas-pero-cuando-padecen-el-virus-salen-a-decir-esto-no-es-joda-lic-daniel-slucki\/\"]}]},{\"@type\":\"ImageObject\",\"inLanguage\":\"es\",\"@id\":\"https:\/\/www.noticiasradioreflejos.com.ar\/2021\/hay-gente-que-lamentablemente-tienden-a-ser-negacionistas-pero-cuando-padecen-el-virus-salen-a-decir-esto-no-es-joda-lic-daniel-slucki\/#primaryimage\",\"url\":\"http:\/\/live.staticflickr.com\/65535\/50305216457_acb00e0558_w.jpg\",\"contentUrl\":\"http:\/\/live.staticflickr.com\/65535\/50305216457_acb00e0558_w.jpg\"},{\"@type\":\"BreadcrumbList\",\"@id\":\"https:\/\/www.noticiasradioreflejos.com.ar\/2021\/hay-gente-que-lamentablemente-tienden-a-ser-negacionistas-pero-cuando-padecen-el-virus-salen-a-decir-esto-no-es-joda-lic-daniel-slucki\/#breadcrumb\",\"itemListElement\":[{\"@type\":\"ListItem\",\"position\":1,\"name\":\"Portada\",\"item\":\"https:\/\/www.noticiasradioreflejos.com.ar\/2021\/\"},{\"@type\":\"ListItem\",\"position\":2,\"name\":\"\u00abHay gente que lamentablemente tienden a ser negacionistas, pero cuando padecen el virus salen a decir &#8216;esto no es joda&#8217; &#8211; Lic. Daniel Slucki\"}]},{\"@type\":\"WebSite\",\"@id\":\"https:\/\/www.noticiasradioreflejos.com.ar\/2021\/#website\",\"url\":\"https:\/\/www.noticiasradioreflejos.com.ar\/2021\/\",\"name\":\"Noticias Radio Reflejos\",\"description\":\"Las noticias de mi comarca\",\"potentialAction\":[{\"@type\":\"SearchAction\",\"target\":{\"@type\":\"EntryPoint\",\"urlTemplate\":\"https:\/\/www.noticiasradioreflejos.com.ar\/2021\/?s={search_term_string}\"},\"query-input\":{\"@type\":\"PropertyValueSpecification\",\"valueRequired\":true,\"valueName\":\"search_term_string\"}}],\"inLanguage\":\"es\"},{\"@type\":\"Person\",\"@id\":\"https:\/\/www.noticiasradioreflejos.com.ar\/2021\/#\/schema\/person\/ad82545263dcc5ec0996818884fd5fb1\",\"name\":\"Arnaldo Botto\",\"image\":{\"@type\":\"ImageObject\",\"inLanguage\":\"es\",\"@id\":\"https:\/\/www.noticiasradioreflejos.com.ar\/2021\/#\/schema\/person\/image\/\",\"url\":\"https:\/\/secure.gravatar.com\/avatar\/55cb5e37c1efa326397366e6974cb338056df65cb50e7d64d1cf314e87504837?s=96&d=mm&r=g\",\"contentUrl\":\"https:\/\/secure.gravatar.com\/avatar\/55cb5e37c1efa326397366e6974cb338056df65cb50e7d64d1cf314e87504837?s=96&d=mm&r=g\",\"caption\":\"Arnaldo Botto\"},\"url\":\"https:\/\/www.noticiasradioreflejos.com.ar\/2021\/author\/arnaldo\/\"}]}<\/script>\n<!-- \/ Yoast SEO plugin. -->","yoast_head_json":{"title":"\"Hay gente que lamentablemente tienden a ser negacionistas, pero cuando padecen el virus salen a decir 'esto no es joda' - Lic. Daniel Slucki - Noticias Radio Reflejos","robots":{"index":"index","follow":"follow","max-snippet":"max-snippet:-1","max-image-preview":"max-image-preview:large","max-video-preview":"max-video-preview:-1"},"canonical":"https:\/\/www.noticiasradioreflejos.com.ar\/2021\/hay-gente-que-lamentablemente-tienden-a-ser-negacionistas-pero-cuando-padecen-el-virus-salen-a-decir-esto-no-es-joda-lic-daniel-slucki\/","og_locale":"es_ES","og_type":"article","og_title":"\"Hay gente que lamentablemente tienden a ser negacionistas, pero cuando padecen el virus salen a decir 'esto no es joda' - Lic. Daniel Slucki - Noticias Radio Reflejos","og_description":"Ya son varios los profesionales que apelan a una se\u00f1al de alerta sobre la situaci\u00f3n pand\u00e9mica. Primero fue la Sociedad Argentina de Terapia Intensiva y luego los Profesores de Medicina de la UBA salieron a declarar el mismo aviso. Ayer por la noche, fueron los Psicoanalistas los que emitieron un comunicado contemplando la gravedad de [&hellip;]","og_url":"https:\/\/www.noticiasradioreflejos.com.ar\/2021\/hay-gente-que-lamentablemente-tienden-a-ser-negacionistas-pero-cuando-padecen-el-virus-salen-a-decir-esto-no-es-joda-lic-daniel-slucki\/","og_site_name":"Noticias Radio Reflejos","article_published_time":"2020-09-04T15:54:08+00:00","og_image":[{"url":"http:\/\/live.staticflickr.com\/65535\/50305216457_acb00e0558_w.jpg","type":"","width":"","height":""}],"author":"Arnaldo Botto","twitter_card":"summary_large_image","schema":{"@context":"https:\/\/schema.org","@graph":[{"@type":"WebPage","@id":"https:\/\/www.noticiasradioreflejos.com.ar\/2021\/hay-gente-que-lamentablemente-tienden-a-ser-negacionistas-pero-cuando-padecen-el-virus-salen-a-decir-esto-no-es-joda-lic-daniel-slucki\/","url":"https:\/\/www.noticiasradioreflejos.com.ar\/2021\/hay-gente-que-lamentablemente-tienden-a-ser-negacionistas-pero-cuando-padecen-el-virus-salen-a-decir-esto-no-es-joda-lic-daniel-slucki\/","name":"\"Hay gente que lamentablemente tienden a ser negacionistas, pero cuando padecen el virus salen a decir 'esto no es joda' - Lic. Daniel Slucki - Noticias Radio Reflejos","isPartOf":{"@id":"https:\/\/www.noticiasradioreflejos.com.ar\/2021\/#website"},"primaryImageOfPage":{"@id":"https:\/\/www.noticiasradioreflejos.com.ar\/2021\/hay-gente-que-lamentablemente-tienden-a-ser-negacionistas-pero-cuando-padecen-el-virus-salen-a-decir-esto-no-es-joda-lic-daniel-slucki\/#primaryimage"},"image":{"@id":"https:\/\/www.noticiasradioreflejos.com.ar\/2021\/hay-gente-que-lamentablemente-tienden-a-ser-negacionistas-pero-cuando-padecen-el-virus-salen-a-decir-esto-no-es-joda-lic-daniel-slucki\/#primaryimage"},"thumbnailUrl":"http:\/\/live.staticflickr.com\/65535\/50305216457_acb00e0558_w.jpg","datePublished":"2020-09-04T15:54:08+00:00","author":{"@id":"https:\/\/www.noticiasradioreflejos.com.ar\/2021\/#\/schema\/person\/ad82545263dcc5ec0996818884fd5fb1"},"breadcrumb":{"@id":"https:\/\/www.noticiasradioreflejos.com.ar\/2021\/hay-gente-que-lamentablemente-tienden-a-ser-negacionistas-pero-cuando-padecen-el-virus-salen-a-decir-esto-no-es-joda-lic-daniel-slucki\/#breadcrumb"},"inLanguage":"es","potentialAction":[{"@type":"ReadAction","target":["https:\/\/www.noticiasradioreflejos.com.ar\/2021\/hay-gente-que-lamentablemente-tienden-a-ser-negacionistas-pero-cuando-padecen-el-virus-salen-a-decir-esto-no-es-joda-lic-daniel-slucki\/"]}]},{"@type":"ImageObject","inLanguage":"es","@id":"https:\/\/www.noticiasradioreflejos.com.ar\/2021\/hay-gente-que-lamentablemente-tienden-a-ser-negacionistas-pero-cuando-padecen-el-virus-salen-a-decir-esto-no-es-joda-lic-daniel-slucki\/#primaryimage","url":"http:\/\/live.staticflickr.com\/65535\/50305216457_acb00e0558_w.jpg","contentUrl":"http:\/\/live.staticflickr.com\/65535\/50305216457_acb00e0558_w.jpg"},{"@type":"BreadcrumbList","@id":"https:\/\/www.noticiasradioreflejos.com.ar\/2021\/hay-gente-que-lamentablemente-tienden-a-ser-negacionistas-pero-cuando-padecen-el-virus-salen-a-decir-esto-no-es-joda-lic-daniel-slucki\/#breadcrumb","itemListElement":[{"@type":"ListItem","position":1,"name":"Portada","item":"https:\/\/www.noticiasradioreflejos.com.ar\/2021\/"},{"@type":"ListItem","position":2,"name":"\u00abHay gente que lamentablemente tienden a ser negacionistas, pero cuando padecen el virus salen a decir &#8216;esto no es joda&#8217; &#8211; Lic. Daniel Slucki"}]},{"@type":"WebSite","@id":"https:\/\/www.noticiasradioreflejos.com.ar\/2021\/#website","url":"https:\/\/www.noticiasradioreflejos.com.ar\/2021\/","name":"Noticias Radio Reflejos","description":"Las noticias de mi comarca","potentialAction":[{"@type":"SearchAction","target":{"@type":"EntryPoint","urlTemplate":"https:\/\/www.noticiasradioreflejos.com.ar\/2021\/?s={search_term_string}"},"query-input":{"@type":"PropertyValueSpecification","valueRequired":true,"valueName":"search_term_string"}}],"inLanguage":"es"},{"@type":"Person","@id":"https:\/\/www.noticiasradioreflejos.com.ar\/2021\/#\/schema\/person\/ad82545263dcc5ec0996818884fd5fb1","name":"Arnaldo Botto","image":{"@type":"ImageObject","inLanguage":"es","@id":"https:\/\/www.noticiasradioreflejos.com.ar\/2021\/#\/schema\/person\/image\/","url":"https:\/\/secure.gravatar.com\/avatar\/55cb5e37c1efa326397366e6974cb338056df65cb50e7d64d1cf314e87504837?s=96&d=mm&r=g","contentUrl":"https:\/\/secure.gravatar.com\/avatar\/55cb5e37c1efa326397366e6974cb338056df65cb50e7d64d1cf314e87504837?s=96&d=mm&r=g","caption":"Arnaldo Botto"},"url":"https:\/\/www.noticiasradioreflejos.com.ar\/2021\/author\/arnaldo\/"}]}},"_links":{"self":[{"href":"https:\/\/www.noticiasradioreflejos.com.ar\/2021\/wp-json\/wp\/v2\/posts\/46590","targetHints":{"allow":["GET"]}}],"collection":[{"href":"https:\/\/www.noticiasradioreflejos.com.ar\/2021\/wp-json\/wp\/v2\/posts"}],"about":[{"href":"https:\/\/www.noticiasradioreflejos.com.ar\/2021\/wp-json\/wp\/v2\/types\/post"}],"author":[{"embeddable":true,"href":"https:\/\/www.noticiasradioreflejos.com.ar\/2021\/wp-json\/wp\/v2\/users\/3"}],"replies":[{"embeddable":true,"href":"https:\/\/www.noticiasradioreflejos.com.ar\/2021\/wp-json\/wp\/v2\/comments?post=46590"}],"version-history":[{"count":0,"href":"https:\/\/www.noticiasradioreflejos.com.ar\/2021\/wp-json\/wp\/v2\/posts\/46590\/revisions"}],"wp:attachment":[{"href":"https:\/\/www.noticiasradioreflejos.com.ar\/2021\/wp-json\/wp\/v2\/media?parent=46590"}],"wp:term":[{"taxonomy":"category","embeddable":true,"href":"https:\/\/www.noticiasradioreflejos.com.ar\/2021\/wp-json\/wp\/v2\/categories?post=46590"},{"taxonomy":"post_tag","embeddable":true,"href":"https:\/\/www.noticiasradioreflejos.com.ar\/2021\/wp-json\/wp\/v2\/tags?post=46590"}],"curies":[{"name":"wp","href":"https:\/\/api.w.org\/{rel}","templated":true}]}}