{"id":4659,"date":"2016-12-12T16:10:45","date_gmt":"2016-12-12T16:10:45","guid":{"rendered":"http:\/\/noticiasradioreflejos.com.ar\/noticias\/?p=4659"},"modified":"2016-12-12T16:10:45","modified_gmt":"2016-12-12T16:10:45","slug":"vecinos-del-barrio-cerro-ceferino-reclaman-por-el-abandono-de-lotes-baldios-las-calles-y-las-veredas","status":"publish","type":"post","link":"https:\/\/www.noticiasradioreflejos.com.ar\/2021\/vecinos-del-barrio-cerro-ceferino-reclaman-por-el-abandono-de-lotes-baldios-las-calles-y-las-veredas\/","title":{"rendered":"Vecinos del Barrio Cerro Ceferino reclaman por el abandono de lotes bald\u00edos, las calles y las veredas"},"content":{"rendered":"<p><a title=\"IMG_8947\" href=\"http:\/\/farm1.staticflickr.com\/362\/30759123774_e88d0441aa_z.jpg\" rel=\"\"><img loading=\"lazy\" decoding=\"async\" class=\"alignleft\" style=\"float: left;\" title=\"IMG_8947\" src=\"http:\/\/farm1.staticflickr.com\/362\/30759123774_e88d0441aa_z.jpg\" alt=\"IMG_8947\" width=\"640\" height=\"480\" \/><\/a>Vecinos del Barrio Cerro Ceferino, perteneciente a <strong>Villa La Arcadia, Partido de Coronel\u00a0<\/strong><b>Su\u00e1rez,<\/b>\u00a0se autoconvocaron y reclaman mediante nota a la <strong>Delegada Denis Pascal,<\/strong> que arbitren medidas para mejorar las condiciones del lugar. Alertan por la falta de desmalezamiento de veredas y lotes bald\u00edos ante la llegada de la \u00e9poca de incendios.<br \/>\n<!--more--><br \/>\nBarrio Cerro Ceferino, Cnel. Su\u00e1rez 1 de Dic. 2016<br \/>\nSra.Delegada Municipal de Villa La Arcadia<br \/>\nDenis Pascal<br \/>\nDe nuestra mayor consideraci\u00f3n:<br \/>\nNos dirigimos a Ud. y por su intermedio al gobierno municipal de Coronel Su\u00e1rez con el fin de manifestar nuestra preocupaci\u00f3n por el estado de abandono que tienen los lotes bald\u00edos, las calles y las veredas del Barrio Cerro Ceferino.<br \/>\nTenemos conocimiento que de un total aproximado de 420 lotes, 400 de ellos tienen due\u00f1o por lo que alrededor de 20 ser\u00edan todav\u00eda propiedad del fideicomiso.<br \/>\nSe acerca la temporada estival y observamos una gran cantidad de lotes con malezas, lo que propicia el incendio de pastizales y la proliferaci\u00f3n de insectos, v\u00edboras, ara\u00f1as, etc. Los vecinos del barrio nos hemos autoconvocado y decidido enviar este pedido a nuestros representantes para que tomen a consideraci\u00f3n las siguientes acciones:<br \/>\n&#8211; Se responsabilicen por el desmalezado de zonas municipales y veredas dado que los vecinos PAGAMOS la \u201cTasa por Servicios Urbanos\u201d,que de por s\u00ed es superior a otros sectores de la comarca. A pesar de haber transcurrido un a\u00f1o y 11 meses desde su implementaci\u00f3n (Enero de 2015), como contribuyentes no percibimos cambios significativos acordes al monto recaudado por el municipio.<br \/>\n&#8211; Intimen al Fideicomiso para que realice el desmalezado frecuente de los lotes a\u00fan no vendidos.<br \/>\n&#8211; Adjunten al Servicio Municipal una intimaci\u00f3n o advertencia con un plazo de 15\/20 d\u00edas para que sus propietarios procedan a desmalezar. Vencido el plazo, emitir una multa dado que est\u00e1n atentando contra la seguridad ambiental y sanitaria no s\u00f3lo del barrio sino de la Comarca Serrana.<br \/>\nComo vecinos de este lugar tan preciado queremos colaborar con la preservaci\u00f3n y embellecimiento de nuestro barrio y a la vez sentirnos respaldados por aquellos que nos representan en la gesti\u00f3n de gobierno.<br \/>\nSaludamos atentamente y quedamos a la espera de una pronta respuesta.<br \/>\nVecinos Barrio Cerro Ceferino, Villa La Arcadia<br \/>\n<a title=\"IMG_8977\" href=\"http:\/\/farm1.staticflickr.com\/75\/31484254091_f03e7494d5_z.jpg\" rel=\"\"><img loading=\"lazy\" decoding=\"async\" class=\"aligncenter\" title=\"IMG_8977\" src=\"http:\/\/farm1.staticflickr.com\/75\/31484254091_f03e7494d5_z.jpg\" alt=\"IMG_8977\" width=\"640\" height=\"480\" \/><\/a><a title=\"IMG_8974\" href=\"http:\/\/farm1.staticflickr.com\/206\/31227809670_cb1a5baf66_z.jpg\" rel=\"\"><img loading=\"lazy\" decoding=\"async\" class=\"aligncenter\" title=\"IMG_8974\" src=\"http:\/\/farm1.staticflickr.com\/206\/31227809670_cb1a5baf66_z.jpg\" alt=\"IMG_8974\" width=\"640\" height=\"480\" \/><\/a><a title=\"IMG_8970\" href=\"http:\/\/farm1.staticflickr.com\/63\/31484257511_5217ef989f_z.jpg\" rel=\"\"><img loading=\"lazy\" decoding=\"async\" class=\"aligncenter\" title=\"IMG_8970\" src=\"http:\/\/farm1.staticflickr.com\/63\/31484257511_5217ef989f_z.jpg\" alt=\"IMG_8970\" width=\"640\" height=\"480\" \/><\/a><a title=\"IMG_8959\" href=\"http:\/\/farm6.staticflickr.com\/5610\/31227811810_d0c200a609_z.jpg\" rel=\"\"><img loading=\"lazy\" decoding=\"async\" class=\"aligncenter\" title=\"IMG_8959\" src=\"http:\/\/farm6.staticflickr.com\/5610\/31227811810_d0c200a609_z.jpg\" alt=\"IMG_8959\" width=\"640\" height=\"480\" \/><\/a><a title=\"IMG_8950\" href=\"http:\/\/farm6.staticflickr.com\/5604\/31562984616_1773b53181_z.jpg\" rel=\"\"><img loading=\"lazy\" decoding=\"async\" class=\"aligncenter\" title=\"IMG_8950\" src=\"http:\/\/farm6.staticflickr.com\/5604\/31562984616_1773b53181_z.jpg\" alt=\"IMG_8950\" width=\"640\" height=\"480\" \/><\/a><\/p>\n","protected":false},"excerpt":{"rendered":"<p>Vecinos del Barrio Cerro Ceferino, perteneciente a Villa La Arcadia, Partido de Coronel\u00a0Su\u00e1rez,\u00a0se autoconvocaron y reclaman mediante nota a la Delegada Denis Pascal, que arbitren medidas para mejorar las condiciones del lugar. Alertan por la falta de desmalezamiento de veredas y lotes bald\u00edos ante la llegada de la \u00e9poca de incendios.<\/p>\n","protected":false},"author":3,"featured_media":0,"comment_status":"closed","ping_status":"open","sticky":false,"template":"","format":"standard","meta":{"footnotes":""},"categories":[28],"tags":[],"class_list":["post-4659","post","type-post","status-publish","format-standard","hentry","category-municipales"],"yoast_head":"<!-- This site is optimized with the Yoast SEO plugin v25.9 - https:\/\/yoast.com\/wordpress\/plugins\/seo\/ -->\n<title>Vecinos del Barrio Cerro Ceferino reclaman por el abandono de lotes bald\u00edos, las calles y las veredas - Noticias Radio Reflejos<\/title>\n<meta name=\"robots\" content=\"index, follow, max-snippet:-1, max-image-preview:large, max-video-preview:-1\" \/>\n<link rel=\"canonical\" href=\"https:\/\/www.noticiasradioreflejos.com.ar\/2021\/vecinos-del-barrio-cerro-ceferino-reclaman-por-el-abandono-de-lotes-baldios-las-calles-y-las-veredas\/\" \/>\n<meta property=\"og:locale\" content=\"es_ES\" \/>\n<meta property=\"og:type\" content=\"article\" \/>\n<meta property=\"og:title\" content=\"Vecinos del Barrio Cerro Ceferino reclaman por el abandono de lotes bald\u00edos, las calles y las veredas - Noticias Radio Reflejos\" \/>\n<meta property=\"og:description\" content=\"Vecinos del Barrio Cerro Ceferino, perteneciente a Villa La Arcadia, Partido de Coronel\u00a0Su\u00e1rez,\u00a0se autoconvocaron y reclaman mediante nota a la Delegada Denis Pascal, que arbitren medidas para mejorar las condiciones del lugar. Alertan por la falta de desmalezamiento de veredas y lotes bald\u00edos ante la llegada de la \u00e9poca de incendios.\" \/>\n<meta property=\"og:url\" content=\"https:\/\/www.noticiasradioreflejos.com.ar\/2021\/vecinos-del-barrio-cerro-ceferino-reclaman-por-el-abandono-de-lotes-baldios-las-calles-y-las-veredas\/\" \/>\n<meta property=\"og:site_name\" content=\"Noticias Radio Reflejos\" \/>\n<meta property=\"article:published_time\" content=\"2016-12-12T16:10:45+00:00\" \/>\n<meta property=\"og:image\" content=\"http:\/\/farm1.staticflickr.com\/362\/30759123774_e88d0441aa_z.jpg\" \/>\n<meta name=\"author\" content=\"Arnaldo Botto\" \/>\n<meta name=\"twitter:card\" content=\"summary_large_image\" \/>\n<script type=\"application\/ld+json\" class=\"yoast-schema-graph\">{\"@context\":\"https:\/\/schema.org\",\"@graph\":[{\"@type\":\"WebPage\",\"@id\":\"https:\/\/www.noticiasradioreflejos.com.ar\/2021\/vecinos-del-barrio-cerro-ceferino-reclaman-por-el-abandono-de-lotes-baldios-las-calles-y-las-veredas\/\",\"url\":\"https:\/\/www.noticiasradioreflejos.com.ar\/2021\/vecinos-del-barrio-cerro-ceferino-reclaman-por-el-abandono-de-lotes-baldios-las-calles-y-las-veredas\/\",\"name\":\"Vecinos del Barrio Cerro Ceferino reclaman por el abandono de lotes bald\u00edos, las calles y las veredas - Noticias Radio Reflejos\",\"isPartOf\":{\"@id\":\"https:\/\/www.noticiasradioreflejos.com.ar\/2021\/#website\"},\"primaryImageOfPage\":{\"@id\":\"https:\/\/www.noticiasradioreflejos.com.ar\/2021\/vecinos-del-barrio-cerro-ceferino-reclaman-por-el-abandono-de-lotes-baldios-las-calles-y-las-veredas\/#primaryimage\"},\"image\":{\"@id\":\"https:\/\/www.noticiasradioreflejos.com.ar\/2021\/vecinos-del-barrio-cerro-ceferino-reclaman-por-el-abandono-de-lotes-baldios-las-calles-y-las-veredas\/#primaryimage\"},\"thumbnailUrl\":\"http:\/\/farm1.staticflickr.com\/362\/30759123774_e88d0441aa_z.jpg\",\"datePublished\":\"2016-12-12T16:10:45+00:00\",\"author\":{\"@id\":\"https:\/\/www.noticiasradioreflejos.com.ar\/2021\/#\/schema\/person\/ad82545263dcc5ec0996818884fd5fb1\"},\"breadcrumb\":{\"@id\":\"https:\/\/www.noticiasradioreflejos.com.ar\/2021\/vecinos-del-barrio-cerro-ceferino-reclaman-por-el-abandono-de-lotes-baldios-las-calles-y-las-veredas\/#breadcrumb\"},\"inLanguage\":\"es\",\"potentialAction\":[{\"@type\":\"ReadAction\",\"target\":[\"https:\/\/www.noticiasradioreflejos.com.ar\/2021\/vecinos-del-barrio-cerro-ceferino-reclaman-por-el-abandono-de-lotes-baldios-las-calles-y-las-veredas\/\"]}]},{\"@type\":\"ImageObject\",\"inLanguage\":\"es\",\"@id\":\"https:\/\/www.noticiasradioreflejos.com.ar\/2021\/vecinos-del-barrio-cerro-ceferino-reclaman-por-el-abandono-de-lotes-baldios-las-calles-y-las-veredas\/#primaryimage\",\"url\":\"http:\/\/farm1.staticflickr.com\/362\/30759123774_e88d0441aa_z.jpg\",\"contentUrl\":\"http:\/\/farm1.staticflickr.com\/362\/30759123774_e88d0441aa_z.jpg\"},{\"@type\":\"BreadcrumbList\",\"@id\":\"https:\/\/www.noticiasradioreflejos.com.ar\/2021\/vecinos-del-barrio-cerro-ceferino-reclaman-por-el-abandono-de-lotes-baldios-las-calles-y-las-veredas\/#breadcrumb\",\"itemListElement\":[{\"@type\":\"ListItem\",\"position\":1,\"name\":\"Portada\",\"item\":\"https:\/\/www.noticiasradioreflejos.com.ar\/2021\/\"},{\"@type\":\"ListItem\",\"position\":2,\"name\":\"Vecinos del Barrio Cerro Ceferino reclaman por el abandono de lotes bald\u00edos, las calles y las veredas\"}]},{\"@type\":\"WebSite\",\"@id\":\"https:\/\/www.noticiasradioreflejos.com.ar\/2021\/#website\",\"url\":\"https:\/\/www.noticiasradioreflejos.com.ar\/2021\/\",\"name\":\"Noticias Radio Reflejos\",\"description\":\"Las noticias de mi comarca\",\"potentialAction\":[{\"@type\":\"SearchAction\",\"target\":{\"@type\":\"EntryPoint\",\"urlTemplate\":\"https:\/\/www.noticiasradioreflejos.com.ar\/2021\/?s={search_term_string}\"},\"query-input\":{\"@type\":\"PropertyValueSpecification\",\"valueRequired\":true,\"valueName\":\"search_term_string\"}}],\"inLanguage\":\"es\"},{\"@type\":\"Person\",\"@id\":\"https:\/\/www.noticiasradioreflejos.com.ar\/2021\/#\/schema\/person\/ad82545263dcc5ec0996818884fd5fb1\",\"name\":\"Arnaldo Botto\",\"image\":{\"@type\":\"ImageObject\",\"inLanguage\":\"es\",\"@id\":\"https:\/\/www.noticiasradioreflejos.com.ar\/2021\/#\/schema\/person\/image\/\",\"url\":\"https:\/\/secure.gravatar.com\/avatar\/55cb5e37c1efa326397366e6974cb338056df65cb50e7d64d1cf314e87504837?s=96&d=mm&r=g\",\"contentUrl\":\"https:\/\/secure.gravatar.com\/avatar\/55cb5e37c1efa326397366e6974cb338056df65cb50e7d64d1cf314e87504837?s=96&d=mm&r=g\",\"caption\":\"Arnaldo Botto\"},\"url\":\"https:\/\/www.noticiasradioreflejos.com.ar\/2021\/author\/arnaldo\/\"}]}<\/script>\n<!-- \/ Yoast SEO plugin. -->","yoast_head_json":{"title":"Vecinos del Barrio Cerro Ceferino reclaman por el abandono de lotes bald\u00edos, las calles y las veredas - Noticias Radio Reflejos","robots":{"index":"index","follow":"follow","max-snippet":"max-snippet:-1","max-image-preview":"max-image-preview:large","max-video-preview":"max-video-preview:-1"},"canonical":"https:\/\/www.noticiasradioreflejos.com.ar\/2021\/vecinos-del-barrio-cerro-ceferino-reclaman-por-el-abandono-de-lotes-baldios-las-calles-y-las-veredas\/","og_locale":"es_ES","og_type":"article","og_title":"Vecinos del Barrio Cerro Ceferino reclaman por el abandono de lotes bald\u00edos, las calles y las veredas - Noticias Radio Reflejos","og_description":"Vecinos del Barrio Cerro Ceferino, perteneciente a Villa La Arcadia, Partido de Coronel\u00a0Su\u00e1rez,\u00a0se autoconvocaron y reclaman mediante nota a la Delegada Denis Pascal, que arbitren medidas para mejorar las condiciones del lugar. Alertan por la falta de desmalezamiento de veredas y lotes bald\u00edos ante la llegada de la \u00e9poca de incendios.","og_url":"https:\/\/www.noticiasradioreflejos.com.ar\/2021\/vecinos-del-barrio-cerro-ceferino-reclaman-por-el-abandono-de-lotes-baldios-las-calles-y-las-veredas\/","og_site_name":"Noticias Radio Reflejos","article_published_time":"2016-12-12T16:10:45+00:00","og_image":[{"url":"http:\/\/farm1.staticflickr.com\/362\/30759123774_e88d0441aa_z.jpg","type":"","width":"","height":""}],"author":"Arnaldo Botto","twitter_card":"summary_large_image","schema":{"@context":"https:\/\/schema.org","@graph":[{"@type":"WebPage","@id":"https:\/\/www.noticiasradioreflejos.com.ar\/2021\/vecinos-del-barrio-cerro-ceferino-reclaman-por-el-abandono-de-lotes-baldios-las-calles-y-las-veredas\/","url":"https:\/\/www.noticiasradioreflejos.com.ar\/2021\/vecinos-del-barrio-cerro-ceferino-reclaman-por-el-abandono-de-lotes-baldios-las-calles-y-las-veredas\/","name":"Vecinos del Barrio Cerro Ceferino reclaman por el abandono de lotes bald\u00edos, las calles y las veredas - Noticias Radio Reflejos","isPartOf":{"@id":"https:\/\/www.noticiasradioreflejos.com.ar\/2021\/#website"},"primaryImageOfPage":{"@id":"https:\/\/www.noticiasradioreflejos.com.ar\/2021\/vecinos-del-barrio-cerro-ceferino-reclaman-por-el-abandono-de-lotes-baldios-las-calles-y-las-veredas\/#primaryimage"},"image":{"@id":"https:\/\/www.noticiasradioreflejos.com.ar\/2021\/vecinos-del-barrio-cerro-ceferino-reclaman-por-el-abandono-de-lotes-baldios-las-calles-y-las-veredas\/#primaryimage"},"thumbnailUrl":"http:\/\/farm1.staticflickr.com\/362\/30759123774_e88d0441aa_z.jpg","datePublished":"2016-12-12T16:10:45+00:00","author":{"@id":"https:\/\/www.noticiasradioreflejos.com.ar\/2021\/#\/schema\/person\/ad82545263dcc5ec0996818884fd5fb1"},"breadcrumb":{"@id":"https:\/\/www.noticiasradioreflejos.com.ar\/2021\/vecinos-del-barrio-cerro-ceferino-reclaman-por-el-abandono-de-lotes-baldios-las-calles-y-las-veredas\/#breadcrumb"},"inLanguage":"es","potentialAction":[{"@type":"ReadAction","target":["https:\/\/www.noticiasradioreflejos.com.ar\/2021\/vecinos-del-barrio-cerro-ceferino-reclaman-por-el-abandono-de-lotes-baldios-las-calles-y-las-veredas\/"]}]},{"@type":"ImageObject","inLanguage":"es","@id":"https:\/\/www.noticiasradioreflejos.com.ar\/2021\/vecinos-del-barrio-cerro-ceferino-reclaman-por-el-abandono-de-lotes-baldios-las-calles-y-las-veredas\/#primaryimage","url":"http:\/\/farm1.staticflickr.com\/362\/30759123774_e88d0441aa_z.jpg","contentUrl":"http:\/\/farm1.staticflickr.com\/362\/30759123774_e88d0441aa_z.jpg"},{"@type":"BreadcrumbList","@id":"https:\/\/www.noticiasradioreflejos.com.ar\/2021\/vecinos-del-barrio-cerro-ceferino-reclaman-por-el-abandono-de-lotes-baldios-las-calles-y-las-veredas\/#breadcrumb","itemListElement":[{"@type":"ListItem","position":1,"name":"Portada","item":"https:\/\/www.noticiasradioreflejos.com.ar\/2021\/"},{"@type":"ListItem","position":2,"name":"Vecinos del Barrio Cerro Ceferino reclaman por el abandono de lotes bald\u00edos, las calles y las veredas"}]},{"@type":"WebSite","@id":"https:\/\/www.noticiasradioreflejos.com.ar\/2021\/#website","url":"https:\/\/www.noticiasradioreflejos.com.ar\/2021\/","name":"Noticias Radio Reflejos","description":"Las noticias de mi comarca","potentialAction":[{"@type":"SearchAction","target":{"@type":"EntryPoint","urlTemplate":"https:\/\/www.noticiasradioreflejos.com.ar\/2021\/?s={search_term_string}"},"query-input":{"@type":"PropertyValueSpecification","valueRequired":true,"valueName":"search_term_string"}}],"inLanguage":"es"},{"@type":"Person","@id":"https:\/\/www.noticiasradioreflejos.com.ar\/2021\/#\/schema\/person\/ad82545263dcc5ec0996818884fd5fb1","name":"Arnaldo Botto","image":{"@type":"ImageObject","inLanguage":"es","@id":"https:\/\/www.noticiasradioreflejos.com.ar\/2021\/#\/schema\/person\/image\/","url":"https:\/\/secure.gravatar.com\/avatar\/55cb5e37c1efa326397366e6974cb338056df65cb50e7d64d1cf314e87504837?s=96&d=mm&r=g","contentUrl":"https:\/\/secure.gravatar.com\/avatar\/55cb5e37c1efa326397366e6974cb338056df65cb50e7d64d1cf314e87504837?s=96&d=mm&r=g","caption":"Arnaldo Botto"},"url":"https:\/\/www.noticiasradioreflejos.com.ar\/2021\/author\/arnaldo\/"}]}},"_links":{"self":[{"href":"https:\/\/www.noticiasradioreflejos.com.ar\/2021\/wp-json\/wp\/v2\/posts\/4659","targetHints":{"allow":["GET"]}}],"collection":[{"href":"https:\/\/www.noticiasradioreflejos.com.ar\/2021\/wp-json\/wp\/v2\/posts"}],"about":[{"href":"https:\/\/www.noticiasradioreflejos.com.ar\/2021\/wp-json\/wp\/v2\/types\/post"}],"author":[{"embeddable":true,"href":"https:\/\/www.noticiasradioreflejos.com.ar\/2021\/wp-json\/wp\/v2\/users\/3"}],"replies":[{"embeddable":true,"href":"https:\/\/www.noticiasradioreflejos.com.ar\/2021\/wp-json\/wp\/v2\/comments?post=4659"}],"version-history":[{"count":0,"href":"https:\/\/www.noticiasradioreflejos.com.ar\/2021\/wp-json\/wp\/v2\/posts\/4659\/revisions"}],"wp:attachment":[{"href":"https:\/\/www.noticiasradioreflejos.com.ar\/2021\/wp-json\/wp\/v2\/media?parent=4659"}],"wp:term":[{"taxonomy":"category","embeddable":true,"href":"https:\/\/www.noticiasradioreflejos.com.ar\/2021\/wp-json\/wp\/v2\/categories?post=4659"},{"taxonomy":"post_tag","embeddable":true,"href":"https:\/\/www.noticiasradioreflejos.com.ar\/2021\/wp-json\/wp\/v2\/tags?post=4659"}],"curies":[{"name":"wp","href":"https:\/\/api.w.org\/{rel}","templated":true}]}}