{"id":46550,"date":"2020-09-03T12:38:35","date_gmt":"2020-09-03T15:38:35","guid":{"rendered":"http:\/\/www.noticiasradioreflejos.com.ar\/noticias\/?p=46550"},"modified":"2020-09-03T12:38:35","modified_gmt":"2020-09-03T15:38:35","slug":"intensas-programa-del-jueves-3-de-septiembre","status":"publish","type":"post","link":"https:\/\/www.noticiasradioreflejos.com.ar\/2021\/intensas-programa-del-jueves-3-de-septiembre\/","title":{"rendered":"Intensas &#8211; Programa del jueves 3 de septiembre."},"content":{"rendered":"<p>Para el programa de INTENSAS, compartimos una nota con Antonia D\u00edaz Arocena, Profesora de Pr\u00e1cticas del Lenguaje de Tornquist. Durante la semana de la ESI, Antonia estuvo trabajando con sus alumnos y alumnas acerca de la violencia de g\u00e9nero y los chicos y chicas realizaron cortometrajes representando la problem\u00e1tica social. Tambi\u00e9n tuvimos la oportunidad de conversar con Josefina, una de las alumnas involucradas en el proyecto.<!--more--><\/p>\n<p>\u00abTodos los a\u00f1os hay una semana determinada para trabajar la Educaci\u00f3n Sexual Integral. Surgi\u00f3 la idea de realizar cortos ya que ellos usan mucho &#8216;Tik Tok&#8217;. Les ped\u00ed que realizaran un video de lo que quieran pero teniendo en cuenta la tem\u00e1tica &#8216;Violencia de G\u00e9nero'\u00bb explic\u00f3 Antonia el origen del proyecto. El trabajo en cuesti\u00f3n se llev\u00f3 a cabo en la Secundaria N\u00b0 1 con el curso 2do B, los chicos y chicas que participaron tienen entre 13 y 14 a\u00f1os.<\/p>\n<p>A continuaci\u00f3n, una recopilaci\u00f3n de los trabajos realizados por los alumnos y alumnas:<br \/>\n<iframe loading=\"lazy\" src=\"https:\/\/www.youtube.com\/embed\/cUh5R472we8\" width=\"560\" height=\"315\" frameborder=\"0\" allowfullscreen=\"allowfullscreen\"><\/iframe><\/p>\n<p>Pudimos conversar con Josefina, una de las alumnas participantes del proyecto en cuesti\u00f3n. \u00abMe parece bueno trabajar con violencia de g\u00e9nero porque nosotros a nuestra edad podemos informarnos much\u00edsimo mejor, porque le puede pasar a cualquier persona en cualquier momento\u00bb expres\u00f3 Josefina. Adem\u00e1s, la alumna comenta que ellos\/as desde el curso ya estaban interiorizados\/as en el tema.<\/p>\n<p>Si est\u00e1s viviendo una situaci\u00f3n de violencia de g\u00e9nero o sabes de alguien que la est\u00e9 atravesando, la l\u00ednea 144 est\u00e1 para contenerte las 24 horas del d\u00eda los 365 d\u00edas del a\u00f1o.<\/p>\n<p>Programa INTENSAS completo a continuaci\u00f3n:<br \/>\n<iframe loading=\"lazy\" src=\"https:\/\/w.soundcloud.com\/player\/?url=https%3A\/\/api.soundcloud.com\/tracks\/886803838&amp;color=%23ff5500&amp;auto_play=false&amp;hide_related=false&amp;show_comments=true&amp;show_user=true&amp;show_reposts=false&amp;show_teaser=true&amp;visual=true\" width=\"100%\" height=\"300\" frameborder=\"no\" scrolling=\"no\"><\/iframe><\/p>\n<div style=\"font-size: 10px; color: #cccccc; line-break: anywhere; word-break: normal; overflow: hidden; white-space: nowrap; text-overflow: ellipsis; font-family: Interstate,Lucida Grande,Lucida Sans Unicode,Lucida Sans,Garuda,Verdana,Tahoma,sans-serif; font-weight: 100;\"><a style=\"color: #cccccc; text-decoration: none;\" title=\"fmreflejos 103.7\" href=\"https:\/\/soundcloud.com\/fmreflejos-103-7\" target=\"_blank\" rel=\"noopener\">fmreflejos 103.7<\/a> \u00b7 <a style=\"color: #cccccc; text-decoration: none;\" title=\"Intensas - 03 - 09 - 2020\" href=\"https:\/\/soundcloud.com\/fmreflejos-103-7\/intensas-03-09-2020\" target=\"_blank\" rel=\"noopener\">Intensas &#8211; 03 &#8211; 09 &#8211; 2020<\/a><\/div>\n","protected":false},"excerpt":{"rendered":"<p>Para el programa de INTENSAS, compartimos una nota con Antonia D\u00edaz Arocena, Profesora de Pr\u00e1cticas del Lenguaje de Tornquist. Durante la semana de la ESI, Antonia estuvo trabajando con sus alumnos y alumnas acerca de la violencia de g\u00e9nero y los chicos y chicas realizaron cortometrajes representando la problem\u00e1tica social. Tambi\u00e9n tuvimos la oportunidad de [&hellip;]<\/p>\n","protected":false},"author":3,"featured_media":0,"comment_status":"closed","ping_status":"open","sticky":false,"template":"","format":"standard","meta":{"footnotes":""},"categories":[31],"tags":[],"class_list":["post-46550","post","type-post","status-publish","format-standard","hentry","category-programas"],"yoast_head":"<!-- This site is optimized with the Yoast SEO plugin v25.9 - https:\/\/yoast.com\/wordpress\/plugins\/seo\/ -->\n<title>Intensas - Programa del jueves 3 de septiembre. - Noticias Radio Reflejos<\/title>\n<meta name=\"robots\" content=\"index, follow, max-snippet:-1, max-image-preview:large, max-video-preview:-1\" \/>\n<link rel=\"canonical\" href=\"https:\/\/www.noticiasradioreflejos.com.ar\/2021\/intensas-programa-del-jueves-3-de-septiembre\/\" \/>\n<meta property=\"og:locale\" content=\"es_ES\" \/>\n<meta property=\"og:type\" content=\"article\" \/>\n<meta property=\"og:title\" content=\"Intensas - Programa del jueves 3 de septiembre. - Noticias Radio Reflejos\" \/>\n<meta property=\"og:description\" content=\"Para el programa de INTENSAS, compartimos una nota con Antonia D\u00edaz Arocena, Profesora de Pr\u00e1cticas del Lenguaje de Tornquist. Durante la semana de la ESI, Antonia estuvo trabajando con sus alumnos y alumnas acerca de la violencia de g\u00e9nero y los chicos y chicas realizaron cortometrajes representando la problem\u00e1tica social. Tambi\u00e9n tuvimos la oportunidad de [&hellip;]\" \/>\n<meta property=\"og:url\" content=\"https:\/\/www.noticiasradioreflejos.com.ar\/2021\/intensas-programa-del-jueves-3-de-septiembre\/\" \/>\n<meta property=\"og:site_name\" content=\"Noticias Radio Reflejos\" \/>\n<meta property=\"article:published_time\" content=\"2020-09-03T15:38:35+00:00\" \/>\n<meta property=\"og:image\" content=\"https:\/\/www.noticiasradioreflejos.com.ar\/2021\/wp-content\/uploads\/2021\/07\/logosol300x200.png\" \/>\n\t<meta property=\"og:image:width\" content=\"300\" \/>\n\t<meta property=\"og:image:height\" content=\"200\" \/>\n\t<meta property=\"og:image:type\" content=\"image\/png\" \/>\n<meta name=\"author\" content=\"Arnaldo Botto\" \/>\n<meta name=\"twitter:card\" content=\"summary_large_image\" \/>\n<script type=\"application\/ld+json\" class=\"yoast-schema-graph\">{\"@context\":\"https:\/\/schema.org\",\"@graph\":[{\"@type\":\"WebPage\",\"@id\":\"https:\/\/www.noticiasradioreflejos.com.ar\/2021\/intensas-programa-del-jueves-3-de-septiembre\/\",\"url\":\"https:\/\/www.noticiasradioreflejos.com.ar\/2021\/intensas-programa-del-jueves-3-de-septiembre\/\",\"name\":\"Intensas - Programa del jueves 3 de septiembre. - Noticias Radio Reflejos\",\"isPartOf\":{\"@id\":\"https:\/\/www.noticiasradioreflejos.com.ar\/2021\/#website\"},\"datePublished\":\"2020-09-03T15:38:35+00:00\",\"author\":{\"@id\":\"https:\/\/www.noticiasradioreflejos.com.ar\/2021\/#\/schema\/person\/ad82545263dcc5ec0996818884fd5fb1\"},\"breadcrumb\":{\"@id\":\"https:\/\/www.noticiasradioreflejos.com.ar\/2021\/intensas-programa-del-jueves-3-de-septiembre\/#breadcrumb\"},\"inLanguage\":\"es\",\"potentialAction\":[{\"@type\":\"ReadAction\",\"target\":[\"https:\/\/www.noticiasradioreflejos.com.ar\/2021\/intensas-programa-del-jueves-3-de-septiembre\/\"]}]},{\"@type\":\"BreadcrumbList\",\"@id\":\"https:\/\/www.noticiasradioreflejos.com.ar\/2021\/intensas-programa-del-jueves-3-de-septiembre\/#breadcrumb\",\"itemListElement\":[{\"@type\":\"ListItem\",\"position\":1,\"name\":\"Portada\",\"item\":\"https:\/\/www.noticiasradioreflejos.com.ar\/2021\/\"},{\"@type\":\"ListItem\",\"position\":2,\"name\":\"Intensas &#8211; Programa del jueves 3 de septiembre.\"}]},{\"@type\":\"WebSite\",\"@id\":\"https:\/\/www.noticiasradioreflejos.com.ar\/2021\/#website\",\"url\":\"https:\/\/www.noticiasradioreflejos.com.ar\/2021\/\",\"name\":\"Noticias Radio Reflejos\",\"description\":\"Las noticias de mi comarca\",\"potentialAction\":[{\"@type\":\"SearchAction\",\"target\":{\"@type\":\"EntryPoint\",\"urlTemplate\":\"https:\/\/www.noticiasradioreflejos.com.ar\/2021\/?s={search_term_string}\"},\"query-input\":{\"@type\":\"PropertyValueSpecification\",\"valueRequired\":true,\"valueName\":\"search_term_string\"}}],\"inLanguage\":\"es\"},{\"@type\":\"Person\",\"@id\":\"https:\/\/www.noticiasradioreflejos.com.ar\/2021\/#\/schema\/person\/ad82545263dcc5ec0996818884fd5fb1\",\"name\":\"Arnaldo Botto\",\"image\":{\"@type\":\"ImageObject\",\"inLanguage\":\"es\",\"@id\":\"https:\/\/www.noticiasradioreflejos.com.ar\/2021\/#\/schema\/person\/image\/\",\"url\":\"https:\/\/secure.gravatar.com\/avatar\/55cb5e37c1efa326397366e6974cb338056df65cb50e7d64d1cf314e87504837?s=96&d=mm&r=g\",\"contentUrl\":\"https:\/\/secure.gravatar.com\/avatar\/55cb5e37c1efa326397366e6974cb338056df65cb50e7d64d1cf314e87504837?s=96&d=mm&r=g\",\"caption\":\"Arnaldo Botto\"},\"url\":\"https:\/\/www.noticiasradioreflejos.com.ar\/2021\/author\/arnaldo\/\"}]}<\/script>\n<!-- \/ Yoast SEO plugin. -->","yoast_head_json":{"title":"Intensas - Programa del jueves 3 de septiembre. - Noticias Radio Reflejos","robots":{"index":"index","follow":"follow","max-snippet":"max-snippet:-1","max-image-preview":"max-image-preview:large","max-video-preview":"max-video-preview:-1"},"canonical":"https:\/\/www.noticiasradioreflejos.com.ar\/2021\/intensas-programa-del-jueves-3-de-septiembre\/","og_locale":"es_ES","og_type":"article","og_title":"Intensas - Programa del jueves 3 de septiembre. - Noticias Radio Reflejos","og_description":"Para el programa de INTENSAS, compartimos una nota con Antonia D\u00edaz Arocena, Profesora de Pr\u00e1cticas del Lenguaje de Tornquist. Durante la semana de la ESI, Antonia estuvo trabajando con sus alumnos y alumnas acerca de la violencia de g\u00e9nero y los chicos y chicas realizaron cortometrajes representando la problem\u00e1tica social. Tambi\u00e9n tuvimos la oportunidad de [&hellip;]","og_url":"https:\/\/www.noticiasradioreflejos.com.ar\/2021\/intensas-programa-del-jueves-3-de-septiembre\/","og_site_name":"Noticias Radio Reflejos","article_published_time":"2020-09-03T15:38:35+00:00","og_image":[{"width":300,"height":200,"url":"https:\/\/www.noticiasradioreflejos.com.ar\/2021\/wp-content\/uploads\/2021\/07\/logosol300x200.png","type":"image\/png"}],"author":"Arnaldo Botto","twitter_card":"summary_large_image","schema":{"@context":"https:\/\/schema.org","@graph":[{"@type":"WebPage","@id":"https:\/\/www.noticiasradioreflejos.com.ar\/2021\/intensas-programa-del-jueves-3-de-septiembre\/","url":"https:\/\/www.noticiasradioreflejos.com.ar\/2021\/intensas-programa-del-jueves-3-de-septiembre\/","name":"Intensas - Programa del jueves 3 de septiembre. - Noticias Radio Reflejos","isPartOf":{"@id":"https:\/\/www.noticiasradioreflejos.com.ar\/2021\/#website"},"datePublished":"2020-09-03T15:38:35+00:00","author":{"@id":"https:\/\/www.noticiasradioreflejos.com.ar\/2021\/#\/schema\/person\/ad82545263dcc5ec0996818884fd5fb1"},"breadcrumb":{"@id":"https:\/\/www.noticiasradioreflejos.com.ar\/2021\/intensas-programa-del-jueves-3-de-septiembre\/#breadcrumb"},"inLanguage":"es","potentialAction":[{"@type":"ReadAction","target":["https:\/\/www.noticiasradioreflejos.com.ar\/2021\/intensas-programa-del-jueves-3-de-septiembre\/"]}]},{"@type":"BreadcrumbList","@id":"https:\/\/www.noticiasradioreflejos.com.ar\/2021\/intensas-programa-del-jueves-3-de-septiembre\/#breadcrumb","itemListElement":[{"@type":"ListItem","position":1,"name":"Portada","item":"https:\/\/www.noticiasradioreflejos.com.ar\/2021\/"},{"@type":"ListItem","position":2,"name":"Intensas &#8211; Programa del jueves 3 de septiembre."}]},{"@type":"WebSite","@id":"https:\/\/www.noticiasradioreflejos.com.ar\/2021\/#website","url":"https:\/\/www.noticiasradioreflejos.com.ar\/2021\/","name":"Noticias Radio Reflejos","description":"Las noticias de mi comarca","potentialAction":[{"@type":"SearchAction","target":{"@type":"EntryPoint","urlTemplate":"https:\/\/www.noticiasradioreflejos.com.ar\/2021\/?s={search_term_string}"},"query-input":{"@type":"PropertyValueSpecification","valueRequired":true,"valueName":"search_term_string"}}],"inLanguage":"es"},{"@type":"Person","@id":"https:\/\/www.noticiasradioreflejos.com.ar\/2021\/#\/schema\/person\/ad82545263dcc5ec0996818884fd5fb1","name":"Arnaldo Botto","image":{"@type":"ImageObject","inLanguage":"es","@id":"https:\/\/www.noticiasradioreflejos.com.ar\/2021\/#\/schema\/person\/image\/","url":"https:\/\/secure.gravatar.com\/avatar\/55cb5e37c1efa326397366e6974cb338056df65cb50e7d64d1cf314e87504837?s=96&d=mm&r=g","contentUrl":"https:\/\/secure.gravatar.com\/avatar\/55cb5e37c1efa326397366e6974cb338056df65cb50e7d64d1cf314e87504837?s=96&d=mm&r=g","caption":"Arnaldo Botto"},"url":"https:\/\/www.noticiasradioreflejos.com.ar\/2021\/author\/arnaldo\/"}]}},"_links":{"self":[{"href":"https:\/\/www.noticiasradioreflejos.com.ar\/2021\/wp-json\/wp\/v2\/posts\/46550","targetHints":{"allow":["GET"]}}],"collection":[{"href":"https:\/\/www.noticiasradioreflejos.com.ar\/2021\/wp-json\/wp\/v2\/posts"}],"about":[{"href":"https:\/\/www.noticiasradioreflejos.com.ar\/2021\/wp-json\/wp\/v2\/types\/post"}],"author":[{"embeddable":true,"href":"https:\/\/www.noticiasradioreflejos.com.ar\/2021\/wp-json\/wp\/v2\/users\/3"}],"replies":[{"embeddable":true,"href":"https:\/\/www.noticiasradioreflejos.com.ar\/2021\/wp-json\/wp\/v2\/comments?post=46550"}],"version-history":[{"count":0,"href":"https:\/\/www.noticiasradioreflejos.com.ar\/2021\/wp-json\/wp\/v2\/posts\/46550\/revisions"}],"wp:attachment":[{"href":"https:\/\/www.noticiasradioreflejos.com.ar\/2021\/wp-json\/wp\/v2\/media?parent=46550"}],"wp:term":[{"taxonomy":"category","embeddable":true,"href":"https:\/\/www.noticiasradioreflejos.com.ar\/2021\/wp-json\/wp\/v2\/categories?post=46550"},{"taxonomy":"post_tag","embeddable":true,"href":"https:\/\/www.noticiasradioreflejos.com.ar\/2021\/wp-json\/wp\/v2\/tags?post=46550"}],"curies":[{"name":"wp","href":"https:\/\/api.w.org\/{rel}","templated":true}]}}