{"id":4655,"date":"2016-12-12T15:39:09","date_gmt":"2016-12-12T15:39:09","guid":{"rendered":"http:\/\/noticiasradioreflejos.com.ar\/noticias\/?p=4655"},"modified":"2016-12-12T15:39:09","modified_gmt":"2016-12-12T15:39:09","slug":"fuertes-rafagas-de-viento-en-sierra-de-la-ventana","status":"publish","type":"post","link":"https:\/\/www.noticiasradioreflejos.com.ar\/2021\/fuertes-rafagas-de-viento-en-sierra-de-la-ventana\/","title":{"rendered":"Fuertes r\u00e1fagas de viento en Sierra de la Ventana"},"content":{"rendered":"<p><a title=\"alerta\" href=\"http:\/\/farm1.staticflickr.com\/53\/31227058400_22c7e1bcdd.jpg\" rel=\"\"><img loading=\"lazy\" decoding=\"async\" class=\"alignleft\" style=\"float: left;\" title=\"alerta\" src=\"http:\/\/farm1.staticflickr.com\/53\/31227058400_22c7e1bcdd.jpg\" alt=\"alerta\" width=\"465\" height=\"500\" \/><\/a>El Servicio Meteorol\u00f3gico Nacional emiti\u00f3 un alerta por las condiciones de vientos intensos con r\u00e1fagas para todo el sudoeste bonaerense.<br \/>\nLa condici\u00f3n permanecer\u00e1 todo el d\u00eda de hoy.<br \/>\nDesde la madrugada de hoy, la localidad de Sierra de la Ventana y toda la zona serrana se ve afectada por intensos vientos con r\u00e1fagas que por momentos alcanzaron los 63 kms por hora, de acuerdo a registros de nuestra propia estaci\u00f3n meteorol\u00f3gica.<br \/>\nMucha tierra, hojas, peque\u00f1as ramas vuelan por las calles sin que hasta el momento se hayan registrado da\u00f1os mayores a propiedades o personas.<\/p>\n","protected":false},"excerpt":{"rendered":"<p>El Servicio Meteorol\u00f3gico Nacional emiti\u00f3 un alerta por las condiciones de vientos intensos con r\u00e1fagas para todo el sudoeste bonaerense. La condici\u00f3n permanecer\u00e1 todo el d\u00eda de hoy. Desde la madrugada de hoy, la localidad de Sierra de la Ventana y toda la zona serrana se ve afectada por intensos vientos con r\u00e1fagas que por [&hellip;]<\/p>\n","protected":false},"author":3,"featured_media":0,"comment_status":"closed","ping_status":"open","sticky":false,"template":"","format":"standard","meta":{"footnotes":""},"categories":[25],"tags":[],"class_list":["post-4655","post","type-post","status-publish","format-standard","hentry","category-uncategorized"],"yoast_head":"<!-- This site is optimized with the Yoast SEO plugin v25.9 - https:\/\/yoast.com\/wordpress\/plugins\/seo\/ -->\n<title>Fuertes r\u00e1fagas de viento en Sierra de la Ventana - Noticias Radio Reflejos<\/title>\n<meta name=\"robots\" content=\"index, follow, max-snippet:-1, max-image-preview:large, max-video-preview:-1\" \/>\n<link rel=\"canonical\" href=\"https:\/\/www.noticiasradioreflejos.com.ar\/2021\/fuertes-rafagas-de-viento-en-sierra-de-la-ventana\/\" \/>\n<meta property=\"og:locale\" content=\"es_ES\" \/>\n<meta property=\"og:type\" content=\"article\" \/>\n<meta property=\"og:title\" content=\"Fuertes r\u00e1fagas de viento en Sierra de la Ventana - Noticias Radio Reflejos\" \/>\n<meta property=\"og:description\" content=\"El Servicio Meteorol\u00f3gico Nacional emiti\u00f3 un alerta por las condiciones de vientos intensos con r\u00e1fagas para todo el sudoeste bonaerense. La condici\u00f3n permanecer\u00e1 todo el d\u00eda de hoy. Desde la madrugada de hoy, la localidad de Sierra de la Ventana y toda la zona serrana se ve afectada por intensos vientos con r\u00e1fagas que por [&hellip;]\" \/>\n<meta property=\"og:url\" content=\"https:\/\/www.noticiasradioreflejos.com.ar\/2021\/fuertes-rafagas-de-viento-en-sierra-de-la-ventana\/\" \/>\n<meta property=\"og:site_name\" content=\"Noticias Radio Reflejos\" \/>\n<meta property=\"article:published_time\" content=\"2016-12-12T15:39:09+00:00\" \/>\n<meta property=\"og:image\" content=\"http:\/\/farm1.staticflickr.com\/53\/31227058400_22c7e1bcdd.jpg\" \/>\n<meta name=\"author\" content=\"Arnaldo Botto\" \/>\n<meta name=\"twitter:card\" content=\"summary_large_image\" \/>\n<script type=\"application\/ld+json\" class=\"yoast-schema-graph\">{\"@context\":\"https:\/\/schema.org\",\"@graph\":[{\"@type\":\"WebPage\",\"@id\":\"https:\/\/www.noticiasradioreflejos.com.ar\/2021\/fuertes-rafagas-de-viento-en-sierra-de-la-ventana\/\",\"url\":\"https:\/\/www.noticiasradioreflejos.com.ar\/2021\/fuertes-rafagas-de-viento-en-sierra-de-la-ventana\/\",\"name\":\"Fuertes r\u00e1fagas de viento en Sierra de la Ventana - Noticias Radio Reflejos\",\"isPartOf\":{\"@id\":\"https:\/\/www.noticiasradioreflejos.com.ar\/2021\/#website\"},\"primaryImageOfPage\":{\"@id\":\"https:\/\/www.noticiasradioreflejos.com.ar\/2021\/fuertes-rafagas-de-viento-en-sierra-de-la-ventana\/#primaryimage\"},\"image\":{\"@id\":\"https:\/\/www.noticiasradioreflejos.com.ar\/2021\/fuertes-rafagas-de-viento-en-sierra-de-la-ventana\/#primaryimage\"},\"thumbnailUrl\":\"http:\/\/farm1.staticflickr.com\/53\/31227058400_22c7e1bcdd.jpg\",\"datePublished\":\"2016-12-12T15:39:09+00:00\",\"author\":{\"@id\":\"https:\/\/www.noticiasradioreflejos.com.ar\/2021\/#\/schema\/person\/ad82545263dcc5ec0996818884fd5fb1\"},\"breadcrumb\":{\"@id\":\"https:\/\/www.noticiasradioreflejos.com.ar\/2021\/fuertes-rafagas-de-viento-en-sierra-de-la-ventana\/#breadcrumb\"},\"inLanguage\":\"es\",\"potentialAction\":[{\"@type\":\"ReadAction\",\"target\":[\"https:\/\/www.noticiasradioreflejos.com.ar\/2021\/fuertes-rafagas-de-viento-en-sierra-de-la-ventana\/\"]}]},{\"@type\":\"ImageObject\",\"inLanguage\":\"es\",\"@id\":\"https:\/\/www.noticiasradioreflejos.com.ar\/2021\/fuertes-rafagas-de-viento-en-sierra-de-la-ventana\/#primaryimage\",\"url\":\"http:\/\/farm1.staticflickr.com\/53\/31227058400_22c7e1bcdd.jpg\",\"contentUrl\":\"http:\/\/farm1.staticflickr.com\/53\/31227058400_22c7e1bcdd.jpg\"},{\"@type\":\"BreadcrumbList\",\"@id\":\"https:\/\/www.noticiasradioreflejos.com.ar\/2021\/fuertes-rafagas-de-viento-en-sierra-de-la-ventana\/#breadcrumb\",\"itemListElement\":[{\"@type\":\"ListItem\",\"position\":1,\"name\":\"Portada\",\"item\":\"https:\/\/www.noticiasradioreflejos.com.ar\/2021\/\"},{\"@type\":\"ListItem\",\"position\":2,\"name\":\"Fuertes r\u00e1fagas de viento en Sierra de la Ventana\"}]},{\"@type\":\"WebSite\",\"@id\":\"https:\/\/www.noticiasradioreflejos.com.ar\/2021\/#website\",\"url\":\"https:\/\/www.noticiasradioreflejos.com.ar\/2021\/\",\"name\":\"Noticias Radio Reflejos\",\"description\":\"Las noticias de mi comarca\",\"potentialAction\":[{\"@type\":\"SearchAction\",\"target\":{\"@type\":\"EntryPoint\",\"urlTemplate\":\"https:\/\/www.noticiasradioreflejos.com.ar\/2021\/?s={search_term_string}\"},\"query-input\":{\"@type\":\"PropertyValueSpecification\",\"valueRequired\":true,\"valueName\":\"search_term_string\"}}],\"inLanguage\":\"es\"},{\"@type\":\"Person\",\"@id\":\"https:\/\/www.noticiasradioreflejos.com.ar\/2021\/#\/schema\/person\/ad82545263dcc5ec0996818884fd5fb1\",\"name\":\"Arnaldo Botto\",\"image\":{\"@type\":\"ImageObject\",\"inLanguage\":\"es\",\"@id\":\"https:\/\/www.noticiasradioreflejos.com.ar\/2021\/#\/schema\/person\/image\/\",\"url\":\"https:\/\/secure.gravatar.com\/avatar\/55cb5e37c1efa326397366e6974cb338056df65cb50e7d64d1cf314e87504837?s=96&d=mm&r=g\",\"contentUrl\":\"https:\/\/secure.gravatar.com\/avatar\/55cb5e37c1efa326397366e6974cb338056df65cb50e7d64d1cf314e87504837?s=96&d=mm&r=g\",\"caption\":\"Arnaldo Botto\"},\"url\":\"https:\/\/www.noticiasradioreflejos.com.ar\/2021\/author\/arnaldo\/\"}]}<\/script>\n<!-- \/ Yoast SEO plugin. -->","yoast_head_json":{"title":"Fuertes r\u00e1fagas de viento en Sierra de la Ventana - Noticias Radio Reflejos","robots":{"index":"index","follow":"follow","max-snippet":"max-snippet:-1","max-image-preview":"max-image-preview:large","max-video-preview":"max-video-preview:-1"},"canonical":"https:\/\/www.noticiasradioreflejos.com.ar\/2021\/fuertes-rafagas-de-viento-en-sierra-de-la-ventana\/","og_locale":"es_ES","og_type":"article","og_title":"Fuertes r\u00e1fagas de viento en Sierra de la Ventana - Noticias Radio Reflejos","og_description":"El Servicio Meteorol\u00f3gico Nacional emiti\u00f3 un alerta por las condiciones de vientos intensos con r\u00e1fagas para todo el sudoeste bonaerense. La condici\u00f3n permanecer\u00e1 todo el d\u00eda de hoy. Desde la madrugada de hoy, la localidad de Sierra de la Ventana y toda la zona serrana se ve afectada por intensos vientos con r\u00e1fagas que por [&hellip;]","og_url":"https:\/\/www.noticiasradioreflejos.com.ar\/2021\/fuertes-rafagas-de-viento-en-sierra-de-la-ventana\/","og_site_name":"Noticias Radio Reflejos","article_published_time":"2016-12-12T15:39:09+00:00","og_image":[{"url":"http:\/\/farm1.staticflickr.com\/53\/31227058400_22c7e1bcdd.jpg","type":"","width":"","height":""}],"author":"Arnaldo Botto","twitter_card":"summary_large_image","schema":{"@context":"https:\/\/schema.org","@graph":[{"@type":"WebPage","@id":"https:\/\/www.noticiasradioreflejos.com.ar\/2021\/fuertes-rafagas-de-viento-en-sierra-de-la-ventana\/","url":"https:\/\/www.noticiasradioreflejos.com.ar\/2021\/fuertes-rafagas-de-viento-en-sierra-de-la-ventana\/","name":"Fuertes r\u00e1fagas de viento en Sierra de la Ventana - Noticias Radio Reflejos","isPartOf":{"@id":"https:\/\/www.noticiasradioreflejos.com.ar\/2021\/#website"},"primaryImageOfPage":{"@id":"https:\/\/www.noticiasradioreflejos.com.ar\/2021\/fuertes-rafagas-de-viento-en-sierra-de-la-ventana\/#primaryimage"},"image":{"@id":"https:\/\/www.noticiasradioreflejos.com.ar\/2021\/fuertes-rafagas-de-viento-en-sierra-de-la-ventana\/#primaryimage"},"thumbnailUrl":"http:\/\/farm1.staticflickr.com\/53\/31227058400_22c7e1bcdd.jpg","datePublished":"2016-12-12T15:39:09+00:00","author":{"@id":"https:\/\/www.noticiasradioreflejos.com.ar\/2021\/#\/schema\/person\/ad82545263dcc5ec0996818884fd5fb1"},"breadcrumb":{"@id":"https:\/\/www.noticiasradioreflejos.com.ar\/2021\/fuertes-rafagas-de-viento-en-sierra-de-la-ventana\/#breadcrumb"},"inLanguage":"es","potentialAction":[{"@type":"ReadAction","target":["https:\/\/www.noticiasradioreflejos.com.ar\/2021\/fuertes-rafagas-de-viento-en-sierra-de-la-ventana\/"]}]},{"@type":"ImageObject","inLanguage":"es","@id":"https:\/\/www.noticiasradioreflejos.com.ar\/2021\/fuertes-rafagas-de-viento-en-sierra-de-la-ventana\/#primaryimage","url":"http:\/\/farm1.staticflickr.com\/53\/31227058400_22c7e1bcdd.jpg","contentUrl":"http:\/\/farm1.staticflickr.com\/53\/31227058400_22c7e1bcdd.jpg"},{"@type":"BreadcrumbList","@id":"https:\/\/www.noticiasradioreflejos.com.ar\/2021\/fuertes-rafagas-de-viento-en-sierra-de-la-ventana\/#breadcrumb","itemListElement":[{"@type":"ListItem","position":1,"name":"Portada","item":"https:\/\/www.noticiasradioreflejos.com.ar\/2021\/"},{"@type":"ListItem","position":2,"name":"Fuertes r\u00e1fagas de viento en Sierra de la Ventana"}]},{"@type":"WebSite","@id":"https:\/\/www.noticiasradioreflejos.com.ar\/2021\/#website","url":"https:\/\/www.noticiasradioreflejos.com.ar\/2021\/","name":"Noticias Radio Reflejos","description":"Las noticias de mi comarca","potentialAction":[{"@type":"SearchAction","target":{"@type":"EntryPoint","urlTemplate":"https:\/\/www.noticiasradioreflejos.com.ar\/2021\/?s={search_term_string}"},"query-input":{"@type":"PropertyValueSpecification","valueRequired":true,"valueName":"search_term_string"}}],"inLanguage":"es"},{"@type":"Person","@id":"https:\/\/www.noticiasradioreflejos.com.ar\/2021\/#\/schema\/person\/ad82545263dcc5ec0996818884fd5fb1","name":"Arnaldo Botto","image":{"@type":"ImageObject","inLanguage":"es","@id":"https:\/\/www.noticiasradioreflejos.com.ar\/2021\/#\/schema\/person\/image\/","url":"https:\/\/secure.gravatar.com\/avatar\/55cb5e37c1efa326397366e6974cb338056df65cb50e7d64d1cf314e87504837?s=96&d=mm&r=g","contentUrl":"https:\/\/secure.gravatar.com\/avatar\/55cb5e37c1efa326397366e6974cb338056df65cb50e7d64d1cf314e87504837?s=96&d=mm&r=g","caption":"Arnaldo Botto"},"url":"https:\/\/www.noticiasradioreflejos.com.ar\/2021\/author\/arnaldo\/"}]}},"_links":{"self":[{"href":"https:\/\/www.noticiasradioreflejos.com.ar\/2021\/wp-json\/wp\/v2\/posts\/4655","targetHints":{"allow":["GET"]}}],"collection":[{"href":"https:\/\/www.noticiasradioreflejos.com.ar\/2021\/wp-json\/wp\/v2\/posts"}],"about":[{"href":"https:\/\/www.noticiasradioreflejos.com.ar\/2021\/wp-json\/wp\/v2\/types\/post"}],"author":[{"embeddable":true,"href":"https:\/\/www.noticiasradioreflejos.com.ar\/2021\/wp-json\/wp\/v2\/users\/3"}],"replies":[{"embeddable":true,"href":"https:\/\/www.noticiasradioreflejos.com.ar\/2021\/wp-json\/wp\/v2\/comments?post=4655"}],"version-history":[{"count":0,"href":"https:\/\/www.noticiasradioreflejos.com.ar\/2021\/wp-json\/wp\/v2\/posts\/4655\/revisions"}],"wp:attachment":[{"href":"https:\/\/www.noticiasradioreflejos.com.ar\/2021\/wp-json\/wp\/v2\/media?parent=4655"}],"wp:term":[{"taxonomy":"category","embeddable":true,"href":"https:\/\/www.noticiasradioreflejos.com.ar\/2021\/wp-json\/wp\/v2\/categories?post=4655"},{"taxonomy":"post_tag","embeddable":true,"href":"https:\/\/www.noticiasradioreflejos.com.ar\/2021\/wp-json\/wp\/v2\/tags?post=4655"}],"curies":[{"name":"wp","href":"https:\/\/api.w.org\/{rel}","templated":true}]}}