{"id":46538,"date":"2020-09-03T08:26:22","date_gmt":"2020-09-03T11:26:22","guid":{"rendered":"http:\/\/www.noticiasradioreflejos.com.ar\/noticias\/?p=46538"},"modified":"2020-09-03T08:26:22","modified_gmt":"2020-09-03T11:26:22","slug":"coronavirus-cada-vez-se-suman-mas-voces-de-alerta","status":"publish","type":"post","link":"https:\/\/www.noticiasradioreflejos.com.ar\/2021\/coronavirus-cada-vez-se-suman-mas-voces-de-alerta\/","title":{"rendered":"Coronavirus: Cada vez se suman m\u00e1s voces de alerta"},"content":{"rendered":"<p>Carta abierta de la Facultad de Medicina de la Universidad de Buenos Aires<\/p>\n<p>La Facultad de Medicina de la Universidad de Buenos Aires advirti\u00f3 en una carta abierta a la sociedad que \u00abhoy transitamos el momento m\u00e1s dif\u00edcil de la pandemia\u00bb y afirm\u00f3 que de \u00abno implementarse medidas adicionales esta situaci\u00f3n continuar\u00e1 agrav\u00e1ndose d\u00eda a d\u00eda\u00bb porque \u00abla cantidad de infectados y fallecidos sigue en aumento\u00bb en medio del cansancio de m\u00e9dicos y enfermeros.<!--more--><\/p>\n<p>\u00abHoy transitamos en la Argentina el momento m\u00e1s dif\u00edcil de la pandemia por SARS-CoV2, medido tanto en funci\u00f3n de nuevos contagios como tambi\u00e9n por el creciente n\u00famero de personas que fallecen a diario\u00bb, se\u00f1al\u00f3 esa casa de altos estudios junto a sociedades m\u00e9dicas y cient\u00edficas en una \u00abCarta Abierta a la Sociedad Argentina en Medio de la Pandemia\u00bb que se dio a conocer hoy.<\/p>\n<p>Alertaron que \u00abde no implementarse medidas adicionales, esta situaci\u00f3n continuar\u00e1 agrav\u00e1ndose d\u00eda a d\u00eda\u00bb y agregaron que \u00abel distanciamiento social contin\u00faa representando la medida fundamental en la lucha contra la pandemia\u00bb.<\/p>\n<p>Tambi\u00e9n a\u00f1adieron que observan \u00abcon gran preocupaci\u00f3n un relajamiento en el cumplimiento de las normas de distanciamiento que no respeta l\u00edmites geogr\u00e1ficos ni circunscripciones pol\u00edticas\u00bb.<\/p>\n<p>Al respecto, realizaron un \u00aben\u00e9rgico llamado que comprende tanto a los gobiernos como a cada uno de los ciudadanos\u00bb ya que \u00abhablamos de miles y miles de muertes que pueden ser evitadas\u00bb.<\/p>\n<p>Edgardo Knopoff, profesor de la UBA y Jefe del \u00c1rea Program\u00e1tica del Hospital Pi\u00f1ero, dijo en di\u00e1logo con T\u00e9lam que \u00abla estrategia estuvo bien porque se duplicaron las camas y la mortalidad es baja\u00bb, aunque \u00abno duplicamos la cantidad de m\u00e9dicos\u00bb.<\/p>\n<p>\u00abAhora es m\u00e1s dif\u00edcil porque tenemos muchos colegas enfermos con estr\u00e9s y agotamiento\u00bb, explic\u00f3.<\/p>\n<p>\u00abNo se forman m\u00e9dicos y capacitan enfermeros de la noche a la ma\u00f1ana\u00bb, explic\u00f3 y apunt\u00f3 que \u00abestamos indignados porque no tenemos descanso y otros van a tomar un caf\u00e9\u00bb.<\/p>\n<p>Asegur\u00f3 que \u00abel aumento de actividades lleva a mayor infecci\u00f3n\u00bb y que \u00abla necesidades econ\u00f3micas se entienden\u00bb, en cuanto a la apertura de f\u00e1bricas, \u00abpero no el caf\u00e9 en la calle\u00bb.<\/p>\n<p>Con respecto a la posibilidad de retroceder de fase, dijo que la decisi\u00f3n es pol\u00edtica, pero que \u00abtenemos casos suficientes para volver a fase uno, no para terminar con esto sino para volver a empezar con muchos menos casos\u00bb.<\/p>\n<p>En el comunicado de la Facultad de Medicina, los profesionales apuntaron que \u00abse deben poner en funcionamiento, con mayor rapidez, dispositivos de b\u00fasqueda de personas infectadas con y sin s\u00edntomas, (pero que igual contagian) y contactos estrechos\u00bb.<\/p>\n<p>Para lograr dicho objetivo, dijeron que \u00abdebe ampliarse dr\u00e1sticamente nuestra capacidad diagn\u00f3stica, implementando una l\u00f3gica m\u00e1s agresiva y activa\u00bb.<\/p>\n<p>\u00abLo que hemos hecho hasta el presente en este terreno, es claramente insuficiente. Si bien hasta el d\u00eda de hoy, la mortalidad es m\u00e1s baja que en muchos pa\u00edses, nuestra cantidad de infectados y fallecidos sigue en aumento\u00bb, indicaron.<\/p>\n<p>Los profesionales subrayaron que \u00abel personal de salud ha realizado y contin\u00faa realizando, un esfuerzo extraordinario. D\u00eda a d\u00eda ponen en juego su salud, y la de sus seres queridos. Es esencial reconocer su trabajo y brindarles nuestro c\u00e1lido homenaje\u00bb.<\/p>\n<p>Solicitaron a las autoridades \u00abcon car\u00e1cter de urgente fortalecer el sistema de salud mediante la incorporaci\u00f3n de personal id\u00f3neo y equipamiento adecuado, y reconocer a aquellos a quienes se desconoci\u00f3 y desvaloriz\u00f3 por mucho tiempo. Le pedimos a la sociedad y a los gobiernos que nos ayuden a cuidar y que nos cuiden\u00bb.<\/p>\n<p>\u00abEstamos agotados de trabajar en este contexto y en estas condiciones laborales. La pandemia nos afecta a todos, el temor a enfermar y a morir est\u00e1 presente en la sociedad, y el cansancio por la distancia y el encierro es cada vez mayor\u00bb, enfatizaron.<\/p>\n<p>Luego remarcaron que \u00ablos m\u00e9dicos, enfermeros, kinesi\u00f3logos, y dem\u00e1s trabajadores de la salud, estamos -adem\u00e1s- estresados y exhaustos de trabajar en forma continua y sin descanso desde hace 160 d\u00edas, en un sistema que no nos reconoce, que no nos cuida, ni nos da los elementos de protecci\u00f3n necesarios para nuestro trabajo. Nosotros tambi\u00e9n nos enfermamos, nos morimos. A nadie debiera faltarle el trabajo, pero lo que es seguro, nadie deber\u00eda perder su vida por trabajar, y esto nos est\u00e1 sucediendo\u00bb.<\/p>\n<p>\u00abNos preocupa mucho el aumento de circulaci\u00f3n comunitaria, la falta o el mal uso de barbijos y m\u00e1scaras, el que no se respeten las medidas de distanciamiento, las reuniones sociales sin cuidados, porque esto lleva directamente a un aumento de contagios, discapacidades y muertes. Es necesario aumentar nuestra conciencia de riesgo, como individuos y como sociedad\u00bb, concluyeron.<\/p>\n<p>Ayer, la Sociedad Argentina de Terapia Intensiva (SATI) emiti\u00f3 un comunicado dirigido a la sociedad argentina en el cual advirti\u00f3 tambi\u00e9n que \u00ablos recursos para salvar a pacientes de coronavirus se est\u00e1n agotando\u00bb y convoc\u00f3 a la sociedad a que \u00abreflexione\u00bb porque \u00abel virus nos est\u00e1 ganando\u00bb.<\/p>\n<p>\u00abLos m\u00e9dicos, enfermeros, kinesi\u00f3logos y otros miembros de la comunidad de la terapia intensiva sentimos que estamos perdiendo la batalla. Sentimos que los recursos para salvar a los pacientes con coronavirus se est\u00e1n agotando\u00bb, aseveraron.<\/p>\n<p>A la vez, remarcaron que \u00abla mayor\u00eda de las Unidades de Terapia Intensiva del pa\u00eds se encuentran con un alt\u00edsimo nivel de ocupaci\u00f3n. Los recursos f\u00edsicos y tecnol\u00f3gicos como las camas con respiradores y monitores son cada vez m\u00e1s escasos. La cuesti\u00f3n principal, sin embargo, es la escasez de los trabajadores de la terapia intensiva, que a diferencia de las camas y los respiradores, no pueden multiplicarse\u00bb.<\/p>\n<p>&nbsp;<\/p>\n","protected":false},"excerpt":{"rendered":"<p>Carta abierta de la Facultad de Medicina de la Universidad de Buenos Aires La Facultad de Medicina de la Universidad de Buenos Aires advirti\u00f3 en una carta abierta a la sociedad que \u00abhoy transitamos el momento m\u00e1s dif\u00edcil de la pandemia\u00bb y afirm\u00f3 que de \u00abno implementarse medidas adicionales esta situaci\u00f3n continuar\u00e1 agrav\u00e1ndose d\u00eda a [&hellip;]<\/p>\n","protected":false},"author":3,"featured_media":0,"comment_status":"closed","ping_status":"open","sticky":false,"template":"","format":"standard","meta":{"footnotes":""},"categories":[30],"tags":[],"class_list":["post-46538","post","type-post","status-publish","format-standard","hentry","category-salud"],"yoast_head":"<!-- This site is optimized with the Yoast SEO plugin v25.9 - https:\/\/yoast.com\/wordpress\/plugins\/seo\/ -->\n<title>Coronavirus: Cada vez se suman m\u00e1s voces de alerta - Noticias Radio Reflejos<\/title>\n<meta name=\"robots\" content=\"index, follow, max-snippet:-1, max-image-preview:large, max-video-preview:-1\" \/>\n<link rel=\"canonical\" href=\"https:\/\/www.noticiasradioreflejos.com.ar\/2021\/coronavirus-cada-vez-se-suman-mas-voces-de-alerta\/\" \/>\n<meta property=\"og:locale\" content=\"es_ES\" \/>\n<meta property=\"og:type\" content=\"article\" \/>\n<meta property=\"og:title\" content=\"Coronavirus: Cada vez se suman m\u00e1s voces de alerta - Noticias Radio Reflejos\" \/>\n<meta property=\"og:description\" content=\"Carta abierta de la Facultad de Medicina de la Universidad de Buenos Aires La Facultad de Medicina de la Universidad de Buenos Aires advirti\u00f3 en una carta abierta a la sociedad que \u00abhoy transitamos el momento m\u00e1s dif\u00edcil de la pandemia\u00bb y afirm\u00f3 que de \u00abno implementarse medidas adicionales esta situaci\u00f3n continuar\u00e1 agrav\u00e1ndose d\u00eda a [&hellip;]\" \/>\n<meta property=\"og:url\" content=\"https:\/\/www.noticiasradioreflejos.com.ar\/2021\/coronavirus-cada-vez-se-suman-mas-voces-de-alerta\/\" \/>\n<meta property=\"og:site_name\" content=\"Noticias Radio Reflejos\" \/>\n<meta property=\"article:published_time\" content=\"2020-09-03T11:26:22+00:00\" \/>\n<meta property=\"og:image\" content=\"https:\/\/www.noticiasradioreflejos.com.ar\/2021\/wp-content\/uploads\/2021\/07\/logosol300x200.png\" \/>\n\t<meta property=\"og:image:width\" content=\"300\" \/>\n\t<meta property=\"og:image:height\" content=\"200\" \/>\n\t<meta property=\"og:image:type\" content=\"image\/png\" \/>\n<meta name=\"author\" content=\"Arnaldo Botto\" \/>\n<meta name=\"twitter:card\" content=\"summary_large_image\" \/>\n<script type=\"application\/ld+json\" class=\"yoast-schema-graph\">{\"@context\":\"https:\/\/schema.org\",\"@graph\":[{\"@type\":\"WebPage\",\"@id\":\"https:\/\/www.noticiasradioreflejos.com.ar\/2021\/coronavirus-cada-vez-se-suman-mas-voces-de-alerta\/\",\"url\":\"https:\/\/www.noticiasradioreflejos.com.ar\/2021\/coronavirus-cada-vez-se-suman-mas-voces-de-alerta\/\",\"name\":\"Coronavirus: Cada vez se suman m\u00e1s voces de alerta - Noticias Radio Reflejos\",\"isPartOf\":{\"@id\":\"https:\/\/www.noticiasradioreflejos.com.ar\/2021\/#website\"},\"datePublished\":\"2020-09-03T11:26:22+00:00\",\"author\":{\"@id\":\"https:\/\/www.noticiasradioreflejos.com.ar\/2021\/#\/schema\/person\/ad82545263dcc5ec0996818884fd5fb1\"},\"breadcrumb\":{\"@id\":\"https:\/\/www.noticiasradioreflejos.com.ar\/2021\/coronavirus-cada-vez-se-suman-mas-voces-de-alerta\/#breadcrumb\"},\"inLanguage\":\"es\",\"potentialAction\":[{\"@type\":\"ReadAction\",\"target\":[\"https:\/\/www.noticiasradioreflejos.com.ar\/2021\/coronavirus-cada-vez-se-suman-mas-voces-de-alerta\/\"]}]},{\"@type\":\"BreadcrumbList\",\"@id\":\"https:\/\/www.noticiasradioreflejos.com.ar\/2021\/coronavirus-cada-vez-se-suman-mas-voces-de-alerta\/#breadcrumb\",\"itemListElement\":[{\"@type\":\"ListItem\",\"position\":1,\"name\":\"Portada\",\"item\":\"https:\/\/www.noticiasradioreflejos.com.ar\/2021\/\"},{\"@type\":\"ListItem\",\"position\":2,\"name\":\"Coronavirus: Cada vez se suman m\u00e1s voces de alerta\"}]},{\"@type\":\"WebSite\",\"@id\":\"https:\/\/www.noticiasradioreflejos.com.ar\/2021\/#website\",\"url\":\"https:\/\/www.noticiasradioreflejos.com.ar\/2021\/\",\"name\":\"Noticias Radio Reflejos\",\"description\":\"Las noticias de mi comarca\",\"potentialAction\":[{\"@type\":\"SearchAction\",\"target\":{\"@type\":\"EntryPoint\",\"urlTemplate\":\"https:\/\/www.noticiasradioreflejos.com.ar\/2021\/?s={search_term_string}\"},\"query-input\":{\"@type\":\"PropertyValueSpecification\",\"valueRequired\":true,\"valueName\":\"search_term_string\"}}],\"inLanguage\":\"es\"},{\"@type\":\"Person\",\"@id\":\"https:\/\/www.noticiasradioreflejos.com.ar\/2021\/#\/schema\/person\/ad82545263dcc5ec0996818884fd5fb1\",\"name\":\"Arnaldo Botto\",\"image\":{\"@type\":\"ImageObject\",\"inLanguage\":\"es\",\"@id\":\"https:\/\/www.noticiasradioreflejos.com.ar\/2021\/#\/schema\/person\/image\/\",\"url\":\"https:\/\/secure.gravatar.com\/avatar\/55cb5e37c1efa326397366e6974cb338056df65cb50e7d64d1cf314e87504837?s=96&d=mm&r=g\",\"contentUrl\":\"https:\/\/secure.gravatar.com\/avatar\/55cb5e37c1efa326397366e6974cb338056df65cb50e7d64d1cf314e87504837?s=96&d=mm&r=g\",\"caption\":\"Arnaldo Botto\"},\"url\":\"https:\/\/www.noticiasradioreflejos.com.ar\/2021\/author\/arnaldo\/\"}]}<\/script>\n<!-- \/ Yoast SEO plugin. -->","yoast_head_json":{"title":"Coronavirus: Cada vez se suman m\u00e1s voces de alerta - Noticias Radio Reflejos","robots":{"index":"index","follow":"follow","max-snippet":"max-snippet:-1","max-image-preview":"max-image-preview:large","max-video-preview":"max-video-preview:-1"},"canonical":"https:\/\/www.noticiasradioreflejos.com.ar\/2021\/coronavirus-cada-vez-se-suman-mas-voces-de-alerta\/","og_locale":"es_ES","og_type":"article","og_title":"Coronavirus: Cada vez se suman m\u00e1s voces de alerta - Noticias Radio Reflejos","og_description":"Carta abierta de la Facultad de Medicina de la Universidad de Buenos Aires La Facultad de Medicina de la Universidad de Buenos Aires advirti\u00f3 en una carta abierta a la sociedad que \u00abhoy transitamos el momento m\u00e1s dif\u00edcil de la pandemia\u00bb y afirm\u00f3 que de \u00abno implementarse medidas adicionales esta situaci\u00f3n continuar\u00e1 agrav\u00e1ndose d\u00eda a [&hellip;]","og_url":"https:\/\/www.noticiasradioreflejos.com.ar\/2021\/coronavirus-cada-vez-se-suman-mas-voces-de-alerta\/","og_site_name":"Noticias Radio Reflejos","article_published_time":"2020-09-03T11:26:22+00:00","og_image":[{"width":300,"height":200,"url":"https:\/\/www.noticiasradioreflejos.com.ar\/2021\/wp-content\/uploads\/2021\/07\/logosol300x200.png","type":"image\/png"}],"author":"Arnaldo Botto","twitter_card":"summary_large_image","schema":{"@context":"https:\/\/schema.org","@graph":[{"@type":"WebPage","@id":"https:\/\/www.noticiasradioreflejos.com.ar\/2021\/coronavirus-cada-vez-se-suman-mas-voces-de-alerta\/","url":"https:\/\/www.noticiasradioreflejos.com.ar\/2021\/coronavirus-cada-vez-se-suman-mas-voces-de-alerta\/","name":"Coronavirus: Cada vez se suman m\u00e1s voces de alerta - Noticias Radio Reflejos","isPartOf":{"@id":"https:\/\/www.noticiasradioreflejos.com.ar\/2021\/#website"},"datePublished":"2020-09-03T11:26:22+00:00","author":{"@id":"https:\/\/www.noticiasradioreflejos.com.ar\/2021\/#\/schema\/person\/ad82545263dcc5ec0996818884fd5fb1"},"breadcrumb":{"@id":"https:\/\/www.noticiasradioreflejos.com.ar\/2021\/coronavirus-cada-vez-se-suman-mas-voces-de-alerta\/#breadcrumb"},"inLanguage":"es","potentialAction":[{"@type":"ReadAction","target":["https:\/\/www.noticiasradioreflejos.com.ar\/2021\/coronavirus-cada-vez-se-suman-mas-voces-de-alerta\/"]}]},{"@type":"BreadcrumbList","@id":"https:\/\/www.noticiasradioreflejos.com.ar\/2021\/coronavirus-cada-vez-se-suman-mas-voces-de-alerta\/#breadcrumb","itemListElement":[{"@type":"ListItem","position":1,"name":"Portada","item":"https:\/\/www.noticiasradioreflejos.com.ar\/2021\/"},{"@type":"ListItem","position":2,"name":"Coronavirus: Cada vez se suman m\u00e1s voces de alerta"}]},{"@type":"WebSite","@id":"https:\/\/www.noticiasradioreflejos.com.ar\/2021\/#website","url":"https:\/\/www.noticiasradioreflejos.com.ar\/2021\/","name":"Noticias Radio Reflejos","description":"Las noticias de mi comarca","potentialAction":[{"@type":"SearchAction","target":{"@type":"EntryPoint","urlTemplate":"https:\/\/www.noticiasradioreflejos.com.ar\/2021\/?s={search_term_string}"},"query-input":{"@type":"PropertyValueSpecification","valueRequired":true,"valueName":"search_term_string"}}],"inLanguage":"es"},{"@type":"Person","@id":"https:\/\/www.noticiasradioreflejos.com.ar\/2021\/#\/schema\/person\/ad82545263dcc5ec0996818884fd5fb1","name":"Arnaldo Botto","image":{"@type":"ImageObject","inLanguage":"es","@id":"https:\/\/www.noticiasradioreflejos.com.ar\/2021\/#\/schema\/person\/image\/","url":"https:\/\/secure.gravatar.com\/avatar\/55cb5e37c1efa326397366e6974cb338056df65cb50e7d64d1cf314e87504837?s=96&d=mm&r=g","contentUrl":"https:\/\/secure.gravatar.com\/avatar\/55cb5e37c1efa326397366e6974cb338056df65cb50e7d64d1cf314e87504837?s=96&d=mm&r=g","caption":"Arnaldo Botto"},"url":"https:\/\/www.noticiasradioreflejos.com.ar\/2021\/author\/arnaldo\/"}]}},"_links":{"self":[{"href":"https:\/\/www.noticiasradioreflejos.com.ar\/2021\/wp-json\/wp\/v2\/posts\/46538","targetHints":{"allow":["GET"]}}],"collection":[{"href":"https:\/\/www.noticiasradioreflejos.com.ar\/2021\/wp-json\/wp\/v2\/posts"}],"about":[{"href":"https:\/\/www.noticiasradioreflejos.com.ar\/2021\/wp-json\/wp\/v2\/types\/post"}],"author":[{"embeddable":true,"href":"https:\/\/www.noticiasradioreflejos.com.ar\/2021\/wp-json\/wp\/v2\/users\/3"}],"replies":[{"embeddable":true,"href":"https:\/\/www.noticiasradioreflejos.com.ar\/2021\/wp-json\/wp\/v2\/comments?post=46538"}],"version-history":[{"count":0,"href":"https:\/\/www.noticiasradioreflejos.com.ar\/2021\/wp-json\/wp\/v2\/posts\/46538\/revisions"}],"wp:attachment":[{"href":"https:\/\/www.noticiasradioreflejos.com.ar\/2021\/wp-json\/wp\/v2\/media?parent=46538"}],"wp:term":[{"taxonomy":"category","embeddable":true,"href":"https:\/\/www.noticiasradioreflejos.com.ar\/2021\/wp-json\/wp\/v2\/categories?post=46538"},{"taxonomy":"post_tag","embeddable":true,"href":"https:\/\/www.noticiasradioreflejos.com.ar\/2021\/wp-json\/wp\/v2\/tags?post=46538"}],"curies":[{"name":"wp","href":"https:\/\/api.w.org\/{rel}","templated":true}]}}