{"id":46534,"date":"2020-09-03T08:14:44","date_gmt":"2020-09-03T11:14:44","guid":{"rendered":"http:\/\/www.noticiasradioreflejos.com.ar\/noticias\/?p=46534"},"modified":"2020-09-03T08:14:44","modified_gmt":"2020-09-03T11:14:44","slug":"prorrogan-programa-de-incorporacion-especial-de-docentes-y-auxiliares-suplentes-bonaerenses-2","status":"publish","type":"post","link":"https:\/\/www.noticiasradioreflejos.com.ar\/2021\/prorrogan-programa-de-incorporacion-especial-de-docentes-y-auxiliares-suplentes-bonaerenses-2\/","title":{"rendered":"Prorrogan programa de incorporaci\u00f3n especial de docentes y auxiliares suplentes bonaerenses"},"content":{"rendered":"<p>La Direcci\u00f3n General de Cultura y Educaci\u00f3n bonaerense prorrog\u00f3 hasta el 30 de septiembre el Programa de Incorporaci\u00f3n Especial de Docentes y Auxiliares Suplentes, en el marco de la emergencia sanitaria por la pandemia de coronavirus.<br \/>\nLo hizo mediante la Resoluci\u00f3n 1500 publicada hoy en el Bolet\u00edn Oficial bonaerense, que lleva la firma de la ministra de Educaci\u00f3n, Agustina Vila.<!--more--><br \/>\nEl programa est\u00e1 destinado a docentes y auxiliares que, como consecuencia de las medidas de aislamiento adoptadas por la pandemia, se encontraron \u00abimposibilitados de participar de los actos p\u00fablicos que en condiciones habituales les permiten acceder a cargos\u00bb.<\/p>\n<p>En la medida se establece que en el momento en que el trabajador docente o auxiliar tome posesi\u00f3n de un cargo en un acto p\u00fablico ser\u00e1 dado de baja del programa.<\/p>\n<p>Los docentes y auxiliares que acceden a este programa perciben unos 10.200 pesos de bolsillo en blanco, con aportes y obra social.<\/p>\n<p>Cuando a principios de abril pasado se lanz\u00f3 el plan, se anunci\u00f3 que se incorporar\u00edan unos 23.000 maestros y auxiliares, m\u00e1s unos 4.400 docentes del Plan Fines que en 2019 se desempe\u00f1aron como suplentes pero que este a\u00f1o no hab\u00edan llegado a tomar cargo p\u00fablico debido a la cuarentena.<\/p>\n<p>Luego se incorporaron a los docentes \u00abcon cargos provisionales que no tuvieran cargos activos a abril de 2020 como as\u00ed tambi\u00e9n a aquellos docentes que teniendo parcialmente un cargo activo en marzo 2020, no ten\u00edan continuidad en el mes de abril de 2020\u00bb.<\/p>\n<p>En el marco del Programa, docentes y auxiliares podr\u00e1n ser convocados a realizar tareas ya sea relacionada con el Plan de Continuidad Pedag\u00f3gica, con tareas del Sistema Alimentario Escolar (SAE) o del protocolo de desinfecci\u00f3n e higiene en colegios.<\/p>\n","protected":false},"excerpt":{"rendered":"<p>La Direcci\u00f3n General de Cultura y Educaci\u00f3n bonaerense prorrog\u00f3 hasta el 30 de septiembre el Programa de Incorporaci\u00f3n Especial de Docentes y Auxiliares Suplentes, en el marco de la emergencia sanitaria por la pandemia de coronavirus. Lo hizo mediante la Resoluci\u00f3n 1500 publicada hoy en el Bolet\u00edn Oficial bonaerense, que lleva la firma de la [&hellip;]<\/p>\n","protected":false},"author":3,"featured_media":0,"comment_status":"closed","ping_status":"open","sticky":false,"template":"","format":"standard","meta":{"footnotes":""},"categories":[34],"tags":[],"class_list":["post-46534","post","type-post","status-publish","format-standard","hentry","category-educacion"],"yoast_head":"<!-- This site is optimized with the Yoast SEO plugin v25.9 - https:\/\/yoast.com\/wordpress\/plugins\/seo\/ -->\n<title>Prorrogan programa de incorporaci\u00f3n especial de docentes y auxiliares suplentes bonaerenses - Noticias Radio Reflejos<\/title>\n<meta name=\"robots\" content=\"index, follow, max-snippet:-1, max-image-preview:large, max-video-preview:-1\" \/>\n<link rel=\"canonical\" href=\"https:\/\/www.noticiasradioreflejos.com.ar\/2021\/prorrogan-programa-de-incorporacion-especial-de-docentes-y-auxiliares-suplentes-bonaerenses-2\/\" \/>\n<meta property=\"og:locale\" content=\"es_ES\" \/>\n<meta property=\"og:type\" content=\"article\" \/>\n<meta property=\"og:title\" content=\"Prorrogan programa de incorporaci\u00f3n especial de docentes y auxiliares suplentes bonaerenses - Noticias Radio Reflejos\" \/>\n<meta property=\"og:description\" content=\"La Direcci\u00f3n General de Cultura y Educaci\u00f3n bonaerense prorrog\u00f3 hasta el 30 de septiembre el Programa de Incorporaci\u00f3n Especial de Docentes y Auxiliares Suplentes, en el marco de la emergencia sanitaria por la pandemia de coronavirus. Lo hizo mediante la Resoluci\u00f3n 1500 publicada hoy en el Bolet\u00edn Oficial bonaerense, que lleva la firma de la [&hellip;]\" \/>\n<meta property=\"og:url\" content=\"https:\/\/www.noticiasradioreflejos.com.ar\/2021\/prorrogan-programa-de-incorporacion-especial-de-docentes-y-auxiliares-suplentes-bonaerenses-2\/\" \/>\n<meta property=\"og:site_name\" content=\"Noticias Radio Reflejos\" \/>\n<meta property=\"article:published_time\" content=\"2020-09-03T11:14:44+00:00\" \/>\n<meta property=\"og:image\" content=\"https:\/\/www.noticiasradioreflejos.com.ar\/2021\/wp-content\/uploads\/2021\/07\/logosol300x200.png\" \/>\n\t<meta property=\"og:image:width\" content=\"300\" \/>\n\t<meta property=\"og:image:height\" content=\"200\" \/>\n\t<meta property=\"og:image:type\" content=\"image\/png\" \/>\n<meta name=\"author\" content=\"Arnaldo Botto\" \/>\n<meta name=\"twitter:card\" content=\"summary_large_image\" \/>\n<script type=\"application\/ld+json\" class=\"yoast-schema-graph\">{\"@context\":\"https:\/\/schema.org\",\"@graph\":[{\"@type\":\"WebPage\",\"@id\":\"https:\/\/www.noticiasradioreflejos.com.ar\/2021\/prorrogan-programa-de-incorporacion-especial-de-docentes-y-auxiliares-suplentes-bonaerenses-2\/\",\"url\":\"https:\/\/www.noticiasradioreflejos.com.ar\/2021\/prorrogan-programa-de-incorporacion-especial-de-docentes-y-auxiliares-suplentes-bonaerenses-2\/\",\"name\":\"Prorrogan programa de incorporaci\u00f3n especial de docentes y auxiliares suplentes bonaerenses - Noticias Radio Reflejos\",\"isPartOf\":{\"@id\":\"https:\/\/www.noticiasradioreflejos.com.ar\/2021\/#website\"},\"datePublished\":\"2020-09-03T11:14:44+00:00\",\"author\":{\"@id\":\"https:\/\/www.noticiasradioreflejos.com.ar\/2021\/#\/schema\/person\/ad82545263dcc5ec0996818884fd5fb1\"},\"breadcrumb\":{\"@id\":\"https:\/\/www.noticiasradioreflejos.com.ar\/2021\/prorrogan-programa-de-incorporacion-especial-de-docentes-y-auxiliares-suplentes-bonaerenses-2\/#breadcrumb\"},\"inLanguage\":\"es\",\"potentialAction\":[{\"@type\":\"ReadAction\",\"target\":[\"https:\/\/www.noticiasradioreflejos.com.ar\/2021\/prorrogan-programa-de-incorporacion-especial-de-docentes-y-auxiliares-suplentes-bonaerenses-2\/\"]}]},{\"@type\":\"BreadcrumbList\",\"@id\":\"https:\/\/www.noticiasradioreflejos.com.ar\/2021\/prorrogan-programa-de-incorporacion-especial-de-docentes-y-auxiliares-suplentes-bonaerenses-2\/#breadcrumb\",\"itemListElement\":[{\"@type\":\"ListItem\",\"position\":1,\"name\":\"Portada\",\"item\":\"https:\/\/www.noticiasradioreflejos.com.ar\/2021\/\"},{\"@type\":\"ListItem\",\"position\":2,\"name\":\"Prorrogan programa de incorporaci\u00f3n especial de docentes y auxiliares suplentes bonaerenses\"}]},{\"@type\":\"WebSite\",\"@id\":\"https:\/\/www.noticiasradioreflejos.com.ar\/2021\/#website\",\"url\":\"https:\/\/www.noticiasradioreflejos.com.ar\/2021\/\",\"name\":\"Noticias Radio Reflejos\",\"description\":\"Las noticias de mi comarca\",\"potentialAction\":[{\"@type\":\"SearchAction\",\"target\":{\"@type\":\"EntryPoint\",\"urlTemplate\":\"https:\/\/www.noticiasradioreflejos.com.ar\/2021\/?s={search_term_string}\"},\"query-input\":{\"@type\":\"PropertyValueSpecification\",\"valueRequired\":true,\"valueName\":\"search_term_string\"}}],\"inLanguage\":\"es\"},{\"@type\":\"Person\",\"@id\":\"https:\/\/www.noticiasradioreflejos.com.ar\/2021\/#\/schema\/person\/ad82545263dcc5ec0996818884fd5fb1\",\"name\":\"Arnaldo Botto\",\"image\":{\"@type\":\"ImageObject\",\"inLanguage\":\"es\",\"@id\":\"https:\/\/www.noticiasradioreflejos.com.ar\/2021\/#\/schema\/person\/image\/\",\"url\":\"https:\/\/secure.gravatar.com\/avatar\/55cb5e37c1efa326397366e6974cb338056df65cb50e7d64d1cf314e87504837?s=96&d=mm&r=g\",\"contentUrl\":\"https:\/\/secure.gravatar.com\/avatar\/55cb5e37c1efa326397366e6974cb338056df65cb50e7d64d1cf314e87504837?s=96&d=mm&r=g\",\"caption\":\"Arnaldo Botto\"},\"url\":\"https:\/\/www.noticiasradioreflejos.com.ar\/2021\/author\/arnaldo\/\"}]}<\/script>\n<!-- \/ Yoast SEO plugin. -->","yoast_head_json":{"title":"Prorrogan programa de incorporaci\u00f3n especial de docentes y auxiliares suplentes bonaerenses - Noticias Radio Reflejos","robots":{"index":"index","follow":"follow","max-snippet":"max-snippet:-1","max-image-preview":"max-image-preview:large","max-video-preview":"max-video-preview:-1"},"canonical":"https:\/\/www.noticiasradioreflejos.com.ar\/2021\/prorrogan-programa-de-incorporacion-especial-de-docentes-y-auxiliares-suplentes-bonaerenses-2\/","og_locale":"es_ES","og_type":"article","og_title":"Prorrogan programa de incorporaci\u00f3n especial de docentes y auxiliares suplentes bonaerenses - Noticias Radio Reflejos","og_description":"La Direcci\u00f3n General de Cultura y Educaci\u00f3n bonaerense prorrog\u00f3 hasta el 30 de septiembre el Programa de Incorporaci\u00f3n Especial de Docentes y Auxiliares Suplentes, en el marco de la emergencia sanitaria por la pandemia de coronavirus. Lo hizo mediante la Resoluci\u00f3n 1500 publicada hoy en el Bolet\u00edn Oficial bonaerense, que lleva la firma de la [&hellip;]","og_url":"https:\/\/www.noticiasradioreflejos.com.ar\/2021\/prorrogan-programa-de-incorporacion-especial-de-docentes-y-auxiliares-suplentes-bonaerenses-2\/","og_site_name":"Noticias Radio Reflejos","article_published_time":"2020-09-03T11:14:44+00:00","og_image":[{"width":300,"height":200,"url":"https:\/\/www.noticiasradioreflejos.com.ar\/2021\/wp-content\/uploads\/2021\/07\/logosol300x200.png","type":"image\/png"}],"author":"Arnaldo Botto","twitter_card":"summary_large_image","schema":{"@context":"https:\/\/schema.org","@graph":[{"@type":"WebPage","@id":"https:\/\/www.noticiasradioreflejos.com.ar\/2021\/prorrogan-programa-de-incorporacion-especial-de-docentes-y-auxiliares-suplentes-bonaerenses-2\/","url":"https:\/\/www.noticiasradioreflejos.com.ar\/2021\/prorrogan-programa-de-incorporacion-especial-de-docentes-y-auxiliares-suplentes-bonaerenses-2\/","name":"Prorrogan programa de incorporaci\u00f3n especial de docentes y auxiliares suplentes bonaerenses - Noticias Radio Reflejos","isPartOf":{"@id":"https:\/\/www.noticiasradioreflejos.com.ar\/2021\/#website"},"datePublished":"2020-09-03T11:14:44+00:00","author":{"@id":"https:\/\/www.noticiasradioreflejos.com.ar\/2021\/#\/schema\/person\/ad82545263dcc5ec0996818884fd5fb1"},"breadcrumb":{"@id":"https:\/\/www.noticiasradioreflejos.com.ar\/2021\/prorrogan-programa-de-incorporacion-especial-de-docentes-y-auxiliares-suplentes-bonaerenses-2\/#breadcrumb"},"inLanguage":"es","potentialAction":[{"@type":"ReadAction","target":["https:\/\/www.noticiasradioreflejos.com.ar\/2021\/prorrogan-programa-de-incorporacion-especial-de-docentes-y-auxiliares-suplentes-bonaerenses-2\/"]}]},{"@type":"BreadcrumbList","@id":"https:\/\/www.noticiasradioreflejos.com.ar\/2021\/prorrogan-programa-de-incorporacion-especial-de-docentes-y-auxiliares-suplentes-bonaerenses-2\/#breadcrumb","itemListElement":[{"@type":"ListItem","position":1,"name":"Portada","item":"https:\/\/www.noticiasradioreflejos.com.ar\/2021\/"},{"@type":"ListItem","position":2,"name":"Prorrogan programa de incorporaci\u00f3n especial de docentes y auxiliares suplentes bonaerenses"}]},{"@type":"WebSite","@id":"https:\/\/www.noticiasradioreflejos.com.ar\/2021\/#website","url":"https:\/\/www.noticiasradioreflejos.com.ar\/2021\/","name":"Noticias Radio Reflejos","description":"Las noticias de mi comarca","potentialAction":[{"@type":"SearchAction","target":{"@type":"EntryPoint","urlTemplate":"https:\/\/www.noticiasradioreflejos.com.ar\/2021\/?s={search_term_string}"},"query-input":{"@type":"PropertyValueSpecification","valueRequired":true,"valueName":"search_term_string"}}],"inLanguage":"es"},{"@type":"Person","@id":"https:\/\/www.noticiasradioreflejos.com.ar\/2021\/#\/schema\/person\/ad82545263dcc5ec0996818884fd5fb1","name":"Arnaldo Botto","image":{"@type":"ImageObject","inLanguage":"es","@id":"https:\/\/www.noticiasradioreflejos.com.ar\/2021\/#\/schema\/person\/image\/","url":"https:\/\/secure.gravatar.com\/avatar\/55cb5e37c1efa326397366e6974cb338056df65cb50e7d64d1cf314e87504837?s=96&d=mm&r=g","contentUrl":"https:\/\/secure.gravatar.com\/avatar\/55cb5e37c1efa326397366e6974cb338056df65cb50e7d64d1cf314e87504837?s=96&d=mm&r=g","caption":"Arnaldo Botto"},"url":"https:\/\/www.noticiasradioreflejos.com.ar\/2021\/author\/arnaldo\/"}]}},"_links":{"self":[{"href":"https:\/\/www.noticiasradioreflejos.com.ar\/2021\/wp-json\/wp\/v2\/posts\/46534","targetHints":{"allow":["GET"]}}],"collection":[{"href":"https:\/\/www.noticiasradioreflejos.com.ar\/2021\/wp-json\/wp\/v2\/posts"}],"about":[{"href":"https:\/\/www.noticiasradioreflejos.com.ar\/2021\/wp-json\/wp\/v2\/types\/post"}],"author":[{"embeddable":true,"href":"https:\/\/www.noticiasradioreflejos.com.ar\/2021\/wp-json\/wp\/v2\/users\/3"}],"replies":[{"embeddable":true,"href":"https:\/\/www.noticiasradioreflejos.com.ar\/2021\/wp-json\/wp\/v2\/comments?post=46534"}],"version-history":[{"count":0,"href":"https:\/\/www.noticiasradioreflejos.com.ar\/2021\/wp-json\/wp\/v2\/posts\/46534\/revisions"}],"wp:attachment":[{"href":"https:\/\/www.noticiasradioreflejos.com.ar\/2021\/wp-json\/wp\/v2\/media?parent=46534"}],"wp:term":[{"taxonomy":"category","embeddable":true,"href":"https:\/\/www.noticiasradioreflejos.com.ar\/2021\/wp-json\/wp\/v2\/categories?post=46534"},{"taxonomy":"post_tag","embeddable":true,"href":"https:\/\/www.noticiasradioreflejos.com.ar\/2021\/wp-json\/wp\/v2\/tags?post=46534"}],"curies":[{"name":"wp","href":"https:\/\/api.w.org\/{rel}","templated":true}]}}