{"id":46514,"date":"2020-09-02T17:53:52","date_gmt":"2020-09-02T20:53:52","guid":{"rendered":"http:\/\/www.noticiasradioreflejos.com.ar\/noticias\/?p=46514"},"modified":"2020-09-02T17:53:52","modified_gmt":"2020-09-02T20:53:52","slug":"el-hcd-aprobo-la-creacion-de-un-registro-para-permitir-el-autocultivo-de-cannabis-con-fines-medicinales","status":"publish","type":"post","link":"https:\/\/www.noticiasradioreflejos.com.ar\/2021\/el-hcd-aprobo-la-creacion-de-un-registro-para-permitir-el-autocultivo-de-cannabis-con-fines-medicinales\/","title":{"rendered":"El HCD aprob\u00f3 la creaci\u00f3n de un registro para permitir el autocultivo de cannabis con fines medicinales"},"content":{"rendered":"<p>Fue por unanimidad en la sesi\u00f3n de este martes, en donde tambi\u00e9n se instal\u00f3 la pol\u00e9mica sobre si las sesiones deben ser presenciales o virtuales. Al respecto se refirieron los concejales Cristian Raising, Roc\u00edo Vazquez y Claudio Iribarren.<!--more--><br \/>\n<span style=\"color: #0000ff;\"><em><strong>(N.T.)<\/strong><\/em><\/span>: En la sesi\u00f3n ordinaria de este martes, el Concejo Deliberante de Tornquist aprob\u00f3 por unanimidad la creaci\u00f3n de un registro para permitir el autocultivo de cannabis con fines medicinales.<\/p>\n<p>La ordenanza \u201cestablece la creaci\u00f3n de un consejo consultivo formado por profesionales de la medicina, la agronom\u00eda y dem\u00e1s, para otorgar las licencias para el cultivo de cannabis con fines medicinales. Los interesados deben presentar la prescripci\u00f3n m\u00e9dica al mencionado consejo y, en base a los tratamientos que dice el m\u00e9dico, es la cantidad de plantas que se le permite cultivar\u201d, explic\u00f3 Cristian Raising, presidente del HCD.<\/p>\n<p>\u201cEn la norma establecimos un plazo de 60 d\u00edas para reglamentarla y ponerla en funcionamiento\u201d, a\u00f1adi\u00f3 y precis\u00f3 que el Consejo Consultivo lo integrar\u00e1n \u201cgente del INTA, m\u00e9dicos, usuarios de cannabis y cultivadores\u201d.<\/p>\n<p>Esto se suma a \u201cla ordenanza que se sancion\u00f3 en marzo para crear un registro y analizar los aceites que est\u00e1 tomando, que sucede m\u00e1s all\u00e1 de la prohibici\u00f3n que pesa hoy sobre el cannabis. Est\u00e1 sumamente aceptado socialmente, la gente lo utiliza y con esta ordenanza estamos tratando de dar un marco de protecci\u00f3n\u201d, afirm\u00f3.<\/p>\n<p>En ese sentido, coment\u00f3 que para la confecci\u00f3n del proyecto \u201chemos tenido ayuda de jueves y abogados que nos estuvieron asesorando para poder darle el marco\u201d.<\/p>\n<p>Por otro lado, respecto a la pol\u00e9mica instalada en el cuerpo deliberativo sobre si se debe sesionar presencial o virtualmente, el edil de Cambiemos afirm\u00f3 que \u201cme parece absurdo tener que estar discutiendo si tenemos que venir no. Nosotros tenemos la postura de venir a sesionar, de hecho somos unos de los pocos HCD que no fren\u00f3 su actividad, estuvimos siempre trabajando\u201d.<\/p>\n<p>\u201cNo comparto para nada los dichos de los concejales de Cumplir y de Todos\u201d, agreg\u00f3 y adelant\u00f3 que \u201cno vamos a acompa\u00f1ar el proyecto que presentaron para modificar el reglamento interno\u201d. \u201cComo en todo trabajo, el que no venga a su lugar, se le descontar\u00e1 como lo establece el reglamento\u201d, dispar\u00f3.<\/p>\n<p>\u201cHAB\u00cdA UN ACUERDO PLANTEADO HACE TRES SEMANAS PARA HACER LAS SESIONES VIRTUALES\u201d<\/p>\n<p>Por su parte, el concejal Claudio Iribarren (Frente de Todos), se refiri\u00f3 a las rispideces que se generaron en los \u00faltimos d\u00edas respecto a las sesiones virtuales y presenciales.<\/p>\n<p>\u201cHab\u00eda un acuerdo planteado hace tres semanas para hacer las sesiones virtuales y no hubo ning\u00fan tipo de problema. Nos llamaba la atenci\u00f3n debido a qu\u00e9 ven\u00eda al cambio, porque no hab\u00eda un tema \u00e1lgido para tratar, incluso aprobamos todo. No le ve\u00eda cu\u00e1l era la limitaci\u00f3n t\u00e9cnica y pr\u00e1ctica\u201d, manifest\u00f3.<\/p>\n<p>El edil consider\u00f3 que \u201cdesde ah\u00ed se empez\u00f3 a armar toda una bola de \u2018Que s\u00ed, que no, se puede, no se puede\u2019, cuando sabemos que sanitariamente todo lo que se puede evitar, lo evitamos. Estamos en el pico del virus\u201d.<\/p>\n<p>\u201cAhora no damos cuenta que la movida era una bajada de l\u00ednea desde arriba para que la gente de Cambiemos, desde la C\u00e1mara de Diputados, haga su gran gesta patri\u00f3tica para salvar la democracia y pidan la reuni\u00f3n presencial\u201d, dispar\u00f3 adem\u00e1s.<\/p>\n<p>Por su parte, Roc\u00edo Vazquez (FdT), sostuvo que \u201cvimos la necesidad de defenderos frente a algunas declaraciones de los concejales, porque estaban generando un mal entendido y confusi\u00f3n en la poblaci\u00f3n\u201d.<\/p>\n<p>\u201cNos cuesta ponernos de acuerdo en estas m\u00ednimas cosas y tenemos que empezar a enfocarnos en el distrito, que es por lo cual nos eligieron \u2013continu\u00f3-. Tenemos varios problemas, en Saldungaray hay muchos casos de Covid-19 y las personas aisladas son un porcentaje alto de la poblaci\u00f3n. Est\u00e1n siendo monitoreadas por el personal de salud, que est\u00e1 haciendo un trabajo muy intenso, porque son muchas familias, a quienes desde Desarrollo Social se las est\u00e1 asistiendo\u201d.<\/p>\n<p>LA RELACI\u00d3N DE TODOS Y CUMPLIR CON EL INTENDENTE BORDONI<\/p>\n<p>Por \u00faltimo, en cuanto a la relaci\u00f3n que mantienen con el intendente Sergio Bordoni desde su salida de Juntos por el Cambio, el \u2018Vasco\u2019 afirm\u00f3: \u201csiempre tuvimos un muy buen di\u00e1logo como oposici\u00f3n, lo consultamos en un mont\u00f3n de situaciones, trabajamos hacia adentro proponiendo, y bancamos este ciclo hasta salir de la pandemia. Por supuesto que vamos a tener diferencias, porque venimos de intereses distintos, y representamos en una oposici\u00f3n\u201d.<\/p>\n<p>\u201cSiempre ha sido cordial el trato- sostuvo a su turno V\u00e1zquez-. Siempre que lo llam\u00e9 me contest\u00f3, lo mismo que Ezequiel Gabella (Secretario de Gobierno y Seguridad), que son las dos personas con las que tenemos mayor dialogo, al igual que con la Subsecretaria de Desarrollo Social, Bel\u00e9n Ladigan, que siempre ha estado dispuesta\u201d.<\/p>\n<p><iframe loading=\"lazy\" src=\"https:\/\/w.soundcloud.com\/player\/?url=https%3A\/\/api.soundcloud.com\/tracks\/886296265&amp;color=%23ff5500&amp;auto_play=false&amp;hide_related=false&amp;show_comments=true&amp;show_user=true&amp;show_reposts=false&amp;show_teaser=true\" width=\"100%\" height=\"166\" frameborder=\"no\" scrolling=\"no\"><\/iframe><\/p>\n<div style=\"font-size: 10px; color: #cccccc; line-break: anywhere; word-break: normal; overflow: hidden; white-space: nowrap; text-overflow: ellipsis; font-family: Interstate,Lucida Grande,Lucida Sans Unicode,Lucida Sans,Garuda,Verdana,Tahoma,sans-serif; font-weight: 100;\"><a style=\"color: #cccccc; text-decoration: none;\" title=\"fmreflejos 103.7\" href=\"https:\/\/soundcloud.com\/fmreflejos-103-7\" target=\"_blank\" rel=\"noopener\">fmreflejos 103.7<\/a> \u00b7 <a style=\"color: #cccccc; text-decoration: none;\" title=\"Nota Cristian Raising\" href=\"https:\/\/soundcloud.com\/fmreflejos-103-7\/nota-cristian-raising\" target=\"_blank\" rel=\"noopener\">Nota Cristian Raising<\/a><\/div>\n<p><iframe loading=\"lazy\" src=\"https:\/\/w.soundcloud.com\/player\/?url=https%3A\/\/api.soundcloud.com\/tracks\/886296454&amp;color=%23ff5500&amp;auto_play=false&amp;hide_related=false&amp;show_comments=true&amp;show_user=true&amp;show_reposts=false&amp;show_teaser=true\" width=\"100%\" height=\"166\" frameborder=\"no\" scrolling=\"no\"><\/iframe><\/p>\n<div style=\"font-size: 10px; color: #cccccc; line-break: anywhere; word-break: normal; overflow: hidden; white-space: nowrap; text-overflow: ellipsis; font-family: Interstate,Lucida Grande,Lucida Sans Unicode,Lucida Sans,Garuda,Verdana,Tahoma,sans-serif; font-weight: 100;\"><a style=\"color: #cccccc; text-decoration: none;\" title=\"fmreflejos 103.7\" href=\"https:\/\/soundcloud.com\/fmreflejos-103-7\" target=\"_blank\" rel=\"noopener\">fmreflejos 103.7<\/a> \u00b7 <a style=\"color: #cccccc; text-decoration: none;\" title=\"Nota Vasco Y Rocio\" href=\"https:\/\/soundcloud.com\/fmreflejos-103-7\/nota-vasco-y-rocio\" target=\"_blank\" rel=\"noopener\">Nota Vasco Y Rocio<\/a><\/div>\n","protected":false},"excerpt":{"rendered":"<p>Fue por unanimidad en la sesi\u00f3n de este martes, en donde tambi\u00e9n se instal\u00f3 la pol\u00e9mica sobre si las sesiones deben ser presenciales o virtuales. Al respecto se refirieron los concejales Cristian Raising, Roc\u00edo Vazquez y Claudio Iribarren.<\/p>\n","protected":false},"author":3,"featured_media":0,"comment_status":"closed","ping_status":"open","sticky":false,"template":"","format":"standard","meta":{"footnotes":""},"categories":[24],"tags":[],"class_list":["post-46514","post","type-post","status-publish","format-standard","hentry","category-politica"],"yoast_head":"<!-- This site is optimized with the Yoast SEO plugin v25.9 - https:\/\/yoast.com\/wordpress\/plugins\/seo\/ -->\n<title>El HCD aprob\u00f3 la creaci\u00f3n de un registro para permitir el autocultivo de cannabis con fines medicinales - Noticias Radio Reflejos<\/title>\n<meta name=\"robots\" content=\"index, follow, max-snippet:-1, max-image-preview:large, max-video-preview:-1\" \/>\n<link rel=\"canonical\" href=\"https:\/\/www.noticiasradioreflejos.com.ar\/2021\/el-hcd-aprobo-la-creacion-de-un-registro-para-permitir-el-autocultivo-de-cannabis-con-fines-medicinales\/\" \/>\n<meta property=\"og:locale\" content=\"es_ES\" \/>\n<meta property=\"og:type\" content=\"article\" \/>\n<meta property=\"og:title\" content=\"El HCD aprob\u00f3 la creaci\u00f3n de un registro para permitir el autocultivo de cannabis con fines medicinales - Noticias Radio Reflejos\" \/>\n<meta property=\"og:description\" content=\"Fue por unanimidad en la sesi\u00f3n de este martes, en donde tambi\u00e9n se instal\u00f3 la pol\u00e9mica sobre si las sesiones deben ser presenciales o virtuales. Al respecto se refirieron los concejales Cristian Raising, Roc\u00edo Vazquez y Claudio Iribarren.\" \/>\n<meta property=\"og:url\" content=\"https:\/\/www.noticiasradioreflejos.com.ar\/2021\/el-hcd-aprobo-la-creacion-de-un-registro-para-permitir-el-autocultivo-de-cannabis-con-fines-medicinales\/\" \/>\n<meta property=\"og:site_name\" content=\"Noticias Radio Reflejos\" \/>\n<meta property=\"article:published_time\" content=\"2020-09-02T20:53:52+00:00\" \/>\n<meta property=\"og:image\" content=\"https:\/\/www.noticiasradioreflejos.com.ar\/2021\/wp-content\/uploads\/2021\/07\/logosol300x200.png\" \/>\n\t<meta property=\"og:image:width\" content=\"300\" \/>\n\t<meta property=\"og:image:height\" content=\"200\" \/>\n\t<meta property=\"og:image:type\" content=\"image\/png\" \/>\n<meta name=\"author\" content=\"Arnaldo Botto\" \/>\n<meta name=\"twitter:card\" content=\"summary_large_image\" \/>\n<script type=\"application\/ld+json\" class=\"yoast-schema-graph\">{\"@context\":\"https:\/\/schema.org\",\"@graph\":[{\"@type\":\"WebPage\",\"@id\":\"https:\/\/www.noticiasradioreflejos.com.ar\/2021\/el-hcd-aprobo-la-creacion-de-un-registro-para-permitir-el-autocultivo-de-cannabis-con-fines-medicinales\/\",\"url\":\"https:\/\/www.noticiasradioreflejos.com.ar\/2021\/el-hcd-aprobo-la-creacion-de-un-registro-para-permitir-el-autocultivo-de-cannabis-con-fines-medicinales\/\",\"name\":\"El HCD aprob\u00f3 la creaci\u00f3n de un registro para permitir el autocultivo de cannabis con fines medicinales - Noticias Radio Reflejos\",\"isPartOf\":{\"@id\":\"https:\/\/www.noticiasradioreflejos.com.ar\/2021\/#website\"},\"datePublished\":\"2020-09-02T20:53:52+00:00\",\"author\":{\"@id\":\"https:\/\/www.noticiasradioreflejos.com.ar\/2021\/#\/schema\/person\/ad82545263dcc5ec0996818884fd5fb1\"},\"breadcrumb\":{\"@id\":\"https:\/\/www.noticiasradioreflejos.com.ar\/2021\/el-hcd-aprobo-la-creacion-de-un-registro-para-permitir-el-autocultivo-de-cannabis-con-fines-medicinales\/#breadcrumb\"},\"inLanguage\":\"es\",\"potentialAction\":[{\"@type\":\"ReadAction\",\"target\":[\"https:\/\/www.noticiasradioreflejos.com.ar\/2021\/el-hcd-aprobo-la-creacion-de-un-registro-para-permitir-el-autocultivo-de-cannabis-con-fines-medicinales\/\"]}]},{\"@type\":\"BreadcrumbList\",\"@id\":\"https:\/\/www.noticiasradioreflejos.com.ar\/2021\/el-hcd-aprobo-la-creacion-de-un-registro-para-permitir-el-autocultivo-de-cannabis-con-fines-medicinales\/#breadcrumb\",\"itemListElement\":[{\"@type\":\"ListItem\",\"position\":1,\"name\":\"Portada\",\"item\":\"https:\/\/www.noticiasradioreflejos.com.ar\/2021\/\"},{\"@type\":\"ListItem\",\"position\":2,\"name\":\"El HCD aprob\u00f3 la creaci\u00f3n de un registro para permitir el autocultivo de cannabis con fines medicinales\"}]},{\"@type\":\"WebSite\",\"@id\":\"https:\/\/www.noticiasradioreflejos.com.ar\/2021\/#website\",\"url\":\"https:\/\/www.noticiasradioreflejos.com.ar\/2021\/\",\"name\":\"Noticias Radio Reflejos\",\"description\":\"Las noticias de mi comarca\",\"potentialAction\":[{\"@type\":\"SearchAction\",\"target\":{\"@type\":\"EntryPoint\",\"urlTemplate\":\"https:\/\/www.noticiasradioreflejos.com.ar\/2021\/?s={search_term_string}\"},\"query-input\":{\"@type\":\"PropertyValueSpecification\",\"valueRequired\":true,\"valueName\":\"search_term_string\"}}],\"inLanguage\":\"es\"},{\"@type\":\"Person\",\"@id\":\"https:\/\/www.noticiasradioreflejos.com.ar\/2021\/#\/schema\/person\/ad82545263dcc5ec0996818884fd5fb1\",\"name\":\"Arnaldo Botto\",\"image\":{\"@type\":\"ImageObject\",\"inLanguage\":\"es\",\"@id\":\"https:\/\/www.noticiasradioreflejos.com.ar\/2021\/#\/schema\/person\/image\/\",\"url\":\"https:\/\/secure.gravatar.com\/avatar\/55cb5e37c1efa326397366e6974cb338056df65cb50e7d64d1cf314e87504837?s=96&d=mm&r=g\",\"contentUrl\":\"https:\/\/secure.gravatar.com\/avatar\/55cb5e37c1efa326397366e6974cb338056df65cb50e7d64d1cf314e87504837?s=96&d=mm&r=g\",\"caption\":\"Arnaldo Botto\"},\"url\":\"https:\/\/www.noticiasradioreflejos.com.ar\/2021\/author\/arnaldo\/\"}]}<\/script>\n<!-- \/ Yoast SEO plugin. -->","yoast_head_json":{"title":"El HCD aprob\u00f3 la creaci\u00f3n de un registro para permitir el autocultivo de cannabis con fines medicinales - Noticias Radio Reflejos","robots":{"index":"index","follow":"follow","max-snippet":"max-snippet:-1","max-image-preview":"max-image-preview:large","max-video-preview":"max-video-preview:-1"},"canonical":"https:\/\/www.noticiasradioreflejos.com.ar\/2021\/el-hcd-aprobo-la-creacion-de-un-registro-para-permitir-el-autocultivo-de-cannabis-con-fines-medicinales\/","og_locale":"es_ES","og_type":"article","og_title":"El HCD aprob\u00f3 la creaci\u00f3n de un registro para permitir el autocultivo de cannabis con fines medicinales - Noticias Radio Reflejos","og_description":"Fue por unanimidad en la sesi\u00f3n de este martes, en donde tambi\u00e9n se instal\u00f3 la pol\u00e9mica sobre si las sesiones deben ser presenciales o virtuales. Al respecto se refirieron los concejales Cristian Raising, Roc\u00edo Vazquez y Claudio Iribarren.","og_url":"https:\/\/www.noticiasradioreflejos.com.ar\/2021\/el-hcd-aprobo-la-creacion-de-un-registro-para-permitir-el-autocultivo-de-cannabis-con-fines-medicinales\/","og_site_name":"Noticias Radio Reflejos","article_published_time":"2020-09-02T20:53:52+00:00","og_image":[{"width":300,"height":200,"url":"https:\/\/www.noticiasradioreflejos.com.ar\/2021\/wp-content\/uploads\/2021\/07\/logosol300x200.png","type":"image\/png"}],"author":"Arnaldo Botto","twitter_card":"summary_large_image","schema":{"@context":"https:\/\/schema.org","@graph":[{"@type":"WebPage","@id":"https:\/\/www.noticiasradioreflejos.com.ar\/2021\/el-hcd-aprobo-la-creacion-de-un-registro-para-permitir-el-autocultivo-de-cannabis-con-fines-medicinales\/","url":"https:\/\/www.noticiasradioreflejos.com.ar\/2021\/el-hcd-aprobo-la-creacion-de-un-registro-para-permitir-el-autocultivo-de-cannabis-con-fines-medicinales\/","name":"El HCD aprob\u00f3 la creaci\u00f3n de un registro para permitir el autocultivo de cannabis con fines medicinales - Noticias Radio Reflejos","isPartOf":{"@id":"https:\/\/www.noticiasradioreflejos.com.ar\/2021\/#website"},"datePublished":"2020-09-02T20:53:52+00:00","author":{"@id":"https:\/\/www.noticiasradioreflejos.com.ar\/2021\/#\/schema\/person\/ad82545263dcc5ec0996818884fd5fb1"},"breadcrumb":{"@id":"https:\/\/www.noticiasradioreflejos.com.ar\/2021\/el-hcd-aprobo-la-creacion-de-un-registro-para-permitir-el-autocultivo-de-cannabis-con-fines-medicinales\/#breadcrumb"},"inLanguage":"es","potentialAction":[{"@type":"ReadAction","target":["https:\/\/www.noticiasradioreflejos.com.ar\/2021\/el-hcd-aprobo-la-creacion-de-un-registro-para-permitir-el-autocultivo-de-cannabis-con-fines-medicinales\/"]}]},{"@type":"BreadcrumbList","@id":"https:\/\/www.noticiasradioreflejos.com.ar\/2021\/el-hcd-aprobo-la-creacion-de-un-registro-para-permitir-el-autocultivo-de-cannabis-con-fines-medicinales\/#breadcrumb","itemListElement":[{"@type":"ListItem","position":1,"name":"Portada","item":"https:\/\/www.noticiasradioreflejos.com.ar\/2021\/"},{"@type":"ListItem","position":2,"name":"El HCD aprob\u00f3 la creaci\u00f3n de un registro para permitir el autocultivo de cannabis con fines medicinales"}]},{"@type":"WebSite","@id":"https:\/\/www.noticiasradioreflejos.com.ar\/2021\/#website","url":"https:\/\/www.noticiasradioreflejos.com.ar\/2021\/","name":"Noticias Radio Reflejos","description":"Las noticias de mi comarca","potentialAction":[{"@type":"SearchAction","target":{"@type":"EntryPoint","urlTemplate":"https:\/\/www.noticiasradioreflejos.com.ar\/2021\/?s={search_term_string}"},"query-input":{"@type":"PropertyValueSpecification","valueRequired":true,"valueName":"search_term_string"}}],"inLanguage":"es"},{"@type":"Person","@id":"https:\/\/www.noticiasradioreflejos.com.ar\/2021\/#\/schema\/person\/ad82545263dcc5ec0996818884fd5fb1","name":"Arnaldo Botto","image":{"@type":"ImageObject","inLanguage":"es","@id":"https:\/\/www.noticiasradioreflejos.com.ar\/2021\/#\/schema\/person\/image\/","url":"https:\/\/secure.gravatar.com\/avatar\/55cb5e37c1efa326397366e6974cb338056df65cb50e7d64d1cf314e87504837?s=96&d=mm&r=g","contentUrl":"https:\/\/secure.gravatar.com\/avatar\/55cb5e37c1efa326397366e6974cb338056df65cb50e7d64d1cf314e87504837?s=96&d=mm&r=g","caption":"Arnaldo Botto"},"url":"https:\/\/www.noticiasradioreflejos.com.ar\/2021\/author\/arnaldo\/"}]}},"_links":{"self":[{"href":"https:\/\/www.noticiasradioreflejos.com.ar\/2021\/wp-json\/wp\/v2\/posts\/46514","targetHints":{"allow":["GET"]}}],"collection":[{"href":"https:\/\/www.noticiasradioreflejos.com.ar\/2021\/wp-json\/wp\/v2\/posts"}],"about":[{"href":"https:\/\/www.noticiasradioreflejos.com.ar\/2021\/wp-json\/wp\/v2\/types\/post"}],"author":[{"embeddable":true,"href":"https:\/\/www.noticiasradioreflejos.com.ar\/2021\/wp-json\/wp\/v2\/users\/3"}],"replies":[{"embeddable":true,"href":"https:\/\/www.noticiasradioreflejos.com.ar\/2021\/wp-json\/wp\/v2\/comments?post=46514"}],"version-history":[{"count":0,"href":"https:\/\/www.noticiasradioreflejos.com.ar\/2021\/wp-json\/wp\/v2\/posts\/46514\/revisions"}],"wp:attachment":[{"href":"https:\/\/www.noticiasradioreflejos.com.ar\/2021\/wp-json\/wp\/v2\/media?parent=46514"}],"wp:term":[{"taxonomy":"category","embeddable":true,"href":"https:\/\/www.noticiasradioreflejos.com.ar\/2021\/wp-json\/wp\/v2\/categories?post=46514"},{"taxonomy":"post_tag","embeddable":true,"href":"https:\/\/www.noticiasradioreflejos.com.ar\/2021\/wp-json\/wp\/v2\/tags?post=46514"}],"curies":[{"name":"wp","href":"https:\/\/api.w.org\/{rel}","templated":true}]}}