{"id":46510,"date":"2020-09-02T18:08:57","date_gmt":"2020-09-02T21:08:57","guid":{"rendered":"http:\/\/www.noticiasradioreflejos.com.ar\/noticias\/?p=46510"},"modified":"2020-09-02T18:08:57","modified_gmt":"2020-09-02T21:08:57","slug":"arde-la-ucr-de-buenos-aires-quienes-apoyan-a-posse-son-los-expulsados-pero-los-que-son-amigos-de-la-lista-oficial-no-fabio-abraham","status":"publish","type":"post","link":"https:\/\/www.noticiasradioreflejos.com.ar\/2021\/arde-la-ucr-de-buenos-aires-quienes-apoyan-a-posse-son-los-expulsados-pero-los-que-son-amigos-de-la-lista-oficial-no-fabio-abraham\/","title":{"rendered":"Arde la UCR de Buenos Aires &#8211; \u00abQuienes apoyan a Posse son los expulsados, pero los que son amigos de la lista oficial, no\u00bb &#8211; Fabio Abraham"},"content":{"rendered":"<p>Esta ma\u00f1ana conversamos con <strong>Fabio Abraham<\/strong>, integrante de la <strong>Movilizaci\u00f3n Partidaria<\/strong>, un sector de la <strong>UCR<\/strong> que apoya la candidatura de <strong>Gustavo Posse<\/strong>. En esta nota, Fabio nos explica la raz\u00f3n del petitorio realizado en contra del Comit\u00e9 Provincia de Buenos Aires de la UCR en el que se denuncian actitudes dictatoriales dentro del partido.<!--more--><\/p>\n<p>El Comit\u00e9 Provincia de Buenos Aires de la UCR, en su 1ra resoluci\u00f3n del a\u00f1o, el 28 de agosto pasado, han decidido la extinci\u00f3n de afiliaci\u00f3n de m\u00e1s de 750 afiliados. Con respecto a esto, Fabio comparte su opini\u00f3n: \u00abEn primer lugar, el comit\u00e9 de la Provincia decidi\u00f3 suspender con la intenci\u00f3n de expulsar a 750 afiliados que han participado de las elecciones en 2019. El art\u00edculo 10 establece que quien no cumple con el mandato partidario y es candidato por otra lista, es expulsado directamente y se agarraron de ese art\u00edculo. El problema es que ese art\u00edculo no se ha aplicado hace mucho tiempo y ahora se aplica parcialmente porque quienes apoyan a Posse son los expulsados, pero los que son amigos de la lista oficial, no son expulsados. Es una barbaridad y de una hipocres\u00eda total\u00bb.<\/p>\n<p>\u00abEs notorio que no se ha usado la misma vara con aquellos radicales que, habiendo ido en otras listas en 2019 por hab\u00e9rseles impedido la competencia interna, no se los sanciona porque hoy apoyan al oficialismo partidario\u00bb dice el comunicado escrito por la oposici\u00f3n de los radicales hacia el Comit\u00e9 Provincia de Buenos Aires de la UCR.<\/p>\n<p>Por otro lado, el petitorio en cuesti\u00f3n sostiene que \u00abtampoco se sanciona la incompatibilidad entre cargos electivos y partidarios que marca la Carta Org\u00e1nica de la UCR de la Provincia, lo que har\u00eda incompatible al actual presidente Daniel Salvador con su cargo ejercido como vicegobernador\u00bb.<\/p>\n<p>\u00abMe parece a mi que esto es una bravuconada de alguien que manej\u00f3 as\u00ed el partido en los \u00faltimos a\u00f1os y esperamos sacarlo del Comit\u00e9 de una vez por todas para que vuelva la democracia y las cosas como son\u00bb sostiene Fabio. Adem\u00e1s respondi\u00f3 que \u00abDaniel Salvador no le dice buen d\u00eda a alguien sin pedirle permiso a Mar\u00eda Eugenia Vidal\u00bb cuando le preguntamos si esto apunta s\u00f3lo a Salvador o se cree que hay m\u00e1s redes que est\u00e1n manipulando la situaci\u00f3n.<\/p>\n<p>\u00abSe viol\u00f3 todo el proceso. No se los llam\u00f3 ni se les di\u00f3 la oportunidad de defenderse. Se hizo todo &#8216;a medianoche&#8217; para sacarlos del padr\u00f3n y perjudicar a la oposici\u00f3n. Lo hicieron adrede\u00bb mencion\u00f3 contundentemente. Adem\u00e1s, expres\u00f3 firmemente: \u00abme da verg\u00fcenza tener que salir a explicar esto; que hay 4 o 5 personajes que hoy conducen el partido, sumisos hacia afuera y dictadores hacia adentro\u00bb.<\/p>\n<p>Las herramientas institucionales que tienen para hacerle frente a esta situaci\u00f3n son: \u00abpodemos hacerlo medi\u00e1tico y lo estamos haciendo, y por otro lado, hay un conjunto de abogados trabajando en el tema para hacer una presentaci\u00f3n. Supongo que primero va a ser administrativa y despu\u00e9s judicial. No vamos a dejar solos a estos afiliados\u00bb declar\u00f3 Fabio. \u00abEsperemos que el da\u00f1o que le ha hecho Daniel Salvador al partido no sea irreparable\u00bb.<\/p>\n<p>Nota completa a continuaci\u00f3n:<br \/>\n<iframe loading=\"lazy\" src=\"https:\/\/w.soundcloud.com\/player\/?url=https%3A\/\/api.soundcloud.com\/tracks\/886288378&amp;color=%23ff5500&amp;auto_play=false&amp;hide_related=false&amp;show_comments=true&amp;show_user=true&amp;show_reposts=false&amp;show_teaser=true&amp;visual=true\" width=\"100%\" height=\"300\" frameborder=\"no\" scrolling=\"no\"><\/iframe><\/p>\n<div style=\"font-size: 10px; color: #cccccc; line-break: anywhere; word-break: normal; overflow: hidden; white-space: nowrap; text-overflow: ellipsis; font-family: Interstate,Lucida Grande,Lucida Sans Unicode,Lucida Sans,Garuda,Verdana,Tahoma,sans-serif; font-weight: 100;\"><a style=\"color: #cccccc; text-decoration: none;\" title=\"fmreflejos 103.7\" href=\"https:\/\/soundcloud.com\/fmreflejos-103-7\" target=\"_blank\" rel=\"noopener\">fmreflejos 103.7<\/a> \u00b7 <a style=\"color: #cccccc; text-decoration: none;\" title=\"Fabio Abraham -\" href=\"https:\/\/soundcloud.com\/fmreflejos-103-7\/fabio-abraham-1\" target=\"_blank\" rel=\"noopener\">Fabio Abraham &#8211;<\/a><\/div>\n<div style=\"font-size: 10px; color: #cccccc; line-break: anywhere; word-break: normal; overflow: hidden; white-space: nowrap; text-overflow: ellipsis; font-family: Interstate,Lucida Grande,Lucida Sans Unicode,Lucida Sans,Garuda,Verdana,Tahoma,sans-serif; font-weight: 100;\"><\/div>\n<div style=\"font-size: 10px; color: #cccccc; line-break: anywhere; word-break: normal; overflow: hidden; white-space: nowrap; text-overflow: ellipsis; font-family: Interstate,Lucida Grande,Lucida Sans Unicode,Lucida Sans,Garuda,Verdana,Tahoma,sans-serif; font-weight: 100;\"><\/div>\n<p><strong>Texto de la proclama:<\/strong><\/p>\n<p>\u00abEl peor enemigo de la democracia es el ego\u00edsmo individual\u00bb<\/p>\n<p>\u201cEl peor enemigo de la democracia es la persistencia en el seno de la sociedad de los valores disolventes del ego\u00edsmo individual o de grupo, de los prejuicios y de los dogmatismos\u201d Ra\u00fal Alfons\u00edn.<\/p>\n<p>Nadie en Argentina desconoce que estamos frente a la peor crisis desde hace 90 a\u00f1os, disparada por la pandemia de COVID 19.<\/p>\n<p>S\u00f3lo una estatura pol\u00edtica peque\u00f1a puede obviar las circunstancias que se viven en el pa\u00eds, con la sociedad sometida a un estr\u00e9s sanitario con fuerte repercusi\u00f3n econ\u00f3mica y social y una necesidad objetiva de evitar divisiones artificiales para trabajar por el bien com\u00fan, dirimiendo democr\u00e1ticamente los disensos.<\/p>\n<p>En lo que constituye una provocaci\u00f3n irresponsable, con el voto de 3 miembros de la mesa, el Comit\u00e9 Provincia de Buenos Aires de la UCR, en su 1ra resoluci\u00f3n del a\u00f1o, el 28 de agosto pasado, han decidido la extinci\u00f3n de afiliaci\u00f3n de m\u00e1s de 750 afiliados<\/p>\n<p>Decimos que se trata de una provocaci\u00f3n porque la mesa no tiene atribuci\u00f3n para eso, menos a\u00fan con voto de 3 miembros y porque cualquiera puede advertir que es la \u00fanica Resoluci\u00f3n en 2020. Es decir, el Comit\u00e9 no hab\u00eda producido ninguna antes y es posible no produzca ninguna despu\u00e9s. S\u00f3lo lo hizo para quitar 750 afiliados de un plumazo.<\/p>\n<p>Se trata de una provocaci\u00f3n dado que en los \u00faltimos \u00a015 a\u00f1os nunca se ha aplicado dicho art\u00edculo y Daniel Salvador ha sido presidente en dos ocasiones durante este periodo, en este caso lo aplica una vez iniciado un proceso de elecciones internas, dejando claro que la norma se cumple seg\u00fan la conveniencia sectorial interna.<\/p>\n<p>No s\u00f3lo se da de patadas con el momento especial de la Argentina sino tambi\u00e9n con la tradici\u00f3n del radicalismo frente a otros disensos profundos que buscan salvarse permitiendo el debate interno.<\/p>\n<p>En 2017 el hoy diputado nacional Facundo Su\u00e1rez Lastra enfrent\u00f3 a la UCR en Capital Federal.<\/p>\n<p>En 2019 el diputado nacional Mario Negri enfrent\u00f3 a la UCR en C\u00f3rdoba.<\/p>\n<p>En Santa Fe, el actual Presidente de la UCR provincial, Carlos Fascendini, integr\u00f3 el Frente Progresista que compiti\u00f3 contra otra porci\u00f3n de radicales.<\/p>\n<p>El propio presidente de la Uni\u00f3n C\u00edvica Radical, Alfredo Cornejo, fue en 2007 impulsor de la Concertaci\u00f3n que en alianza con el Frente para la Victoria impuso la f\u00f3rmula Cristina Fern\u00e1ndez \u2013 Julio Cobos contra la decisi\u00f3n de la Convenci\u00f3n de la UCR.<\/p>\n<p>Adem\u00e1s, es notorio que no se ha usado la misma vara con aquellos radicales que, habiendo ido en otras listas en 2019 por hab\u00e9rseles impedido la competencia interna, no se los sanciona porque hoy apoyan al oficialismo partidario.<\/p>\n<p>Tampoco se sanciona la incompatibilidad entre cargos electivos y partidarios que marca la Carta Org\u00e1nica de la UCR de la Provincia, lo que har\u00eda incompatible al actual presidente Daniel Salvador con su cargo ejercido como vice gobernador<\/p>\n<p>Por \u00faltimo, estatutariamente, no hay ninguna atribuci\u00f3n de la Carta Org\u00e1nica para que la mesa ejecutiva de 4 miembros pueda tomar sanciones. Menos contra m\u00e1s de 750. En lo expuesto puede advertirse la provocaci\u00f3n. Sin embargo, debe se\u00f1alarse la causa.<\/p>\n<p>Esta decisi\u00f3n de achicar la Uni\u00f3n C\u00edvica Radical, en un momento en que el pa\u00eds necesita de todos los que tengan voluntad de participar para superar divisiones y trabajar por el bien com\u00fan, obedece pura y exclusivamente a una necesidad personal de permanecer atados a privilegios y designaciones a dedo de familiares en cargos electivos.<\/p>\n<p>Los que no supieron defender los intereses de los bonaerenses, resignando un desdoblamiento electoral que hubiera posibilitado evitar la derrota de 2019, los \u201ccomandos de la derrota\u201d, atados a las prebendas y la resignaci\u00f3n, advierten que su tiempo se termina y apelan a medidas desesperadas.<\/p>\n<p>Provocan, con estatura de pigmeos, porque quieren desesperadamente frenar el veredicto de los afiliados que saben que la Uni\u00f3n C\u00edvica Radical puede dar mucho m\u00e1s que la p\u00e1lida imagen de partido segund\u00f3n y sin propuestas.<\/p>\n<p>Por ello, por la particular situaci\u00f3n de la Provincia y la Argentina,<\/p>\n<p>por la necesidad de superar la grieta que paraliza al pa\u00eds,<\/p>\n<p>por lo inoportuna, ilegal, arbitraria y desigual de la decisi\u00f3n,<\/p>\n<p>por la necesidad de abandonar privilegios personales y familiares y transparentar la acci\u00f3n pol\u00edtica retomando la austeridad como gesto republicano,<\/p>\n<p>porque la UCR es una conjunci\u00f3n indivisible de lucha por la igualdad, respeto a las instituciones y democracia interna<\/p>\n<p>Exigimos a los integrantes del Comit\u00e9 Provincia de Buenos Aires de la UCR la inmediata revisi\u00f3n de la proscripci\u00f3n de m\u00e1s de 750 afiliados radicales.<\/p>\n<p><span style=\"color: #ff0000;\"><strong>Fundaci\u00f3n Karakachoff, CON, Fundaci\u00f3n Rojas.<\/strong><\/span><\/p>\n<p><span style=\"color: #ff0000;\"><strong>Espacio Abierto UCR, Evoluci\u00f3n Radical Bs As.<\/strong><\/span><\/p>\n<p><span style=\"color: #ff0000;\"><strong>MNMR (Movimiento Nacional de la Militancia Radical)<\/strong><\/span><\/p>\n<p><span style=\"color: #ff0000;\"><strong>MAY (Movimiento de Afirmaci\u00f3n Yrigoyenista)<\/strong><\/span><\/p>\n<p><span style=\"color: #ff0000;\"><strong>EPA (Espacio de Pensamiento Alfonsinista)<\/strong><\/span><\/p>\n<p><span style=\"color: #ff0000;\"><strong>Movilizaci\u00f3n Partidaria<\/strong><\/span><\/p>\n<p>Provincia de Buenos Aires, 31 de Agosto.<\/p>\n","protected":false},"excerpt":{"rendered":"<p>Esta ma\u00f1ana conversamos con Fabio Abraham, integrante de la Movilizaci\u00f3n Partidaria, un sector de la UCR que apoya la candidatura de Gustavo Posse. En esta nota, Fabio nos explica la raz\u00f3n del petitorio realizado en contra del Comit\u00e9 Provincia de Buenos Aires de la UCR en el que se denuncian actitudes dictatoriales dentro del partido.<\/p>\n","protected":false},"author":3,"featured_media":0,"comment_status":"closed","ping_status":"open","sticky":false,"template":"","format":"standard","meta":{"footnotes":""},"categories":[24],"tags":[],"class_list":["post-46510","post","type-post","status-publish","format-standard","hentry","category-politica"],"yoast_head":"<!-- This site is optimized with the Yoast SEO plugin v25.9 - https:\/\/yoast.com\/wordpress\/plugins\/seo\/ -->\n<title>Arde la UCR de Buenos Aires - &quot;Quienes apoyan a Posse son los expulsados, pero los que son amigos de la lista oficial, no&quot; - Fabio Abraham - Noticias Radio Reflejos<\/title>\n<meta name=\"robots\" content=\"index, follow, max-snippet:-1, max-image-preview:large, max-video-preview:-1\" \/>\n<link rel=\"canonical\" href=\"https:\/\/www.noticiasradioreflejos.com.ar\/2021\/arde-la-ucr-de-buenos-aires-quienes-apoyan-a-posse-son-los-expulsados-pero-los-que-son-amigos-de-la-lista-oficial-no-fabio-abraham\/\" \/>\n<meta property=\"og:locale\" content=\"es_ES\" \/>\n<meta property=\"og:type\" content=\"article\" \/>\n<meta property=\"og:title\" content=\"Arde la UCR de Buenos Aires - &quot;Quienes apoyan a Posse son los expulsados, pero los que son amigos de la lista oficial, no&quot; - Fabio Abraham - Noticias Radio Reflejos\" \/>\n<meta property=\"og:description\" content=\"Esta ma\u00f1ana conversamos con Fabio Abraham, integrante de la Movilizaci\u00f3n Partidaria, un sector de la UCR que apoya la candidatura de Gustavo Posse. En esta nota, Fabio nos explica la raz\u00f3n del petitorio realizado en contra del Comit\u00e9 Provincia de Buenos Aires de la UCR en el que se denuncian actitudes dictatoriales dentro del partido.\" \/>\n<meta property=\"og:url\" content=\"https:\/\/www.noticiasradioreflejos.com.ar\/2021\/arde-la-ucr-de-buenos-aires-quienes-apoyan-a-posse-son-los-expulsados-pero-los-que-son-amigos-de-la-lista-oficial-no-fabio-abraham\/\" \/>\n<meta property=\"og:site_name\" content=\"Noticias Radio Reflejos\" \/>\n<meta property=\"article:published_time\" content=\"2020-09-02T21:08:57+00:00\" \/>\n<meta property=\"og:image\" content=\"https:\/\/www.noticiasradioreflejos.com.ar\/2021\/wp-content\/uploads\/2021\/07\/logosol300x200.png\" \/>\n\t<meta property=\"og:image:width\" content=\"300\" \/>\n\t<meta property=\"og:image:height\" content=\"200\" \/>\n\t<meta property=\"og:image:type\" content=\"image\/png\" \/>\n<meta name=\"author\" content=\"Arnaldo Botto\" \/>\n<meta name=\"twitter:card\" content=\"summary_large_image\" \/>\n<script type=\"application\/ld+json\" class=\"yoast-schema-graph\">{\"@context\":\"https:\/\/schema.org\",\"@graph\":[{\"@type\":\"WebPage\",\"@id\":\"https:\/\/www.noticiasradioreflejos.com.ar\/2021\/arde-la-ucr-de-buenos-aires-quienes-apoyan-a-posse-son-los-expulsados-pero-los-que-son-amigos-de-la-lista-oficial-no-fabio-abraham\/\",\"url\":\"https:\/\/www.noticiasradioreflejos.com.ar\/2021\/arde-la-ucr-de-buenos-aires-quienes-apoyan-a-posse-son-los-expulsados-pero-los-que-son-amigos-de-la-lista-oficial-no-fabio-abraham\/\",\"name\":\"Arde la UCR de Buenos Aires - \\\"Quienes apoyan a Posse son los expulsados, pero los que son amigos de la lista oficial, no\\\" - Fabio Abraham - Noticias Radio Reflejos\",\"isPartOf\":{\"@id\":\"https:\/\/www.noticiasradioreflejos.com.ar\/2021\/#website\"},\"datePublished\":\"2020-09-02T21:08:57+00:00\",\"author\":{\"@id\":\"https:\/\/www.noticiasradioreflejos.com.ar\/2021\/#\/schema\/person\/ad82545263dcc5ec0996818884fd5fb1\"},\"breadcrumb\":{\"@id\":\"https:\/\/www.noticiasradioreflejos.com.ar\/2021\/arde-la-ucr-de-buenos-aires-quienes-apoyan-a-posse-son-los-expulsados-pero-los-que-son-amigos-de-la-lista-oficial-no-fabio-abraham\/#breadcrumb\"},\"inLanguage\":\"es\",\"potentialAction\":[{\"@type\":\"ReadAction\",\"target\":[\"https:\/\/www.noticiasradioreflejos.com.ar\/2021\/arde-la-ucr-de-buenos-aires-quienes-apoyan-a-posse-son-los-expulsados-pero-los-que-son-amigos-de-la-lista-oficial-no-fabio-abraham\/\"]}]},{\"@type\":\"BreadcrumbList\",\"@id\":\"https:\/\/www.noticiasradioreflejos.com.ar\/2021\/arde-la-ucr-de-buenos-aires-quienes-apoyan-a-posse-son-los-expulsados-pero-los-que-son-amigos-de-la-lista-oficial-no-fabio-abraham\/#breadcrumb\",\"itemListElement\":[{\"@type\":\"ListItem\",\"position\":1,\"name\":\"Portada\",\"item\":\"https:\/\/www.noticiasradioreflejos.com.ar\/2021\/\"},{\"@type\":\"ListItem\",\"position\":2,\"name\":\"Arde la UCR de Buenos Aires &#8211; \u00abQuienes apoyan a Posse son los expulsados, pero los que son amigos de la lista oficial, no\u00bb &#8211; Fabio Abraham\"}]},{\"@type\":\"WebSite\",\"@id\":\"https:\/\/www.noticiasradioreflejos.com.ar\/2021\/#website\",\"url\":\"https:\/\/www.noticiasradioreflejos.com.ar\/2021\/\",\"name\":\"Noticias Radio Reflejos\",\"description\":\"Las noticias de mi comarca\",\"potentialAction\":[{\"@type\":\"SearchAction\",\"target\":{\"@type\":\"EntryPoint\",\"urlTemplate\":\"https:\/\/www.noticiasradioreflejos.com.ar\/2021\/?s={search_term_string}\"},\"query-input\":{\"@type\":\"PropertyValueSpecification\",\"valueRequired\":true,\"valueName\":\"search_term_string\"}}],\"inLanguage\":\"es\"},{\"@type\":\"Person\",\"@id\":\"https:\/\/www.noticiasradioreflejos.com.ar\/2021\/#\/schema\/person\/ad82545263dcc5ec0996818884fd5fb1\",\"name\":\"Arnaldo Botto\",\"image\":{\"@type\":\"ImageObject\",\"inLanguage\":\"es\",\"@id\":\"https:\/\/www.noticiasradioreflejos.com.ar\/2021\/#\/schema\/person\/image\/\",\"url\":\"https:\/\/secure.gravatar.com\/avatar\/55cb5e37c1efa326397366e6974cb338056df65cb50e7d64d1cf314e87504837?s=96&d=mm&r=g\",\"contentUrl\":\"https:\/\/secure.gravatar.com\/avatar\/55cb5e37c1efa326397366e6974cb338056df65cb50e7d64d1cf314e87504837?s=96&d=mm&r=g\",\"caption\":\"Arnaldo Botto\"},\"url\":\"https:\/\/www.noticiasradioreflejos.com.ar\/2021\/author\/arnaldo\/\"}]}<\/script>\n<!-- \/ Yoast SEO plugin. -->","yoast_head_json":{"title":"Arde la UCR de Buenos Aires - \"Quienes apoyan a Posse son los expulsados, pero los que son amigos de la lista oficial, no\" - Fabio Abraham - Noticias Radio Reflejos","robots":{"index":"index","follow":"follow","max-snippet":"max-snippet:-1","max-image-preview":"max-image-preview:large","max-video-preview":"max-video-preview:-1"},"canonical":"https:\/\/www.noticiasradioreflejos.com.ar\/2021\/arde-la-ucr-de-buenos-aires-quienes-apoyan-a-posse-son-los-expulsados-pero-los-que-son-amigos-de-la-lista-oficial-no-fabio-abraham\/","og_locale":"es_ES","og_type":"article","og_title":"Arde la UCR de Buenos Aires - \"Quienes apoyan a Posse son los expulsados, pero los que son amigos de la lista oficial, no\" - Fabio Abraham - Noticias Radio Reflejos","og_description":"Esta ma\u00f1ana conversamos con Fabio Abraham, integrante de la Movilizaci\u00f3n Partidaria, un sector de la UCR que apoya la candidatura de Gustavo Posse. En esta nota, Fabio nos explica la raz\u00f3n del petitorio realizado en contra del Comit\u00e9 Provincia de Buenos Aires de la UCR en el que se denuncian actitudes dictatoriales dentro del partido.","og_url":"https:\/\/www.noticiasradioreflejos.com.ar\/2021\/arde-la-ucr-de-buenos-aires-quienes-apoyan-a-posse-son-los-expulsados-pero-los-que-son-amigos-de-la-lista-oficial-no-fabio-abraham\/","og_site_name":"Noticias Radio Reflejos","article_published_time":"2020-09-02T21:08:57+00:00","og_image":[{"width":300,"height":200,"url":"https:\/\/www.noticiasradioreflejos.com.ar\/2021\/wp-content\/uploads\/2021\/07\/logosol300x200.png","type":"image\/png"}],"author":"Arnaldo Botto","twitter_card":"summary_large_image","schema":{"@context":"https:\/\/schema.org","@graph":[{"@type":"WebPage","@id":"https:\/\/www.noticiasradioreflejos.com.ar\/2021\/arde-la-ucr-de-buenos-aires-quienes-apoyan-a-posse-son-los-expulsados-pero-los-que-son-amigos-de-la-lista-oficial-no-fabio-abraham\/","url":"https:\/\/www.noticiasradioreflejos.com.ar\/2021\/arde-la-ucr-de-buenos-aires-quienes-apoyan-a-posse-son-los-expulsados-pero-los-que-son-amigos-de-la-lista-oficial-no-fabio-abraham\/","name":"Arde la UCR de Buenos Aires - \"Quienes apoyan a Posse son los expulsados, pero los que son amigos de la lista oficial, no\" - Fabio Abraham - Noticias Radio Reflejos","isPartOf":{"@id":"https:\/\/www.noticiasradioreflejos.com.ar\/2021\/#website"},"datePublished":"2020-09-02T21:08:57+00:00","author":{"@id":"https:\/\/www.noticiasradioreflejos.com.ar\/2021\/#\/schema\/person\/ad82545263dcc5ec0996818884fd5fb1"},"breadcrumb":{"@id":"https:\/\/www.noticiasradioreflejos.com.ar\/2021\/arde-la-ucr-de-buenos-aires-quienes-apoyan-a-posse-son-los-expulsados-pero-los-que-son-amigos-de-la-lista-oficial-no-fabio-abraham\/#breadcrumb"},"inLanguage":"es","potentialAction":[{"@type":"ReadAction","target":["https:\/\/www.noticiasradioreflejos.com.ar\/2021\/arde-la-ucr-de-buenos-aires-quienes-apoyan-a-posse-son-los-expulsados-pero-los-que-son-amigos-de-la-lista-oficial-no-fabio-abraham\/"]}]},{"@type":"BreadcrumbList","@id":"https:\/\/www.noticiasradioreflejos.com.ar\/2021\/arde-la-ucr-de-buenos-aires-quienes-apoyan-a-posse-son-los-expulsados-pero-los-que-son-amigos-de-la-lista-oficial-no-fabio-abraham\/#breadcrumb","itemListElement":[{"@type":"ListItem","position":1,"name":"Portada","item":"https:\/\/www.noticiasradioreflejos.com.ar\/2021\/"},{"@type":"ListItem","position":2,"name":"Arde la UCR de Buenos Aires &#8211; \u00abQuienes apoyan a Posse son los expulsados, pero los que son amigos de la lista oficial, no\u00bb &#8211; Fabio Abraham"}]},{"@type":"WebSite","@id":"https:\/\/www.noticiasradioreflejos.com.ar\/2021\/#website","url":"https:\/\/www.noticiasradioreflejos.com.ar\/2021\/","name":"Noticias Radio Reflejos","description":"Las noticias de mi comarca","potentialAction":[{"@type":"SearchAction","target":{"@type":"EntryPoint","urlTemplate":"https:\/\/www.noticiasradioreflejos.com.ar\/2021\/?s={search_term_string}"},"query-input":{"@type":"PropertyValueSpecification","valueRequired":true,"valueName":"search_term_string"}}],"inLanguage":"es"},{"@type":"Person","@id":"https:\/\/www.noticiasradioreflejos.com.ar\/2021\/#\/schema\/person\/ad82545263dcc5ec0996818884fd5fb1","name":"Arnaldo Botto","image":{"@type":"ImageObject","inLanguage":"es","@id":"https:\/\/www.noticiasradioreflejos.com.ar\/2021\/#\/schema\/person\/image\/","url":"https:\/\/secure.gravatar.com\/avatar\/55cb5e37c1efa326397366e6974cb338056df65cb50e7d64d1cf314e87504837?s=96&d=mm&r=g","contentUrl":"https:\/\/secure.gravatar.com\/avatar\/55cb5e37c1efa326397366e6974cb338056df65cb50e7d64d1cf314e87504837?s=96&d=mm&r=g","caption":"Arnaldo Botto"},"url":"https:\/\/www.noticiasradioreflejos.com.ar\/2021\/author\/arnaldo\/"}]}},"_links":{"self":[{"href":"https:\/\/www.noticiasradioreflejos.com.ar\/2021\/wp-json\/wp\/v2\/posts\/46510","targetHints":{"allow":["GET"]}}],"collection":[{"href":"https:\/\/www.noticiasradioreflejos.com.ar\/2021\/wp-json\/wp\/v2\/posts"}],"about":[{"href":"https:\/\/www.noticiasradioreflejos.com.ar\/2021\/wp-json\/wp\/v2\/types\/post"}],"author":[{"embeddable":true,"href":"https:\/\/www.noticiasradioreflejos.com.ar\/2021\/wp-json\/wp\/v2\/users\/3"}],"replies":[{"embeddable":true,"href":"https:\/\/www.noticiasradioreflejos.com.ar\/2021\/wp-json\/wp\/v2\/comments?post=46510"}],"version-history":[{"count":0,"href":"https:\/\/www.noticiasradioreflejos.com.ar\/2021\/wp-json\/wp\/v2\/posts\/46510\/revisions"}],"wp:attachment":[{"href":"https:\/\/www.noticiasradioreflejos.com.ar\/2021\/wp-json\/wp\/v2\/media?parent=46510"}],"wp:term":[{"taxonomy":"category","embeddable":true,"href":"https:\/\/www.noticiasradioreflejos.com.ar\/2021\/wp-json\/wp\/v2\/categories?post=46510"},{"taxonomy":"post_tag","embeddable":true,"href":"https:\/\/www.noticiasradioreflejos.com.ar\/2021\/wp-json\/wp\/v2\/tags?post=46510"}],"curies":[{"name":"wp","href":"https:\/\/api.w.org\/{rel}","templated":true}]}}