{"id":46507,"date":"2020-09-02T17:30:18","date_gmt":"2020-09-02T20:30:18","guid":{"rendered":"http:\/\/www.noticiasradioreflejos.com.ar\/noticias\/?p=46507"},"modified":"2020-09-02T17:30:18","modified_gmt":"2020-09-02T20:30:18","slug":"venta-de-garage-a-beneficio-de-la-protectora-de-mascotas-de-villa-ventana","status":"publish","type":"post","link":"https:\/\/www.noticiasradioreflejos.com.ar\/2021\/venta-de-garage-a-beneficio-de-la-protectora-de-mascotas-de-villa-ventana\/","title":{"rendered":"Venta de garage a beneficio de la protectora de mascotas de Villa Ventana"},"content":{"rendered":"<p>A partir de una venta de garage organizada por la protectora de animales de Villa Ventana, esta ma\u00f1ana conversamos con <strong>Gladys Contreras<\/strong>, integrante de la protectora. En esta nota, Gladys nos comunica qu\u00e9 cosas se van a comercializar y cu\u00e1les son los fines de la venta a realizar.<!--more--><\/p>\n<p>\u00abLa verdad que fue un logro, pudimos comprar 40 bolsas de alimento de 15kg vendiendo 40kg de nueces. Pero el alimento ya se nos acab\u00f3\u00bb dijo Gladys al hacer referencia sobre la campa\u00f1a realizada por el grupo protector al comienzo de la cuarentena. Es por esta raz\u00f3n que el grupo se encuentra organizando una nueva recolecci\u00f3n de dinero para comprar alimento para los animales desamparados del pueblo y para ayudar a las familias adoptantes que lo necesiten. Las bolsas conseguidas a ra\u00edz de la colecta anterior ayudaron a asistir a 40 familias de la villa.<\/p>\n<p>Viernes 4, S\u00e1bado 5 y Domingo 6 la protectora de Villa Ventana va a estar haciendo una venta de garage para recolectar dinero que solvente los gastos que requiere el cuidado de los animales del pueblo. Gladys confirma que el evento \u00abest\u00e1 autorizado por el delegado de Villa y se va a realizar en la vereda de casa con el cartel &#8216;Protectora Villa Ventana'\u00bb. Entre las cosas que se van a comercializar se encuentran ropa, bijouterie, calzado, carteras, cuadros, ropa para perros, etc. Las cosas en venta van a ser usadas y nuevas, donadas por diferentes vecinos y comerciantes del pueblo.<\/p>\n<p>\u00abTuvimos una reuni\u00f3n con el nuevo Director de Bromatolog\u00eda, lo conoc\u00ed y ya est\u00e1 al tanto de todo lo que pasa ac\u00e1 en Villa. Predisposici\u00f3n hay. Hicieron vacunaci\u00f3n antirr\u00e1bica y estuvo muy bien. El veterinario voluntario iba por las casas vacunando. Se han vacunado unos 110 perros\u00bb mencion\u00f3 Gladys cuando le preguntamos cu\u00e1l era la relaci\u00f3n de la protectora con el Municipio de Tornquist. De todos modos, todav\u00eda no pueden recibir ning\u00fan tipo de subsidio ya que a\u00fan no tienen la personer\u00eda jur\u00eddica.<\/p>\n<p>La integrante de la protectora &#8216;Villa Ventana&#8217; sostiene que \u00abel problema de los animales son la gente. Esto se dispar\u00f3 cuando la gente de afuera comenz\u00f3 a quedarse a vivir y descartaron muchos perros adultos. Si ac\u00e1 no ponen una buena multa, ac\u00e1 no pasa nada. Nos peleamos entre vecinos y los perros siguen dando vueltas\u00bb.<\/p>\n<p><strong>Horario de la venta de garage:<\/strong><br \/>\nViernes, S\u00e1bado y Domingo (debajo de la galer\u00eda si llega a llover)<br \/>\nde 10hs a 19hs<\/p>\n<p>Nota completa a continuaci\u00f3n:<br \/>\n<iframe loading=\"lazy\" src=\"https:\/\/w.soundcloud.com\/player\/?url=https%3A\/\/api.soundcloud.com\/tracks\/886261768&amp;color=%23ff5500&amp;auto_play=false&amp;hide_related=false&amp;show_comments=true&amp;show_user=true&amp;show_reposts=false&amp;show_teaser=true&amp;visual=true\" width=\"100%\" height=\"300\" frameborder=\"no\" scrolling=\"no\"><\/iframe><\/p>\n<div style=\"font-size: 10px; color: #cccccc; line-break: anywhere; word-break: normal; overflow: hidden; white-space: nowrap; text-overflow: ellipsis; font-family: Interstate,Lucida Grande,Lucida Sans Unicode,Lucida Sans,Garuda,Verdana,Tahoma,sans-serif; font-weight: 100;\"><a style=\"color: #cccccc; text-decoration: none;\" title=\"fmreflejos 103.7\" href=\"https:\/\/soundcloud.com\/fmreflejos-103-7\" target=\"_blank\" rel=\"noopener\">fmreflejos 103.7<\/a> \u00b7 <a style=\"color: #cccccc; text-decoration: none;\" title=\"Gladis Contreras\" href=\"https:\/\/soundcloud.com\/fmreflejos-103-7\/gladis-contreras-2\" target=\"_blank\" rel=\"noopener\">Gladis Contreras<\/a><\/div>\n","protected":false},"excerpt":{"rendered":"<p>A partir de una venta de garage organizada por la protectora de animales de Villa Ventana, esta ma\u00f1ana conversamos con Gladys Contreras, integrante de la protectora. En esta nota, Gladys nos comunica qu\u00e9 cosas se van a comercializar y cu\u00e1les son los fines de la venta a realizar.<\/p>\n","protected":false},"author":3,"featured_media":0,"comment_status":"closed","ping_status":"open","sticky":false,"template":"","format":"standard","meta":{"footnotes":""},"categories":[26],"tags":[],"class_list":["post-46507","post","type-post","status-publish","format-standard","hentry","category-sociedad"],"yoast_head":"<!-- This site is optimized with the Yoast SEO plugin v25.9 - https:\/\/yoast.com\/wordpress\/plugins\/seo\/ -->\n<title>Venta de garage a beneficio de la protectora de mascotas de Villa Ventana - Noticias Radio Reflejos<\/title>\n<meta name=\"robots\" content=\"index, follow, max-snippet:-1, max-image-preview:large, max-video-preview:-1\" \/>\n<link rel=\"canonical\" href=\"https:\/\/www.noticiasradioreflejos.com.ar\/2021\/venta-de-garage-a-beneficio-de-la-protectora-de-mascotas-de-villa-ventana\/\" \/>\n<meta property=\"og:locale\" content=\"es_ES\" \/>\n<meta property=\"og:type\" content=\"article\" \/>\n<meta property=\"og:title\" content=\"Venta de garage a beneficio de la protectora de mascotas de Villa Ventana - Noticias Radio Reflejos\" \/>\n<meta property=\"og:description\" content=\"A partir de una venta de garage organizada por la protectora de animales de Villa Ventana, esta ma\u00f1ana conversamos con Gladys Contreras, integrante de la protectora. En esta nota, Gladys nos comunica qu\u00e9 cosas se van a comercializar y cu\u00e1les son los fines de la venta a realizar.\" \/>\n<meta property=\"og:url\" content=\"https:\/\/www.noticiasradioreflejos.com.ar\/2021\/venta-de-garage-a-beneficio-de-la-protectora-de-mascotas-de-villa-ventana\/\" \/>\n<meta property=\"og:site_name\" content=\"Noticias Radio Reflejos\" \/>\n<meta property=\"article:published_time\" content=\"2020-09-02T20:30:18+00:00\" \/>\n<meta property=\"og:image\" content=\"https:\/\/www.noticiasradioreflejos.com.ar\/2021\/wp-content\/uploads\/2021\/07\/logosol300x200.png\" \/>\n\t<meta property=\"og:image:width\" content=\"300\" \/>\n\t<meta property=\"og:image:height\" content=\"200\" \/>\n\t<meta property=\"og:image:type\" content=\"image\/png\" \/>\n<meta name=\"author\" content=\"Arnaldo Botto\" \/>\n<meta name=\"twitter:card\" content=\"summary_large_image\" \/>\n<script type=\"application\/ld+json\" class=\"yoast-schema-graph\">{\"@context\":\"https:\/\/schema.org\",\"@graph\":[{\"@type\":\"WebPage\",\"@id\":\"https:\/\/www.noticiasradioreflejos.com.ar\/2021\/venta-de-garage-a-beneficio-de-la-protectora-de-mascotas-de-villa-ventana\/\",\"url\":\"https:\/\/www.noticiasradioreflejos.com.ar\/2021\/venta-de-garage-a-beneficio-de-la-protectora-de-mascotas-de-villa-ventana\/\",\"name\":\"Venta de garage a beneficio de la protectora de mascotas de Villa Ventana - Noticias Radio Reflejos\",\"isPartOf\":{\"@id\":\"https:\/\/www.noticiasradioreflejos.com.ar\/2021\/#website\"},\"datePublished\":\"2020-09-02T20:30:18+00:00\",\"author\":{\"@id\":\"https:\/\/www.noticiasradioreflejos.com.ar\/2021\/#\/schema\/person\/ad82545263dcc5ec0996818884fd5fb1\"},\"breadcrumb\":{\"@id\":\"https:\/\/www.noticiasradioreflejos.com.ar\/2021\/venta-de-garage-a-beneficio-de-la-protectora-de-mascotas-de-villa-ventana\/#breadcrumb\"},\"inLanguage\":\"es\",\"potentialAction\":[{\"@type\":\"ReadAction\",\"target\":[\"https:\/\/www.noticiasradioreflejos.com.ar\/2021\/venta-de-garage-a-beneficio-de-la-protectora-de-mascotas-de-villa-ventana\/\"]}]},{\"@type\":\"BreadcrumbList\",\"@id\":\"https:\/\/www.noticiasradioreflejos.com.ar\/2021\/venta-de-garage-a-beneficio-de-la-protectora-de-mascotas-de-villa-ventana\/#breadcrumb\",\"itemListElement\":[{\"@type\":\"ListItem\",\"position\":1,\"name\":\"Portada\",\"item\":\"https:\/\/www.noticiasradioreflejos.com.ar\/2021\/\"},{\"@type\":\"ListItem\",\"position\":2,\"name\":\"Venta de garage a beneficio de la protectora de mascotas de Villa Ventana\"}]},{\"@type\":\"WebSite\",\"@id\":\"https:\/\/www.noticiasradioreflejos.com.ar\/2021\/#website\",\"url\":\"https:\/\/www.noticiasradioreflejos.com.ar\/2021\/\",\"name\":\"Noticias Radio Reflejos\",\"description\":\"Las noticias de mi comarca\",\"potentialAction\":[{\"@type\":\"SearchAction\",\"target\":{\"@type\":\"EntryPoint\",\"urlTemplate\":\"https:\/\/www.noticiasradioreflejos.com.ar\/2021\/?s={search_term_string}\"},\"query-input\":{\"@type\":\"PropertyValueSpecification\",\"valueRequired\":true,\"valueName\":\"search_term_string\"}}],\"inLanguage\":\"es\"},{\"@type\":\"Person\",\"@id\":\"https:\/\/www.noticiasradioreflejos.com.ar\/2021\/#\/schema\/person\/ad82545263dcc5ec0996818884fd5fb1\",\"name\":\"Arnaldo Botto\",\"image\":{\"@type\":\"ImageObject\",\"inLanguage\":\"es\",\"@id\":\"https:\/\/www.noticiasradioreflejos.com.ar\/2021\/#\/schema\/person\/image\/\",\"url\":\"https:\/\/secure.gravatar.com\/avatar\/55cb5e37c1efa326397366e6974cb338056df65cb50e7d64d1cf314e87504837?s=96&d=mm&r=g\",\"contentUrl\":\"https:\/\/secure.gravatar.com\/avatar\/55cb5e37c1efa326397366e6974cb338056df65cb50e7d64d1cf314e87504837?s=96&d=mm&r=g\",\"caption\":\"Arnaldo Botto\"},\"url\":\"https:\/\/www.noticiasradioreflejos.com.ar\/2021\/author\/arnaldo\/\"}]}<\/script>\n<!-- \/ Yoast SEO plugin. -->","yoast_head_json":{"title":"Venta de garage a beneficio de la protectora de mascotas de Villa Ventana - Noticias Radio Reflejos","robots":{"index":"index","follow":"follow","max-snippet":"max-snippet:-1","max-image-preview":"max-image-preview:large","max-video-preview":"max-video-preview:-1"},"canonical":"https:\/\/www.noticiasradioreflejos.com.ar\/2021\/venta-de-garage-a-beneficio-de-la-protectora-de-mascotas-de-villa-ventana\/","og_locale":"es_ES","og_type":"article","og_title":"Venta de garage a beneficio de la protectora de mascotas de Villa Ventana - Noticias Radio Reflejos","og_description":"A partir de una venta de garage organizada por la protectora de animales de Villa Ventana, esta ma\u00f1ana conversamos con Gladys Contreras, integrante de la protectora. En esta nota, Gladys nos comunica qu\u00e9 cosas se van a comercializar y cu\u00e1les son los fines de la venta a realizar.","og_url":"https:\/\/www.noticiasradioreflejos.com.ar\/2021\/venta-de-garage-a-beneficio-de-la-protectora-de-mascotas-de-villa-ventana\/","og_site_name":"Noticias Radio Reflejos","article_published_time":"2020-09-02T20:30:18+00:00","og_image":[{"width":300,"height":200,"url":"https:\/\/www.noticiasradioreflejos.com.ar\/2021\/wp-content\/uploads\/2021\/07\/logosol300x200.png","type":"image\/png"}],"author":"Arnaldo Botto","twitter_card":"summary_large_image","schema":{"@context":"https:\/\/schema.org","@graph":[{"@type":"WebPage","@id":"https:\/\/www.noticiasradioreflejos.com.ar\/2021\/venta-de-garage-a-beneficio-de-la-protectora-de-mascotas-de-villa-ventana\/","url":"https:\/\/www.noticiasradioreflejos.com.ar\/2021\/venta-de-garage-a-beneficio-de-la-protectora-de-mascotas-de-villa-ventana\/","name":"Venta de garage a beneficio de la protectora de mascotas de Villa Ventana - Noticias Radio Reflejos","isPartOf":{"@id":"https:\/\/www.noticiasradioreflejos.com.ar\/2021\/#website"},"datePublished":"2020-09-02T20:30:18+00:00","author":{"@id":"https:\/\/www.noticiasradioreflejos.com.ar\/2021\/#\/schema\/person\/ad82545263dcc5ec0996818884fd5fb1"},"breadcrumb":{"@id":"https:\/\/www.noticiasradioreflejos.com.ar\/2021\/venta-de-garage-a-beneficio-de-la-protectora-de-mascotas-de-villa-ventana\/#breadcrumb"},"inLanguage":"es","potentialAction":[{"@type":"ReadAction","target":["https:\/\/www.noticiasradioreflejos.com.ar\/2021\/venta-de-garage-a-beneficio-de-la-protectora-de-mascotas-de-villa-ventana\/"]}]},{"@type":"BreadcrumbList","@id":"https:\/\/www.noticiasradioreflejos.com.ar\/2021\/venta-de-garage-a-beneficio-de-la-protectora-de-mascotas-de-villa-ventana\/#breadcrumb","itemListElement":[{"@type":"ListItem","position":1,"name":"Portada","item":"https:\/\/www.noticiasradioreflejos.com.ar\/2021\/"},{"@type":"ListItem","position":2,"name":"Venta de garage a beneficio de la protectora de mascotas de Villa Ventana"}]},{"@type":"WebSite","@id":"https:\/\/www.noticiasradioreflejos.com.ar\/2021\/#website","url":"https:\/\/www.noticiasradioreflejos.com.ar\/2021\/","name":"Noticias Radio Reflejos","description":"Las noticias de mi comarca","potentialAction":[{"@type":"SearchAction","target":{"@type":"EntryPoint","urlTemplate":"https:\/\/www.noticiasradioreflejos.com.ar\/2021\/?s={search_term_string}"},"query-input":{"@type":"PropertyValueSpecification","valueRequired":true,"valueName":"search_term_string"}}],"inLanguage":"es"},{"@type":"Person","@id":"https:\/\/www.noticiasradioreflejos.com.ar\/2021\/#\/schema\/person\/ad82545263dcc5ec0996818884fd5fb1","name":"Arnaldo Botto","image":{"@type":"ImageObject","inLanguage":"es","@id":"https:\/\/www.noticiasradioreflejos.com.ar\/2021\/#\/schema\/person\/image\/","url":"https:\/\/secure.gravatar.com\/avatar\/55cb5e37c1efa326397366e6974cb338056df65cb50e7d64d1cf314e87504837?s=96&d=mm&r=g","contentUrl":"https:\/\/secure.gravatar.com\/avatar\/55cb5e37c1efa326397366e6974cb338056df65cb50e7d64d1cf314e87504837?s=96&d=mm&r=g","caption":"Arnaldo Botto"},"url":"https:\/\/www.noticiasradioreflejos.com.ar\/2021\/author\/arnaldo\/"}]}},"_links":{"self":[{"href":"https:\/\/www.noticiasradioreflejos.com.ar\/2021\/wp-json\/wp\/v2\/posts\/46507","targetHints":{"allow":["GET"]}}],"collection":[{"href":"https:\/\/www.noticiasradioreflejos.com.ar\/2021\/wp-json\/wp\/v2\/posts"}],"about":[{"href":"https:\/\/www.noticiasradioreflejos.com.ar\/2021\/wp-json\/wp\/v2\/types\/post"}],"author":[{"embeddable":true,"href":"https:\/\/www.noticiasradioreflejos.com.ar\/2021\/wp-json\/wp\/v2\/users\/3"}],"replies":[{"embeddable":true,"href":"https:\/\/www.noticiasradioreflejos.com.ar\/2021\/wp-json\/wp\/v2\/comments?post=46507"}],"version-history":[{"count":0,"href":"https:\/\/www.noticiasradioreflejos.com.ar\/2021\/wp-json\/wp\/v2\/posts\/46507\/revisions"}],"wp:attachment":[{"href":"https:\/\/www.noticiasradioreflejos.com.ar\/2021\/wp-json\/wp\/v2\/media?parent=46507"}],"wp:term":[{"taxonomy":"category","embeddable":true,"href":"https:\/\/www.noticiasradioreflejos.com.ar\/2021\/wp-json\/wp\/v2\/categories?post=46507"},{"taxonomy":"post_tag","embeddable":true,"href":"https:\/\/www.noticiasradioreflejos.com.ar\/2021\/wp-json\/wp\/v2\/tags?post=46507"}],"curies":[{"name":"wp","href":"https:\/\/api.w.org\/{rel}","templated":true}]}}