{"id":46502,"date":"2020-09-02T15:05:00","date_gmt":"2020-09-02T18:05:00","guid":{"rendered":"http:\/\/www.noticiasradioreflejos.com.ar\/noticias\/?p=46502"},"modified":"2020-09-02T15:05:00","modified_gmt":"2020-09-02T18:05:00","slug":"se-encuentra-abierta-la-preinscripcion-a-la-lic-en-politica-local-y-gestion-publica-de-la-upso","status":"publish","type":"post","link":"https:\/\/www.noticiasradioreflejos.com.ar\/2021\/se-encuentra-abierta-la-preinscripcion-a-la-lic-en-politica-local-y-gestion-publica-de-la-upso\/","title":{"rendered":"Se encuentra abierta la preinscripci\u00f3n a la Lic. en pol\u00edtica local y gesti\u00f3n p\u00fablica de la UPSO"},"content":{"rendered":"<p>La Secretar\u00eda de Desarrollo junto a la Universidad Provincial del Sudoeste informan que se encuentran abierta la PREINSCRIPCI\u00d3N para la Licenciatura en Pol\u00edtica Local y Gesti\u00f3n P\u00fablica que se dictar\u00e1 en la localidad de Tornquist, durante el ciclo lectivo 2021.\u00a0<!--more-->La inscripci\u00f3n, que es totalmente virtual, se encuentra abierta a partir del d\u00eda de hoy, 2 de septiembre. Para realizar la misma, se deber\u00e1 ingresar al siguiente link: <a href=\"http:\/\/guarani3w.upso.edu.ar\/preinscripcion\/\">http:\/\/guarani3w.upso.edu.ar\/preinscripcion\/<\/a>\u00a0 y seguir los siguientes paso:<\/p>\n<ol>\n<li style=\"font-weight: 400;\"><span style=\"font-weight: 400;\">Ingresar al\u00a0<\/span><a href=\"http:\/\/guarani3w.upso.edu.ar\/preinscripcion\/\"><span style=\"font-weight: 400;\">Sistema de Preinscripci\u00f3n<\/span><\/a><\/li>\n<li style=\"font-weight: 400;\"><span style=\"font-weight: 400;\">Obtener una identificaci\u00f3n de usuario y una clave para poder acceder a completar los datos solicitados.<\/span><\/li>\n<li style=\"font-weight: 400;\"><span style=\"font-weight: 400;\">Identificarse con el usuario y clave obtenidos.<\/span><\/li>\n<li style=\"font-weight: 400;\"><span style=\"font-weight: 400;\">Completar la planilla de preinscripci\u00f3n con todos los datos personales, censales y econ\u00f3micos.<\/span><\/li>\n<li style=\"font-weight: 400;\"><span style=\"font-weight: 400;\">Cargar la siguiente documentaci\u00f3n en formato digital: planilla de preinscripci\u00f3n obtenida en el paso anterior, DNI, foto color 4\u00d74 y constancia del colegio secundario certificada como copia fiel del original por autoridad competente o Escribano P\u00fablico.<\/span><\/li>\n<li style=\"font-weight: 400;\"><span style=\"font-weight: 400;\">En el caso de haber subido la constancia del secundario sin certificaci\u00f3n, para efectivizar la inscripci\u00f3n deber\u00e1 concurrir a una Sede o Subsede Acad\u00e9mica de la UPSO con el original de la misma (certificado anal\u00edtico o t\u00edtulo o, en al caso de no tenerlo, certificado de alumno regular o certificado de t\u00edtulo en tr\u00e1mite) para que el personal pueda verificar su autenticidad.<\/span><\/li>\n<li style=\"font-weight: 400;\"><span style=\"font-weight: 400;\">No es necesario presentar el original de los certificados anal\u00edticos o t\u00edtulos cuyos egresados hayan culminado el secundario en la provincia de Buenos Aires con posterioridad al mes diciembre del a\u00f1o 2017.<\/span><\/li>\n<\/ol>\n<p><span style=\"font-weight: 400;\">Por consultas comunicarse al (0291)155 27-4301.\u00a0<\/span><\/p>\n<p>&nbsp;<\/p>\n","protected":false},"excerpt":{"rendered":"<p>La Secretar\u00eda de Desarrollo junto a la Universidad Provincial del Sudoeste informan que se encuentran abierta la PREINSCRIPCI\u00d3N para la Licenciatura en Pol\u00edtica Local y Gesti\u00f3n P\u00fablica que se dictar\u00e1 en la localidad de Tornquist, durante el ciclo lectivo 2021.\u00a0<\/p>\n","protected":false},"author":3,"featured_media":39548,"comment_status":"closed","ping_status":"open","sticky":false,"template":"","format":"standard","meta":{"footnotes":""},"categories":[34],"tags":[],"class_list":["post-46502","post","type-post","status-publish","format-standard","has-post-thumbnail","hentry","category-educacion"],"yoast_head":"<!-- This site is optimized with the Yoast SEO plugin v25.9 - https:\/\/yoast.com\/wordpress\/plugins\/seo\/ -->\n<title>Se encuentra abierta la preinscripci\u00f3n a la Lic. en pol\u00edtica local y gesti\u00f3n p\u00fablica de la UPSO - Noticias Radio Reflejos<\/title>\n<meta name=\"robots\" content=\"index, follow, max-snippet:-1, max-image-preview:large, max-video-preview:-1\" \/>\n<link rel=\"canonical\" href=\"https:\/\/www.noticiasradioreflejos.com.ar\/2021\/se-encuentra-abierta-la-preinscripcion-a-la-lic-en-politica-local-y-gestion-publica-de-la-upso\/\" \/>\n<meta property=\"og:locale\" content=\"es_ES\" \/>\n<meta property=\"og:type\" content=\"article\" \/>\n<meta property=\"og:title\" content=\"Se encuentra abierta la preinscripci\u00f3n a la Lic. en pol\u00edtica local y gesti\u00f3n p\u00fablica de la UPSO - Noticias Radio Reflejos\" \/>\n<meta property=\"og:description\" content=\"La Secretar\u00eda de Desarrollo junto a la Universidad Provincial del Sudoeste informan que se encuentran abierta la PREINSCRIPCI\u00d3N para la Licenciatura en Pol\u00edtica Local y Gesti\u00f3n P\u00fablica que se dictar\u00e1 en la localidad de Tornquist, durante el ciclo lectivo 2021.\u00a0\" \/>\n<meta property=\"og:url\" content=\"https:\/\/www.noticiasradioreflejos.com.ar\/2021\/se-encuentra-abierta-la-preinscripcion-a-la-lic-en-politica-local-y-gestion-publica-de-la-upso\/\" \/>\n<meta property=\"og:site_name\" content=\"Noticias Radio Reflejos\" \/>\n<meta property=\"article:published_time\" content=\"2020-09-02T18:05:00+00:00\" \/>\n<meta property=\"og:image\" content=\"https:\/\/www.noticiasradioreflejos.com.ar\/2021\/wp-content\/uploads\/2020\/03\/upso1122.jpg\" \/>\n\t<meta property=\"og:image:width\" content=\"861\" \/>\n\t<meta property=\"og:image:height\" content=\"546\" \/>\n\t<meta property=\"og:image:type\" content=\"image\/jpeg\" \/>\n<meta name=\"author\" content=\"Arnaldo Botto\" \/>\n<meta name=\"twitter:card\" content=\"summary_large_image\" \/>\n<script type=\"application\/ld+json\" class=\"yoast-schema-graph\">{\"@context\":\"https:\/\/schema.org\",\"@graph\":[{\"@type\":\"WebPage\",\"@id\":\"https:\/\/www.noticiasradioreflejos.com.ar\/2021\/se-encuentra-abierta-la-preinscripcion-a-la-lic-en-politica-local-y-gestion-publica-de-la-upso\/\",\"url\":\"https:\/\/www.noticiasradioreflejos.com.ar\/2021\/se-encuentra-abierta-la-preinscripcion-a-la-lic-en-politica-local-y-gestion-publica-de-la-upso\/\",\"name\":\"Se encuentra abierta la preinscripci\u00f3n a la Lic. en pol\u00edtica local y gesti\u00f3n p\u00fablica de la UPSO - Noticias Radio Reflejos\",\"isPartOf\":{\"@id\":\"https:\/\/www.noticiasradioreflejos.com.ar\/2021\/#website\"},\"primaryImageOfPage\":{\"@id\":\"https:\/\/www.noticiasradioreflejos.com.ar\/2021\/se-encuentra-abierta-la-preinscripcion-a-la-lic-en-politica-local-y-gestion-publica-de-la-upso\/#primaryimage\"},\"image\":{\"@id\":\"https:\/\/www.noticiasradioreflejos.com.ar\/2021\/se-encuentra-abierta-la-preinscripcion-a-la-lic-en-politica-local-y-gestion-publica-de-la-upso\/#primaryimage\"},\"thumbnailUrl\":\"https:\/\/www.noticiasradioreflejos.com.ar\/2021\/wp-content\/uploads\/2020\/03\/upso1122.jpg\",\"datePublished\":\"2020-09-02T18:05:00+00:00\",\"author\":{\"@id\":\"https:\/\/www.noticiasradioreflejos.com.ar\/2021\/#\/schema\/person\/ad82545263dcc5ec0996818884fd5fb1\"},\"breadcrumb\":{\"@id\":\"https:\/\/www.noticiasradioreflejos.com.ar\/2021\/se-encuentra-abierta-la-preinscripcion-a-la-lic-en-politica-local-y-gestion-publica-de-la-upso\/#breadcrumb\"},\"inLanguage\":\"es\",\"potentialAction\":[{\"@type\":\"ReadAction\",\"target\":[\"https:\/\/www.noticiasradioreflejos.com.ar\/2021\/se-encuentra-abierta-la-preinscripcion-a-la-lic-en-politica-local-y-gestion-publica-de-la-upso\/\"]}]},{\"@type\":\"ImageObject\",\"inLanguage\":\"es\",\"@id\":\"https:\/\/www.noticiasradioreflejos.com.ar\/2021\/se-encuentra-abierta-la-preinscripcion-a-la-lic-en-politica-local-y-gestion-publica-de-la-upso\/#primaryimage\",\"url\":\"https:\/\/www.noticiasradioreflejos.com.ar\/2021\/wp-content\/uploads\/2020\/03\/upso1122.jpg\",\"contentUrl\":\"https:\/\/www.noticiasradioreflejos.com.ar\/2021\/wp-content\/uploads\/2020\/03\/upso1122.jpg\",\"width\":861,\"height\":546},{\"@type\":\"BreadcrumbList\",\"@id\":\"https:\/\/www.noticiasradioreflejos.com.ar\/2021\/se-encuentra-abierta-la-preinscripcion-a-la-lic-en-politica-local-y-gestion-publica-de-la-upso\/#breadcrumb\",\"itemListElement\":[{\"@type\":\"ListItem\",\"position\":1,\"name\":\"Portada\",\"item\":\"https:\/\/www.noticiasradioreflejos.com.ar\/2021\/\"},{\"@type\":\"ListItem\",\"position\":2,\"name\":\"Se encuentra abierta la preinscripci\u00f3n a la Lic. en pol\u00edtica local y gesti\u00f3n p\u00fablica de la UPSO\"}]},{\"@type\":\"WebSite\",\"@id\":\"https:\/\/www.noticiasradioreflejos.com.ar\/2021\/#website\",\"url\":\"https:\/\/www.noticiasradioreflejos.com.ar\/2021\/\",\"name\":\"Noticias Radio Reflejos\",\"description\":\"Las noticias de mi comarca\",\"potentialAction\":[{\"@type\":\"SearchAction\",\"target\":{\"@type\":\"EntryPoint\",\"urlTemplate\":\"https:\/\/www.noticiasradioreflejos.com.ar\/2021\/?s={search_term_string}\"},\"query-input\":{\"@type\":\"PropertyValueSpecification\",\"valueRequired\":true,\"valueName\":\"search_term_string\"}}],\"inLanguage\":\"es\"},{\"@type\":\"Person\",\"@id\":\"https:\/\/www.noticiasradioreflejos.com.ar\/2021\/#\/schema\/person\/ad82545263dcc5ec0996818884fd5fb1\",\"name\":\"Arnaldo Botto\",\"image\":{\"@type\":\"ImageObject\",\"inLanguage\":\"es\",\"@id\":\"https:\/\/www.noticiasradioreflejos.com.ar\/2021\/#\/schema\/person\/image\/\",\"url\":\"https:\/\/secure.gravatar.com\/avatar\/55cb5e37c1efa326397366e6974cb338056df65cb50e7d64d1cf314e87504837?s=96&d=mm&r=g\",\"contentUrl\":\"https:\/\/secure.gravatar.com\/avatar\/55cb5e37c1efa326397366e6974cb338056df65cb50e7d64d1cf314e87504837?s=96&d=mm&r=g\",\"caption\":\"Arnaldo Botto\"},\"url\":\"https:\/\/www.noticiasradioreflejos.com.ar\/2021\/author\/arnaldo\/\"}]}<\/script>\n<!-- \/ Yoast SEO plugin. -->","yoast_head_json":{"title":"Se encuentra abierta la preinscripci\u00f3n a la Lic. en pol\u00edtica local y gesti\u00f3n p\u00fablica de la UPSO - Noticias Radio Reflejos","robots":{"index":"index","follow":"follow","max-snippet":"max-snippet:-1","max-image-preview":"max-image-preview:large","max-video-preview":"max-video-preview:-1"},"canonical":"https:\/\/www.noticiasradioreflejos.com.ar\/2021\/se-encuentra-abierta-la-preinscripcion-a-la-lic-en-politica-local-y-gestion-publica-de-la-upso\/","og_locale":"es_ES","og_type":"article","og_title":"Se encuentra abierta la preinscripci\u00f3n a la Lic. en pol\u00edtica local y gesti\u00f3n p\u00fablica de la UPSO - Noticias Radio Reflejos","og_description":"La Secretar\u00eda de Desarrollo junto a la Universidad Provincial del Sudoeste informan que se encuentran abierta la PREINSCRIPCI\u00d3N para la Licenciatura en Pol\u00edtica Local y Gesti\u00f3n P\u00fablica que se dictar\u00e1 en la localidad de Tornquist, durante el ciclo lectivo 2021.\u00a0","og_url":"https:\/\/www.noticiasradioreflejos.com.ar\/2021\/se-encuentra-abierta-la-preinscripcion-a-la-lic-en-politica-local-y-gestion-publica-de-la-upso\/","og_site_name":"Noticias Radio Reflejos","article_published_time":"2020-09-02T18:05:00+00:00","og_image":[{"width":861,"height":546,"url":"https:\/\/www.noticiasradioreflejos.com.ar\/2021\/wp-content\/uploads\/2020\/03\/upso1122.jpg","type":"image\/jpeg"}],"author":"Arnaldo Botto","twitter_card":"summary_large_image","schema":{"@context":"https:\/\/schema.org","@graph":[{"@type":"WebPage","@id":"https:\/\/www.noticiasradioreflejos.com.ar\/2021\/se-encuentra-abierta-la-preinscripcion-a-la-lic-en-politica-local-y-gestion-publica-de-la-upso\/","url":"https:\/\/www.noticiasradioreflejos.com.ar\/2021\/se-encuentra-abierta-la-preinscripcion-a-la-lic-en-politica-local-y-gestion-publica-de-la-upso\/","name":"Se encuentra abierta la preinscripci\u00f3n a la Lic. en pol\u00edtica local y gesti\u00f3n p\u00fablica de la UPSO - Noticias Radio Reflejos","isPartOf":{"@id":"https:\/\/www.noticiasradioreflejos.com.ar\/2021\/#website"},"primaryImageOfPage":{"@id":"https:\/\/www.noticiasradioreflejos.com.ar\/2021\/se-encuentra-abierta-la-preinscripcion-a-la-lic-en-politica-local-y-gestion-publica-de-la-upso\/#primaryimage"},"image":{"@id":"https:\/\/www.noticiasradioreflejos.com.ar\/2021\/se-encuentra-abierta-la-preinscripcion-a-la-lic-en-politica-local-y-gestion-publica-de-la-upso\/#primaryimage"},"thumbnailUrl":"https:\/\/www.noticiasradioreflejos.com.ar\/2021\/wp-content\/uploads\/2020\/03\/upso1122.jpg","datePublished":"2020-09-02T18:05:00+00:00","author":{"@id":"https:\/\/www.noticiasradioreflejos.com.ar\/2021\/#\/schema\/person\/ad82545263dcc5ec0996818884fd5fb1"},"breadcrumb":{"@id":"https:\/\/www.noticiasradioreflejos.com.ar\/2021\/se-encuentra-abierta-la-preinscripcion-a-la-lic-en-politica-local-y-gestion-publica-de-la-upso\/#breadcrumb"},"inLanguage":"es","potentialAction":[{"@type":"ReadAction","target":["https:\/\/www.noticiasradioreflejos.com.ar\/2021\/se-encuentra-abierta-la-preinscripcion-a-la-lic-en-politica-local-y-gestion-publica-de-la-upso\/"]}]},{"@type":"ImageObject","inLanguage":"es","@id":"https:\/\/www.noticiasradioreflejos.com.ar\/2021\/se-encuentra-abierta-la-preinscripcion-a-la-lic-en-politica-local-y-gestion-publica-de-la-upso\/#primaryimage","url":"https:\/\/www.noticiasradioreflejos.com.ar\/2021\/wp-content\/uploads\/2020\/03\/upso1122.jpg","contentUrl":"https:\/\/www.noticiasradioreflejos.com.ar\/2021\/wp-content\/uploads\/2020\/03\/upso1122.jpg","width":861,"height":546},{"@type":"BreadcrumbList","@id":"https:\/\/www.noticiasradioreflejos.com.ar\/2021\/se-encuentra-abierta-la-preinscripcion-a-la-lic-en-politica-local-y-gestion-publica-de-la-upso\/#breadcrumb","itemListElement":[{"@type":"ListItem","position":1,"name":"Portada","item":"https:\/\/www.noticiasradioreflejos.com.ar\/2021\/"},{"@type":"ListItem","position":2,"name":"Se encuentra abierta la preinscripci\u00f3n a la Lic. en pol\u00edtica local y gesti\u00f3n p\u00fablica de la UPSO"}]},{"@type":"WebSite","@id":"https:\/\/www.noticiasradioreflejos.com.ar\/2021\/#website","url":"https:\/\/www.noticiasradioreflejos.com.ar\/2021\/","name":"Noticias Radio Reflejos","description":"Las noticias de mi comarca","potentialAction":[{"@type":"SearchAction","target":{"@type":"EntryPoint","urlTemplate":"https:\/\/www.noticiasradioreflejos.com.ar\/2021\/?s={search_term_string}"},"query-input":{"@type":"PropertyValueSpecification","valueRequired":true,"valueName":"search_term_string"}}],"inLanguage":"es"},{"@type":"Person","@id":"https:\/\/www.noticiasradioreflejos.com.ar\/2021\/#\/schema\/person\/ad82545263dcc5ec0996818884fd5fb1","name":"Arnaldo Botto","image":{"@type":"ImageObject","inLanguage":"es","@id":"https:\/\/www.noticiasradioreflejos.com.ar\/2021\/#\/schema\/person\/image\/","url":"https:\/\/secure.gravatar.com\/avatar\/55cb5e37c1efa326397366e6974cb338056df65cb50e7d64d1cf314e87504837?s=96&d=mm&r=g","contentUrl":"https:\/\/secure.gravatar.com\/avatar\/55cb5e37c1efa326397366e6974cb338056df65cb50e7d64d1cf314e87504837?s=96&d=mm&r=g","caption":"Arnaldo Botto"},"url":"https:\/\/www.noticiasradioreflejos.com.ar\/2021\/author\/arnaldo\/"}]}},"_links":{"self":[{"href":"https:\/\/www.noticiasradioreflejos.com.ar\/2021\/wp-json\/wp\/v2\/posts\/46502","targetHints":{"allow":["GET"]}}],"collection":[{"href":"https:\/\/www.noticiasradioreflejos.com.ar\/2021\/wp-json\/wp\/v2\/posts"}],"about":[{"href":"https:\/\/www.noticiasradioreflejos.com.ar\/2021\/wp-json\/wp\/v2\/types\/post"}],"author":[{"embeddable":true,"href":"https:\/\/www.noticiasradioreflejos.com.ar\/2021\/wp-json\/wp\/v2\/users\/3"}],"replies":[{"embeddable":true,"href":"https:\/\/www.noticiasradioreflejos.com.ar\/2021\/wp-json\/wp\/v2\/comments?post=46502"}],"version-history":[{"count":0,"href":"https:\/\/www.noticiasradioreflejos.com.ar\/2021\/wp-json\/wp\/v2\/posts\/46502\/revisions"}],"wp:featuredmedia":[{"embeddable":true,"href":"https:\/\/www.noticiasradioreflejos.com.ar\/2021\/wp-json\/wp\/v2\/media\/39548"}],"wp:attachment":[{"href":"https:\/\/www.noticiasradioreflejos.com.ar\/2021\/wp-json\/wp\/v2\/media?parent=46502"}],"wp:term":[{"taxonomy":"category","embeddable":true,"href":"https:\/\/www.noticiasradioreflejos.com.ar\/2021\/wp-json\/wp\/v2\/categories?post=46502"},{"taxonomy":"post_tag","embeddable":true,"href":"https:\/\/www.noticiasradioreflejos.com.ar\/2021\/wp-json\/wp\/v2\/tags?post=46502"}],"curies":[{"name":"wp","href":"https:\/\/api.w.org\/{rel}","templated":true}]}}