{"id":46494,"date":"2020-09-02T13:06:57","date_gmt":"2020-09-02T16:06:57","guid":{"rendered":"http:\/\/www.noticiasradioreflejos.com.ar\/noticias\/?p=46494"},"modified":"2020-09-02T13:06:57","modified_gmt":"2020-09-02T16:06:57","slug":"primera-caminata-ambiental-en-villa-ventana-sierras-libres-de-basura","status":"publish","type":"post","link":"https:\/\/www.noticiasradioreflejos.com.ar\/2021\/primera-caminata-ambiental-en-villa-ventana-sierras-libres-de-basura\/","title":{"rendered":"Primera Caminata Ambiental en Villa Ventana \u201cSierras libres de Basura\u201d"},"content":{"rendered":"<p>La Direcci\u00f3n de Deportes junto a la Direcci\u00f3n de Medio Ambiente, desean felicitar la iniciativa de Club de Actividades de Ventania. <!--more--><br \/>\nLa instituci\u00f3n organiz\u00f3 para el pr\u00f3ximo 13 de septiembre la primera Caminata Ambiental en Villa Ventana, con el objetivo de mejorar y limpiar el entorno natural que nos rodea, recolectando aquellos residuos que fueron olvidados.<br \/>\nDesde ambas direcciones no solo los felicitamos por tan loable convocatoria, sino que deseamos sumarnos y fomentar este tipo de actividades que no solo generan la toma de conciencia para el cuidado del ambiente en el que estamos inmersos, si no que desarrollan valores en nuestra sociedad de solidaridad y respeto por nuestro espacio; adem\u00e1s de promover la actividad f\u00edsica, que mejora la calidad de vida y genera la creaci\u00f3n de h\u00e1bitos saludables.<br \/>\nTornquist Municipio, desea invitar a todos los vecinos a sumarse a la Caminata Ambiental, el pr\u00f3ximo 13 de septiembre de 9 a 11 y de 14 a 17hs, en el escenario de la Plaza Salerno de Villa Ventana, donde se entregar\u00e1n bolsas para recolectar los residuos que se encuentren durante el paseo. La misma se realizar\u00e1 de manera individual, con uso de tapaboca obligatorio, respetando los protocolos establecidos por la pandemia de Covid-19.<br \/>\nNuevamente celebramos esta convocatoria y agradecemos al Club de Actividades de Ventania.<\/p>\n","protected":false},"excerpt":{"rendered":"<p>La Direcci\u00f3n de Deportes junto a la Direcci\u00f3n de Medio Ambiente, desean felicitar la iniciativa de Club de Actividades de Ventania.<\/p>\n","protected":false},"author":3,"featured_media":6465,"comment_status":"closed","ping_status":"open","sticky":false,"template":"","format":"standard","meta":{"footnotes":""},"categories":[26],"tags":[],"class_list":["post-46494","post","type-post","status-publish","format-standard","has-post-thumbnail","hentry","category-sociedad"],"yoast_head":"<!-- This site is optimized with the Yoast SEO plugin v25.9 - https:\/\/yoast.com\/wordpress\/plugins\/seo\/ -->\n<title>Primera Caminata Ambiental en Villa Ventana \u201cSierras libres de Basura\u201d - Noticias Radio Reflejos<\/title>\n<meta name=\"robots\" content=\"index, follow, max-snippet:-1, max-image-preview:large, max-video-preview:-1\" \/>\n<link rel=\"canonical\" href=\"https:\/\/www.noticiasradioreflejos.com.ar\/2021\/primera-caminata-ambiental-en-villa-ventana-sierras-libres-de-basura\/\" \/>\n<meta property=\"og:locale\" content=\"es_ES\" \/>\n<meta property=\"og:type\" content=\"article\" \/>\n<meta property=\"og:title\" content=\"Primera Caminata Ambiental en Villa Ventana \u201cSierras libres de Basura\u201d - Noticias Radio Reflejos\" \/>\n<meta property=\"og:description\" content=\"La Direcci\u00f3n de Deportes junto a la Direcci\u00f3n de Medio Ambiente, desean felicitar la iniciativa de Club de Actividades de Ventania.\" \/>\n<meta property=\"og:url\" content=\"https:\/\/www.noticiasradioreflejos.com.ar\/2021\/primera-caminata-ambiental-en-villa-ventana-sierras-libres-de-basura\/\" \/>\n<meta property=\"og:site_name\" content=\"Noticias Radio Reflejos\" \/>\n<meta property=\"article:published_time\" content=\"2020-09-02T16:06:57+00:00\" \/>\n<meta property=\"og:image\" content=\"https:\/\/www.noticiasradioreflejos.com.ar\/2021\/wp-content\/uploads\/2017\/01\/2a-Cablagata-Esc.-Agraria-Villa-Ventana-2.jpg\" \/>\n\t<meta property=\"og:image:width\" content=\"2304\" \/>\n\t<meta property=\"og:image:height\" content=\"1296\" \/>\n\t<meta property=\"og:image:type\" content=\"image\/jpeg\" \/>\n<meta name=\"author\" content=\"Arnaldo Botto\" \/>\n<meta name=\"twitter:card\" content=\"summary_large_image\" \/>\n<script type=\"application\/ld+json\" class=\"yoast-schema-graph\">{\"@context\":\"https:\/\/schema.org\",\"@graph\":[{\"@type\":\"WebPage\",\"@id\":\"https:\/\/www.noticiasradioreflejos.com.ar\/2021\/primera-caminata-ambiental-en-villa-ventana-sierras-libres-de-basura\/\",\"url\":\"https:\/\/www.noticiasradioreflejos.com.ar\/2021\/primera-caminata-ambiental-en-villa-ventana-sierras-libres-de-basura\/\",\"name\":\"Primera Caminata Ambiental en Villa Ventana \u201cSierras libres de Basura\u201d - Noticias Radio Reflejos\",\"isPartOf\":{\"@id\":\"https:\/\/www.noticiasradioreflejos.com.ar\/2021\/#website\"},\"primaryImageOfPage\":{\"@id\":\"https:\/\/www.noticiasradioreflejos.com.ar\/2021\/primera-caminata-ambiental-en-villa-ventana-sierras-libres-de-basura\/#primaryimage\"},\"image\":{\"@id\":\"https:\/\/www.noticiasradioreflejos.com.ar\/2021\/primera-caminata-ambiental-en-villa-ventana-sierras-libres-de-basura\/#primaryimage\"},\"thumbnailUrl\":\"https:\/\/www.noticiasradioreflejos.com.ar\/2021\/wp-content\/uploads\/2017\/01\/2a-Cablagata-Esc.-Agraria-Villa-Ventana-2.jpg\",\"datePublished\":\"2020-09-02T16:06:57+00:00\",\"author\":{\"@id\":\"https:\/\/www.noticiasradioreflejos.com.ar\/2021\/#\/schema\/person\/ad82545263dcc5ec0996818884fd5fb1\"},\"breadcrumb\":{\"@id\":\"https:\/\/www.noticiasradioreflejos.com.ar\/2021\/primera-caminata-ambiental-en-villa-ventana-sierras-libres-de-basura\/#breadcrumb\"},\"inLanguage\":\"es\",\"potentialAction\":[{\"@type\":\"ReadAction\",\"target\":[\"https:\/\/www.noticiasradioreflejos.com.ar\/2021\/primera-caminata-ambiental-en-villa-ventana-sierras-libres-de-basura\/\"]}]},{\"@type\":\"ImageObject\",\"inLanguage\":\"es\",\"@id\":\"https:\/\/www.noticiasradioreflejos.com.ar\/2021\/primera-caminata-ambiental-en-villa-ventana-sierras-libres-de-basura\/#primaryimage\",\"url\":\"https:\/\/www.noticiasradioreflejos.com.ar\/2021\/wp-content\/uploads\/2017\/01\/2a-Cablagata-Esc.-Agraria-Villa-Ventana-2.jpg\",\"contentUrl\":\"https:\/\/www.noticiasradioreflejos.com.ar\/2021\/wp-content\/uploads\/2017\/01\/2a-Cablagata-Esc.-Agraria-Villa-Ventana-2.jpg\",\"width\":2304,\"height\":1296},{\"@type\":\"BreadcrumbList\",\"@id\":\"https:\/\/www.noticiasradioreflejos.com.ar\/2021\/primera-caminata-ambiental-en-villa-ventana-sierras-libres-de-basura\/#breadcrumb\",\"itemListElement\":[{\"@type\":\"ListItem\",\"position\":1,\"name\":\"Portada\",\"item\":\"https:\/\/www.noticiasradioreflejos.com.ar\/2021\/\"},{\"@type\":\"ListItem\",\"position\":2,\"name\":\"Primera Caminata Ambiental en Villa Ventana \u201cSierras libres de Basura\u201d\"}]},{\"@type\":\"WebSite\",\"@id\":\"https:\/\/www.noticiasradioreflejos.com.ar\/2021\/#website\",\"url\":\"https:\/\/www.noticiasradioreflejos.com.ar\/2021\/\",\"name\":\"Noticias Radio Reflejos\",\"description\":\"Las noticias de mi comarca\",\"potentialAction\":[{\"@type\":\"SearchAction\",\"target\":{\"@type\":\"EntryPoint\",\"urlTemplate\":\"https:\/\/www.noticiasradioreflejos.com.ar\/2021\/?s={search_term_string}\"},\"query-input\":{\"@type\":\"PropertyValueSpecification\",\"valueRequired\":true,\"valueName\":\"search_term_string\"}}],\"inLanguage\":\"es\"},{\"@type\":\"Person\",\"@id\":\"https:\/\/www.noticiasradioreflejos.com.ar\/2021\/#\/schema\/person\/ad82545263dcc5ec0996818884fd5fb1\",\"name\":\"Arnaldo Botto\",\"image\":{\"@type\":\"ImageObject\",\"inLanguage\":\"es\",\"@id\":\"https:\/\/www.noticiasradioreflejos.com.ar\/2021\/#\/schema\/person\/image\/\",\"url\":\"https:\/\/secure.gravatar.com\/avatar\/55cb5e37c1efa326397366e6974cb338056df65cb50e7d64d1cf314e87504837?s=96&d=mm&r=g\",\"contentUrl\":\"https:\/\/secure.gravatar.com\/avatar\/55cb5e37c1efa326397366e6974cb338056df65cb50e7d64d1cf314e87504837?s=96&d=mm&r=g\",\"caption\":\"Arnaldo Botto\"},\"url\":\"https:\/\/www.noticiasradioreflejos.com.ar\/2021\/author\/arnaldo\/\"}]}<\/script>\n<!-- \/ Yoast SEO plugin. -->","yoast_head_json":{"title":"Primera Caminata Ambiental en Villa Ventana \u201cSierras libres de Basura\u201d - Noticias Radio Reflejos","robots":{"index":"index","follow":"follow","max-snippet":"max-snippet:-1","max-image-preview":"max-image-preview:large","max-video-preview":"max-video-preview:-1"},"canonical":"https:\/\/www.noticiasradioreflejos.com.ar\/2021\/primera-caminata-ambiental-en-villa-ventana-sierras-libres-de-basura\/","og_locale":"es_ES","og_type":"article","og_title":"Primera Caminata Ambiental en Villa Ventana \u201cSierras libres de Basura\u201d - Noticias Radio Reflejos","og_description":"La Direcci\u00f3n de Deportes junto a la Direcci\u00f3n de Medio Ambiente, desean felicitar la iniciativa de Club de Actividades de Ventania.","og_url":"https:\/\/www.noticiasradioreflejos.com.ar\/2021\/primera-caminata-ambiental-en-villa-ventana-sierras-libres-de-basura\/","og_site_name":"Noticias Radio Reflejos","article_published_time":"2020-09-02T16:06:57+00:00","og_image":[{"width":2304,"height":1296,"url":"https:\/\/www.noticiasradioreflejos.com.ar\/2021\/wp-content\/uploads\/2017\/01\/2a-Cablagata-Esc.-Agraria-Villa-Ventana-2.jpg","type":"image\/jpeg"}],"author":"Arnaldo Botto","twitter_card":"summary_large_image","schema":{"@context":"https:\/\/schema.org","@graph":[{"@type":"WebPage","@id":"https:\/\/www.noticiasradioreflejos.com.ar\/2021\/primera-caminata-ambiental-en-villa-ventana-sierras-libres-de-basura\/","url":"https:\/\/www.noticiasradioreflejos.com.ar\/2021\/primera-caminata-ambiental-en-villa-ventana-sierras-libres-de-basura\/","name":"Primera Caminata Ambiental en Villa Ventana \u201cSierras libres de Basura\u201d - Noticias Radio Reflejos","isPartOf":{"@id":"https:\/\/www.noticiasradioreflejos.com.ar\/2021\/#website"},"primaryImageOfPage":{"@id":"https:\/\/www.noticiasradioreflejos.com.ar\/2021\/primera-caminata-ambiental-en-villa-ventana-sierras-libres-de-basura\/#primaryimage"},"image":{"@id":"https:\/\/www.noticiasradioreflejos.com.ar\/2021\/primera-caminata-ambiental-en-villa-ventana-sierras-libres-de-basura\/#primaryimage"},"thumbnailUrl":"https:\/\/www.noticiasradioreflejos.com.ar\/2021\/wp-content\/uploads\/2017\/01\/2a-Cablagata-Esc.-Agraria-Villa-Ventana-2.jpg","datePublished":"2020-09-02T16:06:57+00:00","author":{"@id":"https:\/\/www.noticiasradioreflejos.com.ar\/2021\/#\/schema\/person\/ad82545263dcc5ec0996818884fd5fb1"},"breadcrumb":{"@id":"https:\/\/www.noticiasradioreflejos.com.ar\/2021\/primera-caminata-ambiental-en-villa-ventana-sierras-libres-de-basura\/#breadcrumb"},"inLanguage":"es","potentialAction":[{"@type":"ReadAction","target":["https:\/\/www.noticiasradioreflejos.com.ar\/2021\/primera-caminata-ambiental-en-villa-ventana-sierras-libres-de-basura\/"]}]},{"@type":"ImageObject","inLanguage":"es","@id":"https:\/\/www.noticiasradioreflejos.com.ar\/2021\/primera-caminata-ambiental-en-villa-ventana-sierras-libres-de-basura\/#primaryimage","url":"https:\/\/www.noticiasradioreflejos.com.ar\/2021\/wp-content\/uploads\/2017\/01\/2a-Cablagata-Esc.-Agraria-Villa-Ventana-2.jpg","contentUrl":"https:\/\/www.noticiasradioreflejos.com.ar\/2021\/wp-content\/uploads\/2017\/01\/2a-Cablagata-Esc.-Agraria-Villa-Ventana-2.jpg","width":2304,"height":1296},{"@type":"BreadcrumbList","@id":"https:\/\/www.noticiasradioreflejos.com.ar\/2021\/primera-caminata-ambiental-en-villa-ventana-sierras-libres-de-basura\/#breadcrumb","itemListElement":[{"@type":"ListItem","position":1,"name":"Portada","item":"https:\/\/www.noticiasradioreflejos.com.ar\/2021\/"},{"@type":"ListItem","position":2,"name":"Primera Caminata Ambiental en Villa Ventana \u201cSierras libres de Basura\u201d"}]},{"@type":"WebSite","@id":"https:\/\/www.noticiasradioreflejos.com.ar\/2021\/#website","url":"https:\/\/www.noticiasradioreflejos.com.ar\/2021\/","name":"Noticias Radio Reflejos","description":"Las noticias de mi comarca","potentialAction":[{"@type":"SearchAction","target":{"@type":"EntryPoint","urlTemplate":"https:\/\/www.noticiasradioreflejos.com.ar\/2021\/?s={search_term_string}"},"query-input":{"@type":"PropertyValueSpecification","valueRequired":true,"valueName":"search_term_string"}}],"inLanguage":"es"},{"@type":"Person","@id":"https:\/\/www.noticiasradioreflejos.com.ar\/2021\/#\/schema\/person\/ad82545263dcc5ec0996818884fd5fb1","name":"Arnaldo Botto","image":{"@type":"ImageObject","inLanguage":"es","@id":"https:\/\/www.noticiasradioreflejos.com.ar\/2021\/#\/schema\/person\/image\/","url":"https:\/\/secure.gravatar.com\/avatar\/55cb5e37c1efa326397366e6974cb338056df65cb50e7d64d1cf314e87504837?s=96&d=mm&r=g","contentUrl":"https:\/\/secure.gravatar.com\/avatar\/55cb5e37c1efa326397366e6974cb338056df65cb50e7d64d1cf314e87504837?s=96&d=mm&r=g","caption":"Arnaldo Botto"},"url":"https:\/\/www.noticiasradioreflejos.com.ar\/2021\/author\/arnaldo\/"}]}},"_links":{"self":[{"href":"https:\/\/www.noticiasradioreflejos.com.ar\/2021\/wp-json\/wp\/v2\/posts\/46494","targetHints":{"allow":["GET"]}}],"collection":[{"href":"https:\/\/www.noticiasradioreflejos.com.ar\/2021\/wp-json\/wp\/v2\/posts"}],"about":[{"href":"https:\/\/www.noticiasradioreflejos.com.ar\/2021\/wp-json\/wp\/v2\/types\/post"}],"author":[{"embeddable":true,"href":"https:\/\/www.noticiasradioreflejos.com.ar\/2021\/wp-json\/wp\/v2\/users\/3"}],"replies":[{"embeddable":true,"href":"https:\/\/www.noticiasradioreflejos.com.ar\/2021\/wp-json\/wp\/v2\/comments?post=46494"}],"version-history":[{"count":0,"href":"https:\/\/www.noticiasradioreflejos.com.ar\/2021\/wp-json\/wp\/v2\/posts\/46494\/revisions"}],"wp:featuredmedia":[{"embeddable":true,"href":"https:\/\/www.noticiasradioreflejos.com.ar\/2021\/wp-json\/wp\/v2\/media\/6465"}],"wp:attachment":[{"href":"https:\/\/www.noticiasradioreflejos.com.ar\/2021\/wp-json\/wp\/v2\/media?parent=46494"}],"wp:term":[{"taxonomy":"category","embeddable":true,"href":"https:\/\/www.noticiasradioreflejos.com.ar\/2021\/wp-json\/wp\/v2\/categories?post=46494"},{"taxonomy":"post_tag","embeddable":true,"href":"https:\/\/www.noticiasradioreflejos.com.ar\/2021\/wp-json\/wp\/v2\/tags?post=46494"}],"curies":[{"name":"wp","href":"https:\/\/api.w.org\/{rel}","templated":true}]}}