{"id":46491,"date":"2020-09-02T13:02:24","date_gmt":"2020-09-02T16:02:24","guid":{"rendered":"http:\/\/www.noticiasradioreflejos.com.ar\/noticias\/?p=46491"},"modified":"2020-09-02T13:02:24","modified_gmt":"2020-09-02T16:02:24","slug":"la-jueza-confirmo-que-los-restos-hallados-son-del-joven-facundo-astudillo-castro","status":"publish","type":"post","link":"https:\/\/www.noticiasradioreflejos.com.ar\/2021\/la-jueza-confirmo-que-los-restos-hallados-son-del-joven-facundo-astudillo-castro\/","title":{"rendered":"La jueza confirm\u00f3 que los restos hallados son del joven Facundo Astudillo Castro"},"content":{"rendered":"<p>La jueza federal Mar\u00eda Gabriela Marr\u00f3n confirm\u00f3 este mediod\u00eda que el cuerpo encontrado en la localidad bonaerense de General Daniel Cerri pertenece al joven Facundo Astudillo Castro, desaparecido el 30 de abril \u00faltimo, seg\u00fan inform\u00f3 la Comisi\u00f3n Provincial por la Memoria (CPM).<!--more--><br \/>\n\u00abLas querellas de Cristina Castro informan que en la audiencia realizada de manera remota la jueza federal Mar\u00eda Gabriela Marr\u00f3n confirm\u00f3 que, seg\u00fan el cotejo de ADN realizado por el Equipo Argentino de Antropolog\u00eda Forense (EAAF), los restos encontrados el 15 de agosto corresponden a Facundo Astudillo Castro\u00bb, seg\u00fan informaron en un comunicado oficial difundido a trav\u00e9s de las redes sociales de la CPM.<\/p>\n<p>Adem\u00e1s, indicaron que en la audiencia remota estuvieron presentes la mam\u00e1 de Facundo, Cristina Castro, sus abogados Luciano Peretto y Leandro Aparicio, la CPM como querella institucional. Tambi\u00e9n estuvo presente Luis Fondebrider, titular del EAAF y acompa\u00f1\u00f3 Malena Derdoy, a cargo de la DOVIC.<\/p>\n<p>\u00abComo expresamos ayer, es un momento importante para la causa pero tambi\u00e9n para Cristina y su familia. Por esta misma raz\u00f3n, renovamos el llamado p\u00fablico a comunicadores y funcionarios a respetar la intimidad de Cristina y su familia\u00bb, indicaron desde la cuenta de Twitter de la CPM.<\/p>\n<p>Ayer, uno de los querellantes, el abogado Leandro Aparicio, reiter\u00f3 que \u00abno queda ninguna duda de que a Facundo lo desapareci\u00f3 la polic\u00eda de la provincia de Buenos Aires\u00bb.<\/p>\n<p>El abogado volvi\u00f3 a enumerar las pruebas que lo llevan a creer que Facundo fue v\u00edctima de una desaparici\u00f3n forzada y cont\u00f3 que, en el marco de la causa, hay testigos que dijeron haberlo visto \u00abtirado\u00bb en la ruta nacional 3 \u00abmuerto o inconsciente\u00bb el mismo d\u00eda que se fue de su casa de Pedro Luro.<\/p>\n<p>Por su parte, el ministro de seguridad bonaerense, Sergiio Berni, manifest\u00f3 su convicci\u00f3n de que \u00abla realidad va para otro lado\u00bb y que lo sucedido \u00abno es lo que cuentan los abogados\u00bb, quienes, consider\u00f3, \u00absiguen incitando a un delito que no sucedi\u00f3\u00bb.<\/p>\n<p>\u00abLo \u00faltimo que sabe la Justicia de Facundo Astudillo es que esta se\u00f1ora (una de las testigos que declar\u00f3 bajo reserva de identidad) lo dej\u00f3 en la ruta 3 y el cruce de las v\u00edas y que comenz\u00f3 a caminar por esas v\u00edas. Y lo importante es que esas v\u00edas son una trampa mortal, son un lugar con cangrejales, por donde sube la marea, donde hay que cruzar muchos puentes que no son peatonales, que son v\u00edas paralelas sostenidas por un durmiente\u00bb, explic\u00f3.<\/p>\n","protected":false},"excerpt":{"rendered":"<p>La jueza federal Mar\u00eda Gabriela Marr\u00f3n confirm\u00f3 este mediod\u00eda que el cuerpo encontrado en la localidad bonaerense de General Daniel Cerri pertenece al joven Facundo Astudillo Castro, desaparecido el 30 de abril \u00faltimo, seg\u00fan inform\u00f3 la Comisi\u00f3n Provincial por la Memoria (CPM).<\/p>\n","protected":false},"author":3,"featured_media":0,"comment_status":"closed","ping_status":"open","sticky":false,"template":"","format":"standard","meta":{"footnotes":""},"categories":[29],"tags":[],"class_list":["post-46491","post","type-post","status-publish","format-standard","hentry","category-policiales"],"yoast_head":"<!-- This site is optimized with the Yoast SEO plugin v25.9 - https:\/\/yoast.com\/wordpress\/plugins\/seo\/ -->\n<title>La jueza confirm\u00f3 que los restos hallados son del joven Facundo Astudillo Castro - Noticias Radio Reflejos<\/title>\n<meta name=\"robots\" content=\"index, follow, max-snippet:-1, max-image-preview:large, max-video-preview:-1\" \/>\n<link rel=\"canonical\" href=\"https:\/\/www.noticiasradioreflejos.com.ar\/2021\/la-jueza-confirmo-que-los-restos-hallados-son-del-joven-facundo-astudillo-castro\/\" \/>\n<meta property=\"og:locale\" content=\"es_ES\" \/>\n<meta property=\"og:type\" content=\"article\" \/>\n<meta property=\"og:title\" content=\"La jueza confirm\u00f3 que los restos hallados son del joven Facundo Astudillo Castro - Noticias Radio Reflejos\" \/>\n<meta property=\"og:description\" content=\"La jueza federal Mar\u00eda Gabriela Marr\u00f3n confirm\u00f3 este mediod\u00eda que el cuerpo encontrado en la localidad bonaerense de General Daniel Cerri pertenece al joven Facundo Astudillo Castro, desaparecido el 30 de abril \u00faltimo, seg\u00fan inform\u00f3 la Comisi\u00f3n Provincial por la Memoria (CPM).\" \/>\n<meta property=\"og:url\" content=\"https:\/\/www.noticiasradioreflejos.com.ar\/2021\/la-jueza-confirmo-que-los-restos-hallados-son-del-joven-facundo-astudillo-castro\/\" \/>\n<meta property=\"og:site_name\" content=\"Noticias Radio Reflejos\" \/>\n<meta property=\"article:published_time\" content=\"2020-09-02T16:02:24+00:00\" \/>\n<meta property=\"og:image\" content=\"https:\/\/www.noticiasradioreflejos.com.ar\/2021\/wp-content\/uploads\/2021\/07\/logosol300x200.png\" \/>\n\t<meta property=\"og:image:width\" content=\"300\" \/>\n\t<meta property=\"og:image:height\" content=\"200\" \/>\n\t<meta property=\"og:image:type\" content=\"image\/png\" \/>\n<meta name=\"author\" content=\"Arnaldo Botto\" \/>\n<meta name=\"twitter:card\" content=\"summary_large_image\" \/>\n<script type=\"application\/ld+json\" class=\"yoast-schema-graph\">{\"@context\":\"https:\/\/schema.org\",\"@graph\":[{\"@type\":\"WebPage\",\"@id\":\"https:\/\/www.noticiasradioreflejos.com.ar\/2021\/la-jueza-confirmo-que-los-restos-hallados-son-del-joven-facundo-astudillo-castro\/\",\"url\":\"https:\/\/www.noticiasradioreflejos.com.ar\/2021\/la-jueza-confirmo-que-los-restos-hallados-son-del-joven-facundo-astudillo-castro\/\",\"name\":\"La jueza confirm\u00f3 que los restos hallados son del joven Facundo Astudillo Castro - Noticias Radio Reflejos\",\"isPartOf\":{\"@id\":\"https:\/\/www.noticiasradioreflejos.com.ar\/2021\/#website\"},\"datePublished\":\"2020-09-02T16:02:24+00:00\",\"author\":{\"@id\":\"https:\/\/www.noticiasradioreflejos.com.ar\/2021\/#\/schema\/person\/ad82545263dcc5ec0996818884fd5fb1\"},\"breadcrumb\":{\"@id\":\"https:\/\/www.noticiasradioreflejos.com.ar\/2021\/la-jueza-confirmo-que-los-restos-hallados-son-del-joven-facundo-astudillo-castro\/#breadcrumb\"},\"inLanguage\":\"es\",\"potentialAction\":[{\"@type\":\"ReadAction\",\"target\":[\"https:\/\/www.noticiasradioreflejos.com.ar\/2021\/la-jueza-confirmo-que-los-restos-hallados-son-del-joven-facundo-astudillo-castro\/\"]}]},{\"@type\":\"BreadcrumbList\",\"@id\":\"https:\/\/www.noticiasradioreflejos.com.ar\/2021\/la-jueza-confirmo-que-los-restos-hallados-son-del-joven-facundo-astudillo-castro\/#breadcrumb\",\"itemListElement\":[{\"@type\":\"ListItem\",\"position\":1,\"name\":\"Portada\",\"item\":\"https:\/\/www.noticiasradioreflejos.com.ar\/2021\/\"},{\"@type\":\"ListItem\",\"position\":2,\"name\":\"La jueza confirm\u00f3 que los restos hallados son del joven Facundo Astudillo Castro\"}]},{\"@type\":\"WebSite\",\"@id\":\"https:\/\/www.noticiasradioreflejos.com.ar\/2021\/#website\",\"url\":\"https:\/\/www.noticiasradioreflejos.com.ar\/2021\/\",\"name\":\"Noticias Radio Reflejos\",\"description\":\"Las noticias de mi comarca\",\"potentialAction\":[{\"@type\":\"SearchAction\",\"target\":{\"@type\":\"EntryPoint\",\"urlTemplate\":\"https:\/\/www.noticiasradioreflejos.com.ar\/2021\/?s={search_term_string}\"},\"query-input\":{\"@type\":\"PropertyValueSpecification\",\"valueRequired\":true,\"valueName\":\"search_term_string\"}}],\"inLanguage\":\"es\"},{\"@type\":\"Person\",\"@id\":\"https:\/\/www.noticiasradioreflejos.com.ar\/2021\/#\/schema\/person\/ad82545263dcc5ec0996818884fd5fb1\",\"name\":\"Arnaldo Botto\",\"image\":{\"@type\":\"ImageObject\",\"inLanguage\":\"es\",\"@id\":\"https:\/\/www.noticiasradioreflejos.com.ar\/2021\/#\/schema\/person\/image\/\",\"url\":\"https:\/\/secure.gravatar.com\/avatar\/55cb5e37c1efa326397366e6974cb338056df65cb50e7d64d1cf314e87504837?s=96&d=mm&r=g\",\"contentUrl\":\"https:\/\/secure.gravatar.com\/avatar\/55cb5e37c1efa326397366e6974cb338056df65cb50e7d64d1cf314e87504837?s=96&d=mm&r=g\",\"caption\":\"Arnaldo Botto\"},\"url\":\"https:\/\/www.noticiasradioreflejos.com.ar\/2021\/author\/arnaldo\/\"}]}<\/script>\n<!-- \/ Yoast SEO plugin. -->","yoast_head_json":{"title":"La jueza confirm\u00f3 que los restos hallados son del joven Facundo Astudillo Castro - Noticias Radio Reflejos","robots":{"index":"index","follow":"follow","max-snippet":"max-snippet:-1","max-image-preview":"max-image-preview:large","max-video-preview":"max-video-preview:-1"},"canonical":"https:\/\/www.noticiasradioreflejos.com.ar\/2021\/la-jueza-confirmo-que-los-restos-hallados-son-del-joven-facundo-astudillo-castro\/","og_locale":"es_ES","og_type":"article","og_title":"La jueza confirm\u00f3 que los restos hallados son del joven Facundo Astudillo Castro - Noticias Radio Reflejos","og_description":"La jueza federal Mar\u00eda Gabriela Marr\u00f3n confirm\u00f3 este mediod\u00eda que el cuerpo encontrado en la localidad bonaerense de General Daniel Cerri pertenece al joven Facundo Astudillo Castro, desaparecido el 30 de abril \u00faltimo, seg\u00fan inform\u00f3 la Comisi\u00f3n Provincial por la Memoria (CPM).","og_url":"https:\/\/www.noticiasradioreflejos.com.ar\/2021\/la-jueza-confirmo-que-los-restos-hallados-son-del-joven-facundo-astudillo-castro\/","og_site_name":"Noticias Radio Reflejos","article_published_time":"2020-09-02T16:02:24+00:00","og_image":[{"width":300,"height":200,"url":"https:\/\/www.noticiasradioreflejos.com.ar\/2021\/wp-content\/uploads\/2021\/07\/logosol300x200.png","type":"image\/png"}],"author":"Arnaldo Botto","twitter_card":"summary_large_image","schema":{"@context":"https:\/\/schema.org","@graph":[{"@type":"WebPage","@id":"https:\/\/www.noticiasradioreflejos.com.ar\/2021\/la-jueza-confirmo-que-los-restos-hallados-son-del-joven-facundo-astudillo-castro\/","url":"https:\/\/www.noticiasradioreflejos.com.ar\/2021\/la-jueza-confirmo-que-los-restos-hallados-son-del-joven-facundo-astudillo-castro\/","name":"La jueza confirm\u00f3 que los restos hallados son del joven Facundo Astudillo Castro - Noticias Radio Reflejos","isPartOf":{"@id":"https:\/\/www.noticiasradioreflejos.com.ar\/2021\/#website"},"datePublished":"2020-09-02T16:02:24+00:00","author":{"@id":"https:\/\/www.noticiasradioreflejos.com.ar\/2021\/#\/schema\/person\/ad82545263dcc5ec0996818884fd5fb1"},"breadcrumb":{"@id":"https:\/\/www.noticiasradioreflejos.com.ar\/2021\/la-jueza-confirmo-que-los-restos-hallados-son-del-joven-facundo-astudillo-castro\/#breadcrumb"},"inLanguage":"es","potentialAction":[{"@type":"ReadAction","target":["https:\/\/www.noticiasradioreflejos.com.ar\/2021\/la-jueza-confirmo-que-los-restos-hallados-son-del-joven-facundo-astudillo-castro\/"]}]},{"@type":"BreadcrumbList","@id":"https:\/\/www.noticiasradioreflejos.com.ar\/2021\/la-jueza-confirmo-que-los-restos-hallados-son-del-joven-facundo-astudillo-castro\/#breadcrumb","itemListElement":[{"@type":"ListItem","position":1,"name":"Portada","item":"https:\/\/www.noticiasradioreflejos.com.ar\/2021\/"},{"@type":"ListItem","position":2,"name":"La jueza confirm\u00f3 que los restos hallados son del joven Facundo Astudillo Castro"}]},{"@type":"WebSite","@id":"https:\/\/www.noticiasradioreflejos.com.ar\/2021\/#website","url":"https:\/\/www.noticiasradioreflejos.com.ar\/2021\/","name":"Noticias Radio Reflejos","description":"Las noticias de mi comarca","potentialAction":[{"@type":"SearchAction","target":{"@type":"EntryPoint","urlTemplate":"https:\/\/www.noticiasradioreflejos.com.ar\/2021\/?s={search_term_string}"},"query-input":{"@type":"PropertyValueSpecification","valueRequired":true,"valueName":"search_term_string"}}],"inLanguage":"es"},{"@type":"Person","@id":"https:\/\/www.noticiasradioreflejos.com.ar\/2021\/#\/schema\/person\/ad82545263dcc5ec0996818884fd5fb1","name":"Arnaldo Botto","image":{"@type":"ImageObject","inLanguage":"es","@id":"https:\/\/www.noticiasradioreflejos.com.ar\/2021\/#\/schema\/person\/image\/","url":"https:\/\/secure.gravatar.com\/avatar\/55cb5e37c1efa326397366e6974cb338056df65cb50e7d64d1cf314e87504837?s=96&d=mm&r=g","contentUrl":"https:\/\/secure.gravatar.com\/avatar\/55cb5e37c1efa326397366e6974cb338056df65cb50e7d64d1cf314e87504837?s=96&d=mm&r=g","caption":"Arnaldo Botto"},"url":"https:\/\/www.noticiasradioreflejos.com.ar\/2021\/author\/arnaldo\/"}]}},"_links":{"self":[{"href":"https:\/\/www.noticiasradioreflejos.com.ar\/2021\/wp-json\/wp\/v2\/posts\/46491","targetHints":{"allow":["GET"]}}],"collection":[{"href":"https:\/\/www.noticiasradioreflejos.com.ar\/2021\/wp-json\/wp\/v2\/posts"}],"about":[{"href":"https:\/\/www.noticiasradioreflejos.com.ar\/2021\/wp-json\/wp\/v2\/types\/post"}],"author":[{"embeddable":true,"href":"https:\/\/www.noticiasradioreflejos.com.ar\/2021\/wp-json\/wp\/v2\/users\/3"}],"replies":[{"embeddable":true,"href":"https:\/\/www.noticiasradioreflejos.com.ar\/2021\/wp-json\/wp\/v2\/comments?post=46491"}],"version-history":[{"count":0,"href":"https:\/\/www.noticiasradioreflejos.com.ar\/2021\/wp-json\/wp\/v2\/posts\/46491\/revisions"}],"wp:attachment":[{"href":"https:\/\/www.noticiasradioreflejos.com.ar\/2021\/wp-json\/wp\/v2\/media?parent=46491"}],"wp:term":[{"taxonomy":"category","embeddable":true,"href":"https:\/\/www.noticiasradioreflejos.com.ar\/2021\/wp-json\/wp\/v2\/categories?post=46491"},{"taxonomy":"post_tag","embeddable":true,"href":"https:\/\/www.noticiasradioreflejos.com.ar\/2021\/wp-json\/wp\/v2\/tags?post=46491"}],"curies":[{"name":"wp","href":"https:\/\/api.w.org\/{rel}","templated":true}]}}