{"id":46417,"date":"2020-08-31T16:29:05","date_gmt":"2020-08-31T19:29:05","guid":{"rendered":"http:\/\/www.noticiasradioreflejos.com.ar\/noticias\/?p=46417"},"modified":"2020-08-31T16:29:05","modified_gmt":"2020-08-31T19:29:05","slug":"saldungaray-con-7-casos-de-covid-nota-al-intendente-sergio-bordoni","status":"publish","type":"post","link":"https:\/\/www.noticiasradioreflejos.com.ar\/2021\/saldungaray-con-7-casos-de-covid-nota-al-intendente-sergio-bordoni\/","title":{"rendered":"Saldungaray con 7 casos de Covid &#8211; Nota al Intendente Sergio Bordoni."},"content":{"rendered":"<p>Esta ma\u00f1ana, dialogamos con el Intendente Sergio Bordoni quien nos explica la situaci\u00f3n sanitaria actual a ra\u00edz de los casos aparecidos en Saldungaray. Adem\u00e1s, nos pone al d\u00eda con la realidad del sistema sanitario tornquistense, opina sobre la extensi\u00f3n de la cuarentena y comparte algunos de los proyectos en vistas de concresi\u00f3n.<!--more--><\/p>\n<p>\u00abPor suerte el distrito viene estable en relaci\u00f3n a los casos positivos y a los que se van recuperando\u00bb mencion\u00f3 Sergio al comenzar la nota. Hoy en d\u00eda hay 34 casos positivos en Tornquist, 7 en Saldungaray, 2 en Tres Picos (zona rural), 2 en Felipe Sol\u00e1 (zona rural) y 1 en Sierra de la Ventana. \u00abTenemos 46 activos de los cuales en Tornquist tenemos s\u00f3lo 3 internados en la zona de covid, 1 por cuestiones espec\u00edficas de atenci\u00f3n, 2 est\u00e1n esperando el resultado del hisopado. Adem\u00e1s hay 1 persona del servicio penitenciario que anda con s\u00edntomas y tambi\u00e9n se encuentra aislado en el hospital. Por suerte, ninguno ha necesitado asistencia respiratoria\u00bb explic\u00f3 el Intendente la situaci\u00f3n actual sanitaria de nuestro distrito.<\/p>\n<p>Sergio cuenta que las camas de Covid se encuentran ocupadas por los casos sospechosos, pero, de todas maneras, se cuenta con 32 camas extras disponibles de otras instituciones. \u00abSi seguimos como venimos, yo creo que vamos bastante bien\u00bb expres\u00f3. Adem\u00e1s, el intendente resalta que \u00absi hay algo que ha hecho la gente de salud, es hisopar a much\u00edsima gente porque ante la urgencia, no dudamos de mandarlos a laboratorios privados donde en el t\u00e9rmino de 10 horas tenemos los resultados y agiliza la toma de decidir a qui\u00e9n aislar y a qui\u00e9n no\u00bb. Bordoni admite que este procedimiento es muy costoso ya que cada hisopado costa entre $3500 y $4000.<\/p>\n<p>\u00abSi la gente colabora, es m\u00e1s f\u00e1cil la tarea para los m\u00e9dicos\u00bb dijo el Intendente cuando le preguntamos si a medida que fueron pasando los d\u00edas, se les hizo m\u00e1s llevadera la tarea de encargarse de aislar a quienes corresponde. Sergio sostiene que es muy importante que la gente diga la verdad, cosa que a veces hace falta. \u00abHay gente que colabora y hay gente que no, hay de todo\u00bb expres\u00f3.<\/p>\n<p>Tornquist sigue con restricci\u00f3n en fase 4, pero el Intendente menciona que \u00abprobablemente se puedan abrir bares y restaurantes aunque por el momento vamos a seguir as\u00ed\u00bb. Adem\u00e1s, mantiene que \u00abest\u00e1 comprobado que el virus no entra por el turismo. Tornquist no es una ciudad tur\u00edstica con respecto a las dem\u00e1s localidades del distrito y es la que m\u00e1s est\u00e1 infectada. Si la gente est\u00e1 preocupada porque entren turistas y nos contagien, eso ac\u00e1 no sucedi\u00f3\u00bb y agreg\u00f3 convencido \u00abd\u00e9mosle la derecha a la gente que tiene que trabajar\u00bb. Por otro lado, Bordoni comunica que se ablandaran los controles para el ingreso de personas con viviendas en el distrito con la autorizaci\u00f3n de entrada hasta 10 personas.<\/p>\n<p>\u00abSeg\u00fan el Gobernador, algunas localidades deber\u00edan hasta volver a fase 1. Pero \u00bfqu\u00e9 va a pasar con el verano?, es muy dif\u00edcil tomar estas decisiones. Yo creo que en la temporada esto va a estallar si sigue as\u00ed. Entiendo que es un virus que se contagia muy r\u00e1pido, pero tambi\u00e9n es cierto que la mortalidad que llevamos en el pa\u00eds es baja en relaci\u00f3n con otros pa\u00edses\u00bb opin\u00f3 Sergio al hablar sobre la extensi\u00f3n de la cuarentena. Tambi\u00e9n sostiene que puede visualizar cierta relajaci\u00f3n en los controles y medidas de otros distritos porque la gente ya se encuentra cansada de toda esta situaci\u00f3n.<\/p>\n<p>Le preguntamos al Intendente cu\u00e1les son las medidas que, a nivel local, se tomar\u00edan para apoyar al turismo, a lo que respondi\u00f3: \u00abDe Provincia todav\u00eda no han bajado nada en lo que es turismo. Lo \u00fanico que sabemos es lo que se habla en la televisi\u00f3n o en las redes sociales. Pero vuelvo a decir; si quieren mantener esta cuarentena a trav\u00e9s del tiempo, \u00bfcon qu\u00e9 recurso se va a pagar?. En nuestro distrito hay gente que se endeud\u00f3 mucho, es dif\u00edcil la situaci\u00f3n y espero que el gobierno nacional y provincial vislumbre alguna salida positiva en cuanto a lo econ\u00f3mico\u00bb.<\/p>\n<p>Cuando le pedimos una opini\u00f3n acerca sobre el Impuesto a las Grandes Fortunas, Sergio expres\u00f3: \u00abMe acuerdo cuando se aplic\u00f3 el impuesto al cheque por \u00fanica vez, pero hoy en d\u00eda se sigue haciendo. Creo que en Argentina cada vez que se pone un impuesto es muy dif\u00edcil que lo saquen. Lo he visto en 34 a\u00f1os de Banco; cada vez que pusieron un impuesto en funcionamiento por \u00fanica vez, nunca lo sacaron. Me parece bien que quieran ayudar a los que m\u00e1s lo necesitan, pero deber\u00eda cumplir con ser cobrado una sola vez porque despu\u00e9s nadie va a querer venir a invertir en la Argentina\u00bb.<\/p>\n<p>Adem\u00e1s del proyecto de poder implementar la SUBE a medios locales, Bordoni cuenta que est\u00e1 avanzando en otros proyectos con la Secretar\u00eda de Transporte, como por ejemplo la realizaci\u00f3n de tr\u00e1mites de carnets de conducir y entrega de los mismos en Sierra de la Ventana. El proyecto nace con el fin de evitar que las personas de Saldungaray, Villa Ventana y Sierra tengan que trasladarse a Tornquist para realizar dichos tr\u00e1mites. Por otro lado, est\u00e1n presentados los proyectos para colocar las cloacas en Sierra de la Ventana y en Saldungaray. Tambi\u00e9n la ampliaci\u00f3n de red cloacal en Tornquist, entre otros.<\/p>\n<p>Nota completa a continuaci\u00f3n:<br \/>\n<iframe loading=\"lazy\" width=\"100%\" height=\"300\" scrolling=\"no\" frameborder=\"no\" allow=\"autoplay\" src=\"https:\/\/w.soundcloud.com\/player\/?url=https%3A\/\/api.soundcloud.com\/tracks\/885032215&#038;color=%23ff5500&#038;auto_play=false&#038;hide_related=false&#038;show_comments=true&#038;show_user=true&#038;show_reposts=false&#038;show_teaser=true&#038;visual=true\"><\/iframe><\/p>\n<div style=\"font-size: 10px; color: #cccccc;line-break: anywhere;word-break: normal;overflow: hidden;white-space: nowrap;text-overflow: ellipsis; font-family: Interstate,Lucida Grande,Lucida Sans Unicode,Lucida Sans,Garuda,Verdana,Tahoma,sans-serif;font-weight: 100;\"><a href=\"https:\/\/soundcloud.com\/fmreflejos-103-7\" title=\"fmreflejos 103.7\" target=\"_blank\" style=\"color: #cccccc; text-decoration: none;\" rel=\"noopener\">fmreflejos 103.7<\/a> \u00b7 <a href=\"https:\/\/soundcloud.com\/fmreflejos-103-7\/nota-sergio-bordoni-7\" title=\"Nota Sergio Bordoni\" target=\"_blank\" style=\"color: #cccccc; text-decoration: none;\" rel=\"noopener\">Nota Sergio Bordoni<\/a><\/div>\n","protected":false},"excerpt":{"rendered":"<p>Esta ma\u00f1ana, dialogamos con el Intendente Sergio Bordoni quien nos explica la situaci\u00f3n sanitaria actual a ra\u00edz de los casos aparecidos en Saldungaray. Adem\u00e1s, nos pone al d\u00eda con la realidad del sistema sanitario tornquistense, opina sobre la extensi\u00f3n de la cuarentena y comparte algunos de los proyectos en vistas de concresi\u00f3n.<\/p>\n","protected":false},"author":3,"featured_media":0,"comment_status":"closed","ping_status":"open","sticky":false,"template":"","format":"standard","meta":{"footnotes":""},"categories":[30],"tags":[],"class_list":["post-46417","post","type-post","status-publish","format-standard","hentry","category-salud"],"yoast_head":"<!-- This site is optimized with the Yoast SEO plugin v25.9 - https:\/\/yoast.com\/wordpress\/plugins\/seo\/ -->\n<title>Saldungaray con 7 casos de Covid - Nota al Intendente Sergio Bordoni. - Noticias Radio Reflejos<\/title>\n<meta name=\"robots\" content=\"index, follow, max-snippet:-1, max-image-preview:large, max-video-preview:-1\" \/>\n<link rel=\"canonical\" href=\"https:\/\/www.noticiasradioreflejos.com.ar\/2021\/saldungaray-con-7-casos-de-covid-nota-al-intendente-sergio-bordoni\/\" \/>\n<meta property=\"og:locale\" content=\"es_ES\" \/>\n<meta property=\"og:type\" content=\"article\" \/>\n<meta property=\"og:title\" content=\"Saldungaray con 7 casos de Covid - Nota al Intendente Sergio Bordoni. - Noticias Radio Reflejos\" \/>\n<meta property=\"og:description\" content=\"Esta ma\u00f1ana, dialogamos con el Intendente Sergio Bordoni quien nos explica la situaci\u00f3n sanitaria actual a ra\u00edz de los casos aparecidos en Saldungaray. Adem\u00e1s, nos pone al d\u00eda con la realidad del sistema sanitario tornquistense, opina sobre la extensi\u00f3n de la cuarentena y comparte algunos de los proyectos en vistas de concresi\u00f3n.\" \/>\n<meta property=\"og:url\" content=\"https:\/\/www.noticiasradioreflejos.com.ar\/2021\/saldungaray-con-7-casos-de-covid-nota-al-intendente-sergio-bordoni\/\" \/>\n<meta property=\"og:site_name\" content=\"Noticias Radio Reflejos\" \/>\n<meta property=\"article:published_time\" content=\"2020-08-31T19:29:05+00:00\" \/>\n<meta property=\"og:image\" content=\"https:\/\/www.noticiasradioreflejos.com.ar\/2021\/wp-content\/uploads\/2021\/07\/logosol300x200.png\" \/>\n\t<meta property=\"og:image:width\" content=\"300\" \/>\n\t<meta property=\"og:image:height\" content=\"200\" \/>\n\t<meta property=\"og:image:type\" content=\"image\/png\" \/>\n<meta name=\"author\" content=\"Arnaldo Botto\" \/>\n<meta name=\"twitter:card\" content=\"summary_large_image\" \/>\n<script type=\"application\/ld+json\" class=\"yoast-schema-graph\">{\"@context\":\"https:\/\/schema.org\",\"@graph\":[{\"@type\":\"WebPage\",\"@id\":\"https:\/\/www.noticiasradioreflejos.com.ar\/2021\/saldungaray-con-7-casos-de-covid-nota-al-intendente-sergio-bordoni\/\",\"url\":\"https:\/\/www.noticiasradioreflejos.com.ar\/2021\/saldungaray-con-7-casos-de-covid-nota-al-intendente-sergio-bordoni\/\",\"name\":\"Saldungaray con 7 casos de Covid - Nota al Intendente Sergio Bordoni. - Noticias Radio Reflejos\",\"isPartOf\":{\"@id\":\"https:\/\/www.noticiasradioreflejos.com.ar\/2021\/#website\"},\"datePublished\":\"2020-08-31T19:29:05+00:00\",\"author\":{\"@id\":\"https:\/\/www.noticiasradioreflejos.com.ar\/2021\/#\/schema\/person\/ad82545263dcc5ec0996818884fd5fb1\"},\"breadcrumb\":{\"@id\":\"https:\/\/www.noticiasradioreflejos.com.ar\/2021\/saldungaray-con-7-casos-de-covid-nota-al-intendente-sergio-bordoni\/#breadcrumb\"},\"inLanguage\":\"es\",\"potentialAction\":[{\"@type\":\"ReadAction\",\"target\":[\"https:\/\/www.noticiasradioreflejos.com.ar\/2021\/saldungaray-con-7-casos-de-covid-nota-al-intendente-sergio-bordoni\/\"]}]},{\"@type\":\"BreadcrumbList\",\"@id\":\"https:\/\/www.noticiasradioreflejos.com.ar\/2021\/saldungaray-con-7-casos-de-covid-nota-al-intendente-sergio-bordoni\/#breadcrumb\",\"itemListElement\":[{\"@type\":\"ListItem\",\"position\":1,\"name\":\"Portada\",\"item\":\"https:\/\/www.noticiasradioreflejos.com.ar\/2021\/\"},{\"@type\":\"ListItem\",\"position\":2,\"name\":\"Saldungaray con 7 casos de Covid &#8211; Nota al Intendente Sergio Bordoni.\"}]},{\"@type\":\"WebSite\",\"@id\":\"https:\/\/www.noticiasradioreflejos.com.ar\/2021\/#website\",\"url\":\"https:\/\/www.noticiasradioreflejos.com.ar\/2021\/\",\"name\":\"Noticias Radio Reflejos\",\"description\":\"Las noticias de mi comarca\",\"potentialAction\":[{\"@type\":\"SearchAction\",\"target\":{\"@type\":\"EntryPoint\",\"urlTemplate\":\"https:\/\/www.noticiasradioreflejos.com.ar\/2021\/?s={search_term_string}\"},\"query-input\":{\"@type\":\"PropertyValueSpecification\",\"valueRequired\":true,\"valueName\":\"search_term_string\"}}],\"inLanguage\":\"es\"},{\"@type\":\"Person\",\"@id\":\"https:\/\/www.noticiasradioreflejos.com.ar\/2021\/#\/schema\/person\/ad82545263dcc5ec0996818884fd5fb1\",\"name\":\"Arnaldo Botto\",\"image\":{\"@type\":\"ImageObject\",\"inLanguage\":\"es\",\"@id\":\"https:\/\/www.noticiasradioreflejos.com.ar\/2021\/#\/schema\/person\/image\/\",\"url\":\"https:\/\/secure.gravatar.com\/avatar\/55cb5e37c1efa326397366e6974cb338056df65cb50e7d64d1cf314e87504837?s=96&d=mm&r=g\",\"contentUrl\":\"https:\/\/secure.gravatar.com\/avatar\/55cb5e37c1efa326397366e6974cb338056df65cb50e7d64d1cf314e87504837?s=96&d=mm&r=g\",\"caption\":\"Arnaldo Botto\"},\"url\":\"https:\/\/www.noticiasradioreflejos.com.ar\/2021\/author\/arnaldo\/\"}]}<\/script>\n<!-- \/ Yoast SEO plugin. -->","yoast_head_json":{"title":"Saldungaray con 7 casos de Covid - Nota al Intendente Sergio Bordoni. - Noticias Radio Reflejos","robots":{"index":"index","follow":"follow","max-snippet":"max-snippet:-1","max-image-preview":"max-image-preview:large","max-video-preview":"max-video-preview:-1"},"canonical":"https:\/\/www.noticiasradioreflejos.com.ar\/2021\/saldungaray-con-7-casos-de-covid-nota-al-intendente-sergio-bordoni\/","og_locale":"es_ES","og_type":"article","og_title":"Saldungaray con 7 casos de Covid - Nota al Intendente Sergio Bordoni. - Noticias Radio Reflejos","og_description":"Esta ma\u00f1ana, dialogamos con el Intendente Sergio Bordoni quien nos explica la situaci\u00f3n sanitaria actual a ra\u00edz de los casos aparecidos en Saldungaray. Adem\u00e1s, nos pone al d\u00eda con la realidad del sistema sanitario tornquistense, opina sobre la extensi\u00f3n de la cuarentena y comparte algunos de los proyectos en vistas de concresi\u00f3n.","og_url":"https:\/\/www.noticiasradioreflejos.com.ar\/2021\/saldungaray-con-7-casos-de-covid-nota-al-intendente-sergio-bordoni\/","og_site_name":"Noticias Radio Reflejos","article_published_time":"2020-08-31T19:29:05+00:00","og_image":[{"width":300,"height":200,"url":"https:\/\/www.noticiasradioreflejos.com.ar\/2021\/wp-content\/uploads\/2021\/07\/logosol300x200.png","type":"image\/png"}],"author":"Arnaldo Botto","twitter_card":"summary_large_image","schema":{"@context":"https:\/\/schema.org","@graph":[{"@type":"WebPage","@id":"https:\/\/www.noticiasradioreflejos.com.ar\/2021\/saldungaray-con-7-casos-de-covid-nota-al-intendente-sergio-bordoni\/","url":"https:\/\/www.noticiasradioreflejos.com.ar\/2021\/saldungaray-con-7-casos-de-covid-nota-al-intendente-sergio-bordoni\/","name":"Saldungaray con 7 casos de Covid - Nota al Intendente Sergio Bordoni. - Noticias Radio Reflejos","isPartOf":{"@id":"https:\/\/www.noticiasradioreflejos.com.ar\/2021\/#website"},"datePublished":"2020-08-31T19:29:05+00:00","author":{"@id":"https:\/\/www.noticiasradioreflejos.com.ar\/2021\/#\/schema\/person\/ad82545263dcc5ec0996818884fd5fb1"},"breadcrumb":{"@id":"https:\/\/www.noticiasradioreflejos.com.ar\/2021\/saldungaray-con-7-casos-de-covid-nota-al-intendente-sergio-bordoni\/#breadcrumb"},"inLanguage":"es","potentialAction":[{"@type":"ReadAction","target":["https:\/\/www.noticiasradioreflejos.com.ar\/2021\/saldungaray-con-7-casos-de-covid-nota-al-intendente-sergio-bordoni\/"]}]},{"@type":"BreadcrumbList","@id":"https:\/\/www.noticiasradioreflejos.com.ar\/2021\/saldungaray-con-7-casos-de-covid-nota-al-intendente-sergio-bordoni\/#breadcrumb","itemListElement":[{"@type":"ListItem","position":1,"name":"Portada","item":"https:\/\/www.noticiasradioreflejos.com.ar\/2021\/"},{"@type":"ListItem","position":2,"name":"Saldungaray con 7 casos de Covid &#8211; Nota al Intendente Sergio Bordoni."}]},{"@type":"WebSite","@id":"https:\/\/www.noticiasradioreflejos.com.ar\/2021\/#website","url":"https:\/\/www.noticiasradioreflejos.com.ar\/2021\/","name":"Noticias Radio Reflejos","description":"Las noticias de mi comarca","potentialAction":[{"@type":"SearchAction","target":{"@type":"EntryPoint","urlTemplate":"https:\/\/www.noticiasradioreflejos.com.ar\/2021\/?s={search_term_string}"},"query-input":{"@type":"PropertyValueSpecification","valueRequired":true,"valueName":"search_term_string"}}],"inLanguage":"es"},{"@type":"Person","@id":"https:\/\/www.noticiasradioreflejos.com.ar\/2021\/#\/schema\/person\/ad82545263dcc5ec0996818884fd5fb1","name":"Arnaldo Botto","image":{"@type":"ImageObject","inLanguage":"es","@id":"https:\/\/www.noticiasradioreflejos.com.ar\/2021\/#\/schema\/person\/image\/","url":"https:\/\/secure.gravatar.com\/avatar\/55cb5e37c1efa326397366e6974cb338056df65cb50e7d64d1cf314e87504837?s=96&d=mm&r=g","contentUrl":"https:\/\/secure.gravatar.com\/avatar\/55cb5e37c1efa326397366e6974cb338056df65cb50e7d64d1cf314e87504837?s=96&d=mm&r=g","caption":"Arnaldo Botto"},"url":"https:\/\/www.noticiasradioreflejos.com.ar\/2021\/author\/arnaldo\/"}]}},"_links":{"self":[{"href":"https:\/\/www.noticiasradioreflejos.com.ar\/2021\/wp-json\/wp\/v2\/posts\/46417","targetHints":{"allow":["GET"]}}],"collection":[{"href":"https:\/\/www.noticiasradioreflejos.com.ar\/2021\/wp-json\/wp\/v2\/posts"}],"about":[{"href":"https:\/\/www.noticiasradioreflejos.com.ar\/2021\/wp-json\/wp\/v2\/types\/post"}],"author":[{"embeddable":true,"href":"https:\/\/www.noticiasradioreflejos.com.ar\/2021\/wp-json\/wp\/v2\/users\/3"}],"replies":[{"embeddable":true,"href":"https:\/\/www.noticiasradioreflejos.com.ar\/2021\/wp-json\/wp\/v2\/comments?post=46417"}],"version-history":[{"count":0,"href":"https:\/\/www.noticiasradioreflejos.com.ar\/2021\/wp-json\/wp\/v2\/posts\/46417\/revisions"}],"wp:attachment":[{"href":"https:\/\/www.noticiasradioreflejos.com.ar\/2021\/wp-json\/wp\/v2\/media?parent=46417"}],"wp:term":[{"taxonomy":"category","embeddable":true,"href":"https:\/\/www.noticiasradioreflejos.com.ar\/2021\/wp-json\/wp\/v2\/categories?post=46417"},{"taxonomy":"post_tag","embeddable":true,"href":"https:\/\/www.noticiasradioreflejos.com.ar\/2021\/wp-json\/wp\/v2\/tags?post=46417"}],"curies":[{"name":"wp","href":"https:\/\/api.w.org\/{rel}","templated":true}]}}