{"id":46412,"date":"2020-08-31T11:21:57","date_gmt":"2020-08-31T14:21:57","guid":{"rendered":"http:\/\/www.noticiasradioreflejos.com.ar\/noticias\/?p=46412"},"modified":"2020-08-31T11:21:57","modified_gmt":"2020-08-31T14:21:57","slug":"reporte-situacion-epidemiologica-por-covid-19-al-31-de-agosto","status":"publish","type":"post","link":"https:\/\/www.noticiasradioreflejos.com.ar\/2021\/reporte-situacion-epidemiologica-por-covid-19-al-31-de-agosto\/","title":{"rendered":"Reporte situaci\u00f3n epidemiol\u00f3gica por covid-19 al  31 de agosto"},"content":{"rendered":"<p>Tornquist Municipio, a trav\u00e9s de la Secretar\u00eda de Salud actualiza los datos de la situaci\u00f3n epidemiol\u00f3gica que atraviesa el distrito al d\u00eda de hoy, 31 de agosto de 2020. <!--more--><br \/>\nLa situaci\u00f3n del distrito, se encuentra estable, el n\u00famero de casos activos de Covid-19 no creci\u00f3 significativamente en el \u00faltimo fin de semana. El dato que debemos resaltar, es que han aparecido nuevos contagios en localidades que no presentaban ninguno. Es importante enfatizar, que han crecidos los pacientes que se han recuperado y han sido dados de alta m\u00e9dica. <\/p>\n<p>En tal sentido, detallamos la situaci\u00f3n de las distintas localidades: <\/p>\n<p>Tornquist\t34<br \/>\nSaldungaray\t7<br \/>\nTres Picos\t2 (Zona Rural)<br \/>\nFelipe Sola\t2 (Zona Rural)<br \/>\nSierra de la Ventana\t1<\/p>\n<p>En lo que respecta al estado de salud de las personas que enfrentan la enfermedad, la mayor\u00eda atraviesa la misma sin dificultades ni complicaciones. En este momento, hay tres vecinos (un caso activo, y dos sospechosos) internados en el \u00e1rea Covid-19, del Hospital Dr. Alberto Castro, que no revisten gravedad, ni se encuentran con asistencia respiratoria.<br \/>\nLa persona que se encontraba transitando la enfermedad en la Sala de Primeros Auxilios Dr. Emilio Aldaya, oriunda de Saldungaray, ha sido dado de alta. Al momento, en el centro m\u00e9dico no hay personas internadas.<br \/>\nLos dos pacientes, oriundos de la zona rural de Felipe Sol\u00e1, de edad avanzada, ser\u00e1n dados de alta el d\u00eda de hoy, del Hospital Espa\u00f1ol.<br \/>\nEs importante destacar que ha logrado estabilizarse el n\u00famero de casos activos, sin necesidad de generar un cambio de fase que implique la suspensi\u00f3n de actividades productivas, y\/o de esparcimiento en nuestro distrito. La diferenciaci\u00f3n entre las localidades ha permitido que el sector tur\u00edstico, pueda seguir trabajando, a peque\u00f1a escala, generando nuevos ingresos. <\/p>\n","protected":false},"excerpt":{"rendered":"<p>Tornquist Municipio, a trav\u00e9s de la Secretar\u00eda de Salud actualiza los datos de la situaci\u00f3n epidemiol\u00f3gica que atraviesa el distrito al d\u00eda de hoy, 31 de agosto de 2020.<\/p>\n","protected":false},"author":3,"featured_media":46090,"comment_status":"closed","ping_status":"open","sticky":false,"template":"","format":"standard","meta":{"footnotes":""},"categories":[30],"tags":[],"class_list":["post-46412","post","type-post","status-publish","format-standard","has-post-thumbnail","hentry","category-salud"],"yoast_head":"<!-- This site is optimized with the Yoast SEO plugin v25.9 - https:\/\/yoast.com\/wordpress\/plugins\/seo\/ -->\n<title>Reporte situaci\u00f3n epidemiol\u00f3gica por covid-19 al 31 de agosto - Noticias Radio Reflejos<\/title>\n<meta name=\"robots\" content=\"index, follow, max-snippet:-1, max-image-preview:large, max-video-preview:-1\" \/>\n<link rel=\"canonical\" href=\"https:\/\/www.noticiasradioreflejos.com.ar\/2021\/reporte-situacion-epidemiologica-por-covid-19-al-31-de-agosto\/\" \/>\n<meta property=\"og:locale\" content=\"es_ES\" \/>\n<meta property=\"og:type\" content=\"article\" \/>\n<meta property=\"og:title\" content=\"Reporte situaci\u00f3n epidemiol\u00f3gica por covid-19 al 31 de agosto - Noticias Radio Reflejos\" \/>\n<meta property=\"og:description\" content=\"Tornquist Municipio, a trav\u00e9s de la Secretar\u00eda de Salud actualiza los datos de la situaci\u00f3n epidemiol\u00f3gica que atraviesa el distrito al d\u00eda de hoy, 31 de agosto de 2020.\" \/>\n<meta property=\"og:url\" content=\"https:\/\/www.noticiasradioreflejos.com.ar\/2021\/reporte-situacion-epidemiologica-por-covid-19-al-31-de-agosto\/\" \/>\n<meta property=\"og:site_name\" content=\"Noticias Radio Reflejos\" \/>\n<meta property=\"article:published_time\" content=\"2020-08-31T14:21:57+00:00\" \/>\n<meta property=\"og:image\" content=\"https:\/\/www.noticiasradioreflejos.com.ar\/2021\/wp-content\/uploads\/2020\/08\/20200823_011746_5611011805853563863.png\" \/>\n\t<meta property=\"og:image:width\" content=\"966\" \/>\n\t<meta property=\"og:image:height\" content=\"929\" \/>\n\t<meta property=\"og:image:type\" content=\"image\/png\" \/>\n<meta name=\"author\" content=\"Arnaldo Botto\" \/>\n<meta name=\"twitter:card\" content=\"summary_large_image\" \/>\n<script type=\"application\/ld+json\" class=\"yoast-schema-graph\">{\"@context\":\"https:\/\/schema.org\",\"@graph\":[{\"@type\":\"WebPage\",\"@id\":\"https:\/\/www.noticiasradioreflejos.com.ar\/2021\/reporte-situacion-epidemiologica-por-covid-19-al-31-de-agosto\/\",\"url\":\"https:\/\/www.noticiasradioreflejos.com.ar\/2021\/reporte-situacion-epidemiologica-por-covid-19-al-31-de-agosto\/\",\"name\":\"Reporte situaci\u00f3n epidemiol\u00f3gica por covid-19 al 31 de agosto - Noticias Radio Reflejos\",\"isPartOf\":{\"@id\":\"https:\/\/www.noticiasradioreflejos.com.ar\/2021\/#website\"},\"primaryImageOfPage\":{\"@id\":\"https:\/\/www.noticiasradioreflejos.com.ar\/2021\/reporte-situacion-epidemiologica-por-covid-19-al-31-de-agosto\/#primaryimage\"},\"image\":{\"@id\":\"https:\/\/www.noticiasradioreflejos.com.ar\/2021\/reporte-situacion-epidemiologica-por-covid-19-al-31-de-agosto\/#primaryimage\"},\"thumbnailUrl\":\"https:\/\/www.noticiasradioreflejos.com.ar\/2021\/wp-content\/uploads\/2020\/08\/20200823_011746_5611011805853563863.png\",\"datePublished\":\"2020-08-31T14:21:57+00:00\",\"author\":{\"@id\":\"https:\/\/www.noticiasradioreflejos.com.ar\/2021\/#\/schema\/person\/ad82545263dcc5ec0996818884fd5fb1\"},\"breadcrumb\":{\"@id\":\"https:\/\/www.noticiasradioreflejos.com.ar\/2021\/reporte-situacion-epidemiologica-por-covid-19-al-31-de-agosto\/#breadcrumb\"},\"inLanguage\":\"es\",\"potentialAction\":[{\"@type\":\"ReadAction\",\"target\":[\"https:\/\/www.noticiasradioreflejos.com.ar\/2021\/reporte-situacion-epidemiologica-por-covid-19-al-31-de-agosto\/\"]}]},{\"@type\":\"ImageObject\",\"inLanguage\":\"es\",\"@id\":\"https:\/\/www.noticiasradioreflejos.com.ar\/2021\/reporte-situacion-epidemiologica-por-covid-19-al-31-de-agosto\/#primaryimage\",\"url\":\"https:\/\/www.noticiasradioreflejos.com.ar\/2021\/wp-content\/uploads\/2020\/08\/20200823_011746_5611011805853563863.png\",\"contentUrl\":\"https:\/\/www.noticiasradioreflejos.com.ar\/2021\/wp-content\/uploads\/2020\/08\/20200823_011746_5611011805853563863.png\",\"width\":966,\"height\":929},{\"@type\":\"BreadcrumbList\",\"@id\":\"https:\/\/www.noticiasradioreflejos.com.ar\/2021\/reporte-situacion-epidemiologica-por-covid-19-al-31-de-agosto\/#breadcrumb\",\"itemListElement\":[{\"@type\":\"ListItem\",\"position\":1,\"name\":\"Portada\",\"item\":\"https:\/\/www.noticiasradioreflejos.com.ar\/2021\/\"},{\"@type\":\"ListItem\",\"position\":2,\"name\":\"Reporte situaci\u00f3n epidemiol\u00f3gica por covid-19 al 31 de agosto\"}]},{\"@type\":\"WebSite\",\"@id\":\"https:\/\/www.noticiasradioreflejos.com.ar\/2021\/#website\",\"url\":\"https:\/\/www.noticiasradioreflejos.com.ar\/2021\/\",\"name\":\"Noticias Radio Reflejos\",\"description\":\"Las noticias de mi comarca\",\"potentialAction\":[{\"@type\":\"SearchAction\",\"target\":{\"@type\":\"EntryPoint\",\"urlTemplate\":\"https:\/\/www.noticiasradioreflejos.com.ar\/2021\/?s={search_term_string}\"},\"query-input\":{\"@type\":\"PropertyValueSpecification\",\"valueRequired\":true,\"valueName\":\"search_term_string\"}}],\"inLanguage\":\"es\"},{\"@type\":\"Person\",\"@id\":\"https:\/\/www.noticiasradioreflejos.com.ar\/2021\/#\/schema\/person\/ad82545263dcc5ec0996818884fd5fb1\",\"name\":\"Arnaldo Botto\",\"image\":{\"@type\":\"ImageObject\",\"inLanguage\":\"es\",\"@id\":\"https:\/\/www.noticiasradioreflejos.com.ar\/2021\/#\/schema\/person\/image\/\",\"url\":\"https:\/\/secure.gravatar.com\/avatar\/55cb5e37c1efa326397366e6974cb338056df65cb50e7d64d1cf314e87504837?s=96&d=mm&r=g\",\"contentUrl\":\"https:\/\/secure.gravatar.com\/avatar\/55cb5e37c1efa326397366e6974cb338056df65cb50e7d64d1cf314e87504837?s=96&d=mm&r=g\",\"caption\":\"Arnaldo Botto\"},\"url\":\"https:\/\/www.noticiasradioreflejos.com.ar\/2021\/author\/arnaldo\/\"}]}<\/script>\n<!-- \/ Yoast SEO plugin. -->","yoast_head_json":{"title":"Reporte situaci\u00f3n epidemiol\u00f3gica por covid-19 al 31 de agosto - Noticias Radio Reflejos","robots":{"index":"index","follow":"follow","max-snippet":"max-snippet:-1","max-image-preview":"max-image-preview:large","max-video-preview":"max-video-preview:-1"},"canonical":"https:\/\/www.noticiasradioreflejos.com.ar\/2021\/reporte-situacion-epidemiologica-por-covid-19-al-31-de-agosto\/","og_locale":"es_ES","og_type":"article","og_title":"Reporte situaci\u00f3n epidemiol\u00f3gica por covid-19 al 31 de agosto - Noticias Radio Reflejos","og_description":"Tornquist Municipio, a trav\u00e9s de la Secretar\u00eda de Salud actualiza los datos de la situaci\u00f3n epidemiol\u00f3gica que atraviesa el distrito al d\u00eda de hoy, 31 de agosto de 2020.","og_url":"https:\/\/www.noticiasradioreflejos.com.ar\/2021\/reporte-situacion-epidemiologica-por-covid-19-al-31-de-agosto\/","og_site_name":"Noticias Radio Reflejos","article_published_time":"2020-08-31T14:21:57+00:00","og_image":[{"width":966,"height":929,"url":"https:\/\/www.noticiasradioreflejos.com.ar\/2021\/wp-content\/uploads\/2020\/08\/20200823_011746_5611011805853563863.png","type":"image\/png"}],"author":"Arnaldo Botto","twitter_card":"summary_large_image","schema":{"@context":"https:\/\/schema.org","@graph":[{"@type":"WebPage","@id":"https:\/\/www.noticiasradioreflejos.com.ar\/2021\/reporte-situacion-epidemiologica-por-covid-19-al-31-de-agosto\/","url":"https:\/\/www.noticiasradioreflejos.com.ar\/2021\/reporte-situacion-epidemiologica-por-covid-19-al-31-de-agosto\/","name":"Reporte situaci\u00f3n epidemiol\u00f3gica por covid-19 al 31 de agosto - Noticias Radio Reflejos","isPartOf":{"@id":"https:\/\/www.noticiasradioreflejos.com.ar\/2021\/#website"},"primaryImageOfPage":{"@id":"https:\/\/www.noticiasradioreflejos.com.ar\/2021\/reporte-situacion-epidemiologica-por-covid-19-al-31-de-agosto\/#primaryimage"},"image":{"@id":"https:\/\/www.noticiasradioreflejos.com.ar\/2021\/reporte-situacion-epidemiologica-por-covid-19-al-31-de-agosto\/#primaryimage"},"thumbnailUrl":"https:\/\/www.noticiasradioreflejos.com.ar\/2021\/wp-content\/uploads\/2020\/08\/20200823_011746_5611011805853563863.png","datePublished":"2020-08-31T14:21:57+00:00","author":{"@id":"https:\/\/www.noticiasradioreflejos.com.ar\/2021\/#\/schema\/person\/ad82545263dcc5ec0996818884fd5fb1"},"breadcrumb":{"@id":"https:\/\/www.noticiasradioreflejos.com.ar\/2021\/reporte-situacion-epidemiologica-por-covid-19-al-31-de-agosto\/#breadcrumb"},"inLanguage":"es","potentialAction":[{"@type":"ReadAction","target":["https:\/\/www.noticiasradioreflejos.com.ar\/2021\/reporte-situacion-epidemiologica-por-covid-19-al-31-de-agosto\/"]}]},{"@type":"ImageObject","inLanguage":"es","@id":"https:\/\/www.noticiasradioreflejos.com.ar\/2021\/reporte-situacion-epidemiologica-por-covid-19-al-31-de-agosto\/#primaryimage","url":"https:\/\/www.noticiasradioreflejos.com.ar\/2021\/wp-content\/uploads\/2020\/08\/20200823_011746_5611011805853563863.png","contentUrl":"https:\/\/www.noticiasradioreflejos.com.ar\/2021\/wp-content\/uploads\/2020\/08\/20200823_011746_5611011805853563863.png","width":966,"height":929},{"@type":"BreadcrumbList","@id":"https:\/\/www.noticiasradioreflejos.com.ar\/2021\/reporte-situacion-epidemiologica-por-covid-19-al-31-de-agosto\/#breadcrumb","itemListElement":[{"@type":"ListItem","position":1,"name":"Portada","item":"https:\/\/www.noticiasradioreflejos.com.ar\/2021\/"},{"@type":"ListItem","position":2,"name":"Reporte situaci\u00f3n epidemiol\u00f3gica por covid-19 al 31 de agosto"}]},{"@type":"WebSite","@id":"https:\/\/www.noticiasradioreflejos.com.ar\/2021\/#website","url":"https:\/\/www.noticiasradioreflejos.com.ar\/2021\/","name":"Noticias Radio Reflejos","description":"Las noticias de mi comarca","potentialAction":[{"@type":"SearchAction","target":{"@type":"EntryPoint","urlTemplate":"https:\/\/www.noticiasradioreflejos.com.ar\/2021\/?s={search_term_string}"},"query-input":{"@type":"PropertyValueSpecification","valueRequired":true,"valueName":"search_term_string"}}],"inLanguage":"es"},{"@type":"Person","@id":"https:\/\/www.noticiasradioreflejos.com.ar\/2021\/#\/schema\/person\/ad82545263dcc5ec0996818884fd5fb1","name":"Arnaldo Botto","image":{"@type":"ImageObject","inLanguage":"es","@id":"https:\/\/www.noticiasradioreflejos.com.ar\/2021\/#\/schema\/person\/image\/","url":"https:\/\/secure.gravatar.com\/avatar\/55cb5e37c1efa326397366e6974cb338056df65cb50e7d64d1cf314e87504837?s=96&d=mm&r=g","contentUrl":"https:\/\/secure.gravatar.com\/avatar\/55cb5e37c1efa326397366e6974cb338056df65cb50e7d64d1cf314e87504837?s=96&d=mm&r=g","caption":"Arnaldo Botto"},"url":"https:\/\/www.noticiasradioreflejos.com.ar\/2021\/author\/arnaldo\/"}]}},"_links":{"self":[{"href":"https:\/\/www.noticiasradioreflejos.com.ar\/2021\/wp-json\/wp\/v2\/posts\/46412","targetHints":{"allow":["GET"]}}],"collection":[{"href":"https:\/\/www.noticiasradioreflejos.com.ar\/2021\/wp-json\/wp\/v2\/posts"}],"about":[{"href":"https:\/\/www.noticiasradioreflejos.com.ar\/2021\/wp-json\/wp\/v2\/types\/post"}],"author":[{"embeddable":true,"href":"https:\/\/www.noticiasradioreflejos.com.ar\/2021\/wp-json\/wp\/v2\/users\/3"}],"replies":[{"embeddable":true,"href":"https:\/\/www.noticiasradioreflejos.com.ar\/2021\/wp-json\/wp\/v2\/comments?post=46412"}],"version-history":[{"count":0,"href":"https:\/\/www.noticiasradioreflejos.com.ar\/2021\/wp-json\/wp\/v2\/posts\/46412\/revisions"}],"wp:featuredmedia":[{"embeddable":true,"href":"https:\/\/www.noticiasradioreflejos.com.ar\/2021\/wp-json\/wp\/v2\/media\/46090"}],"wp:attachment":[{"href":"https:\/\/www.noticiasradioreflejos.com.ar\/2021\/wp-json\/wp\/v2\/media?parent=46412"}],"wp:term":[{"taxonomy":"category","embeddable":true,"href":"https:\/\/www.noticiasradioreflejos.com.ar\/2021\/wp-json\/wp\/v2\/categories?post=46412"},{"taxonomy":"post_tag","embeddable":true,"href":"https:\/\/www.noticiasradioreflejos.com.ar\/2021\/wp-json\/wp\/v2\/tags?post=46412"}],"curies":[{"name":"wp","href":"https:\/\/api.w.org\/{rel}","templated":true}]}}