{"id":46408,"date":"2020-08-31T11:00:53","date_gmt":"2020-08-31T14:00:53","guid":{"rendered":"http:\/\/www.noticiasradioreflejos.com.ar\/noticias\/?p=46408"},"modified":"2020-08-31T11:00:53","modified_gmt":"2020-08-31T14:00:53","slug":"alberto-fernandez-me-enorgullece-que-esto-lo-hacen-cientificos-argentinos","status":"publish","type":"post","link":"https:\/\/www.noticiasradioreflejos.com.ar\/2021\/alberto-fernandez-me-enorgullece-que-esto-lo-hacen-cientificos-argentinos\/","title":{"rendered":"Alberto Fern\u00e1ndez: \u201cMe enorgullece que esto lo hacen cient\u00edficos argentinos\u201d"},"content":{"rendered":"<p>Se lanz\u00f3 con \u00e9xito el sat\u00e9lite argentino SAOCOM 1B<br \/>\n\u201cMe enorgullece que esto lo hacen cient\u00edficos argentinos, esta es la ciencia argentina, esta es la capacidad de nuestros cient\u00edficos\u201d, afirm\u00f3 esta noche el presidente Alberto Fern\u00e1ndez luego del exitoso lanzamiento del sat\u00e9lite de observaci\u00f3n de la tierra SAOCOM 1B, desarrollado y fabricado en la Argentina por la Comisi\u00f3n Nacional de Actividades Espaciales (CONAE) y la empresa INVAP,<!--more--><br \/>\n\u201cCuando veo a estos cient\u00edficos de pie, trabajando, emocionados, abraz\u00e1ndose porque ven que su labor tiene sentido, digo \u2018qu\u00e9 bien hace la Argentina en invertir en toda esta gente\u2019, porque esta gente es futuro para la Argentina, eso debe enorgullecernos\u201d, sostuvo Fern\u00e1ndez luego de ver el despegue desde Cabo Ca\u00f1averal, Estados Unidos, del veh\u00edculo de lanzamiento Falcon 9, perteneciente a la empresa SpaceX y que puso en \u00f3rbita al SAOCOM 1B.<\/p>\n<p>Desde la residencia de Olivos y acompa\u00f1ado por el jefe de Gabinete, Santiago Cafiero; el ministro de Ciencia, Tecnolog\u00eda e Innovaci\u00f3n, Roberto Salvarezza, y la gerenta de Observaci\u00f3n de la Tierra de la Misi\u00f3n SAOCOM en la CONAE, Laura Frulla, el Presidente felicit\u00f3 y agradeci\u00f3 \u201ca toda la comunidad cient\u00edfica argentina\u201d. <\/p>\n<p>\u201cGracias por todo lo que nos dan, gracias por pensar en la Argentina, muchas gracias, de coraz\u00f3n. \u00a1Felicidades argentinos! Hoy somos un poco mejor que antes\u201d, expres\u00f3.<\/p>\n<p>Adem\u00e1s, se mostr\u00f3 \u201cmuy impactado porque la Argentina es uno de los diez pa\u00edses que son capaces de poner en \u00f3rbita sat\u00e9lites como este\u201d. \u201cY es uno de los dos pa\u00edses que tiene la posibilidad de poner en \u00f3rbita un sat\u00e9lite que tiene la capacidad de ayudar en mucho a nuestro desarrollo. Porque no es un sat\u00e9lite m\u00e1s, es un sat\u00e9lite que nos permite conocer muchas cosas de nuestro suelo y prever lo que tenemos que hacer para optimizar nuestros esfuerzos\u201d, explic\u00f3.<\/p>\n<p>Por su parte, Cafiero destac\u00f3 que \u201cla ciencia argentina, los t\u00e9cnicos argentinos llevan adelante con su esfuerzo diario y ante todas las vicisitudes estos proyectos maravillosos que nos deben enorgullecer a todos los argentinos y a todas las argentinas\u201d. \u201cPocos pa\u00edses en el mundo son los que tienen estas capacidades, la Argentina es uno y tenemos que estar orgullosos de eso\u201d, remarc\u00f3.<\/p>\n<p>Desde la CONAE, en C\u00f3rdoba, y desde INVAP, en R\u00edo Negro, integrantes de la misi\u00f3n expresaron su emoci\u00f3n y alegr\u00eda. Tambi\u00e9n se\u00f1alaron que todo estaba saliendo seg\u00fan lo esperado tras las primeras se\u00f1ales de vida del sat\u00e9lite y comentaron que les esperaba una noche larga de trabajo.<br \/>\n<a href=\"http:\/\/live.staticflickr.com\/65535\/50290541937_a96f805964_s.jpg\" title=\"Lanzan sat\u00e9lite\" rel=\"\"><img loading=\"lazy\" decoding=\"async\" src=\"http:\/\/live.staticflickr.com\/65535\/50290541937_a96f805964_c.jpg\" width=\"800\" height=\"533\" alt=\"Lanzan sat\u00e9lite\" title=\"Lanzan sat\u00e9lite\" class=\"aligncenter\"><\/a><\/p>\n<p>Junto al SAOCOM 1A, lanzado en 2018, el SAOCOM 1B integra la Constelaci\u00f3n  SAOCOM y fue desarrollado y construido adem\u00e1s de por la CONAE e INVAP, por la firma p\u00fablica VENG, la Comisi\u00f3n Nacional de Energ\u00eda At\u00f3mica (CNEA) y el Laboratorio GEMA de la Universidad Nacional de La Plata (UNLP), entre otras 80 empresas de tecnolog\u00eda e instituciones del sistema cient\u00edfico tecnol\u00f3gico del pa\u00eds. <\/p>\n<p>Tambi\u00e9n cont\u00f3 con la colaboraci\u00f3n de la Agencia Espacial Italiana (ASI) y forma parte del Sistema \u00cdtalo Argentino de Sat\u00e9lites para la Gesti\u00f3n de Emergencias (SIASGE) creado por la CONAE y la ASI, y que es capaz de proveer a la Argentina y al mundo informaci\u00f3n sobre humedad de suelo, inundaciones y enfermedades de cultivos, entre otras numerosas aplicaciones, para uso en agricultura, gesti\u00f3n de emergencias ambientales y monitoreo de recursos naturales.<\/p>\n<p>La Misi\u00f3n SAOCOM cuenta con una importante mejora respecto de los sensores \u00f3pticos usuales, lo que le permite detectar la humedad del suelo y obtener informaci\u00f3n de la superficie terrestre en cualquier condici\u00f3n meteorol\u00f3gica u hora del d\u00eda. Esto es posible porque las microondas del radar son capaces de atravesar las nubes y \u201cver\u201d aunque est\u00e9 nublado, tanto de d\u00eda como de noche.<\/p>\n<p>Adem\u00e1s, fue pensada para ofrecer soluciones a problem\u00e1ticas locales que hasta hoy no pueden ser satisfechas con informaci\u00f3n de otros sat\u00e9lites, y posiciona a la Argentina en un selecto grupo de pa\u00edses capaces de desarrollar la tecnolog\u00eda radar para uso espacial. <\/p>\n<p>La informaci\u00f3n brindada por el sat\u00e9lite ayudar\u00e1, mediante un convenio de colaboraci\u00f3n entre el Instituto Nacional de Tecnolog\u00eda Agropecuaria (INTA) y la CONAE, a que los productores agropecuarios sepan cu\u00e1l es el mejor momento para la siembra, fertilizaci\u00f3n y riego, en cultivos como soja, ma\u00edz, trigo y girasol. <\/p>\n<p>Tambi\u00e9n brindar\u00e1 soporte en relaci\u00f3n al uso de productos qu\u00edmicos para el control de enfermedades en cultivos y permitir\u00e1 realizar pron\u00f3sticos de inundaciones, elaborar mapas de riesgo de incendios y proveer\u00e1 datos sobre el desplazamiento de glaciares y del terreno.<\/p>\n<p>Una delegaci\u00f3n t\u00e9cnica argentina viaj\u00f3 a Estados Unidos para trabajar en lo que fue la etapa de ensayos y pruebas, y para ocuparse del control del sat\u00e9lite durante el lanzamiento.<\/p>\n<p>La campa\u00f1a de lanzamiento cont\u00f3 con la participaci\u00f3n de m\u00e1s de 50 profesionales de CONAE, INVAP, VENG y el Grupo GEMA de la Universidad Nacional de La Plata distribuidos en Estados Unidos y en la Argentina, en las provincias de C\u00f3rdoba y R\u00edo Negro y en la Ciudad de Buenos Aires. <\/p>\n<p>All\u00ed se controlar\u00e1 y monitorear\u00e1 el sat\u00e9lite en forma constante para realizar, con comandos a distancia, las operaciones de despliegue de la enorme antena del Radar de Apertura Sint\u00e9tica de 35 metros cuadrados.<\/p>\n<p>Durante los primeros d\u00edas en \u00f3rbita, la comunicaci\u00f3n con el sat\u00e9lite se realizar\u00e1 con el soporte de estaciones terrenas ubicadas en Noruega, Kenia, Ant\u00e1rtida, Islas Kerguelen, Per\u00fa, Estados Unidos, con las cuales hay acuerdos de cooperaci\u00f3n, y con las dos estaciones de la red de CONAE en la Argentina, una en C\u00f3rdoba y otra en Tierra del Fuego.<\/p>\n<p>Luego seguir\u00e1 un per\u00edodo de varios meses de chequeos para la puesta en servicio operativo, esto es, que el SAOCOM 1B comience a producir im\u00e1genes.\u200b<\/p>\n","protected":false},"excerpt":{"rendered":"<p>Se lanz\u00f3 con \u00e9xito el sat\u00e9lite argentino SAOCOM 1B \u201cMe enorgullece que esto lo hacen cient\u00edficos argentinos, esta es la ciencia argentina, esta es la capacidad de nuestros cient\u00edficos\u201d, afirm\u00f3 esta noche el presidente Alberto Fern\u00e1ndez luego del exitoso lanzamiento del sat\u00e9lite de observaci\u00f3n de la tierra SAOCOM 1B, desarrollado y fabricado en la Argentina [&hellip;]<\/p>\n","protected":false},"author":3,"featured_media":0,"comment_status":"closed","ping_status":"open","sticky":false,"template":"","format":"standard","meta":{"footnotes":""},"categories":[24],"tags":[],"class_list":["post-46408","post","type-post","status-publish","format-standard","hentry","category-politica"],"yoast_head":"<!-- This site is optimized with the Yoast SEO plugin v25.9 - https:\/\/yoast.com\/wordpress\/plugins\/seo\/ -->\n<title>Alberto Fern\u00e1ndez: \u201cMe enorgullece que esto lo hacen cient\u00edficos argentinos\u201d - Noticias Radio Reflejos<\/title>\n<meta name=\"robots\" content=\"index, follow, max-snippet:-1, max-image-preview:large, max-video-preview:-1\" \/>\n<link rel=\"canonical\" href=\"https:\/\/www.noticiasradioreflejos.com.ar\/2021\/alberto-fernandez-me-enorgullece-que-esto-lo-hacen-cientificos-argentinos\/\" \/>\n<meta property=\"og:locale\" content=\"es_ES\" \/>\n<meta property=\"og:type\" content=\"article\" \/>\n<meta property=\"og:title\" content=\"Alberto Fern\u00e1ndez: \u201cMe enorgullece que esto lo hacen cient\u00edficos argentinos\u201d - Noticias Radio Reflejos\" \/>\n<meta property=\"og:description\" content=\"Se lanz\u00f3 con \u00e9xito el sat\u00e9lite argentino SAOCOM 1B \u201cMe enorgullece que esto lo hacen cient\u00edficos argentinos, esta es la ciencia argentina, esta es la capacidad de nuestros cient\u00edficos\u201d, afirm\u00f3 esta noche el presidente Alberto Fern\u00e1ndez luego del exitoso lanzamiento del sat\u00e9lite de observaci\u00f3n de la tierra SAOCOM 1B, desarrollado y fabricado en la Argentina [&hellip;]\" \/>\n<meta property=\"og:url\" content=\"https:\/\/www.noticiasradioreflejos.com.ar\/2021\/alberto-fernandez-me-enorgullece-que-esto-lo-hacen-cientificos-argentinos\/\" \/>\n<meta property=\"og:site_name\" content=\"Noticias Radio Reflejos\" \/>\n<meta property=\"article:published_time\" content=\"2020-08-31T14:00:53+00:00\" \/>\n<meta property=\"og:image\" content=\"http:\/\/live.staticflickr.com\/65535\/50290541937_a96f805964_c.jpg\" \/>\n<meta name=\"author\" content=\"Arnaldo Botto\" \/>\n<meta name=\"twitter:card\" content=\"summary_large_image\" \/>\n<script type=\"application\/ld+json\" class=\"yoast-schema-graph\">{\"@context\":\"https:\/\/schema.org\",\"@graph\":[{\"@type\":\"WebPage\",\"@id\":\"https:\/\/www.noticiasradioreflejos.com.ar\/2021\/alberto-fernandez-me-enorgullece-que-esto-lo-hacen-cientificos-argentinos\/\",\"url\":\"https:\/\/www.noticiasradioreflejos.com.ar\/2021\/alberto-fernandez-me-enorgullece-que-esto-lo-hacen-cientificos-argentinos\/\",\"name\":\"Alberto Fern\u00e1ndez: \u201cMe enorgullece que esto lo hacen cient\u00edficos argentinos\u201d - Noticias Radio Reflejos\",\"isPartOf\":{\"@id\":\"https:\/\/www.noticiasradioreflejos.com.ar\/2021\/#website\"},\"primaryImageOfPage\":{\"@id\":\"https:\/\/www.noticiasradioreflejos.com.ar\/2021\/alberto-fernandez-me-enorgullece-que-esto-lo-hacen-cientificos-argentinos\/#primaryimage\"},\"image\":{\"@id\":\"https:\/\/www.noticiasradioreflejos.com.ar\/2021\/alberto-fernandez-me-enorgullece-que-esto-lo-hacen-cientificos-argentinos\/#primaryimage\"},\"thumbnailUrl\":\"http:\/\/live.staticflickr.com\/65535\/50290541937_a96f805964_c.jpg\",\"datePublished\":\"2020-08-31T14:00:53+00:00\",\"author\":{\"@id\":\"https:\/\/www.noticiasradioreflejos.com.ar\/2021\/#\/schema\/person\/ad82545263dcc5ec0996818884fd5fb1\"},\"breadcrumb\":{\"@id\":\"https:\/\/www.noticiasradioreflejos.com.ar\/2021\/alberto-fernandez-me-enorgullece-que-esto-lo-hacen-cientificos-argentinos\/#breadcrumb\"},\"inLanguage\":\"es\",\"potentialAction\":[{\"@type\":\"ReadAction\",\"target\":[\"https:\/\/www.noticiasradioreflejos.com.ar\/2021\/alberto-fernandez-me-enorgullece-que-esto-lo-hacen-cientificos-argentinos\/\"]}]},{\"@type\":\"ImageObject\",\"inLanguage\":\"es\",\"@id\":\"https:\/\/www.noticiasradioreflejos.com.ar\/2021\/alberto-fernandez-me-enorgullece-que-esto-lo-hacen-cientificos-argentinos\/#primaryimage\",\"url\":\"http:\/\/live.staticflickr.com\/65535\/50290541937_a96f805964_c.jpg\",\"contentUrl\":\"http:\/\/live.staticflickr.com\/65535\/50290541937_a96f805964_c.jpg\"},{\"@type\":\"BreadcrumbList\",\"@id\":\"https:\/\/www.noticiasradioreflejos.com.ar\/2021\/alberto-fernandez-me-enorgullece-que-esto-lo-hacen-cientificos-argentinos\/#breadcrumb\",\"itemListElement\":[{\"@type\":\"ListItem\",\"position\":1,\"name\":\"Portada\",\"item\":\"https:\/\/www.noticiasradioreflejos.com.ar\/2021\/\"},{\"@type\":\"ListItem\",\"position\":2,\"name\":\"Alberto Fern\u00e1ndez: \u201cMe enorgullece que esto lo hacen cient\u00edficos argentinos\u201d\"}]},{\"@type\":\"WebSite\",\"@id\":\"https:\/\/www.noticiasradioreflejos.com.ar\/2021\/#website\",\"url\":\"https:\/\/www.noticiasradioreflejos.com.ar\/2021\/\",\"name\":\"Noticias Radio Reflejos\",\"description\":\"Las noticias de mi comarca\",\"potentialAction\":[{\"@type\":\"SearchAction\",\"target\":{\"@type\":\"EntryPoint\",\"urlTemplate\":\"https:\/\/www.noticiasradioreflejos.com.ar\/2021\/?s={search_term_string}\"},\"query-input\":{\"@type\":\"PropertyValueSpecification\",\"valueRequired\":true,\"valueName\":\"search_term_string\"}}],\"inLanguage\":\"es\"},{\"@type\":\"Person\",\"@id\":\"https:\/\/www.noticiasradioreflejos.com.ar\/2021\/#\/schema\/person\/ad82545263dcc5ec0996818884fd5fb1\",\"name\":\"Arnaldo Botto\",\"image\":{\"@type\":\"ImageObject\",\"inLanguage\":\"es\",\"@id\":\"https:\/\/www.noticiasradioreflejos.com.ar\/2021\/#\/schema\/person\/image\/\",\"url\":\"https:\/\/secure.gravatar.com\/avatar\/55cb5e37c1efa326397366e6974cb338056df65cb50e7d64d1cf314e87504837?s=96&d=mm&r=g\",\"contentUrl\":\"https:\/\/secure.gravatar.com\/avatar\/55cb5e37c1efa326397366e6974cb338056df65cb50e7d64d1cf314e87504837?s=96&d=mm&r=g\",\"caption\":\"Arnaldo Botto\"},\"url\":\"https:\/\/www.noticiasradioreflejos.com.ar\/2021\/author\/arnaldo\/\"}]}<\/script>\n<!-- \/ Yoast SEO plugin. -->","yoast_head_json":{"title":"Alberto Fern\u00e1ndez: \u201cMe enorgullece que esto lo hacen cient\u00edficos argentinos\u201d - Noticias Radio Reflejos","robots":{"index":"index","follow":"follow","max-snippet":"max-snippet:-1","max-image-preview":"max-image-preview:large","max-video-preview":"max-video-preview:-1"},"canonical":"https:\/\/www.noticiasradioreflejos.com.ar\/2021\/alberto-fernandez-me-enorgullece-que-esto-lo-hacen-cientificos-argentinos\/","og_locale":"es_ES","og_type":"article","og_title":"Alberto Fern\u00e1ndez: \u201cMe enorgullece que esto lo hacen cient\u00edficos argentinos\u201d - Noticias Radio Reflejos","og_description":"Se lanz\u00f3 con \u00e9xito el sat\u00e9lite argentino SAOCOM 1B \u201cMe enorgullece que esto lo hacen cient\u00edficos argentinos, esta es la ciencia argentina, esta es la capacidad de nuestros cient\u00edficos\u201d, afirm\u00f3 esta noche el presidente Alberto Fern\u00e1ndez luego del exitoso lanzamiento del sat\u00e9lite de observaci\u00f3n de la tierra SAOCOM 1B, desarrollado y fabricado en la Argentina [&hellip;]","og_url":"https:\/\/www.noticiasradioreflejos.com.ar\/2021\/alberto-fernandez-me-enorgullece-que-esto-lo-hacen-cientificos-argentinos\/","og_site_name":"Noticias Radio Reflejos","article_published_time":"2020-08-31T14:00:53+00:00","og_image":[{"url":"http:\/\/live.staticflickr.com\/65535\/50290541937_a96f805964_c.jpg","type":"","width":"","height":""}],"author":"Arnaldo Botto","twitter_card":"summary_large_image","schema":{"@context":"https:\/\/schema.org","@graph":[{"@type":"WebPage","@id":"https:\/\/www.noticiasradioreflejos.com.ar\/2021\/alberto-fernandez-me-enorgullece-que-esto-lo-hacen-cientificos-argentinos\/","url":"https:\/\/www.noticiasradioreflejos.com.ar\/2021\/alberto-fernandez-me-enorgullece-que-esto-lo-hacen-cientificos-argentinos\/","name":"Alberto Fern\u00e1ndez: \u201cMe enorgullece que esto lo hacen cient\u00edficos argentinos\u201d - Noticias Radio Reflejos","isPartOf":{"@id":"https:\/\/www.noticiasradioreflejos.com.ar\/2021\/#website"},"primaryImageOfPage":{"@id":"https:\/\/www.noticiasradioreflejos.com.ar\/2021\/alberto-fernandez-me-enorgullece-que-esto-lo-hacen-cientificos-argentinos\/#primaryimage"},"image":{"@id":"https:\/\/www.noticiasradioreflejos.com.ar\/2021\/alberto-fernandez-me-enorgullece-que-esto-lo-hacen-cientificos-argentinos\/#primaryimage"},"thumbnailUrl":"http:\/\/live.staticflickr.com\/65535\/50290541937_a96f805964_c.jpg","datePublished":"2020-08-31T14:00:53+00:00","author":{"@id":"https:\/\/www.noticiasradioreflejos.com.ar\/2021\/#\/schema\/person\/ad82545263dcc5ec0996818884fd5fb1"},"breadcrumb":{"@id":"https:\/\/www.noticiasradioreflejos.com.ar\/2021\/alberto-fernandez-me-enorgullece-que-esto-lo-hacen-cientificos-argentinos\/#breadcrumb"},"inLanguage":"es","potentialAction":[{"@type":"ReadAction","target":["https:\/\/www.noticiasradioreflejos.com.ar\/2021\/alberto-fernandez-me-enorgullece-que-esto-lo-hacen-cientificos-argentinos\/"]}]},{"@type":"ImageObject","inLanguage":"es","@id":"https:\/\/www.noticiasradioreflejos.com.ar\/2021\/alberto-fernandez-me-enorgullece-que-esto-lo-hacen-cientificos-argentinos\/#primaryimage","url":"http:\/\/live.staticflickr.com\/65535\/50290541937_a96f805964_c.jpg","contentUrl":"http:\/\/live.staticflickr.com\/65535\/50290541937_a96f805964_c.jpg"},{"@type":"BreadcrumbList","@id":"https:\/\/www.noticiasradioreflejos.com.ar\/2021\/alberto-fernandez-me-enorgullece-que-esto-lo-hacen-cientificos-argentinos\/#breadcrumb","itemListElement":[{"@type":"ListItem","position":1,"name":"Portada","item":"https:\/\/www.noticiasradioreflejos.com.ar\/2021\/"},{"@type":"ListItem","position":2,"name":"Alberto Fern\u00e1ndez: \u201cMe enorgullece que esto lo hacen cient\u00edficos argentinos\u201d"}]},{"@type":"WebSite","@id":"https:\/\/www.noticiasradioreflejos.com.ar\/2021\/#website","url":"https:\/\/www.noticiasradioreflejos.com.ar\/2021\/","name":"Noticias Radio Reflejos","description":"Las noticias de mi comarca","potentialAction":[{"@type":"SearchAction","target":{"@type":"EntryPoint","urlTemplate":"https:\/\/www.noticiasradioreflejos.com.ar\/2021\/?s={search_term_string}"},"query-input":{"@type":"PropertyValueSpecification","valueRequired":true,"valueName":"search_term_string"}}],"inLanguage":"es"},{"@type":"Person","@id":"https:\/\/www.noticiasradioreflejos.com.ar\/2021\/#\/schema\/person\/ad82545263dcc5ec0996818884fd5fb1","name":"Arnaldo Botto","image":{"@type":"ImageObject","inLanguage":"es","@id":"https:\/\/www.noticiasradioreflejos.com.ar\/2021\/#\/schema\/person\/image\/","url":"https:\/\/secure.gravatar.com\/avatar\/55cb5e37c1efa326397366e6974cb338056df65cb50e7d64d1cf314e87504837?s=96&d=mm&r=g","contentUrl":"https:\/\/secure.gravatar.com\/avatar\/55cb5e37c1efa326397366e6974cb338056df65cb50e7d64d1cf314e87504837?s=96&d=mm&r=g","caption":"Arnaldo Botto"},"url":"https:\/\/www.noticiasradioreflejos.com.ar\/2021\/author\/arnaldo\/"}]}},"_links":{"self":[{"href":"https:\/\/www.noticiasradioreflejos.com.ar\/2021\/wp-json\/wp\/v2\/posts\/46408","targetHints":{"allow":["GET"]}}],"collection":[{"href":"https:\/\/www.noticiasradioreflejos.com.ar\/2021\/wp-json\/wp\/v2\/posts"}],"about":[{"href":"https:\/\/www.noticiasradioreflejos.com.ar\/2021\/wp-json\/wp\/v2\/types\/post"}],"author":[{"embeddable":true,"href":"https:\/\/www.noticiasradioreflejos.com.ar\/2021\/wp-json\/wp\/v2\/users\/3"}],"replies":[{"embeddable":true,"href":"https:\/\/www.noticiasradioreflejos.com.ar\/2021\/wp-json\/wp\/v2\/comments?post=46408"}],"version-history":[{"count":0,"href":"https:\/\/www.noticiasradioreflejos.com.ar\/2021\/wp-json\/wp\/v2\/posts\/46408\/revisions"}],"wp:attachment":[{"href":"https:\/\/www.noticiasradioreflejos.com.ar\/2021\/wp-json\/wp\/v2\/media?parent=46408"}],"wp:term":[{"taxonomy":"category","embeddable":true,"href":"https:\/\/www.noticiasradioreflejos.com.ar\/2021\/wp-json\/wp\/v2\/categories?post=46408"},{"taxonomy":"post_tag","embeddable":true,"href":"https:\/\/www.noticiasradioreflejos.com.ar\/2021\/wp-json\/wp\/v2\/tags?post=46408"}],"curies":[{"name":"wp","href":"https:\/\/api.w.org\/{rel}","templated":true}]}}