{"id":46317,"date":"2020-08-28T08:43:48","date_gmt":"2020-08-28T11:43:48","guid":{"rendered":"http:\/\/www.noticiasradioreflejos.com.ar\/noticias\/?p=46317"},"modified":"2020-08-28T08:43:48","modified_gmt":"2020-08-28T11:43:48","slug":"el-gobierno-bonaerense-oficializo-el-congelamiento-de-la-tarifa-de-electricidad-hasta-fin-de-ano","status":"publish","type":"post","link":"https:\/\/www.noticiasradioreflejos.com.ar\/2021\/el-gobierno-bonaerense-oficializo-el-congelamiento-de-la-tarifa-de-electricidad-hasta-fin-de-ano\/","title":{"rendered":"El Gobierno bonaerense oficializ\u00f3 el congelamiento de la tarifa de electricidad hasta fin de a\u00f1o"},"content":{"rendered":"<p>El Gobierno bonaerense oficializ\u00f3 hoy el congelamiento hasta fin de a\u00f1o de las tarifas el\u00e9ctricas de las cuatro principales distribuidoras -que pertenecen a la firma DESA- que proveen el servicio en el territorio provincial, y que est\u00e1n bajo jurisdicci\u00f3n de la administraci\u00f3n del gobernador Axel Kicillof.<!--more--><br \/>\nLo hizo a trav\u00e9s de la Resoluci\u00f3n 576 publicada hoy en el Bolet\u00edn Oficial del distrito, que aprob\u00f3 el acuerdo rubricado el 4 de agosto pasado por el gobernador y su ministro de Infraestructura y Servicios P\u00fablicos, Agust\u00edn Simone, con el presidente del grupo DESA que concentra a las cuatro concesionarias el\u00e9ctricas (Eden, Edes, Edea y Edelap), Rogelio Pagano.<\/p>\n<p>Se trata de una adenda que suspende los aumentos tarifarios que reg\u00edan hasta el 30 de junio por un plazo adicional de 180 d\u00edas corridos, \u201cante el impacto que la crisis sanitaria tuvo en la capacidad de pago de los usuarios\u201d.<\/p>\n<p>Adem\u00e1s, se estableci\u00f3 que, durante ese plazo, \u00abse continuar\u00e1 con el proceso de an\u00e1lisis y revisi\u00f3n de los ingresos requeridos y reconocidos en los cuadros tarifarios resultantes de la Revisi\u00f3n Tarifaria Integral (RTI) que incluye el cumplimiento de las inversiones comprometidas a cargo de la Subsecretar\u00eda de Energ\u00eda\u00bb.<\/p>\n","protected":false},"excerpt":{"rendered":"<p>El Gobierno bonaerense oficializ\u00f3 hoy el congelamiento hasta fin de a\u00f1o de las tarifas el\u00e9ctricas de las cuatro principales distribuidoras -que pertenecen a la firma DESA- que proveen el servicio en el territorio provincial, y que est\u00e1n bajo jurisdicci\u00f3n de la administraci\u00f3n del gobernador Axel Kicillof.<\/p>\n","protected":false},"author":3,"featured_media":0,"comment_status":"closed","ping_status":"open","sticky":false,"template":"","format":"standard","meta":{"footnotes":""},"categories":[36],"tags":[],"class_list":["post-46317","post","type-post","status-publish","format-standard","hentry","category-economia"],"yoast_head":"<!-- This site is optimized with the Yoast SEO plugin v25.9 - https:\/\/yoast.com\/wordpress\/plugins\/seo\/ -->\n<title>El Gobierno bonaerense oficializ\u00f3 el congelamiento de la tarifa de electricidad hasta fin de a\u00f1o - Noticias Radio Reflejos<\/title>\n<meta name=\"robots\" content=\"index, follow, max-snippet:-1, max-image-preview:large, max-video-preview:-1\" \/>\n<link rel=\"canonical\" href=\"https:\/\/www.noticiasradioreflejos.com.ar\/2021\/el-gobierno-bonaerense-oficializo-el-congelamiento-de-la-tarifa-de-electricidad-hasta-fin-de-ano\/\" \/>\n<meta property=\"og:locale\" content=\"es_ES\" \/>\n<meta property=\"og:type\" content=\"article\" \/>\n<meta property=\"og:title\" content=\"El Gobierno bonaerense oficializ\u00f3 el congelamiento de la tarifa de electricidad hasta fin de a\u00f1o - Noticias Radio Reflejos\" \/>\n<meta property=\"og:description\" content=\"El Gobierno bonaerense oficializ\u00f3 hoy el congelamiento hasta fin de a\u00f1o de las tarifas el\u00e9ctricas de las cuatro principales distribuidoras -que pertenecen a la firma DESA- que proveen el servicio en el territorio provincial, y que est\u00e1n bajo jurisdicci\u00f3n de la administraci\u00f3n del gobernador Axel Kicillof.\" \/>\n<meta property=\"og:url\" content=\"https:\/\/www.noticiasradioreflejos.com.ar\/2021\/el-gobierno-bonaerense-oficializo-el-congelamiento-de-la-tarifa-de-electricidad-hasta-fin-de-ano\/\" \/>\n<meta property=\"og:site_name\" content=\"Noticias Radio Reflejos\" \/>\n<meta property=\"article:published_time\" content=\"2020-08-28T11:43:48+00:00\" \/>\n<meta property=\"og:image\" content=\"https:\/\/www.noticiasradioreflejos.com.ar\/2021\/wp-content\/uploads\/2021\/07\/logosol300x200.png\" \/>\n\t<meta property=\"og:image:width\" content=\"300\" \/>\n\t<meta property=\"og:image:height\" content=\"200\" \/>\n\t<meta property=\"og:image:type\" content=\"image\/png\" \/>\n<meta name=\"author\" content=\"Arnaldo Botto\" \/>\n<meta name=\"twitter:card\" content=\"summary_large_image\" \/>\n<script type=\"application\/ld+json\" class=\"yoast-schema-graph\">{\"@context\":\"https:\/\/schema.org\",\"@graph\":[{\"@type\":\"WebPage\",\"@id\":\"https:\/\/www.noticiasradioreflejos.com.ar\/2021\/el-gobierno-bonaerense-oficializo-el-congelamiento-de-la-tarifa-de-electricidad-hasta-fin-de-ano\/\",\"url\":\"https:\/\/www.noticiasradioreflejos.com.ar\/2021\/el-gobierno-bonaerense-oficializo-el-congelamiento-de-la-tarifa-de-electricidad-hasta-fin-de-ano\/\",\"name\":\"El Gobierno bonaerense oficializ\u00f3 el congelamiento de la tarifa de electricidad hasta fin de a\u00f1o - Noticias Radio Reflejos\",\"isPartOf\":{\"@id\":\"https:\/\/www.noticiasradioreflejos.com.ar\/2021\/#website\"},\"datePublished\":\"2020-08-28T11:43:48+00:00\",\"author\":{\"@id\":\"https:\/\/www.noticiasradioreflejos.com.ar\/2021\/#\/schema\/person\/ad82545263dcc5ec0996818884fd5fb1\"},\"breadcrumb\":{\"@id\":\"https:\/\/www.noticiasradioreflejos.com.ar\/2021\/el-gobierno-bonaerense-oficializo-el-congelamiento-de-la-tarifa-de-electricidad-hasta-fin-de-ano\/#breadcrumb\"},\"inLanguage\":\"es\",\"potentialAction\":[{\"@type\":\"ReadAction\",\"target\":[\"https:\/\/www.noticiasradioreflejos.com.ar\/2021\/el-gobierno-bonaerense-oficializo-el-congelamiento-de-la-tarifa-de-electricidad-hasta-fin-de-ano\/\"]}]},{\"@type\":\"BreadcrumbList\",\"@id\":\"https:\/\/www.noticiasradioreflejos.com.ar\/2021\/el-gobierno-bonaerense-oficializo-el-congelamiento-de-la-tarifa-de-electricidad-hasta-fin-de-ano\/#breadcrumb\",\"itemListElement\":[{\"@type\":\"ListItem\",\"position\":1,\"name\":\"Portada\",\"item\":\"https:\/\/www.noticiasradioreflejos.com.ar\/2021\/\"},{\"@type\":\"ListItem\",\"position\":2,\"name\":\"El Gobierno bonaerense oficializ\u00f3 el congelamiento de la tarifa de electricidad hasta fin de a\u00f1o\"}]},{\"@type\":\"WebSite\",\"@id\":\"https:\/\/www.noticiasradioreflejos.com.ar\/2021\/#website\",\"url\":\"https:\/\/www.noticiasradioreflejos.com.ar\/2021\/\",\"name\":\"Noticias Radio Reflejos\",\"description\":\"Las noticias de mi comarca\",\"potentialAction\":[{\"@type\":\"SearchAction\",\"target\":{\"@type\":\"EntryPoint\",\"urlTemplate\":\"https:\/\/www.noticiasradioreflejos.com.ar\/2021\/?s={search_term_string}\"},\"query-input\":{\"@type\":\"PropertyValueSpecification\",\"valueRequired\":true,\"valueName\":\"search_term_string\"}}],\"inLanguage\":\"es\"},{\"@type\":\"Person\",\"@id\":\"https:\/\/www.noticiasradioreflejos.com.ar\/2021\/#\/schema\/person\/ad82545263dcc5ec0996818884fd5fb1\",\"name\":\"Arnaldo Botto\",\"image\":{\"@type\":\"ImageObject\",\"inLanguage\":\"es\",\"@id\":\"https:\/\/www.noticiasradioreflejos.com.ar\/2021\/#\/schema\/person\/image\/\",\"url\":\"https:\/\/secure.gravatar.com\/avatar\/55cb5e37c1efa326397366e6974cb338056df65cb50e7d64d1cf314e87504837?s=96&d=mm&r=g\",\"contentUrl\":\"https:\/\/secure.gravatar.com\/avatar\/55cb5e37c1efa326397366e6974cb338056df65cb50e7d64d1cf314e87504837?s=96&d=mm&r=g\",\"caption\":\"Arnaldo Botto\"},\"url\":\"https:\/\/www.noticiasradioreflejos.com.ar\/2021\/author\/arnaldo\/\"}]}<\/script>\n<!-- \/ Yoast SEO plugin. -->","yoast_head_json":{"title":"El Gobierno bonaerense oficializ\u00f3 el congelamiento de la tarifa de electricidad hasta fin de a\u00f1o - Noticias Radio Reflejos","robots":{"index":"index","follow":"follow","max-snippet":"max-snippet:-1","max-image-preview":"max-image-preview:large","max-video-preview":"max-video-preview:-1"},"canonical":"https:\/\/www.noticiasradioreflejos.com.ar\/2021\/el-gobierno-bonaerense-oficializo-el-congelamiento-de-la-tarifa-de-electricidad-hasta-fin-de-ano\/","og_locale":"es_ES","og_type":"article","og_title":"El Gobierno bonaerense oficializ\u00f3 el congelamiento de la tarifa de electricidad hasta fin de a\u00f1o - Noticias Radio Reflejos","og_description":"El Gobierno bonaerense oficializ\u00f3 hoy el congelamiento hasta fin de a\u00f1o de las tarifas el\u00e9ctricas de las cuatro principales distribuidoras -que pertenecen a la firma DESA- que proveen el servicio en el territorio provincial, y que est\u00e1n bajo jurisdicci\u00f3n de la administraci\u00f3n del gobernador Axel Kicillof.","og_url":"https:\/\/www.noticiasradioreflejos.com.ar\/2021\/el-gobierno-bonaerense-oficializo-el-congelamiento-de-la-tarifa-de-electricidad-hasta-fin-de-ano\/","og_site_name":"Noticias Radio Reflejos","article_published_time":"2020-08-28T11:43:48+00:00","og_image":[{"width":300,"height":200,"url":"https:\/\/www.noticiasradioreflejos.com.ar\/2021\/wp-content\/uploads\/2021\/07\/logosol300x200.png","type":"image\/png"}],"author":"Arnaldo Botto","twitter_card":"summary_large_image","schema":{"@context":"https:\/\/schema.org","@graph":[{"@type":"WebPage","@id":"https:\/\/www.noticiasradioreflejos.com.ar\/2021\/el-gobierno-bonaerense-oficializo-el-congelamiento-de-la-tarifa-de-electricidad-hasta-fin-de-ano\/","url":"https:\/\/www.noticiasradioreflejos.com.ar\/2021\/el-gobierno-bonaerense-oficializo-el-congelamiento-de-la-tarifa-de-electricidad-hasta-fin-de-ano\/","name":"El Gobierno bonaerense oficializ\u00f3 el congelamiento de la tarifa de electricidad hasta fin de a\u00f1o - Noticias Radio Reflejos","isPartOf":{"@id":"https:\/\/www.noticiasradioreflejos.com.ar\/2021\/#website"},"datePublished":"2020-08-28T11:43:48+00:00","author":{"@id":"https:\/\/www.noticiasradioreflejos.com.ar\/2021\/#\/schema\/person\/ad82545263dcc5ec0996818884fd5fb1"},"breadcrumb":{"@id":"https:\/\/www.noticiasradioreflejos.com.ar\/2021\/el-gobierno-bonaerense-oficializo-el-congelamiento-de-la-tarifa-de-electricidad-hasta-fin-de-ano\/#breadcrumb"},"inLanguage":"es","potentialAction":[{"@type":"ReadAction","target":["https:\/\/www.noticiasradioreflejos.com.ar\/2021\/el-gobierno-bonaerense-oficializo-el-congelamiento-de-la-tarifa-de-electricidad-hasta-fin-de-ano\/"]}]},{"@type":"BreadcrumbList","@id":"https:\/\/www.noticiasradioreflejos.com.ar\/2021\/el-gobierno-bonaerense-oficializo-el-congelamiento-de-la-tarifa-de-electricidad-hasta-fin-de-ano\/#breadcrumb","itemListElement":[{"@type":"ListItem","position":1,"name":"Portada","item":"https:\/\/www.noticiasradioreflejos.com.ar\/2021\/"},{"@type":"ListItem","position":2,"name":"El Gobierno bonaerense oficializ\u00f3 el congelamiento de la tarifa de electricidad hasta fin de a\u00f1o"}]},{"@type":"WebSite","@id":"https:\/\/www.noticiasradioreflejos.com.ar\/2021\/#website","url":"https:\/\/www.noticiasradioreflejos.com.ar\/2021\/","name":"Noticias Radio Reflejos","description":"Las noticias de mi comarca","potentialAction":[{"@type":"SearchAction","target":{"@type":"EntryPoint","urlTemplate":"https:\/\/www.noticiasradioreflejos.com.ar\/2021\/?s={search_term_string}"},"query-input":{"@type":"PropertyValueSpecification","valueRequired":true,"valueName":"search_term_string"}}],"inLanguage":"es"},{"@type":"Person","@id":"https:\/\/www.noticiasradioreflejos.com.ar\/2021\/#\/schema\/person\/ad82545263dcc5ec0996818884fd5fb1","name":"Arnaldo Botto","image":{"@type":"ImageObject","inLanguage":"es","@id":"https:\/\/www.noticiasradioreflejos.com.ar\/2021\/#\/schema\/person\/image\/","url":"https:\/\/secure.gravatar.com\/avatar\/55cb5e37c1efa326397366e6974cb338056df65cb50e7d64d1cf314e87504837?s=96&d=mm&r=g","contentUrl":"https:\/\/secure.gravatar.com\/avatar\/55cb5e37c1efa326397366e6974cb338056df65cb50e7d64d1cf314e87504837?s=96&d=mm&r=g","caption":"Arnaldo Botto"},"url":"https:\/\/www.noticiasradioreflejos.com.ar\/2021\/author\/arnaldo\/"}]}},"_links":{"self":[{"href":"https:\/\/www.noticiasradioreflejos.com.ar\/2021\/wp-json\/wp\/v2\/posts\/46317","targetHints":{"allow":["GET"]}}],"collection":[{"href":"https:\/\/www.noticiasradioreflejos.com.ar\/2021\/wp-json\/wp\/v2\/posts"}],"about":[{"href":"https:\/\/www.noticiasradioreflejos.com.ar\/2021\/wp-json\/wp\/v2\/types\/post"}],"author":[{"embeddable":true,"href":"https:\/\/www.noticiasradioreflejos.com.ar\/2021\/wp-json\/wp\/v2\/users\/3"}],"replies":[{"embeddable":true,"href":"https:\/\/www.noticiasradioreflejos.com.ar\/2021\/wp-json\/wp\/v2\/comments?post=46317"}],"version-history":[{"count":0,"href":"https:\/\/www.noticiasradioreflejos.com.ar\/2021\/wp-json\/wp\/v2\/posts\/46317\/revisions"}],"wp:attachment":[{"href":"https:\/\/www.noticiasradioreflejos.com.ar\/2021\/wp-json\/wp\/v2\/media?parent=46317"}],"wp:term":[{"taxonomy":"category","embeddable":true,"href":"https:\/\/www.noticiasradioreflejos.com.ar\/2021\/wp-json\/wp\/v2\/categories?post=46317"},{"taxonomy":"post_tag","embeddable":true,"href":"https:\/\/www.noticiasradioreflejos.com.ar\/2021\/wp-json\/wp\/v2\/tags?post=46317"}],"curies":[{"name":"wp","href":"https:\/\/api.w.org\/{rel}","templated":true}]}}