{"id":46290,"date":"2020-08-27T11:36:52","date_gmt":"2020-08-27T14:36:52","guid":{"rendered":"http:\/\/www.noticiasradioreflejos.com.ar\/noticias\/?p=46290"},"modified":"2020-08-27T11:36:52","modified_gmt":"2020-08-27T14:36:52","slug":"continua-la-vacunacion-antirrabica-en-tornquist-sierra-de-la-ventana-y-chasico","status":"publish","type":"post","link":"https:\/\/www.noticiasradioreflejos.com.ar\/2021\/continua-la-vacunacion-antirrabica-en-tornquist-sierra-de-la-ventana-y-chasico\/","title":{"rendered":"Contin\u00faa la vacunaci\u00f3n antirr\u00e1bica en Tornquist, Sierra de la Ventana y Chasic\u00f3"},"content":{"rendered":"<p>La Subsecretar\u00eda de Bromatolog\u00eda y Zoonosis recuerda  a la comunidad, que contin\u00faa la campa\u00f1a de vacunaci\u00f3n gratuita antirr\u00e1bica para caninos y felinos, en las localidades de Sierra de la Ventana, Tornquist y Chasic\u00f3. <!--more--><br \/>\nLos interesados en inmunizar a su mascota deber\u00e1n acercarse en el horario comercial a:<br \/>\nTORNQUIST: Veterinaria Del Centro.<br \/>\nSIERRA DE LA VENTANA: Veterinaria La Guachera y Veterinaria Tres Picos.<br \/>\nCHASIC\u00d3: Veterinaria Del Pueblo.<br \/>\nRecordamos que la vacunaci\u00f3n antirr\u00e1bica es anual, y  que la misma es un punto clave para la prevenci\u00f3n de la enfermedad y forma parte de la tenencia responsable de mascotas.<br \/>\nSe entregar\u00e1 certificado a todos las mascotas inmunizadas.<br \/>\nAsimismo informamos que la inmunizaci\u00f3n continuar\u00e1 en las localidades restantes. <\/p>\n","protected":false},"excerpt":{"rendered":"<p>La Subsecretar\u00eda de Bromatolog\u00eda y Zoonosis recuerda a la comunidad, que contin\u00faa la campa\u00f1a de vacunaci\u00f3n gratuita antirr\u00e1bica para caninos y felinos, en las localidades de Sierra de la Ventana, Tornquist y Chasic\u00f3.<\/p>\n","protected":false},"author":3,"featured_media":19035,"comment_status":"closed","ping_status":"open","sticky":false,"template":"","format":"standard","meta":{"footnotes":""},"categories":[28],"tags":[],"class_list":["post-46290","post","type-post","status-publish","format-standard","has-post-thumbnail","hentry","category-municipales"],"yoast_head":"<!-- This site is optimized with the Yoast SEO plugin v25.9 - https:\/\/yoast.com\/wordpress\/plugins\/seo\/ -->\n<title>Contin\u00faa la vacunaci\u00f3n antirr\u00e1bica en Tornquist, Sierra de la Ventana y Chasic\u00f3 - Noticias Radio Reflejos<\/title>\n<meta name=\"robots\" content=\"index, follow, max-snippet:-1, max-image-preview:large, max-video-preview:-1\" \/>\n<link rel=\"canonical\" href=\"https:\/\/www.noticiasradioreflejos.com.ar\/2021\/continua-la-vacunacion-antirrabica-en-tornquist-sierra-de-la-ventana-y-chasico\/\" \/>\n<meta property=\"og:locale\" content=\"es_ES\" \/>\n<meta property=\"og:type\" content=\"article\" \/>\n<meta property=\"og:title\" content=\"Contin\u00faa la vacunaci\u00f3n antirr\u00e1bica en Tornquist, Sierra de la Ventana y Chasic\u00f3 - Noticias Radio Reflejos\" \/>\n<meta property=\"og:description\" content=\"La Subsecretar\u00eda de Bromatolog\u00eda y Zoonosis recuerda a la comunidad, que contin\u00faa la campa\u00f1a de vacunaci\u00f3n gratuita antirr\u00e1bica para caninos y felinos, en las localidades de Sierra de la Ventana, Tornquist y Chasic\u00f3.\" \/>\n<meta property=\"og:url\" content=\"https:\/\/www.noticiasradioreflejos.com.ar\/2021\/continua-la-vacunacion-antirrabica-en-tornquist-sierra-de-la-ventana-y-chasico\/\" \/>\n<meta property=\"og:site_name\" content=\"Noticias Radio Reflejos\" \/>\n<meta property=\"article:published_time\" content=\"2020-08-27T14:36:52+00:00\" \/>\n<meta property=\"og:image\" content=\"https:\/\/www.noticiasradioreflejos.com.ar\/2021\/wp-content\/uploads\/2018\/02\/Vacunacion-1-1024x666-1024x666-1.jpg\" \/>\n\t<meta property=\"og:image:width\" content=\"1024\" \/>\n\t<meta property=\"og:image:height\" content=\"666\" \/>\n\t<meta property=\"og:image:type\" content=\"image\/jpeg\" \/>\n<meta name=\"author\" content=\"Arnaldo Botto\" \/>\n<meta name=\"twitter:card\" content=\"summary_large_image\" \/>\n<script type=\"application\/ld+json\" class=\"yoast-schema-graph\">{\"@context\":\"https:\/\/schema.org\",\"@graph\":[{\"@type\":\"WebPage\",\"@id\":\"https:\/\/www.noticiasradioreflejos.com.ar\/2021\/continua-la-vacunacion-antirrabica-en-tornquist-sierra-de-la-ventana-y-chasico\/\",\"url\":\"https:\/\/www.noticiasradioreflejos.com.ar\/2021\/continua-la-vacunacion-antirrabica-en-tornquist-sierra-de-la-ventana-y-chasico\/\",\"name\":\"Contin\u00faa la vacunaci\u00f3n antirr\u00e1bica en Tornquist, Sierra de la Ventana y Chasic\u00f3 - Noticias Radio Reflejos\",\"isPartOf\":{\"@id\":\"https:\/\/www.noticiasradioreflejos.com.ar\/2021\/#website\"},\"primaryImageOfPage\":{\"@id\":\"https:\/\/www.noticiasradioreflejos.com.ar\/2021\/continua-la-vacunacion-antirrabica-en-tornquist-sierra-de-la-ventana-y-chasico\/#primaryimage\"},\"image\":{\"@id\":\"https:\/\/www.noticiasradioreflejos.com.ar\/2021\/continua-la-vacunacion-antirrabica-en-tornquist-sierra-de-la-ventana-y-chasico\/#primaryimage\"},\"thumbnailUrl\":\"https:\/\/www.noticiasradioreflejos.com.ar\/2021\/wp-content\/uploads\/2018\/02\/Vacunacion-1-1024x666-1024x666-1.jpg\",\"datePublished\":\"2020-08-27T14:36:52+00:00\",\"author\":{\"@id\":\"https:\/\/www.noticiasradioreflejos.com.ar\/2021\/#\/schema\/person\/ad82545263dcc5ec0996818884fd5fb1\"},\"breadcrumb\":{\"@id\":\"https:\/\/www.noticiasradioreflejos.com.ar\/2021\/continua-la-vacunacion-antirrabica-en-tornquist-sierra-de-la-ventana-y-chasico\/#breadcrumb\"},\"inLanguage\":\"es\",\"potentialAction\":[{\"@type\":\"ReadAction\",\"target\":[\"https:\/\/www.noticiasradioreflejos.com.ar\/2021\/continua-la-vacunacion-antirrabica-en-tornquist-sierra-de-la-ventana-y-chasico\/\"]}]},{\"@type\":\"ImageObject\",\"inLanguage\":\"es\",\"@id\":\"https:\/\/www.noticiasradioreflejos.com.ar\/2021\/continua-la-vacunacion-antirrabica-en-tornquist-sierra-de-la-ventana-y-chasico\/#primaryimage\",\"url\":\"https:\/\/www.noticiasradioreflejos.com.ar\/2021\/wp-content\/uploads\/2018\/02\/Vacunacion-1-1024x666-1024x666-1.jpg\",\"contentUrl\":\"https:\/\/www.noticiasradioreflejos.com.ar\/2021\/wp-content\/uploads\/2018\/02\/Vacunacion-1-1024x666-1024x666-1.jpg\",\"width\":1024,\"height\":666},{\"@type\":\"BreadcrumbList\",\"@id\":\"https:\/\/www.noticiasradioreflejos.com.ar\/2021\/continua-la-vacunacion-antirrabica-en-tornquist-sierra-de-la-ventana-y-chasico\/#breadcrumb\",\"itemListElement\":[{\"@type\":\"ListItem\",\"position\":1,\"name\":\"Portada\",\"item\":\"https:\/\/www.noticiasradioreflejos.com.ar\/2021\/\"},{\"@type\":\"ListItem\",\"position\":2,\"name\":\"Contin\u00faa la vacunaci\u00f3n antirr\u00e1bica en Tornquist, Sierra de la Ventana y Chasic\u00f3\"}]},{\"@type\":\"WebSite\",\"@id\":\"https:\/\/www.noticiasradioreflejos.com.ar\/2021\/#website\",\"url\":\"https:\/\/www.noticiasradioreflejos.com.ar\/2021\/\",\"name\":\"Noticias Radio Reflejos\",\"description\":\"Las noticias de mi comarca\",\"potentialAction\":[{\"@type\":\"SearchAction\",\"target\":{\"@type\":\"EntryPoint\",\"urlTemplate\":\"https:\/\/www.noticiasradioreflejos.com.ar\/2021\/?s={search_term_string}\"},\"query-input\":{\"@type\":\"PropertyValueSpecification\",\"valueRequired\":true,\"valueName\":\"search_term_string\"}}],\"inLanguage\":\"es\"},{\"@type\":\"Person\",\"@id\":\"https:\/\/www.noticiasradioreflejos.com.ar\/2021\/#\/schema\/person\/ad82545263dcc5ec0996818884fd5fb1\",\"name\":\"Arnaldo Botto\",\"image\":{\"@type\":\"ImageObject\",\"inLanguage\":\"es\",\"@id\":\"https:\/\/www.noticiasradioreflejos.com.ar\/2021\/#\/schema\/person\/image\/\",\"url\":\"https:\/\/secure.gravatar.com\/avatar\/55cb5e37c1efa326397366e6974cb338056df65cb50e7d64d1cf314e87504837?s=96&d=mm&r=g\",\"contentUrl\":\"https:\/\/secure.gravatar.com\/avatar\/55cb5e37c1efa326397366e6974cb338056df65cb50e7d64d1cf314e87504837?s=96&d=mm&r=g\",\"caption\":\"Arnaldo Botto\"},\"url\":\"https:\/\/www.noticiasradioreflejos.com.ar\/2021\/author\/arnaldo\/\"}]}<\/script>\n<!-- \/ Yoast SEO plugin. -->","yoast_head_json":{"title":"Contin\u00faa la vacunaci\u00f3n antirr\u00e1bica en Tornquist, Sierra de la Ventana y Chasic\u00f3 - Noticias Radio Reflejos","robots":{"index":"index","follow":"follow","max-snippet":"max-snippet:-1","max-image-preview":"max-image-preview:large","max-video-preview":"max-video-preview:-1"},"canonical":"https:\/\/www.noticiasradioreflejos.com.ar\/2021\/continua-la-vacunacion-antirrabica-en-tornquist-sierra-de-la-ventana-y-chasico\/","og_locale":"es_ES","og_type":"article","og_title":"Contin\u00faa la vacunaci\u00f3n antirr\u00e1bica en Tornquist, Sierra de la Ventana y Chasic\u00f3 - Noticias Radio Reflejos","og_description":"La Subsecretar\u00eda de Bromatolog\u00eda y Zoonosis recuerda a la comunidad, que contin\u00faa la campa\u00f1a de vacunaci\u00f3n gratuita antirr\u00e1bica para caninos y felinos, en las localidades de Sierra de la Ventana, Tornquist y Chasic\u00f3.","og_url":"https:\/\/www.noticiasradioreflejos.com.ar\/2021\/continua-la-vacunacion-antirrabica-en-tornquist-sierra-de-la-ventana-y-chasico\/","og_site_name":"Noticias Radio Reflejos","article_published_time":"2020-08-27T14:36:52+00:00","og_image":[{"width":1024,"height":666,"url":"https:\/\/www.noticiasradioreflejos.com.ar\/2021\/wp-content\/uploads\/2018\/02\/Vacunacion-1-1024x666-1024x666-1.jpg","type":"image\/jpeg"}],"author":"Arnaldo Botto","twitter_card":"summary_large_image","schema":{"@context":"https:\/\/schema.org","@graph":[{"@type":"WebPage","@id":"https:\/\/www.noticiasradioreflejos.com.ar\/2021\/continua-la-vacunacion-antirrabica-en-tornquist-sierra-de-la-ventana-y-chasico\/","url":"https:\/\/www.noticiasradioreflejos.com.ar\/2021\/continua-la-vacunacion-antirrabica-en-tornquist-sierra-de-la-ventana-y-chasico\/","name":"Contin\u00faa la vacunaci\u00f3n antirr\u00e1bica en Tornquist, Sierra de la Ventana y Chasic\u00f3 - Noticias Radio Reflejos","isPartOf":{"@id":"https:\/\/www.noticiasradioreflejos.com.ar\/2021\/#website"},"primaryImageOfPage":{"@id":"https:\/\/www.noticiasradioreflejos.com.ar\/2021\/continua-la-vacunacion-antirrabica-en-tornquist-sierra-de-la-ventana-y-chasico\/#primaryimage"},"image":{"@id":"https:\/\/www.noticiasradioreflejos.com.ar\/2021\/continua-la-vacunacion-antirrabica-en-tornquist-sierra-de-la-ventana-y-chasico\/#primaryimage"},"thumbnailUrl":"https:\/\/www.noticiasradioreflejos.com.ar\/2021\/wp-content\/uploads\/2018\/02\/Vacunacion-1-1024x666-1024x666-1.jpg","datePublished":"2020-08-27T14:36:52+00:00","author":{"@id":"https:\/\/www.noticiasradioreflejos.com.ar\/2021\/#\/schema\/person\/ad82545263dcc5ec0996818884fd5fb1"},"breadcrumb":{"@id":"https:\/\/www.noticiasradioreflejos.com.ar\/2021\/continua-la-vacunacion-antirrabica-en-tornquist-sierra-de-la-ventana-y-chasico\/#breadcrumb"},"inLanguage":"es","potentialAction":[{"@type":"ReadAction","target":["https:\/\/www.noticiasradioreflejos.com.ar\/2021\/continua-la-vacunacion-antirrabica-en-tornquist-sierra-de-la-ventana-y-chasico\/"]}]},{"@type":"ImageObject","inLanguage":"es","@id":"https:\/\/www.noticiasradioreflejos.com.ar\/2021\/continua-la-vacunacion-antirrabica-en-tornquist-sierra-de-la-ventana-y-chasico\/#primaryimage","url":"https:\/\/www.noticiasradioreflejos.com.ar\/2021\/wp-content\/uploads\/2018\/02\/Vacunacion-1-1024x666-1024x666-1.jpg","contentUrl":"https:\/\/www.noticiasradioreflejos.com.ar\/2021\/wp-content\/uploads\/2018\/02\/Vacunacion-1-1024x666-1024x666-1.jpg","width":1024,"height":666},{"@type":"BreadcrumbList","@id":"https:\/\/www.noticiasradioreflejos.com.ar\/2021\/continua-la-vacunacion-antirrabica-en-tornquist-sierra-de-la-ventana-y-chasico\/#breadcrumb","itemListElement":[{"@type":"ListItem","position":1,"name":"Portada","item":"https:\/\/www.noticiasradioreflejos.com.ar\/2021\/"},{"@type":"ListItem","position":2,"name":"Contin\u00faa la vacunaci\u00f3n antirr\u00e1bica en Tornquist, Sierra de la Ventana y Chasic\u00f3"}]},{"@type":"WebSite","@id":"https:\/\/www.noticiasradioreflejos.com.ar\/2021\/#website","url":"https:\/\/www.noticiasradioreflejos.com.ar\/2021\/","name":"Noticias Radio Reflejos","description":"Las noticias de mi comarca","potentialAction":[{"@type":"SearchAction","target":{"@type":"EntryPoint","urlTemplate":"https:\/\/www.noticiasradioreflejos.com.ar\/2021\/?s={search_term_string}"},"query-input":{"@type":"PropertyValueSpecification","valueRequired":true,"valueName":"search_term_string"}}],"inLanguage":"es"},{"@type":"Person","@id":"https:\/\/www.noticiasradioreflejos.com.ar\/2021\/#\/schema\/person\/ad82545263dcc5ec0996818884fd5fb1","name":"Arnaldo Botto","image":{"@type":"ImageObject","inLanguage":"es","@id":"https:\/\/www.noticiasradioreflejos.com.ar\/2021\/#\/schema\/person\/image\/","url":"https:\/\/secure.gravatar.com\/avatar\/55cb5e37c1efa326397366e6974cb338056df65cb50e7d64d1cf314e87504837?s=96&d=mm&r=g","contentUrl":"https:\/\/secure.gravatar.com\/avatar\/55cb5e37c1efa326397366e6974cb338056df65cb50e7d64d1cf314e87504837?s=96&d=mm&r=g","caption":"Arnaldo Botto"},"url":"https:\/\/www.noticiasradioreflejos.com.ar\/2021\/author\/arnaldo\/"}]}},"_links":{"self":[{"href":"https:\/\/www.noticiasradioreflejos.com.ar\/2021\/wp-json\/wp\/v2\/posts\/46290","targetHints":{"allow":["GET"]}}],"collection":[{"href":"https:\/\/www.noticiasradioreflejos.com.ar\/2021\/wp-json\/wp\/v2\/posts"}],"about":[{"href":"https:\/\/www.noticiasradioreflejos.com.ar\/2021\/wp-json\/wp\/v2\/types\/post"}],"author":[{"embeddable":true,"href":"https:\/\/www.noticiasradioreflejos.com.ar\/2021\/wp-json\/wp\/v2\/users\/3"}],"replies":[{"embeddable":true,"href":"https:\/\/www.noticiasradioreflejos.com.ar\/2021\/wp-json\/wp\/v2\/comments?post=46290"}],"version-history":[{"count":0,"href":"https:\/\/www.noticiasradioreflejos.com.ar\/2021\/wp-json\/wp\/v2\/posts\/46290\/revisions"}],"wp:featuredmedia":[{"embeddable":true,"href":"https:\/\/www.noticiasradioreflejos.com.ar\/2021\/wp-json\/wp\/v2\/media\/19035"}],"wp:attachment":[{"href":"https:\/\/www.noticiasradioreflejos.com.ar\/2021\/wp-json\/wp\/v2\/media?parent=46290"}],"wp:term":[{"taxonomy":"category","embeddable":true,"href":"https:\/\/www.noticiasradioreflejos.com.ar\/2021\/wp-json\/wp\/v2\/categories?post=46290"},{"taxonomy":"post_tag","embeddable":true,"href":"https:\/\/www.noticiasradioreflejos.com.ar\/2021\/wp-json\/wp\/v2\/tags?post=46290"}],"curies":[{"name":"wp","href":"https:\/\/api.w.org\/{rel}","templated":true}]}}