{"id":46285,"date":"2020-08-27T09:36:43","date_gmt":"2020-08-27T12:36:43","guid":{"rendered":"http:\/\/www.noticiasradioreflejos.com.ar\/noticias\/?p=46285"},"modified":"2020-08-27T09:36:43","modified_gmt":"2020-08-27T12:36:43","slug":"la-aventura-de-los-locos-de-la-azotea-a-cien-anos-de-la-primera-transmision-radial","status":"publish","type":"post","link":"https:\/\/www.noticiasradioreflejos.com.ar\/2021\/la-aventura-de-los-locos-de-la-azotea-a-cien-anos-de-la-primera-transmision-radial\/","title":{"rendered":"La aventura de \u201clos locos de la azotea\u201d: a cien a\u00f1os de la primera transmisi\u00f3n radial"},"content":{"rendered":"<p>El 27 de agosto de 1920 Enrique Susini, C\u00e9sar Guerrico, Luis Romero Carranza y Miguel Mujica transmitieron la \u00f3pera \u201cParsifal\u201d, de Richard Wagner, desde la terraza del teatro Coliseo, en la ciudad de Buenos Aires. Con ello, dieron el puntapi\u00e9 inicial a la radiodifusi\u00f3n en Argentina y en todo el mundo.<!--more--><\/p>\n<p>Los acordes del preludio orquestal de \u201cParsifal\u201d, la m\u00edstica \u00f3pera final de Richard Wagner, inundaron la sala del porte\u00f1o teatro Coliseo. Simult\u00e1neamente, unos cuantos afortunados sintonizaron sus receptores y escucharon la m\u00fasica en sus auriculares, sin darse cuenta de que estaban siendo part\u00edcipes de un hecho hist\u00f3rico. Eran las nueve de la noche del 27 de agosto de 1920 y empezaba, gracias a cuatro entusiastas aficionados, la era de la radio. Un siglo despu\u00e9s el medio se ha reinventado con Internet y los podcasts, pero la iniciativa de \u201clos locos de la azotea\u201d transform\u00f3 el panorama de la comunicaci\u00f3n de una manera irreversible. En recuerdo de esa transmisi\u00f3n, operada desde la terraza del teatro frente a la plaza Libertad, se celebra cada 27 de agosto el D\u00eda de la Radiodifusi\u00f3n Argentina.<\/p>\n<p>Los \u201clocos\u201d eran cuatro: Enrique Susini, C\u00e9sar Guerrico, Luis Romero Carranza y Miguel Mujica. Lo curioso es que el primero era m\u00e9dico y los otros estudiantes de esa carrera, no ingenieros ni nada parecido. Susini ten\u00eda 25 a\u00f1os, Guerrico y Romero Carranza 22, y Mujica 18. Todos eran fan\u00e1ticos de lo que en ese momento se llamaba \u201cradiotelefon\u00eda\u201d, es decir, la comunicaci\u00f3n inal\u00e1mbrica (\u201csin hilos\u201d).<\/p>\n<figure class=\"wp-block-image size-large\"><a class=\"td-modal-image\" href=\"https:\/\/p6u5b6x9.stackpathcdn.com\/wp-content\/uploads\/2020\/08\/locos-azotea-3.jpeg\"><img loading=\"lazy\" decoding=\"async\" class=\"wp-image-114740\" src=\"https:\/\/p6u5b6x9.stackpathcdn.com\/wp-content\/uploads\/2020\/08\/locos-azotea-3.jpeg\" sizes=\"auto, (max-width: 1024px) 100vw, 1024px\" srcset=\"https:\/\/p6u5b6x9.stackpathcdn.com\/wp-content\/uploads\/2020\/08\/locos-azotea-3.jpeg 1024w, https:\/\/p6u5b6x9.stackpathcdn.com\/wp-content\/uploads\/2020\/08\/locos-azotea-3-300x199.jpeg 300w, https:\/\/p6u5b6x9.stackpathcdn.com\/wp-content\/uploads\/2020\/08\/locos-azotea-3-768x509.jpeg 768w, https:\/\/p6u5b6x9.stackpathcdn.com\/wp-content\/uploads\/2020\/08\/locos-azotea-3-500x332.jpeg 500w, https:\/\/p6u5b6x9.stackpathcdn.com\/wp-content\/uploads\/2020\/08\/locos-azotea-3-800x530.jpeg 800w, https:\/\/p6u5b6x9.stackpathcdn.com\/wp-content\/uploads\/2020\/08\/locos-azotea-3-696x462.jpeg 696w, https:\/\/p6u5b6x9.stackpathcdn.com\/wp-content\/uploads\/2020\/08\/locos-azotea-3-633x420.jpeg 633w\" alt=\"Los &quot;locos de la azotea&quot;: Luis Romero Carranza, C\u00e9sar Guerrico, Miguel Mujica y Enrique Susini .\" width=\"1024\" height=\"679\" \/><\/a><figcaption>Los \u201clocos de la azotea\u201d: Luis Romero Carranza, C\u00e9sar Guerrico, Miguel Mujica y Enrique Susini .<\/figcaption><\/figure>\n<h4>Centenario<\/h4>\n<p>La locura de la radioafici\u00f3n hab\u00eda empezado en Argentina diez a\u00f1os antes, para el Centenario. Uno de los magnos visitantes fue Guillermo Marconi, el inventor del \u201ctel\u00e9grafo sin hilos\u201d. En la zona de Bernal desarroll\u00f3 varias pruebas de transmisi\u00f3n utilizando un barrilete con el que se remontaba una antena. As\u00ed consigui\u00f3 tomar contacto con Irlanda y Canad\u00e1.<\/p>\n<p>Enseguida aparecieron libros y publicaciones sobre esta nueva tecnolog\u00eda. La popular revista Caras y Caretas comenz\u00f3 a publicar una nota tras otra sobre construcci\u00f3n y operaci\u00f3n de dispositivos de \u201ctelefon\u00eda sin hilos\u201d. \u201cSi algunos a\u00f1os atr\u00e1s nos hubiesen dicho que nuestra voz iba a ser o\u00edda a distancia de algunas cuadras sin comunicaci\u00f3n alguna, nos hubi\u00e9ramos re\u00eddo; pero hoy d\u00eda en que la electricidad a cada paso nos brinda una nueva maravilla, se ha vuelto nuestro temperamento cr\u00e9dulo\u201d, afirma un art\u00edculo firmado por Juan Otero en un ejemplar de 1920.<\/p>\n<p>Los futuros \u201clocos de la azotea\u201d no se perd\u00edan una de estas notas y siguieron con pasi\u00f3n toda informaci\u00f3n referida a los principios de Herz, Braun o Marconi. En el medio explot\u00f3 la Primera Guerra Mundial y el desarrollo radiof\u00f3nico dej\u00f3 de ser p\u00fablico para aplicarse al conflicto.<\/p>\n<p>Seg\u00fan cuenta Carlos Ulanovsky en \u201cD\u00edas de radio\u201d, los radioaficionados comentaban con preocupaci\u00f3n las noticias de la guerra e incluso \u201calgunos, desde sus equipos primitivos o no tanto, intercambiaban informaci\u00f3n con embarcaciones extranjeras o argentinas\u201d, lo que \u201cllev\u00f3 al gobierno de Hip\u00f3lito Yrigoyen a dictar el 12 de julio de 1917 el primer decreto de control oficial sobre radiotelefon\u00eda. La medida se tom\u00f3 para frenar un posible esc\u00e1ndalo: la denuncia de que radioaficionados instalados en el pa\u00eds contribu\u00edan a intereses alemanes ofreciendo informaci\u00f3n sobre el movimiento de buques\u201d.<\/p>\n<p>La que entonces llamaron la \u201cGran Guerra\u201d (y algunos pobres optimistas \u201cla \u00faltima guerra\u201d) tambi\u00e9n trajo una consecuencia que result\u00f3 decisiva en esta historia. En 1917 Susini hab\u00eda ingresado a la Armada como m\u00e9dico con la especialidad de otorrinolaring\u00f3logo. Cuando termin\u00f3 el conflicto, fue enviado a Europa para estudiar el efecto de los gases asfixiantes y paralizantes sobre las v\u00edas respiratorias. En el Ej\u00e9rcito franc\u00e9s consigui\u00f3 algunos equipos de radio casi abandonados con transmisores de 5 kw de potencia. Cuando regres\u00f3 al pa\u00eds, ten\u00eda equipo para rato.<\/p>\n<h4>El Festival Sacro<\/h4>\n<p>Aquel 27 de agosto hist\u00f3rico los j\u00f3venes hab\u00edan agregado una bocina para sordos a un micr\u00f3fono y lo pusieron en el para\u00edso (la zona superior de la sala) del teatro Coliseo. El transmisor volvi\u00f3 a pelear como en la Gran Guerra desde la azotea del edificio. La antena fue un alambre colocado entre el teatro y la c\u00fapula de la casa de Guerrico en la esquina de Cerrito y Charcas (actual Marcelo T. de Alvear), a unos 25 metros de distancia.<\/p>\n<figure class=\"wp-block-image size-large is-style-rounded\"><a class=\"td-modal-image\" href=\"https:\/\/p6u5b6x9.stackpathcdn.com\/wp-content\/uploads\/2020\/08\/equipo-718x1024.jpg\"><img loading=\"lazy\" decoding=\"async\" class=\"wp-image-114739\" src=\"https:\/\/p6u5b6x9.stackpathcdn.com\/wp-content\/uploads\/2020\/08\/equipo-718x1024.jpg\" sizes=\"auto, (max-width: 718px) 100vw, 718px\" srcset=\"https:\/\/p6u5b6x9.stackpathcdn.com\/wp-content\/uploads\/2020\/08\/equipo-718x1024.jpg 718w, https:\/\/p6u5b6x9.stackpathcdn.com\/wp-content\/uploads\/2020\/08\/equipo-210x300.jpg 210w, https:\/\/p6u5b6x9.stackpathcdn.com\/wp-content\/uploads\/2020\/08\/equipo-768x1096.jpg 768w, https:\/\/p6u5b6x9.stackpathcdn.com\/wp-content\/uploads\/2020\/08\/equipo-500x713.jpg 500w, https:\/\/p6u5b6x9.stackpathcdn.com\/wp-content\/uploads\/2020\/08\/equipo-800x1142.jpg 800w, https:\/\/p6u5b6x9.stackpathcdn.com\/wp-content\/uploads\/2020\/08\/equipo-696x993.jpg 696w, https:\/\/p6u5b6x9.stackpathcdn.com\/wp-content\/uploads\/2020\/08\/equipo-294x420.jpg 294w, https:\/\/p6u5b6x9.stackpathcdn.com\/wp-content\/uploads\/2020\/08\/equipo.jpg 897w\" alt=\"El equipo con el que se realiz\u00f3 aquella transmisi\u00f3n inaugural. (Caras y Caretas)\" width=\"718\" height=\"1024\" \/><\/a><figcaption>El equipo con el que se realiz\u00f3 aquella transmisi\u00f3n inaugural. (Caras y Caretas)<\/figcaption><\/figure>\n<p>A las nueve de la noche la voz de Susini anunci\u00f3: \u201cSe\u00f1oras y se\u00f1ores, la Sociedad Radio Argentina les presenta hoy el Festival Sacro de Ricardo Wagner, \u2018Parsifal\u2019, con la actuaci\u00f3n del tenor Maestri, el bar\u00edtono Aldo Rossi Morelli y la soprano argentina Sara C\u00e9sar, todos con la orquesta del teatro Costanzi de Roma, dirigida por el maestro F\u00e9lix von Weingarten\u201d. La transmisi\u00f3n son\u00f3, seg\u00fan contaron despu\u00e9s los aficionados, lejana y met\u00e1lica, y por momentos se interrump\u00eda. Pero el paso inicial estaba dado.<\/p>\n<p>Al d\u00eda siguiente, se transmitieron las \u00f3peras \u201cA\u00edda\u201d, \u201cParsifal\u201d (nuevamente) y, a la noche, \u201cIris\u201d. Ese acontecimiento origin\u00f3 la primera licencia de la radiodifusi\u00f3n nacional: LOR, Radio Argentina, que transmitir\u00eda regularmente desde diversos teatros, incluyendo el Col\u00f3n.<\/p>\n<p>\u201cTras consumarse las emisiones iniciales -cuenta Ulanovsky- el presidente Yrigoyen, que no era de muchas palabras, se refiri\u00f3 as\u00ed a \u2018los locos de la azotea\u2019: \u2018Cuando los j\u00f3venes juegan a la ciencia es porque tienen el genio adentro\u2019\u201d. Varios diarios hicieron caso omiso a las transmisiones por \u201condas marconigr\u00e1ficas\u201d, excepto La Raz\u00f3n, cuyo extasiado cronista estall\u00f3 en poes\u00eda tecnol\u00f3gica: \u201cAnoche, una onda sonora ondul\u00f3 vermicular, de las 21 a las 24, por el espacio, como abriendo, con su sutil celaje de armon\u00edas, las m\u00e1s caprichosas, ricas y gr\u00e1vidas de nobles emociones, la ciudad entera\u201d. En otro pasaje, la nota menciona \u201cnotas divinas que llov\u00edan desde el cielo\u201d.<\/p>\n<h4>La huella<\/h4>\n<p>La transmisi\u00f3n que inici\u00f3 la radiodifusi\u00f3n argentina y mundial no fue la primera para varios autores. As\u00ed, se habla de emisiones en San Jos\u00e9, California, en 1909, o en Brant Rock, Masachussetts, en 1906 (ambas en EE.UU.). Tambi\u00e9n, en Francia y Holanda, todas antes de 1920.<\/p>\n<p>Lo que importa es que la emisi\u00f3n de \u201clos locos de la azotea\u201d abri\u00f3 una huella y se hizo famosa en todo el mundo. Y el 27 de agosto de 1970, cuando se cumplieron 50 a\u00f1os de aquella emisi\u00f3n legendaria, un septuagenario Susini afirm\u00f3: \u201cYo quiero reclamar para la ciudad y el pa\u00eds la absoluta seguridad de que la nuestra fue la primera transmisi\u00f3n de radio del mundo (\u2026) Podr\u00edamos haber inaugurado dos d\u00edas antes con un concierto de Arturo Rubinstein pero preferimos que fuera la melod\u00eda de Parsifal, el tema de la fe, la que iniciara las transmisiones\u201d.<\/p>\n<p>Esos primeros a\u00f1os, por cierto, fueron los del \u201cculto\u201d a la radio. Susini quer\u00eda empezar sus emisiones con \u201cel tema de la fe\u201d y lo notable es que los primeros receptores comerciales, ubicados en lugares de privilegio en los hogares, fueron conocidos popularmente como \u201ccapillitas\u201d o \u201cradios capilla\u201d.<\/p>\n<h4>Los cuatro fant\u00e1sticos<\/h4>\n<p>Luego de aquella noche inaugural, los amigos tuvieron carreras fulgurantes en los medios.<\/p>\n<p>Enrique Susini fue regisseur de \u00f3pera, director de teatro y cine, y director de c\u00e1maras y camar\u00f3grafo de la primera transmisi\u00f3n de LR3 Radio Belgrano Televisi\u00f3n el 17 de octubre de 1951. En 1933 estren\u00f3 \u201cLos tres berretines\u201d, que hablaba de tango, f\u00fatbol y cine.<\/p>\n<p>C\u00e9sar Guerrico lleg\u00f3 a ser director de Radio Splendid. Miguel Mujica fue secretario de Comunicaciones durante el Gobierno de Arturo Frondizi. Romero Carranza cre\u00f3 en los a\u00f1os 30 la primera f\u00e1brica de celuloide virgen para cine y a\u00f1os despu\u00e9s ser\u00eda uno de los fundadores de los estudios Lumiton, famosos en las d\u00e9cadas de oro del cine argentino. (DIB) MM<\/p>\n<p><strong>\u00a0Por Marcelo Metayer<br \/>\nde la redacci\u00f3n de DIB<\/strong><\/p>\n","protected":false},"excerpt":{"rendered":"<p>El 27 de agosto de 1920 Enrique Susini, C\u00e9sar Guerrico, Luis Romero Carranza y Miguel Mujica transmitieron la \u00f3pera \u201cParsifal\u201d, de Richard Wagner, desde la terraza del teatro Coliseo, en la ciudad de Buenos Aires. Con ello, dieron el puntapi\u00e9 inicial a la radiodifusi\u00f3n en Argentina y en todo el mundo.<\/p>\n","protected":false},"author":3,"featured_media":0,"comment_status":"closed","ping_status":"open","sticky":false,"template":"","format":"standard","meta":{"footnotes":""},"categories":[26],"tags":[],"class_list":["post-46285","post","type-post","status-publish","format-standard","hentry","category-sociedad"],"yoast_head":"<!-- This site is optimized with the Yoast SEO plugin v25.9 - https:\/\/yoast.com\/wordpress\/plugins\/seo\/ -->\n<title>La aventura de \u201clos locos de la azotea\u201d: a cien a\u00f1os de la primera transmisi\u00f3n radial - Noticias Radio Reflejos<\/title>\n<meta name=\"robots\" content=\"index, follow, max-snippet:-1, max-image-preview:large, max-video-preview:-1\" \/>\n<link rel=\"canonical\" href=\"https:\/\/www.noticiasradioreflejos.com.ar\/2021\/la-aventura-de-los-locos-de-la-azotea-a-cien-anos-de-la-primera-transmision-radial\/\" \/>\n<meta property=\"og:locale\" content=\"es_ES\" \/>\n<meta property=\"og:type\" content=\"article\" \/>\n<meta property=\"og:title\" content=\"La aventura de \u201clos locos de la azotea\u201d: a cien a\u00f1os de la primera transmisi\u00f3n radial - Noticias Radio Reflejos\" \/>\n<meta property=\"og:description\" content=\"El 27 de agosto de 1920 Enrique Susini, C\u00e9sar Guerrico, Luis Romero Carranza y Miguel Mujica transmitieron la \u00f3pera \u201cParsifal\u201d, de Richard Wagner, desde la terraza del teatro Coliseo, en la ciudad de Buenos Aires. Con ello, dieron el puntapi\u00e9 inicial a la radiodifusi\u00f3n en Argentina y en todo el mundo.\" \/>\n<meta property=\"og:url\" content=\"https:\/\/www.noticiasradioreflejos.com.ar\/2021\/la-aventura-de-los-locos-de-la-azotea-a-cien-anos-de-la-primera-transmision-radial\/\" \/>\n<meta property=\"og:site_name\" content=\"Noticias Radio Reflejos\" \/>\n<meta property=\"article:published_time\" content=\"2020-08-27T12:36:43+00:00\" \/>\n<meta property=\"og:image\" content=\"https:\/\/www.noticiasradioreflejos.com.ar\/2021\/wp-content\/uploads\/2021\/07\/logosol300x200.png\" \/>\n\t<meta property=\"og:image:width\" content=\"300\" \/>\n\t<meta property=\"og:image:height\" content=\"200\" \/>\n\t<meta property=\"og:image:type\" content=\"image\/png\" \/>\n<meta name=\"author\" content=\"Arnaldo Botto\" \/>\n<meta name=\"twitter:card\" content=\"summary_large_image\" \/>\n<script type=\"application\/ld+json\" class=\"yoast-schema-graph\">{\"@context\":\"https:\/\/schema.org\",\"@graph\":[{\"@type\":\"WebPage\",\"@id\":\"https:\/\/www.noticiasradioreflejos.com.ar\/2021\/la-aventura-de-los-locos-de-la-azotea-a-cien-anos-de-la-primera-transmision-radial\/\",\"url\":\"https:\/\/www.noticiasradioreflejos.com.ar\/2021\/la-aventura-de-los-locos-de-la-azotea-a-cien-anos-de-la-primera-transmision-radial\/\",\"name\":\"La aventura de \u201clos locos de la azotea\u201d: a cien a\u00f1os de la primera transmisi\u00f3n radial - Noticias Radio Reflejos\",\"isPartOf\":{\"@id\":\"https:\/\/www.noticiasradioreflejos.com.ar\/2021\/#website\"},\"primaryImageOfPage\":{\"@id\":\"https:\/\/www.noticiasradioreflejos.com.ar\/2021\/la-aventura-de-los-locos-de-la-azotea-a-cien-anos-de-la-primera-transmision-radial\/#primaryimage\"},\"image\":{\"@id\":\"https:\/\/www.noticiasradioreflejos.com.ar\/2021\/la-aventura-de-los-locos-de-la-azotea-a-cien-anos-de-la-primera-transmision-radial\/#primaryimage\"},\"thumbnailUrl\":\"https:\/\/p6u5b6x9.stackpathcdn.com\/wp-content\/uploads\/2020\/08\/locos-azotea-3.jpeg\",\"datePublished\":\"2020-08-27T12:36:43+00:00\",\"author\":{\"@id\":\"https:\/\/www.noticiasradioreflejos.com.ar\/2021\/#\/schema\/person\/ad82545263dcc5ec0996818884fd5fb1\"},\"breadcrumb\":{\"@id\":\"https:\/\/www.noticiasradioreflejos.com.ar\/2021\/la-aventura-de-los-locos-de-la-azotea-a-cien-anos-de-la-primera-transmision-radial\/#breadcrumb\"},\"inLanguage\":\"es\",\"potentialAction\":[{\"@type\":\"ReadAction\",\"target\":[\"https:\/\/www.noticiasradioreflejos.com.ar\/2021\/la-aventura-de-los-locos-de-la-azotea-a-cien-anos-de-la-primera-transmision-radial\/\"]}]},{\"@type\":\"ImageObject\",\"inLanguage\":\"es\",\"@id\":\"https:\/\/www.noticiasradioreflejos.com.ar\/2021\/la-aventura-de-los-locos-de-la-azotea-a-cien-anos-de-la-primera-transmision-radial\/#primaryimage\",\"url\":\"https:\/\/p6u5b6x9.stackpathcdn.com\/wp-content\/uploads\/2020\/08\/locos-azotea-3.jpeg\",\"contentUrl\":\"https:\/\/p6u5b6x9.stackpathcdn.com\/wp-content\/uploads\/2020\/08\/locos-azotea-3.jpeg\"},{\"@type\":\"BreadcrumbList\",\"@id\":\"https:\/\/www.noticiasradioreflejos.com.ar\/2021\/la-aventura-de-los-locos-de-la-azotea-a-cien-anos-de-la-primera-transmision-radial\/#breadcrumb\",\"itemListElement\":[{\"@type\":\"ListItem\",\"position\":1,\"name\":\"Portada\",\"item\":\"https:\/\/www.noticiasradioreflejos.com.ar\/2021\/\"},{\"@type\":\"ListItem\",\"position\":2,\"name\":\"La aventura de \u201clos locos de la azotea\u201d: a cien a\u00f1os de la primera transmisi\u00f3n radial\"}]},{\"@type\":\"WebSite\",\"@id\":\"https:\/\/www.noticiasradioreflejos.com.ar\/2021\/#website\",\"url\":\"https:\/\/www.noticiasradioreflejos.com.ar\/2021\/\",\"name\":\"Noticias Radio Reflejos\",\"description\":\"Las noticias de mi comarca\",\"potentialAction\":[{\"@type\":\"SearchAction\",\"target\":{\"@type\":\"EntryPoint\",\"urlTemplate\":\"https:\/\/www.noticiasradioreflejos.com.ar\/2021\/?s={search_term_string}\"},\"query-input\":{\"@type\":\"PropertyValueSpecification\",\"valueRequired\":true,\"valueName\":\"search_term_string\"}}],\"inLanguage\":\"es\"},{\"@type\":\"Person\",\"@id\":\"https:\/\/www.noticiasradioreflejos.com.ar\/2021\/#\/schema\/person\/ad82545263dcc5ec0996818884fd5fb1\",\"name\":\"Arnaldo Botto\",\"image\":{\"@type\":\"ImageObject\",\"inLanguage\":\"es\",\"@id\":\"https:\/\/www.noticiasradioreflejos.com.ar\/2021\/#\/schema\/person\/image\/\",\"url\":\"https:\/\/secure.gravatar.com\/avatar\/55cb5e37c1efa326397366e6974cb338056df65cb50e7d64d1cf314e87504837?s=96&d=mm&r=g\",\"contentUrl\":\"https:\/\/secure.gravatar.com\/avatar\/55cb5e37c1efa326397366e6974cb338056df65cb50e7d64d1cf314e87504837?s=96&d=mm&r=g\",\"caption\":\"Arnaldo Botto\"},\"url\":\"https:\/\/www.noticiasradioreflejos.com.ar\/2021\/author\/arnaldo\/\"}]}<\/script>\n<!-- \/ Yoast SEO plugin. -->","yoast_head_json":{"title":"La aventura de \u201clos locos de la azotea\u201d: a cien a\u00f1os de la primera transmisi\u00f3n radial - Noticias Radio Reflejos","robots":{"index":"index","follow":"follow","max-snippet":"max-snippet:-1","max-image-preview":"max-image-preview:large","max-video-preview":"max-video-preview:-1"},"canonical":"https:\/\/www.noticiasradioreflejos.com.ar\/2021\/la-aventura-de-los-locos-de-la-azotea-a-cien-anos-de-la-primera-transmision-radial\/","og_locale":"es_ES","og_type":"article","og_title":"La aventura de \u201clos locos de la azotea\u201d: a cien a\u00f1os de la primera transmisi\u00f3n radial - Noticias Radio Reflejos","og_description":"El 27 de agosto de 1920 Enrique Susini, C\u00e9sar Guerrico, Luis Romero Carranza y Miguel Mujica transmitieron la \u00f3pera \u201cParsifal\u201d, de Richard Wagner, desde la terraza del teatro Coliseo, en la ciudad de Buenos Aires. Con ello, dieron el puntapi\u00e9 inicial a la radiodifusi\u00f3n en Argentina y en todo el mundo.","og_url":"https:\/\/www.noticiasradioreflejos.com.ar\/2021\/la-aventura-de-los-locos-de-la-azotea-a-cien-anos-de-la-primera-transmision-radial\/","og_site_name":"Noticias Radio Reflejos","article_published_time":"2020-08-27T12:36:43+00:00","og_image":[{"width":300,"height":200,"url":"https:\/\/www.noticiasradioreflejos.com.ar\/2021\/wp-content\/uploads\/2021\/07\/logosol300x200.png","type":"image\/png"}],"author":"Arnaldo Botto","twitter_card":"summary_large_image","schema":{"@context":"https:\/\/schema.org","@graph":[{"@type":"WebPage","@id":"https:\/\/www.noticiasradioreflejos.com.ar\/2021\/la-aventura-de-los-locos-de-la-azotea-a-cien-anos-de-la-primera-transmision-radial\/","url":"https:\/\/www.noticiasradioreflejos.com.ar\/2021\/la-aventura-de-los-locos-de-la-azotea-a-cien-anos-de-la-primera-transmision-radial\/","name":"La aventura de \u201clos locos de la azotea\u201d: a cien a\u00f1os de la primera transmisi\u00f3n radial - Noticias Radio Reflejos","isPartOf":{"@id":"https:\/\/www.noticiasradioreflejos.com.ar\/2021\/#website"},"primaryImageOfPage":{"@id":"https:\/\/www.noticiasradioreflejos.com.ar\/2021\/la-aventura-de-los-locos-de-la-azotea-a-cien-anos-de-la-primera-transmision-radial\/#primaryimage"},"image":{"@id":"https:\/\/www.noticiasradioreflejos.com.ar\/2021\/la-aventura-de-los-locos-de-la-azotea-a-cien-anos-de-la-primera-transmision-radial\/#primaryimage"},"thumbnailUrl":"https:\/\/p6u5b6x9.stackpathcdn.com\/wp-content\/uploads\/2020\/08\/locos-azotea-3.jpeg","datePublished":"2020-08-27T12:36:43+00:00","author":{"@id":"https:\/\/www.noticiasradioreflejos.com.ar\/2021\/#\/schema\/person\/ad82545263dcc5ec0996818884fd5fb1"},"breadcrumb":{"@id":"https:\/\/www.noticiasradioreflejos.com.ar\/2021\/la-aventura-de-los-locos-de-la-azotea-a-cien-anos-de-la-primera-transmision-radial\/#breadcrumb"},"inLanguage":"es","potentialAction":[{"@type":"ReadAction","target":["https:\/\/www.noticiasradioreflejos.com.ar\/2021\/la-aventura-de-los-locos-de-la-azotea-a-cien-anos-de-la-primera-transmision-radial\/"]}]},{"@type":"ImageObject","inLanguage":"es","@id":"https:\/\/www.noticiasradioreflejos.com.ar\/2021\/la-aventura-de-los-locos-de-la-azotea-a-cien-anos-de-la-primera-transmision-radial\/#primaryimage","url":"https:\/\/p6u5b6x9.stackpathcdn.com\/wp-content\/uploads\/2020\/08\/locos-azotea-3.jpeg","contentUrl":"https:\/\/p6u5b6x9.stackpathcdn.com\/wp-content\/uploads\/2020\/08\/locos-azotea-3.jpeg"},{"@type":"BreadcrumbList","@id":"https:\/\/www.noticiasradioreflejos.com.ar\/2021\/la-aventura-de-los-locos-de-la-azotea-a-cien-anos-de-la-primera-transmision-radial\/#breadcrumb","itemListElement":[{"@type":"ListItem","position":1,"name":"Portada","item":"https:\/\/www.noticiasradioreflejos.com.ar\/2021\/"},{"@type":"ListItem","position":2,"name":"La aventura de \u201clos locos de la azotea\u201d: a cien a\u00f1os de la primera transmisi\u00f3n radial"}]},{"@type":"WebSite","@id":"https:\/\/www.noticiasradioreflejos.com.ar\/2021\/#website","url":"https:\/\/www.noticiasradioreflejos.com.ar\/2021\/","name":"Noticias Radio Reflejos","description":"Las noticias de mi comarca","potentialAction":[{"@type":"SearchAction","target":{"@type":"EntryPoint","urlTemplate":"https:\/\/www.noticiasradioreflejos.com.ar\/2021\/?s={search_term_string}"},"query-input":{"@type":"PropertyValueSpecification","valueRequired":true,"valueName":"search_term_string"}}],"inLanguage":"es"},{"@type":"Person","@id":"https:\/\/www.noticiasradioreflejos.com.ar\/2021\/#\/schema\/person\/ad82545263dcc5ec0996818884fd5fb1","name":"Arnaldo Botto","image":{"@type":"ImageObject","inLanguage":"es","@id":"https:\/\/www.noticiasradioreflejos.com.ar\/2021\/#\/schema\/person\/image\/","url":"https:\/\/secure.gravatar.com\/avatar\/55cb5e37c1efa326397366e6974cb338056df65cb50e7d64d1cf314e87504837?s=96&d=mm&r=g","contentUrl":"https:\/\/secure.gravatar.com\/avatar\/55cb5e37c1efa326397366e6974cb338056df65cb50e7d64d1cf314e87504837?s=96&d=mm&r=g","caption":"Arnaldo Botto"},"url":"https:\/\/www.noticiasradioreflejos.com.ar\/2021\/author\/arnaldo\/"}]}},"_links":{"self":[{"href":"https:\/\/www.noticiasradioreflejos.com.ar\/2021\/wp-json\/wp\/v2\/posts\/46285","targetHints":{"allow":["GET"]}}],"collection":[{"href":"https:\/\/www.noticiasradioreflejos.com.ar\/2021\/wp-json\/wp\/v2\/posts"}],"about":[{"href":"https:\/\/www.noticiasradioreflejos.com.ar\/2021\/wp-json\/wp\/v2\/types\/post"}],"author":[{"embeddable":true,"href":"https:\/\/www.noticiasradioreflejos.com.ar\/2021\/wp-json\/wp\/v2\/users\/3"}],"replies":[{"embeddable":true,"href":"https:\/\/www.noticiasradioreflejos.com.ar\/2021\/wp-json\/wp\/v2\/comments?post=46285"}],"version-history":[{"count":0,"href":"https:\/\/www.noticiasradioreflejos.com.ar\/2021\/wp-json\/wp\/v2\/posts\/46285\/revisions"}],"wp:attachment":[{"href":"https:\/\/www.noticiasradioreflejos.com.ar\/2021\/wp-json\/wp\/v2\/media?parent=46285"}],"wp:term":[{"taxonomy":"category","embeddable":true,"href":"https:\/\/www.noticiasradioreflejos.com.ar\/2021\/wp-json\/wp\/v2\/categories?post=46285"},{"taxonomy":"post_tag","embeddable":true,"href":"https:\/\/www.noticiasradioreflejos.com.ar\/2021\/wp-json\/wp\/v2\/tags?post=46285"}],"curies":[{"name":"wp","href":"https:\/\/api.w.org\/{rel}","templated":true}]}}