{"id":46281,"date":"2020-08-27T08:50:22","date_gmt":"2020-08-27T11:50:22","guid":{"rendered":"http:\/\/www.noticiasradioreflejos.com.ar\/noticias\/?p=46281"},"modified":"2020-08-27T08:50:22","modified_gmt":"2020-08-27T11:50:22","slug":"amplian-hasta-fin-de-ano-reintegro-del-15-por-compras-con-debito-para-jubilados-con-la-minima-y-auh","status":"publish","type":"post","link":"https:\/\/www.noticiasradioreflejos.com.ar\/2021\/amplian-hasta-fin-de-ano-reintegro-del-15-por-compras-con-debito-para-jubilados-con-la-minima-y-auh\/","title":{"rendered":"Ampl\u00edan hasta fin de a\u00f1o reintegro del 15% por compras con d\u00e9bito para jubilados con la m\u00ednima y AUH"},"content":{"rendered":"<p>La Administraci\u00f3n Federal de Ingresos P\u00fablicos (AFIP) ampli\u00f3 hasta el 31 de diciembre pr\u00f3ximo el reintegro del 15% en las compras con tarjetas de d\u00e9bito que realicen los jubilados y pensionados que cobren el haber m\u00ednimo y los beneficiarios de las asignaciones universales por Hijo (AUH) y por Embarazo (AUE)<br \/>\n<!--more--><\/p>\n<p>Lo hizo a trav\u00e9s de la resoluci\u00f3n general 4797\/2020 publicada hoy en el Bolet\u00edn Oficial, que posterg\u00f3 el beneficio que rige desde el 1 de marzo \u00faltimo y cuyo vencimiento original era el 31 de agosto pr\u00f3ximo.<\/p>\n<p>El reintegro del 15% se concreta en las compras que realicen los beneficiarios con las tarjetas de d\u00e9bito de las cuentas donde se acreditan sus cobros.<\/p>\n<p>Estos reintegros son de hasta $ 700 mensuales por beneficiario, con un tope de $ 1.400 por hogar.<\/p>\n","protected":false},"excerpt":{"rendered":"<p>La Administraci\u00f3n Federal de Ingresos P\u00fablicos (AFIP) ampli\u00f3 hasta el 31 de diciembre pr\u00f3ximo el reintegro del 15% en las compras con tarjetas de d\u00e9bito que realicen los jubilados y pensionados que cobren el haber m\u00ednimo y los beneficiarios de las asignaciones universales por Hijo (AUH) y por Embarazo (AUE)<\/p>\n","protected":false},"author":3,"featured_media":0,"comment_status":"closed","ping_status":"open","sticky":false,"template":"","format":"standard","meta":{"footnotes":""},"categories":[36],"tags":[],"class_list":["post-46281","post","type-post","status-publish","format-standard","hentry","category-economia"],"yoast_head":"<!-- This site is optimized with the Yoast SEO plugin v25.9 - https:\/\/yoast.com\/wordpress\/plugins\/seo\/ -->\n<title>Ampl\u00edan hasta fin de a\u00f1o reintegro del 15% por compras con d\u00e9bito para jubilados con la m\u00ednima y AUH - Noticias Radio Reflejos<\/title>\n<meta name=\"robots\" content=\"index, follow, max-snippet:-1, max-image-preview:large, max-video-preview:-1\" \/>\n<link rel=\"canonical\" href=\"https:\/\/www.noticiasradioreflejos.com.ar\/2021\/amplian-hasta-fin-de-ano-reintegro-del-15-por-compras-con-debito-para-jubilados-con-la-minima-y-auh\/\" \/>\n<meta property=\"og:locale\" content=\"es_ES\" \/>\n<meta property=\"og:type\" content=\"article\" \/>\n<meta property=\"og:title\" content=\"Ampl\u00edan hasta fin de a\u00f1o reintegro del 15% por compras con d\u00e9bito para jubilados con la m\u00ednima y AUH - Noticias Radio Reflejos\" \/>\n<meta property=\"og:description\" content=\"La Administraci\u00f3n Federal de Ingresos P\u00fablicos (AFIP) ampli\u00f3 hasta el 31 de diciembre pr\u00f3ximo el reintegro del 15% en las compras con tarjetas de d\u00e9bito que realicen los jubilados y pensionados que cobren el haber m\u00ednimo y los beneficiarios de las asignaciones universales por Hijo (AUH) y por Embarazo (AUE)\" \/>\n<meta property=\"og:url\" content=\"https:\/\/www.noticiasradioreflejos.com.ar\/2021\/amplian-hasta-fin-de-ano-reintegro-del-15-por-compras-con-debito-para-jubilados-con-la-minima-y-auh\/\" \/>\n<meta property=\"og:site_name\" content=\"Noticias Radio Reflejos\" \/>\n<meta property=\"article:published_time\" content=\"2020-08-27T11:50:22+00:00\" \/>\n<meta property=\"og:image\" content=\"https:\/\/www.noticiasradioreflejos.com.ar\/2021\/wp-content\/uploads\/2021\/07\/logosol300x200.png\" \/>\n\t<meta property=\"og:image:width\" content=\"300\" \/>\n\t<meta property=\"og:image:height\" content=\"200\" \/>\n\t<meta property=\"og:image:type\" content=\"image\/png\" \/>\n<meta name=\"author\" content=\"Arnaldo Botto\" \/>\n<meta name=\"twitter:card\" content=\"summary_large_image\" \/>\n<script type=\"application\/ld+json\" class=\"yoast-schema-graph\">{\"@context\":\"https:\/\/schema.org\",\"@graph\":[{\"@type\":\"WebPage\",\"@id\":\"https:\/\/www.noticiasradioreflejos.com.ar\/2021\/amplian-hasta-fin-de-ano-reintegro-del-15-por-compras-con-debito-para-jubilados-con-la-minima-y-auh\/\",\"url\":\"https:\/\/www.noticiasradioreflejos.com.ar\/2021\/amplian-hasta-fin-de-ano-reintegro-del-15-por-compras-con-debito-para-jubilados-con-la-minima-y-auh\/\",\"name\":\"Ampl\u00edan hasta fin de a\u00f1o reintegro del 15% por compras con d\u00e9bito para jubilados con la m\u00ednima y AUH - Noticias Radio Reflejos\",\"isPartOf\":{\"@id\":\"https:\/\/www.noticiasradioreflejos.com.ar\/2021\/#website\"},\"datePublished\":\"2020-08-27T11:50:22+00:00\",\"author\":{\"@id\":\"https:\/\/www.noticiasradioreflejos.com.ar\/2021\/#\/schema\/person\/ad82545263dcc5ec0996818884fd5fb1\"},\"breadcrumb\":{\"@id\":\"https:\/\/www.noticiasradioreflejos.com.ar\/2021\/amplian-hasta-fin-de-ano-reintegro-del-15-por-compras-con-debito-para-jubilados-con-la-minima-y-auh\/#breadcrumb\"},\"inLanguage\":\"es\",\"potentialAction\":[{\"@type\":\"ReadAction\",\"target\":[\"https:\/\/www.noticiasradioreflejos.com.ar\/2021\/amplian-hasta-fin-de-ano-reintegro-del-15-por-compras-con-debito-para-jubilados-con-la-minima-y-auh\/\"]}]},{\"@type\":\"BreadcrumbList\",\"@id\":\"https:\/\/www.noticiasradioreflejos.com.ar\/2021\/amplian-hasta-fin-de-ano-reintegro-del-15-por-compras-con-debito-para-jubilados-con-la-minima-y-auh\/#breadcrumb\",\"itemListElement\":[{\"@type\":\"ListItem\",\"position\":1,\"name\":\"Portada\",\"item\":\"https:\/\/www.noticiasradioreflejos.com.ar\/2021\/\"},{\"@type\":\"ListItem\",\"position\":2,\"name\":\"Ampl\u00edan hasta fin de a\u00f1o reintegro del 15% por compras con d\u00e9bito para jubilados con la m\u00ednima y AUH\"}]},{\"@type\":\"WebSite\",\"@id\":\"https:\/\/www.noticiasradioreflejos.com.ar\/2021\/#website\",\"url\":\"https:\/\/www.noticiasradioreflejos.com.ar\/2021\/\",\"name\":\"Noticias Radio Reflejos\",\"description\":\"Las noticias de mi comarca\",\"potentialAction\":[{\"@type\":\"SearchAction\",\"target\":{\"@type\":\"EntryPoint\",\"urlTemplate\":\"https:\/\/www.noticiasradioreflejos.com.ar\/2021\/?s={search_term_string}\"},\"query-input\":{\"@type\":\"PropertyValueSpecification\",\"valueRequired\":true,\"valueName\":\"search_term_string\"}}],\"inLanguage\":\"es\"},{\"@type\":\"Person\",\"@id\":\"https:\/\/www.noticiasradioreflejos.com.ar\/2021\/#\/schema\/person\/ad82545263dcc5ec0996818884fd5fb1\",\"name\":\"Arnaldo Botto\",\"image\":{\"@type\":\"ImageObject\",\"inLanguage\":\"es\",\"@id\":\"https:\/\/www.noticiasradioreflejos.com.ar\/2021\/#\/schema\/person\/image\/\",\"url\":\"https:\/\/secure.gravatar.com\/avatar\/55cb5e37c1efa326397366e6974cb338056df65cb50e7d64d1cf314e87504837?s=96&d=mm&r=g\",\"contentUrl\":\"https:\/\/secure.gravatar.com\/avatar\/55cb5e37c1efa326397366e6974cb338056df65cb50e7d64d1cf314e87504837?s=96&d=mm&r=g\",\"caption\":\"Arnaldo Botto\"},\"url\":\"https:\/\/www.noticiasradioreflejos.com.ar\/2021\/author\/arnaldo\/\"}]}<\/script>\n<!-- \/ Yoast SEO plugin. -->","yoast_head_json":{"title":"Ampl\u00edan hasta fin de a\u00f1o reintegro del 15% por compras con d\u00e9bito para jubilados con la m\u00ednima y AUH - Noticias Radio Reflejos","robots":{"index":"index","follow":"follow","max-snippet":"max-snippet:-1","max-image-preview":"max-image-preview:large","max-video-preview":"max-video-preview:-1"},"canonical":"https:\/\/www.noticiasradioreflejos.com.ar\/2021\/amplian-hasta-fin-de-ano-reintegro-del-15-por-compras-con-debito-para-jubilados-con-la-minima-y-auh\/","og_locale":"es_ES","og_type":"article","og_title":"Ampl\u00edan hasta fin de a\u00f1o reintegro del 15% por compras con d\u00e9bito para jubilados con la m\u00ednima y AUH - Noticias Radio Reflejos","og_description":"La Administraci\u00f3n Federal de Ingresos P\u00fablicos (AFIP) ampli\u00f3 hasta el 31 de diciembre pr\u00f3ximo el reintegro del 15% en las compras con tarjetas de d\u00e9bito que realicen los jubilados y pensionados que cobren el haber m\u00ednimo y los beneficiarios de las asignaciones universales por Hijo (AUH) y por Embarazo (AUE)","og_url":"https:\/\/www.noticiasradioreflejos.com.ar\/2021\/amplian-hasta-fin-de-ano-reintegro-del-15-por-compras-con-debito-para-jubilados-con-la-minima-y-auh\/","og_site_name":"Noticias Radio Reflejos","article_published_time":"2020-08-27T11:50:22+00:00","og_image":[{"width":300,"height":200,"url":"https:\/\/www.noticiasradioreflejos.com.ar\/2021\/wp-content\/uploads\/2021\/07\/logosol300x200.png","type":"image\/png"}],"author":"Arnaldo Botto","twitter_card":"summary_large_image","schema":{"@context":"https:\/\/schema.org","@graph":[{"@type":"WebPage","@id":"https:\/\/www.noticiasradioreflejos.com.ar\/2021\/amplian-hasta-fin-de-ano-reintegro-del-15-por-compras-con-debito-para-jubilados-con-la-minima-y-auh\/","url":"https:\/\/www.noticiasradioreflejos.com.ar\/2021\/amplian-hasta-fin-de-ano-reintegro-del-15-por-compras-con-debito-para-jubilados-con-la-minima-y-auh\/","name":"Ampl\u00edan hasta fin de a\u00f1o reintegro del 15% por compras con d\u00e9bito para jubilados con la m\u00ednima y AUH - Noticias Radio Reflejos","isPartOf":{"@id":"https:\/\/www.noticiasradioreflejos.com.ar\/2021\/#website"},"datePublished":"2020-08-27T11:50:22+00:00","author":{"@id":"https:\/\/www.noticiasradioreflejos.com.ar\/2021\/#\/schema\/person\/ad82545263dcc5ec0996818884fd5fb1"},"breadcrumb":{"@id":"https:\/\/www.noticiasradioreflejos.com.ar\/2021\/amplian-hasta-fin-de-ano-reintegro-del-15-por-compras-con-debito-para-jubilados-con-la-minima-y-auh\/#breadcrumb"},"inLanguage":"es","potentialAction":[{"@type":"ReadAction","target":["https:\/\/www.noticiasradioreflejos.com.ar\/2021\/amplian-hasta-fin-de-ano-reintegro-del-15-por-compras-con-debito-para-jubilados-con-la-minima-y-auh\/"]}]},{"@type":"BreadcrumbList","@id":"https:\/\/www.noticiasradioreflejos.com.ar\/2021\/amplian-hasta-fin-de-ano-reintegro-del-15-por-compras-con-debito-para-jubilados-con-la-minima-y-auh\/#breadcrumb","itemListElement":[{"@type":"ListItem","position":1,"name":"Portada","item":"https:\/\/www.noticiasradioreflejos.com.ar\/2021\/"},{"@type":"ListItem","position":2,"name":"Ampl\u00edan hasta fin de a\u00f1o reintegro del 15% por compras con d\u00e9bito para jubilados con la m\u00ednima y AUH"}]},{"@type":"WebSite","@id":"https:\/\/www.noticiasradioreflejos.com.ar\/2021\/#website","url":"https:\/\/www.noticiasradioreflejos.com.ar\/2021\/","name":"Noticias Radio Reflejos","description":"Las noticias de mi comarca","potentialAction":[{"@type":"SearchAction","target":{"@type":"EntryPoint","urlTemplate":"https:\/\/www.noticiasradioreflejos.com.ar\/2021\/?s={search_term_string}"},"query-input":{"@type":"PropertyValueSpecification","valueRequired":true,"valueName":"search_term_string"}}],"inLanguage":"es"},{"@type":"Person","@id":"https:\/\/www.noticiasradioreflejos.com.ar\/2021\/#\/schema\/person\/ad82545263dcc5ec0996818884fd5fb1","name":"Arnaldo Botto","image":{"@type":"ImageObject","inLanguage":"es","@id":"https:\/\/www.noticiasradioreflejos.com.ar\/2021\/#\/schema\/person\/image\/","url":"https:\/\/secure.gravatar.com\/avatar\/55cb5e37c1efa326397366e6974cb338056df65cb50e7d64d1cf314e87504837?s=96&d=mm&r=g","contentUrl":"https:\/\/secure.gravatar.com\/avatar\/55cb5e37c1efa326397366e6974cb338056df65cb50e7d64d1cf314e87504837?s=96&d=mm&r=g","caption":"Arnaldo Botto"},"url":"https:\/\/www.noticiasradioreflejos.com.ar\/2021\/author\/arnaldo\/"}]}},"_links":{"self":[{"href":"https:\/\/www.noticiasradioreflejos.com.ar\/2021\/wp-json\/wp\/v2\/posts\/46281","targetHints":{"allow":["GET"]}}],"collection":[{"href":"https:\/\/www.noticiasradioreflejos.com.ar\/2021\/wp-json\/wp\/v2\/posts"}],"about":[{"href":"https:\/\/www.noticiasradioreflejos.com.ar\/2021\/wp-json\/wp\/v2\/types\/post"}],"author":[{"embeddable":true,"href":"https:\/\/www.noticiasradioreflejos.com.ar\/2021\/wp-json\/wp\/v2\/users\/3"}],"replies":[{"embeddable":true,"href":"https:\/\/www.noticiasradioreflejos.com.ar\/2021\/wp-json\/wp\/v2\/comments?post=46281"}],"version-history":[{"count":0,"href":"https:\/\/www.noticiasradioreflejos.com.ar\/2021\/wp-json\/wp\/v2\/posts\/46281\/revisions"}],"wp:attachment":[{"href":"https:\/\/www.noticiasradioreflejos.com.ar\/2021\/wp-json\/wp\/v2\/media?parent=46281"}],"wp:term":[{"taxonomy":"category","embeddable":true,"href":"https:\/\/www.noticiasradioreflejos.com.ar\/2021\/wp-json\/wp\/v2\/categories?post=46281"},{"taxonomy":"post_tag","embeddable":true,"href":"https:\/\/www.noticiasradioreflejos.com.ar\/2021\/wp-json\/wp\/v2\/tags?post=46281"}],"curies":[{"name":"wp","href":"https:\/\/api.w.org\/{rel}","templated":true}]}}