{"id":46275,"date":"2020-08-27T07:40:10","date_gmt":"2020-08-27T10:40:10","guid":{"rendered":"http:\/\/www.noticiasradioreflejos.com.ar\/noticias\/?p=46275"},"modified":"2020-08-27T07:40:10","modified_gmt":"2020-08-27T10:40:10","slug":"hoy-cobran-el-ife-los-que-informaron-cbu-y-tienen-dni-terminado-en-1","status":"publish","type":"post","link":"https:\/\/www.noticiasradioreflejos.com.ar\/2021\/hoy-cobran-el-ife-los-que-informaron-cbu-y-tienen-dni-terminado-en-1\/","title":{"rendered":"Hoy cobran el IFE los que informaron CBU y tienen DNI terminado en 1"},"content":{"rendered":"<p>El Ingreso Familiar de Emergencia (IFE) se pagar\u00e1 hoy a los beneficiarios y beneficiarias con terminaci\u00f3n de Documento Nacional de Identidad (DNI) en 1 y que hayan informado una cuenta bancaria propia para que se les pueda depositar el dinero.<!--more--><br \/>\nAs\u00ed lo indic\u00f3 la Administraci\u00f3n Nacional de la Seguridad Social (Anses), que precis\u00f3 que hoy tambi\u00e9n cobrar\u00e1n los jubilados y pensionados con DNI terminados en 4 y 5 y cuyos haberes superen la suma de $18.952.<\/p>\n<p>Anses indic\u00f3 que si bien estas personas no tienen que solicitar turno previo para cobrar el beneficio, deben acercarse a la sucursal bancaria \u00fanicamente en la fecha asignada; los haberes permanecer\u00e1n depositados en sus cuentas.<\/p>\n<p>El cronograma de pago del IFE continuar\u00e1 ma\u00f1ana nuevamente con los documentos terminados en 1.<\/p>\n<p>Los DNI terminados en 2 cobrar\u00e1n el lunes 31 de agosto y el martes 1 de setiembre; los finalizados en 3 el mi\u00e9rcoles 2 y el jueves 3; en 4, el viernes 4 y el lunes 7; en 5, el martes 8 y el mi\u00e9rcoles 9; en 6, el jueves 10 y el viernes 11; en 7, el lunes 14 y el martes 15; en 8, el mi\u00e9rcoles 16 y el jueves 17; y en 9, el viernes 18 y el lunes 21 de septiembre.<\/p>\n<p>Para consultas sobre fechas y lugar de cobro se puede ingresar a www.anses.gob.ar\/ife, con el n\u00famero de DNI y clave de la seguridad social del beneficiario.<\/p>\n","protected":false},"excerpt":{"rendered":"<p>El Ingreso Familiar de Emergencia (IFE) se pagar\u00e1 hoy a los beneficiarios y beneficiarias con terminaci\u00f3n de Documento Nacional de Identidad (DNI) en 1 y que hayan informado una cuenta bancaria propia para que se les pueda depositar el dinero.<\/p>\n","protected":false},"author":3,"featured_media":0,"comment_status":"closed","ping_status":"open","sticky":false,"template":"","format":"standard","meta":{"footnotes":""},"categories":[36],"tags":[],"class_list":["post-46275","post","type-post","status-publish","format-standard","hentry","category-economia"],"yoast_head":"<!-- This site is optimized with the Yoast SEO plugin v25.9 - https:\/\/yoast.com\/wordpress\/plugins\/seo\/ -->\n<title>Hoy cobran el IFE los que informaron CBU y tienen DNI terminado en 1 - Noticias Radio Reflejos<\/title>\n<meta name=\"robots\" content=\"index, follow, max-snippet:-1, max-image-preview:large, max-video-preview:-1\" \/>\n<link rel=\"canonical\" href=\"https:\/\/www.noticiasradioreflejos.com.ar\/2021\/hoy-cobran-el-ife-los-que-informaron-cbu-y-tienen-dni-terminado-en-1\/\" \/>\n<meta property=\"og:locale\" content=\"es_ES\" \/>\n<meta property=\"og:type\" content=\"article\" \/>\n<meta property=\"og:title\" content=\"Hoy cobran el IFE los que informaron CBU y tienen DNI terminado en 1 - Noticias Radio Reflejos\" \/>\n<meta property=\"og:description\" content=\"El Ingreso Familiar de Emergencia (IFE) se pagar\u00e1 hoy a los beneficiarios y beneficiarias con terminaci\u00f3n de Documento Nacional de Identidad (DNI) en 1 y que hayan informado una cuenta bancaria propia para que se les pueda depositar el dinero.\" \/>\n<meta property=\"og:url\" content=\"https:\/\/www.noticiasradioreflejos.com.ar\/2021\/hoy-cobran-el-ife-los-que-informaron-cbu-y-tienen-dni-terminado-en-1\/\" \/>\n<meta property=\"og:site_name\" content=\"Noticias Radio Reflejos\" \/>\n<meta property=\"article:published_time\" content=\"2020-08-27T10:40:10+00:00\" \/>\n<meta property=\"og:image\" content=\"https:\/\/www.noticiasradioreflejos.com.ar\/2021\/wp-content\/uploads\/2021\/07\/logosol300x200.png\" \/>\n\t<meta property=\"og:image:width\" content=\"300\" \/>\n\t<meta property=\"og:image:height\" content=\"200\" \/>\n\t<meta property=\"og:image:type\" content=\"image\/png\" \/>\n<meta name=\"author\" content=\"Arnaldo Botto\" \/>\n<meta name=\"twitter:card\" content=\"summary_large_image\" \/>\n<script type=\"application\/ld+json\" class=\"yoast-schema-graph\">{\"@context\":\"https:\/\/schema.org\",\"@graph\":[{\"@type\":\"WebPage\",\"@id\":\"https:\/\/www.noticiasradioreflejos.com.ar\/2021\/hoy-cobran-el-ife-los-que-informaron-cbu-y-tienen-dni-terminado-en-1\/\",\"url\":\"https:\/\/www.noticiasradioreflejos.com.ar\/2021\/hoy-cobran-el-ife-los-que-informaron-cbu-y-tienen-dni-terminado-en-1\/\",\"name\":\"Hoy cobran el IFE los que informaron CBU y tienen DNI terminado en 1 - Noticias Radio Reflejos\",\"isPartOf\":{\"@id\":\"https:\/\/www.noticiasradioreflejos.com.ar\/2021\/#website\"},\"datePublished\":\"2020-08-27T10:40:10+00:00\",\"author\":{\"@id\":\"https:\/\/www.noticiasradioreflejos.com.ar\/2021\/#\/schema\/person\/ad82545263dcc5ec0996818884fd5fb1\"},\"breadcrumb\":{\"@id\":\"https:\/\/www.noticiasradioreflejos.com.ar\/2021\/hoy-cobran-el-ife-los-que-informaron-cbu-y-tienen-dni-terminado-en-1\/#breadcrumb\"},\"inLanguage\":\"es\",\"potentialAction\":[{\"@type\":\"ReadAction\",\"target\":[\"https:\/\/www.noticiasradioreflejos.com.ar\/2021\/hoy-cobran-el-ife-los-que-informaron-cbu-y-tienen-dni-terminado-en-1\/\"]}]},{\"@type\":\"BreadcrumbList\",\"@id\":\"https:\/\/www.noticiasradioreflejos.com.ar\/2021\/hoy-cobran-el-ife-los-que-informaron-cbu-y-tienen-dni-terminado-en-1\/#breadcrumb\",\"itemListElement\":[{\"@type\":\"ListItem\",\"position\":1,\"name\":\"Portada\",\"item\":\"https:\/\/www.noticiasradioreflejos.com.ar\/2021\/\"},{\"@type\":\"ListItem\",\"position\":2,\"name\":\"Hoy cobran el IFE los que informaron CBU y tienen DNI terminado en 1\"}]},{\"@type\":\"WebSite\",\"@id\":\"https:\/\/www.noticiasradioreflejos.com.ar\/2021\/#website\",\"url\":\"https:\/\/www.noticiasradioreflejos.com.ar\/2021\/\",\"name\":\"Noticias Radio Reflejos\",\"description\":\"Las noticias de mi comarca\",\"potentialAction\":[{\"@type\":\"SearchAction\",\"target\":{\"@type\":\"EntryPoint\",\"urlTemplate\":\"https:\/\/www.noticiasradioreflejos.com.ar\/2021\/?s={search_term_string}\"},\"query-input\":{\"@type\":\"PropertyValueSpecification\",\"valueRequired\":true,\"valueName\":\"search_term_string\"}}],\"inLanguage\":\"es\"},{\"@type\":\"Person\",\"@id\":\"https:\/\/www.noticiasradioreflejos.com.ar\/2021\/#\/schema\/person\/ad82545263dcc5ec0996818884fd5fb1\",\"name\":\"Arnaldo Botto\",\"image\":{\"@type\":\"ImageObject\",\"inLanguage\":\"es\",\"@id\":\"https:\/\/www.noticiasradioreflejos.com.ar\/2021\/#\/schema\/person\/image\/\",\"url\":\"https:\/\/secure.gravatar.com\/avatar\/55cb5e37c1efa326397366e6974cb338056df65cb50e7d64d1cf314e87504837?s=96&d=mm&r=g\",\"contentUrl\":\"https:\/\/secure.gravatar.com\/avatar\/55cb5e37c1efa326397366e6974cb338056df65cb50e7d64d1cf314e87504837?s=96&d=mm&r=g\",\"caption\":\"Arnaldo Botto\"},\"url\":\"https:\/\/www.noticiasradioreflejos.com.ar\/2021\/author\/arnaldo\/\"}]}<\/script>\n<!-- \/ Yoast SEO plugin. -->","yoast_head_json":{"title":"Hoy cobran el IFE los que informaron CBU y tienen DNI terminado en 1 - Noticias Radio Reflejos","robots":{"index":"index","follow":"follow","max-snippet":"max-snippet:-1","max-image-preview":"max-image-preview:large","max-video-preview":"max-video-preview:-1"},"canonical":"https:\/\/www.noticiasradioreflejos.com.ar\/2021\/hoy-cobran-el-ife-los-que-informaron-cbu-y-tienen-dni-terminado-en-1\/","og_locale":"es_ES","og_type":"article","og_title":"Hoy cobran el IFE los que informaron CBU y tienen DNI terminado en 1 - Noticias Radio Reflejos","og_description":"El Ingreso Familiar de Emergencia (IFE) se pagar\u00e1 hoy a los beneficiarios y beneficiarias con terminaci\u00f3n de Documento Nacional de Identidad (DNI) en 1 y que hayan informado una cuenta bancaria propia para que se les pueda depositar el dinero.","og_url":"https:\/\/www.noticiasradioreflejos.com.ar\/2021\/hoy-cobran-el-ife-los-que-informaron-cbu-y-tienen-dni-terminado-en-1\/","og_site_name":"Noticias Radio Reflejos","article_published_time":"2020-08-27T10:40:10+00:00","og_image":[{"width":300,"height":200,"url":"https:\/\/www.noticiasradioreflejos.com.ar\/2021\/wp-content\/uploads\/2021\/07\/logosol300x200.png","type":"image\/png"}],"author":"Arnaldo Botto","twitter_card":"summary_large_image","schema":{"@context":"https:\/\/schema.org","@graph":[{"@type":"WebPage","@id":"https:\/\/www.noticiasradioreflejos.com.ar\/2021\/hoy-cobran-el-ife-los-que-informaron-cbu-y-tienen-dni-terminado-en-1\/","url":"https:\/\/www.noticiasradioreflejos.com.ar\/2021\/hoy-cobran-el-ife-los-que-informaron-cbu-y-tienen-dni-terminado-en-1\/","name":"Hoy cobran el IFE los que informaron CBU y tienen DNI terminado en 1 - Noticias Radio Reflejos","isPartOf":{"@id":"https:\/\/www.noticiasradioreflejos.com.ar\/2021\/#website"},"datePublished":"2020-08-27T10:40:10+00:00","author":{"@id":"https:\/\/www.noticiasradioreflejos.com.ar\/2021\/#\/schema\/person\/ad82545263dcc5ec0996818884fd5fb1"},"breadcrumb":{"@id":"https:\/\/www.noticiasradioreflejos.com.ar\/2021\/hoy-cobran-el-ife-los-que-informaron-cbu-y-tienen-dni-terminado-en-1\/#breadcrumb"},"inLanguage":"es","potentialAction":[{"@type":"ReadAction","target":["https:\/\/www.noticiasradioreflejos.com.ar\/2021\/hoy-cobran-el-ife-los-que-informaron-cbu-y-tienen-dni-terminado-en-1\/"]}]},{"@type":"BreadcrumbList","@id":"https:\/\/www.noticiasradioreflejos.com.ar\/2021\/hoy-cobran-el-ife-los-que-informaron-cbu-y-tienen-dni-terminado-en-1\/#breadcrumb","itemListElement":[{"@type":"ListItem","position":1,"name":"Portada","item":"https:\/\/www.noticiasradioreflejos.com.ar\/2021\/"},{"@type":"ListItem","position":2,"name":"Hoy cobran el IFE los que informaron CBU y tienen DNI terminado en 1"}]},{"@type":"WebSite","@id":"https:\/\/www.noticiasradioreflejos.com.ar\/2021\/#website","url":"https:\/\/www.noticiasradioreflejos.com.ar\/2021\/","name":"Noticias Radio Reflejos","description":"Las noticias de mi comarca","potentialAction":[{"@type":"SearchAction","target":{"@type":"EntryPoint","urlTemplate":"https:\/\/www.noticiasradioreflejos.com.ar\/2021\/?s={search_term_string}"},"query-input":{"@type":"PropertyValueSpecification","valueRequired":true,"valueName":"search_term_string"}}],"inLanguage":"es"},{"@type":"Person","@id":"https:\/\/www.noticiasradioreflejos.com.ar\/2021\/#\/schema\/person\/ad82545263dcc5ec0996818884fd5fb1","name":"Arnaldo Botto","image":{"@type":"ImageObject","inLanguage":"es","@id":"https:\/\/www.noticiasradioreflejos.com.ar\/2021\/#\/schema\/person\/image\/","url":"https:\/\/secure.gravatar.com\/avatar\/55cb5e37c1efa326397366e6974cb338056df65cb50e7d64d1cf314e87504837?s=96&d=mm&r=g","contentUrl":"https:\/\/secure.gravatar.com\/avatar\/55cb5e37c1efa326397366e6974cb338056df65cb50e7d64d1cf314e87504837?s=96&d=mm&r=g","caption":"Arnaldo Botto"},"url":"https:\/\/www.noticiasradioreflejos.com.ar\/2021\/author\/arnaldo\/"}]}},"_links":{"self":[{"href":"https:\/\/www.noticiasradioreflejos.com.ar\/2021\/wp-json\/wp\/v2\/posts\/46275","targetHints":{"allow":["GET"]}}],"collection":[{"href":"https:\/\/www.noticiasradioreflejos.com.ar\/2021\/wp-json\/wp\/v2\/posts"}],"about":[{"href":"https:\/\/www.noticiasradioreflejos.com.ar\/2021\/wp-json\/wp\/v2\/types\/post"}],"author":[{"embeddable":true,"href":"https:\/\/www.noticiasradioreflejos.com.ar\/2021\/wp-json\/wp\/v2\/users\/3"}],"replies":[{"embeddable":true,"href":"https:\/\/www.noticiasradioreflejos.com.ar\/2021\/wp-json\/wp\/v2\/comments?post=46275"}],"version-history":[{"count":0,"href":"https:\/\/www.noticiasradioreflejos.com.ar\/2021\/wp-json\/wp\/v2\/posts\/46275\/revisions"}],"wp:attachment":[{"href":"https:\/\/www.noticiasradioreflejos.com.ar\/2021\/wp-json\/wp\/v2\/media?parent=46275"}],"wp:term":[{"taxonomy":"category","embeddable":true,"href":"https:\/\/www.noticiasradioreflejos.com.ar\/2021\/wp-json\/wp\/v2\/categories?post=46275"},{"taxonomy":"post_tag","embeddable":true,"href":"https:\/\/www.noticiasradioreflejos.com.ar\/2021\/wp-json\/wp\/v2\/tags?post=46275"}],"curies":[{"name":"wp","href":"https:\/\/api.w.org\/{rel}","templated":true}]}}