{"id":46272,"date":"2020-08-26T23:23:50","date_gmt":"2020-08-27T02:23:50","guid":{"rendered":"http:\/\/www.noticiasradioreflejos.com.ar\/noticias\/?p=46272"},"modified":"2020-08-26T23:23:50","modified_gmt":"2020-08-27T02:23:50","slug":"coronavirus-despues-de-159-dias-de-cuarentena-se-registraron-10-550-contagios-y-276-muertes-en-solo-24-horas","status":"publish","type":"post","link":"https:\/\/www.noticiasradioreflejos.com.ar\/2021\/coronavirus-despues-de-159-dias-de-cuarentena-se-registraron-10-550-contagios-y-276-muertes-en-solo-24-horas\/","title":{"rendered":"Coronavirus: despu\u00e9s de 159 d\u00edas de cuarentena se registraron 10.550 contagios y 276 muertes en s\u00f3lo 24 horas"},"content":{"rendered":"<p>El total de casos en todo el pa\u00eds asciende a 370.188 y las v\u00edctimas fatales suman 7.839<!--more--><\/p>\n<p>El Ministerio de Salud de la Naci\u00f3n inform\u00f3 este mi\u00e9rcoles que\u00a0<b>durante las \u00faltimas 24 horas se registraron 276 muertes y 10.550 nuevos casos positivos por coronavirus. Con estos datos, el total de infectados en todo el pa\u00eds asciende a 370.188 y las v\u00edctimas fatales suman 7.839.<\/b><\/p>\n<div id=\"hybs-mslot-883-3\" class=\"hybs-mslot\">\u00a0<a title=\"IMG_20200826_231856\" href=\"http:\/\/live.staticflickr.com\/65535\/50273339461_ff01132053_s.jpg\" rel=\"\"><img loading=\"lazy\" decoding=\"async\" class=\"aligncenter\" title=\"IMG_20200826_231856\" src=\"http:\/\/live.staticflickr.com\/65535\/50273339461_ff01132053_c.jpg\" alt=\"IMG_20200826_231856\" width=\"800\" height=\"757\" \/><\/a><\/div>\n<p class=\"font_tertiary paragraph\">Del total de esos casos,\u00a0<b>1.187 (0,3%) son importados, 88.811 (24%) son contactos estrechos de casos confirmados, 226.073 (61,1%) son casos de circulaci\u00f3n comunitaria y el resto se encuentra en investigaci\u00f3n epidemiol\u00f3gica.<\/b><\/p>\n<div id=\"hybs-mslot-883-2\" class=\"hybs-mslot\"><\/div>\n<p class=\"font_tertiary paragraph\"><mark class=\"hl_yellow\"><b>Es el r\u00e9cord de contagios en un s\u00f3lo d\u00eda y la primera vez que el n\u00famero de infectados supera los 10 mi<\/b><\/mark><\/p>\n<p class=\"font_tertiary paragraph\"><mark class=\"hl_yellow\"><b>En el reporte matutino se registraron 98 muertes:<\/b><\/mark><b>59 hombres<\/b>, 41 residentes en la provincia de Buenos Aires, uno en la ciudad de Buenos Aires, uno en Chaco, nueve en Jujuy, tres en R\u00edo Negro, tres en Mendoza, uno en Tierra del Fuego;\u00a0<b>y 39 mujeres<\/b>, 27 en la provincia de Buenos Aires, seis en la ciudad de Buenos Aires, uno en R\u00edo Negro, cuatro en Jujuy y uno en Mendoza.<\/p>\n<p class=\"font_tertiary paragraph\"><mark class=\"hl_yellow\"><b>En el informe vespertino se comunicaron 198 fallecimientos:<\/b><\/mark><b>109 hombres<\/b>, 77 residentes en la provincia de Buenos Aires, 15 en la ciudad de Buenos Aires, dos en Chaco, cuatro en C\u00f3rdoba, uno en Entre R\u00edos, uno en Tierra del Fuego, uno en La Rioja, dos en R\u00edo Negro, cuatro en Salta, dos en Santa Fe;\u00a0<b>y 69 mujeres<\/b>, 42 residentes en la provincia de Buenos Aires, 18 en la ciudad de Buenos Aires, una en Chaco, una en Salta, cinco en R\u00edo Negro y dos en Santa Fe.<\/p>\n<p class=\"font_tertiary paragraph\"><a title=\"IMG_20200826_231832\" href=\"http:\/\/live.staticflickr.com\/65535\/50273503632_57bdb0959d_s.jpg\" rel=\"\"><img loading=\"lazy\" decoding=\"async\" class=\"aligncenter\" title=\"IMG_20200826_231832\" src=\"http:\/\/live.staticflickr.com\/65535\/50273503632_57bdb0959d_c.jpg\" alt=\"IMG_20200826_231832\" width=\"796\" height=\"800\" \/><\/a><\/p>\n<p class=\"font_tertiary paragraph\">De los 10.550 casos nuevos,\u00a0<mark class=\"hl_yellow\"><b>6.628 son de la provincia de Buenos Aires, 1.568 de la ciudad de Buenos Aires, 74 de Chaco, 69 de Chubut, 355 de C\u00f3rdoba, 12 de Corrientes, 112 de Entre R\u00edos, 236 de Jujuy, 1 de La Pampa, 37 de La Rioja, 276 de Mendoza, 132 de Neuqu\u00e9n, 235 de R\u00edo Negro, 176 de Salta, 36 de San Juan, 4 de San Luis, 63 de Santa Cruz, 381 de Santa Fe, 38 de Santiago del Estero, 51 de Tierra del Fuego y 68 de Tucum\u00e1n.<\/b><\/mark><\/p>\n<p class=\"font_tertiary paragraph\"><mark class=\"hl_yellow\"><b>Catamarca y Formosa reclasificaron sus casos a otras jurisdicciones seg\u00fan lugar de residencia.<\/b><\/mark><\/p>\n<p class=\"font_tertiary paragraph\">Durante la jornada del mi\u00e9rcoles fueron realizados 21.476 testeos y desde el inicio del brote se realizaron 1.148.574 pruebas diagn\u00f3sticas para esta enfermedad, lo que equivale a 25.311,9 muestras por mill\u00f3n de habitantes.\u00a0<mark class=\"hl_yellow\"><b>A la fecha, el total de altas es de 268.801 personas.<\/b><\/mark><\/p>\n<p class=\"font_tertiary paragraph\">El n\u00famero de casos descartados hasta ayer es de 639.102 (por laboratorio y por criterio cl\u00ednico\/ epidemiol\u00f3gico).<\/p>\n<p class=\"font_tertiary paragraph\">La secretaria de Acceso a la Salud de la Naci\u00f3n,\u00a0<b>Carla Vizzotti<\/b>, sostuvo que se est\u00e1 observando\u00a0<b>\u201cun n\u00famero importante de casos en casi todas las provincias del pa\u00eds\u201d.<\/b>\u00a0Tambi\u00e9n se\u00f1al\u00f3 que son varios los distritos que ayer reportaron m\u00e1s de 100 positivos.<\/p>\n<p class=\"font_tertiary paragraph\">Ayer Santa Fe inform\u00f3 356 casos, C\u00f3rdoba 298 y Jujuy 215, entre otras provincias. \u201d<b>En el \u00c1rea Metropolitana de Buenos Aires (AMBA) hay una meseta alta<\/b>, una estabilidad relativa del n\u00famero de casos y una estabilidad m\u00e1s s\u00f3lida en la ocupaci\u00f3n de camas y de ingresos a terapia\u201d, se\u00f1al\u00f3 la funcionaria.<\/p>\n<p class=\"font_tertiary paragraph\"><b>En el reporte matutino se inform\u00f3 que un total de 1.990 personas cursan la enfermedad en unidades de terapia intensiva en todo el pa\u00eds,<\/b>\u00a0el 73,4% de ellos en establecimientos de la Ciudad y de la provincia de Buenos Aires, un 5,9% en C\u00f3rdoba y 3,6% en Mendoza, seg\u00fan se indic\u00f3 en el reporte.<\/p>\n<p class=\"font_tertiary paragraph\">La<b>\u00a0ocupaci\u00f3n de camas de cuidados intensivos<\/b>, m\u00e1s all\u00e1 de la dolencia que explique la internaci\u00f3n del paciente,\u00a0<mark class=\"hl_yellow\"><b>a nivel nacional promedia el 58,3%, mientras que en el AMBA llega al 66,5%.<\/b><\/mark>\u201dEse aumento (en la cantidad de camas ocupadas por pacientes COVID-19 positivo) es a expensas de las provincias que est\u00e1n notificando aumento del n\u00famero de casos\u201d, especific\u00f3 la secretaria.<\/p>\n<p class=\"font_tertiary paragraph\"><a title=\"IMG_20200826_231943\" href=\"http:\/\/live.staticflickr.com\/65535\/50272664608_c0cea58886_s.jpg\" rel=\"\"><img loading=\"lazy\" decoding=\"async\" class=\"aligncenter\" title=\"IMG_20200826_231943\" src=\"http:\/\/live.staticflickr.com\/65535\/50272664608_c0cea58886_c.jpg\" alt=\"IMG_20200826_231943\" width=\"800\" height=\"496\" \/><\/a><\/p>\n<p class=\"font_tertiary paragraph\">En ese sentido, reconoci\u00f3 que se observa\u00a0<b>\u201ccon preocupaci\u00f3n la situaci\u00f3n del sistema de salud de Jujuy\u201d<\/b>\u00a0mientras se trabaja \u201cen la gesti\u00f3n de camas\u201d del departamento rionegrino de General Roca.<\/p>\n<p class=\"font_tertiary paragraph\">Por otra parte, Vizzotti inform\u00f3 que el ministro de Salud,\u00a0<b>Gin\u00e9s Gonz\u00e1lez Garc\u00eda<\/b>,\u00a0<mark class=\"hl_yellow\"><b>\u201centreg\u00f3 a las autoridades de la provincia de Buenos Aires 300 monitores, 50 bombas de infusi\u00f3n, 40 respiradores\u201d<\/b>\u00a0<\/mark>que sirve para la expansi\u00f3n y fortalecimiento de un sistema de salud.<\/p>\n<p class=\"font_tertiary paragraph\">\n<p><strong>Fuente Infobae<\/strong><\/p>\n","protected":false},"excerpt":{"rendered":"<p>El total de casos en todo el pa\u00eds asciende a 370.188 y las v\u00edctimas fatales suman 7.839<\/p>\n","protected":false},"author":3,"featured_media":0,"comment_status":"closed","ping_status":"open","sticky":false,"template":"","format":"standard","meta":{"footnotes":""},"categories":[30,25],"tags":[],"class_list":["post-46272","post","type-post","status-publish","format-standard","hentry","category-salud","category-uncategorized"],"yoast_head":"<!-- This site is optimized with the Yoast SEO plugin v25.9 - https:\/\/yoast.com\/wordpress\/plugins\/seo\/ -->\n<title>Coronavirus: despu\u00e9s de 159 d\u00edas de cuarentena se registraron 10.550 contagios y 276 muertes en s\u00f3lo 24 horas - Noticias Radio Reflejos<\/title>\n<meta name=\"robots\" content=\"index, follow, max-snippet:-1, max-image-preview:large, max-video-preview:-1\" \/>\n<link rel=\"canonical\" href=\"https:\/\/www.noticiasradioreflejos.com.ar\/2021\/coronavirus-despues-de-159-dias-de-cuarentena-se-registraron-10-550-contagios-y-276-muertes-en-solo-24-horas\/\" \/>\n<meta property=\"og:locale\" content=\"es_ES\" \/>\n<meta property=\"og:type\" content=\"article\" \/>\n<meta property=\"og:title\" content=\"Coronavirus: despu\u00e9s de 159 d\u00edas de cuarentena se registraron 10.550 contagios y 276 muertes en s\u00f3lo 24 horas - Noticias Radio Reflejos\" \/>\n<meta property=\"og:description\" content=\"El total de casos en todo el pa\u00eds asciende a 370.188 y las v\u00edctimas fatales suman 7.839\" \/>\n<meta property=\"og:url\" content=\"https:\/\/www.noticiasradioreflejos.com.ar\/2021\/coronavirus-despues-de-159-dias-de-cuarentena-se-registraron-10-550-contagios-y-276-muertes-en-solo-24-horas\/\" \/>\n<meta property=\"og:site_name\" content=\"Noticias Radio Reflejos\" \/>\n<meta property=\"article:published_time\" content=\"2020-08-27T02:23:50+00:00\" \/>\n<meta property=\"og:image\" content=\"http:\/\/live.staticflickr.com\/65535\/50273339461_ff01132053_c.jpg\" \/>\n<meta name=\"author\" content=\"Arnaldo Botto\" \/>\n<meta name=\"twitter:card\" content=\"summary_large_image\" \/>\n<script type=\"application\/ld+json\" class=\"yoast-schema-graph\">{\"@context\":\"https:\/\/schema.org\",\"@graph\":[{\"@type\":\"WebPage\",\"@id\":\"https:\/\/www.noticiasradioreflejos.com.ar\/2021\/coronavirus-despues-de-159-dias-de-cuarentena-se-registraron-10-550-contagios-y-276-muertes-en-solo-24-horas\/\",\"url\":\"https:\/\/www.noticiasradioreflejos.com.ar\/2021\/coronavirus-despues-de-159-dias-de-cuarentena-se-registraron-10-550-contagios-y-276-muertes-en-solo-24-horas\/\",\"name\":\"Coronavirus: despu\u00e9s de 159 d\u00edas de cuarentena se registraron 10.550 contagios y 276 muertes en s\u00f3lo 24 horas - Noticias Radio Reflejos\",\"isPartOf\":{\"@id\":\"https:\/\/www.noticiasradioreflejos.com.ar\/2021\/#website\"},\"primaryImageOfPage\":{\"@id\":\"https:\/\/www.noticiasradioreflejos.com.ar\/2021\/coronavirus-despues-de-159-dias-de-cuarentena-se-registraron-10-550-contagios-y-276-muertes-en-solo-24-horas\/#primaryimage\"},\"image\":{\"@id\":\"https:\/\/www.noticiasradioreflejos.com.ar\/2021\/coronavirus-despues-de-159-dias-de-cuarentena-se-registraron-10-550-contagios-y-276-muertes-en-solo-24-horas\/#primaryimage\"},\"thumbnailUrl\":\"http:\/\/live.staticflickr.com\/65535\/50273339461_ff01132053_c.jpg\",\"datePublished\":\"2020-08-27T02:23:50+00:00\",\"author\":{\"@id\":\"https:\/\/www.noticiasradioreflejos.com.ar\/2021\/#\/schema\/person\/ad82545263dcc5ec0996818884fd5fb1\"},\"breadcrumb\":{\"@id\":\"https:\/\/www.noticiasradioreflejos.com.ar\/2021\/coronavirus-despues-de-159-dias-de-cuarentena-se-registraron-10-550-contagios-y-276-muertes-en-solo-24-horas\/#breadcrumb\"},\"inLanguage\":\"es\",\"potentialAction\":[{\"@type\":\"ReadAction\",\"target\":[\"https:\/\/www.noticiasradioreflejos.com.ar\/2021\/coronavirus-despues-de-159-dias-de-cuarentena-se-registraron-10-550-contagios-y-276-muertes-en-solo-24-horas\/\"]}]},{\"@type\":\"ImageObject\",\"inLanguage\":\"es\",\"@id\":\"https:\/\/www.noticiasradioreflejos.com.ar\/2021\/coronavirus-despues-de-159-dias-de-cuarentena-se-registraron-10-550-contagios-y-276-muertes-en-solo-24-horas\/#primaryimage\",\"url\":\"http:\/\/live.staticflickr.com\/65535\/50273339461_ff01132053_c.jpg\",\"contentUrl\":\"http:\/\/live.staticflickr.com\/65535\/50273339461_ff01132053_c.jpg\"},{\"@type\":\"BreadcrumbList\",\"@id\":\"https:\/\/www.noticiasradioreflejos.com.ar\/2021\/coronavirus-despues-de-159-dias-de-cuarentena-se-registraron-10-550-contagios-y-276-muertes-en-solo-24-horas\/#breadcrumb\",\"itemListElement\":[{\"@type\":\"ListItem\",\"position\":1,\"name\":\"Portada\",\"item\":\"https:\/\/www.noticiasradioreflejos.com.ar\/2021\/\"},{\"@type\":\"ListItem\",\"position\":2,\"name\":\"Coronavirus: despu\u00e9s de 159 d\u00edas de cuarentena se registraron 10.550 contagios y 276 muertes en s\u00f3lo 24 horas\"}]},{\"@type\":\"WebSite\",\"@id\":\"https:\/\/www.noticiasradioreflejos.com.ar\/2021\/#website\",\"url\":\"https:\/\/www.noticiasradioreflejos.com.ar\/2021\/\",\"name\":\"Noticias Radio Reflejos\",\"description\":\"Las noticias de mi comarca\",\"potentialAction\":[{\"@type\":\"SearchAction\",\"target\":{\"@type\":\"EntryPoint\",\"urlTemplate\":\"https:\/\/www.noticiasradioreflejos.com.ar\/2021\/?s={search_term_string}\"},\"query-input\":{\"@type\":\"PropertyValueSpecification\",\"valueRequired\":true,\"valueName\":\"search_term_string\"}}],\"inLanguage\":\"es\"},{\"@type\":\"Person\",\"@id\":\"https:\/\/www.noticiasradioreflejos.com.ar\/2021\/#\/schema\/person\/ad82545263dcc5ec0996818884fd5fb1\",\"name\":\"Arnaldo Botto\",\"image\":{\"@type\":\"ImageObject\",\"inLanguage\":\"es\",\"@id\":\"https:\/\/www.noticiasradioreflejos.com.ar\/2021\/#\/schema\/person\/image\/\",\"url\":\"https:\/\/secure.gravatar.com\/avatar\/55cb5e37c1efa326397366e6974cb338056df65cb50e7d64d1cf314e87504837?s=96&d=mm&r=g\",\"contentUrl\":\"https:\/\/secure.gravatar.com\/avatar\/55cb5e37c1efa326397366e6974cb338056df65cb50e7d64d1cf314e87504837?s=96&d=mm&r=g\",\"caption\":\"Arnaldo Botto\"},\"url\":\"https:\/\/www.noticiasradioreflejos.com.ar\/2021\/author\/arnaldo\/\"}]}<\/script>\n<!-- \/ Yoast SEO plugin. -->","yoast_head_json":{"title":"Coronavirus: despu\u00e9s de 159 d\u00edas de cuarentena se registraron 10.550 contagios y 276 muertes en s\u00f3lo 24 horas - Noticias Radio Reflejos","robots":{"index":"index","follow":"follow","max-snippet":"max-snippet:-1","max-image-preview":"max-image-preview:large","max-video-preview":"max-video-preview:-1"},"canonical":"https:\/\/www.noticiasradioreflejos.com.ar\/2021\/coronavirus-despues-de-159-dias-de-cuarentena-se-registraron-10-550-contagios-y-276-muertes-en-solo-24-horas\/","og_locale":"es_ES","og_type":"article","og_title":"Coronavirus: despu\u00e9s de 159 d\u00edas de cuarentena se registraron 10.550 contagios y 276 muertes en s\u00f3lo 24 horas - Noticias Radio Reflejos","og_description":"El total de casos en todo el pa\u00eds asciende a 370.188 y las v\u00edctimas fatales suman 7.839","og_url":"https:\/\/www.noticiasradioreflejos.com.ar\/2021\/coronavirus-despues-de-159-dias-de-cuarentena-se-registraron-10-550-contagios-y-276-muertes-en-solo-24-horas\/","og_site_name":"Noticias Radio Reflejos","article_published_time":"2020-08-27T02:23:50+00:00","og_image":[{"url":"http:\/\/live.staticflickr.com\/65535\/50273339461_ff01132053_c.jpg","type":"","width":"","height":""}],"author":"Arnaldo Botto","twitter_card":"summary_large_image","schema":{"@context":"https:\/\/schema.org","@graph":[{"@type":"WebPage","@id":"https:\/\/www.noticiasradioreflejos.com.ar\/2021\/coronavirus-despues-de-159-dias-de-cuarentena-se-registraron-10-550-contagios-y-276-muertes-en-solo-24-horas\/","url":"https:\/\/www.noticiasradioreflejos.com.ar\/2021\/coronavirus-despues-de-159-dias-de-cuarentena-se-registraron-10-550-contagios-y-276-muertes-en-solo-24-horas\/","name":"Coronavirus: despu\u00e9s de 159 d\u00edas de cuarentena se registraron 10.550 contagios y 276 muertes en s\u00f3lo 24 horas - Noticias Radio Reflejos","isPartOf":{"@id":"https:\/\/www.noticiasradioreflejos.com.ar\/2021\/#website"},"primaryImageOfPage":{"@id":"https:\/\/www.noticiasradioreflejos.com.ar\/2021\/coronavirus-despues-de-159-dias-de-cuarentena-se-registraron-10-550-contagios-y-276-muertes-en-solo-24-horas\/#primaryimage"},"image":{"@id":"https:\/\/www.noticiasradioreflejos.com.ar\/2021\/coronavirus-despues-de-159-dias-de-cuarentena-se-registraron-10-550-contagios-y-276-muertes-en-solo-24-horas\/#primaryimage"},"thumbnailUrl":"http:\/\/live.staticflickr.com\/65535\/50273339461_ff01132053_c.jpg","datePublished":"2020-08-27T02:23:50+00:00","author":{"@id":"https:\/\/www.noticiasradioreflejos.com.ar\/2021\/#\/schema\/person\/ad82545263dcc5ec0996818884fd5fb1"},"breadcrumb":{"@id":"https:\/\/www.noticiasradioreflejos.com.ar\/2021\/coronavirus-despues-de-159-dias-de-cuarentena-se-registraron-10-550-contagios-y-276-muertes-en-solo-24-horas\/#breadcrumb"},"inLanguage":"es","potentialAction":[{"@type":"ReadAction","target":["https:\/\/www.noticiasradioreflejos.com.ar\/2021\/coronavirus-despues-de-159-dias-de-cuarentena-se-registraron-10-550-contagios-y-276-muertes-en-solo-24-horas\/"]}]},{"@type":"ImageObject","inLanguage":"es","@id":"https:\/\/www.noticiasradioreflejos.com.ar\/2021\/coronavirus-despues-de-159-dias-de-cuarentena-se-registraron-10-550-contagios-y-276-muertes-en-solo-24-horas\/#primaryimage","url":"http:\/\/live.staticflickr.com\/65535\/50273339461_ff01132053_c.jpg","contentUrl":"http:\/\/live.staticflickr.com\/65535\/50273339461_ff01132053_c.jpg"},{"@type":"BreadcrumbList","@id":"https:\/\/www.noticiasradioreflejos.com.ar\/2021\/coronavirus-despues-de-159-dias-de-cuarentena-se-registraron-10-550-contagios-y-276-muertes-en-solo-24-horas\/#breadcrumb","itemListElement":[{"@type":"ListItem","position":1,"name":"Portada","item":"https:\/\/www.noticiasradioreflejos.com.ar\/2021\/"},{"@type":"ListItem","position":2,"name":"Coronavirus: despu\u00e9s de 159 d\u00edas de cuarentena se registraron 10.550 contagios y 276 muertes en s\u00f3lo 24 horas"}]},{"@type":"WebSite","@id":"https:\/\/www.noticiasradioreflejos.com.ar\/2021\/#website","url":"https:\/\/www.noticiasradioreflejos.com.ar\/2021\/","name":"Noticias Radio Reflejos","description":"Las noticias de mi comarca","potentialAction":[{"@type":"SearchAction","target":{"@type":"EntryPoint","urlTemplate":"https:\/\/www.noticiasradioreflejos.com.ar\/2021\/?s={search_term_string}"},"query-input":{"@type":"PropertyValueSpecification","valueRequired":true,"valueName":"search_term_string"}}],"inLanguage":"es"},{"@type":"Person","@id":"https:\/\/www.noticiasradioreflejos.com.ar\/2021\/#\/schema\/person\/ad82545263dcc5ec0996818884fd5fb1","name":"Arnaldo Botto","image":{"@type":"ImageObject","inLanguage":"es","@id":"https:\/\/www.noticiasradioreflejos.com.ar\/2021\/#\/schema\/person\/image\/","url":"https:\/\/secure.gravatar.com\/avatar\/55cb5e37c1efa326397366e6974cb338056df65cb50e7d64d1cf314e87504837?s=96&d=mm&r=g","contentUrl":"https:\/\/secure.gravatar.com\/avatar\/55cb5e37c1efa326397366e6974cb338056df65cb50e7d64d1cf314e87504837?s=96&d=mm&r=g","caption":"Arnaldo Botto"},"url":"https:\/\/www.noticiasradioreflejos.com.ar\/2021\/author\/arnaldo\/"}]}},"_links":{"self":[{"href":"https:\/\/www.noticiasradioreflejos.com.ar\/2021\/wp-json\/wp\/v2\/posts\/46272","targetHints":{"allow":["GET"]}}],"collection":[{"href":"https:\/\/www.noticiasradioreflejos.com.ar\/2021\/wp-json\/wp\/v2\/posts"}],"about":[{"href":"https:\/\/www.noticiasradioreflejos.com.ar\/2021\/wp-json\/wp\/v2\/types\/post"}],"author":[{"embeddable":true,"href":"https:\/\/www.noticiasradioreflejos.com.ar\/2021\/wp-json\/wp\/v2\/users\/3"}],"replies":[{"embeddable":true,"href":"https:\/\/www.noticiasradioreflejos.com.ar\/2021\/wp-json\/wp\/v2\/comments?post=46272"}],"version-history":[{"count":0,"href":"https:\/\/www.noticiasradioreflejos.com.ar\/2021\/wp-json\/wp\/v2\/posts\/46272\/revisions"}],"wp:attachment":[{"href":"https:\/\/www.noticiasradioreflejos.com.ar\/2021\/wp-json\/wp\/v2\/media?parent=46272"}],"wp:term":[{"taxonomy":"category","embeddable":true,"href":"https:\/\/www.noticiasradioreflejos.com.ar\/2021\/wp-json\/wp\/v2\/categories?post=46272"},{"taxonomy":"post_tag","embeddable":true,"href":"https:\/\/www.noticiasradioreflejos.com.ar\/2021\/wp-json\/wp\/v2\/tags?post=46272"}],"curies":[{"name":"wp","href":"https:\/\/api.w.org\/{rel}","templated":true}]}}