{"id":46139,"date":"2020-08-25T16:12:41","date_gmt":"2020-08-25T19:12:41","guid":{"rendered":"http:\/\/www.noticiasradioreflejos.com.ar\/noticias\/?p=46139"},"modified":"2020-08-25T16:12:41","modified_gmt":"2020-08-25T19:12:41","slug":"primera-edicion-del-certamen-de-los-grandes-_-soledad-davis","status":"publish","type":"post","link":"https:\/\/www.noticiasradioreflejos.com.ar\/2021\/primera-edicion-del-certamen-de-los-grandes-_-soledad-davis\/","title":{"rendered":"Primera edici\u00f3n del \u00abCERTAMEN DE LOS GRANDES\u00bb _- Soledad Davis."},"content":{"rendered":"<p>En el marco de los festejos de su 57 aniversario,\u00a0 la Pe\u00f1a Huinca Malal presenta la primera edici\u00f3n del \u00abCERTAMEN DE LOS GRANDES\u00bb, una competencia de danza folkl\u00f3rica que se realizar\u00e1 en forma virtual, donde los participantes ser\u00e1n evaluados por un excelent\u00edsimo jurado. Los ganadores recibir\u00e1n premio y certificado. Esta ma\u00f1ana conversamos con Soledad Davis quien esta a cargo de la Pe\u00f1a. Soledad nos cuenta en esta nota cu\u00e1les son los requisitos de la competencia en cuesti\u00f3n.<!--more--><\/p>\n<p>\u00abEstamos con una abstinencia tremenda. El a\u00f1o pasado ven\u00edamos con un a\u00f1o bastante movidito, todos los fines de semana ten\u00edamos alguna presentaci\u00f3n. Este a\u00f1o ten\u00edamos muchos proyectos y cosas nuevas y otras que quedaron pendientes, pero se tuvo que cortar lamentablemente y adaptarnos a esto\u00bb explic\u00f3 Soledad cuando le preguntamos c\u00f3mo influy\u00f3 la pandemia a las actividades normales que ven\u00edan realizando.<\/p>\n<p><a title=\"2020-08-25_04-10-40\" href=\"http:\/\/live.staticflickr.com\/65535\/50268385366_6964259b7a_s.jpg\" rel=\"\"><img loading=\"lazy\" decoding=\"async\" class=\"alignleft\" style=\"float: left;\" title=\"2020-08-25_04-10-40\" src=\"http:\/\/live.staticflickr.com\/65535\/50268385366_494500762c_o.jpg\" alt=\"2020-08-25_04-10-40\" width=\"534\" height=\"300\" \/><\/a><\/p>\n<p>En un principio, la Pe\u00f1a estuvo trabajando las clases de manera virtual y, luego, consiguieron un permiso para dar algunas clases presenciales con protocolos. \u00abTuvimos que cortar de nuevo, pero si Dios quiere esta semana arrancamos de nuevo con el protocolo y las clases presenciales\u00bb comunic\u00f3. La Huinca Malal cuenta con un grupo aproximado de 75 integrantes, incluyendo adultos, adolescentes y ni\u00f1os. \u00abLa pe\u00f1a ha crecido mucho\u00bb mencion\u00f3 Soledad contenta. Todo ese gran grupo tuvo que ser reducido a clases de a 10 adolescentes y adultos (pero no mayores) en distintos turnos, utilizando barbijo y protocolos de ingreso debido a la pandemia.<\/p>\n<p>El aniversario de la Pe\u00f1a es el 6 de Septiembre, y los integrantes de la Huinca Malal quieren festejarlo con una edici\u00f3n del \u00abCertamen de los Grandes\u00bb. La inscripci\u00f3n tiene un costo de $200 por persona. El primer premio son $3000 pesos, el segundo premio son $2000 y el tercer premio son $1000. El rubro ser\u00e1 danza de pareja tradicional y la categor\u00eda es de 15 a\u00f1os en adelante (no hay l\u00edmite de edad). El jurado que evaluar\u00e1 a los participantes es muy reconocido dentro del \u00e1mbito del folklore. Los participantes deber\u00e1n respetar la vestimenta con la \u00e9poca y la danza que bailen.<\/p>\n<p>El certamen inicia el 20 de Septiembre.<br \/>\nHay tiempo para inscribirte hasta el 12 de septiembre.<br \/>\nConsultas e inscripciones: 54 9 2915 32-9246 (Soledad)<\/p>\n<p>Nota completa a continuaci\u00f3n:<br \/>\n<iframe loading=\"lazy\" src=\"https:\/\/w.soundcloud.com\/player\/?url=https%3A\/\/api.soundcloud.com\/tracks\/881771311&amp;color=%23ff5500&amp;auto_play=false&amp;hide_related=false&amp;show_comments=true&amp;show_user=true&amp;show_reposts=false&amp;show_teaser=true&amp;visual=true\" width=\"100%\" height=\"300\" frameborder=\"no\" scrolling=\"no\"><\/iframe><\/p>\n<p><a title=\"WhatsApp Image 2020-08-24 at 12.41.08\" href=\"http:\/\/live.staticflickr.com\/65535\/50266756223_ba696cc2c7_s.jpg\" rel=\"\"><img loading=\"lazy\" decoding=\"async\" class=\"aligncenter\" title=\"WhatsApp Image 2020-08-24 at 12.41.08\" src=\"http:\/\/live.staticflickr.com\/65535\/50266756223_ba696cc2c7_c.jpg\" alt=\"WhatsApp Image 2020-08-24 at 12.41.08\" width=\"800\" height=\"800\" \/><\/a><\/p>\n<div style=\"font-size: 10px; color: #cccccc; line-break: anywhere; word-break: normal; overflow: hidden; white-space: nowrap; text-overflow: ellipsis; font-family: Interstate,Lucida Grande,Lucida Sans Unicode,Lucida Sans,Garuda,Verdana,Tahoma,sans-serif; font-weight: 100;\"><a style=\"color: #cccccc; text-decoration: none;\" title=\"fmreflejos 103.7\" href=\"https:\/\/soundcloud.com\/fmreflejos-103-7\" target=\"_blank\" rel=\"noopener\">fmreflejos 103.7<\/a> \u00b7 <a style=\"color: #cccccc; text-decoration: none;\" title=\"Soledad Davis\" href=\"https:\/\/soundcloud.com\/fmreflejos-103-7\/soledad-davis\" target=\"_blank\" rel=\"noopener\">Soledad Davis<\/a><\/div>\n","protected":false},"excerpt":{"rendered":"<p>En el marco de los festejos de su 57 aniversario,\u00a0 la Pe\u00f1a Huinca Malal presenta la primera edici\u00f3n del \u00abCERTAMEN DE LOS GRANDES\u00bb, una competencia de danza folkl\u00f3rica que se realizar\u00e1 en forma virtual, donde los participantes ser\u00e1n evaluados por un excelent\u00edsimo jurado. Los ganadores recibir\u00e1n premio y certificado. Esta ma\u00f1ana conversamos con Soledad Davis [&hellip;]<\/p>\n","protected":false},"author":3,"featured_media":0,"comment_status":"closed","ping_status":"open","sticky":false,"template":"","format":"standard","meta":{"footnotes":""},"categories":[35],"tags":[32],"class_list":["post-46139","post","type-post","status-publish","format-standard","hentry","category-cultura","tag-destacado"],"yoast_head":"<!-- This site is optimized with the Yoast SEO plugin v25.9 - https:\/\/yoast.com\/wordpress\/plugins\/seo\/ -->\n<title>Primera edici\u00f3n del &quot;CERTAMEN DE LOS GRANDES&quot; _- Soledad Davis. - Noticias Radio Reflejos<\/title>\n<meta name=\"robots\" content=\"index, follow, max-snippet:-1, max-image-preview:large, max-video-preview:-1\" \/>\n<link rel=\"canonical\" href=\"https:\/\/www.noticiasradioreflejos.com.ar\/2021\/primera-edicion-del-certamen-de-los-grandes-_-soledad-davis\/\" \/>\n<meta property=\"og:locale\" content=\"es_ES\" \/>\n<meta property=\"og:type\" content=\"article\" \/>\n<meta property=\"og:title\" content=\"Primera edici\u00f3n del &quot;CERTAMEN DE LOS GRANDES&quot; _- Soledad Davis. - Noticias Radio Reflejos\" \/>\n<meta property=\"og:description\" content=\"En el marco de los festejos de su 57 aniversario,\u00a0 la Pe\u00f1a Huinca Malal presenta la primera edici\u00f3n del \u00abCERTAMEN DE LOS GRANDES\u00bb, una competencia de danza folkl\u00f3rica que se realizar\u00e1 en forma virtual, donde los participantes ser\u00e1n evaluados por un excelent\u00edsimo jurado. Los ganadores recibir\u00e1n premio y certificado. Esta ma\u00f1ana conversamos con Soledad Davis [&hellip;]\" \/>\n<meta property=\"og:url\" content=\"https:\/\/www.noticiasradioreflejos.com.ar\/2021\/primera-edicion-del-certamen-de-los-grandes-_-soledad-davis\/\" \/>\n<meta property=\"og:site_name\" content=\"Noticias Radio Reflejos\" \/>\n<meta property=\"article:published_time\" content=\"2020-08-25T19:12:41+00:00\" \/>\n<meta property=\"og:image\" content=\"http:\/\/live.staticflickr.com\/65535\/50268385366_494500762c_o.jpg\" \/>\n<meta name=\"author\" content=\"Arnaldo Botto\" \/>\n<meta name=\"twitter:card\" content=\"summary_large_image\" \/>\n<script type=\"application\/ld+json\" class=\"yoast-schema-graph\">{\"@context\":\"https:\/\/schema.org\",\"@graph\":[{\"@type\":\"WebPage\",\"@id\":\"https:\/\/www.noticiasradioreflejos.com.ar\/2021\/primera-edicion-del-certamen-de-los-grandes-_-soledad-davis\/\",\"url\":\"https:\/\/www.noticiasradioreflejos.com.ar\/2021\/primera-edicion-del-certamen-de-los-grandes-_-soledad-davis\/\",\"name\":\"Primera edici\u00f3n del \\\"CERTAMEN DE LOS GRANDES\\\" _- Soledad Davis. - Noticias Radio Reflejos\",\"isPartOf\":{\"@id\":\"https:\/\/www.noticiasradioreflejos.com.ar\/2021\/#website\"},\"primaryImageOfPage\":{\"@id\":\"https:\/\/www.noticiasradioreflejos.com.ar\/2021\/primera-edicion-del-certamen-de-los-grandes-_-soledad-davis\/#primaryimage\"},\"image\":{\"@id\":\"https:\/\/www.noticiasradioreflejos.com.ar\/2021\/primera-edicion-del-certamen-de-los-grandes-_-soledad-davis\/#primaryimage\"},\"thumbnailUrl\":\"http:\/\/live.staticflickr.com\/65535\/50268385366_494500762c_o.jpg\",\"datePublished\":\"2020-08-25T19:12:41+00:00\",\"author\":{\"@id\":\"https:\/\/www.noticiasradioreflejos.com.ar\/2021\/#\/schema\/person\/ad82545263dcc5ec0996818884fd5fb1\"},\"breadcrumb\":{\"@id\":\"https:\/\/www.noticiasradioreflejos.com.ar\/2021\/primera-edicion-del-certamen-de-los-grandes-_-soledad-davis\/#breadcrumb\"},\"inLanguage\":\"es\",\"potentialAction\":[{\"@type\":\"ReadAction\",\"target\":[\"https:\/\/www.noticiasradioreflejos.com.ar\/2021\/primera-edicion-del-certamen-de-los-grandes-_-soledad-davis\/\"]}]},{\"@type\":\"ImageObject\",\"inLanguage\":\"es\",\"@id\":\"https:\/\/www.noticiasradioreflejos.com.ar\/2021\/primera-edicion-del-certamen-de-los-grandes-_-soledad-davis\/#primaryimage\",\"url\":\"http:\/\/live.staticflickr.com\/65535\/50268385366_494500762c_o.jpg\",\"contentUrl\":\"http:\/\/live.staticflickr.com\/65535\/50268385366_494500762c_o.jpg\"},{\"@type\":\"BreadcrumbList\",\"@id\":\"https:\/\/www.noticiasradioreflejos.com.ar\/2021\/primera-edicion-del-certamen-de-los-grandes-_-soledad-davis\/#breadcrumb\",\"itemListElement\":[{\"@type\":\"ListItem\",\"position\":1,\"name\":\"Portada\",\"item\":\"https:\/\/www.noticiasradioreflejos.com.ar\/2021\/\"},{\"@type\":\"ListItem\",\"position\":2,\"name\":\"Primera edici\u00f3n del \u00abCERTAMEN DE LOS GRANDES\u00bb _- Soledad Davis.\"}]},{\"@type\":\"WebSite\",\"@id\":\"https:\/\/www.noticiasradioreflejos.com.ar\/2021\/#website\",\"url\":\"https:\/\/www.noticiasradioreflejos.com.ar\/2021\/\",\"name\":\"Noticias Radio Reflejos\",\"description\":\"Las noticias de mi comarca\",\"potentialAction\":[{\"@type\":\"SearchAction\",\"target\":{\"@type\":\"EntryPoint\",\"urlTemplate\":\"https:\/\/www.noticiasradioreflejos.com.ar\/2021\/?s={search_term_string}\"},\"query-input\":{\"@type\":\"PropertyValueSpecification\",\"valueRequired\":true,\"valueName\":\"search_term_string\"}}],\"inLanguage\":\"es\"},{\"@type\":\"Person\",\"@id\":\"https:\/\/www.noticiasradioreflejos.com.ar\/2021\/#\/schema\/person\/ad82545263dcc5ec0996818884fd5fb1\",\"name\":\"Arnaldo Botto\",\"image\":{\"@type\":\"ImageObject\",\"inLanguage\":\"es\",\"@id\":\"https:\/\/www.noticiasradioreflejos.com.ar\/2021\/#\/schema\/person\/image\/\",\"url\":\"https:\/\/secure.gravatar.com\/avatar\/55cb5e37c1efa326397366e6974cb338056df65cb50e7d64d1cf314e87504837?s=96&d=mm&r=g\",\"contentUrl\":\"https:\/\/secure.gravatar.com\/avatar\/55cb5e37c1efa326397366e6974cb338056df65cb50e7d64d1cf314e87504837?s=96&d=mm&r=g\",\"caption\":\"Arnaldo Botto\"},\"url\":\"https:\/\/www.noticiasradioreflejos.com.ar\/2021\/author\/arnaldo\/\"}]}<\/script>\n<!-- \/ Yoast SEO plugin. -->","yoast_head_json":{"title":"Primera edici\u00f3n del \"CERTAMEN DE LOS GRANDES\" _- Soledad Davis. - Noticias Radio Reflejos","robots":{"index":"index","follow":"follow","max-snippet":"max-snippet:-1","max-image-preview":"max-image-preview:large","max-video-preview":"max-video-preview:-1"},"canonical":"https:\/\/www.noticiasradioreflejos.com.ar\/2021\/primera-edicion-del-certamen-de-los-grandes-_-soledad-davis\/","og_locale":"es_ES","og_type":"article","og_title":"Primera edici\u00f3n del \"CERTAMEN DE LOS GRANDES\" _- Soledad Davis. - Noticias Radio Reflejos","og_description":"En el marco de los festejos de su 57 aniversario,\u00a0 la Pe\u00f1a Huinca Malal presenta la primera edici\u00f3n del \u00abCERTAMEN DE LOS GRANDES\u00bb, una competencia de danza folkl\u00f3rica que se realizar\u00e1 en forma virtual, donde los participantes ser\u00e1n evaluados por un excelent\u00edsimo jurado. Los ganadores recibir\u00e1n premio y certificado. Esta ma\u00f1ana conversamos con Soledad Davis [&hellip;]","og_url":"https:\/\/www.noticiasradioreflejos.com.ar\/2021\/primera-edicion-del-certamen-de-los-grandes-_-soledad-davis\/","og_site_name":"Noticias Radio Reflejos","article_published_time":"2020-08-25T19:12:41+00:00","og_image":[{"url":"http:\/\/live.staticflickr.com\/65535\/50268385366_494500762c_o.jpg","type":"","width":"","height":""}],"author":"Arnaldo Botto","twitter_card":"summary_large_image","schema":{"@context":"https:\/\/schema.org","@graph":[{"@type":"WebPage","@id":"https:\/\/www.noticiasradioreflejos.com.ar\/2021\/primera-edicion-del-certamen-de-los-grandes-_-soledad-davis\/","url":"https:\/\/www.noticiasradioreflejos.com.ar\/2021\/primera-edicion-del-certamen-de-los-grandes-_-soledad-davis\/","name":"Primera edici\u00f3n del \"CERTAMEN DE LOS GRANDES\" _- Soledad Davis. - Noticias Radio Reflejos","isPartOf":{"@id":"https:\/\/www.noticiasradioreflejos.com.ar\/2021\/#website"},"primaryImageOfPage":{"@id":"https:\/\/www.noticiasradioreflejos.com.ar\/2021\/primera-edicion-del-certamen-de-los-grandes-_-soledad-davis\/#primaryimage"},"image":{"@id":"https:\/\/www.noticiasradioreflejos.com.ar\/2021\/primera-edicion-del-certamen-de-los-grandes-_-soledad-davis\/#primaryimage"},"thumbnailUrl":"http:\/\/live.staticflickr.com\/65535\/50268385366_494500762c_o.jpg","datePublished":"2020-08-25T19:12:41+00:00","author":{"@id":"https:\/\/www.noticiasradioreflejos.com.ar\/2021\/#\/schema\/person\/ad82545263dcc5ec0996818884fd5fb1"},"breadcrumb":{"@id":"https:\/\/www.noticiasradioreflejos.com.ar\/2021\/primera-edicion-del-certamen-de-los-grandes-_-soledad-davis\/#breadcrumb"},"inLanguage":"es","potentialAction":[{"@type":"ReadAction","target":["https:\/\/www.noticiasradioreflejos.com.ar\/2021\/primera-edicion-del-certamen-de-los-grandes-_-soledad-davis\/"]}]},{"@type":"ImageObject","inLanguage":"es","@id":"https:\/\/www.noticiasradioreflejos.com.ar\/2021\/primera-edicion-del-certamen-de-los-grandes-_-soledad-davis\/#primaryimage","url":"http:\/\/live.staticflickr.com\/65535\/50268385366_494500762c_o.jpg","contentUrl":"http:\/\/live.staticflickr.com\/65535\/50268385366_494500762c_o.jpg"},{"@type":"BreadcrumbList","@id":"https:\/\/www.noticiasradioreflejos.com.ar\/2021\/primera-edicion-del-certamen-de-los-grandes-_-soledad-davis\/#breadcrumb","itemListElement":[{"@type":"ListItem","position":1,"name":"Portada","item":"https:\/\/www.noticiasradioreflejos.com.ar\/2021\/"},{"@type":"ListItem","position":2,"name":"Primera edici\u00f3n del \u00abCERTAMEN DE LOS GRANDES\u00bb _- Soledad Davis."}]},{"@type":"WebSite","@id":"https:\/\/www.noticiasradioreflejos.com.ar\/2021\/#website","url":"https:\/\/www.noticiasradioreflejos.com.ar\/2021\/","name":"Noticias Radio Reflejos","description":"Las noticias de mi comarca","potentialAction":[{"@type":"SearchAction","target":{"@type":"EntryPoint","urlTemplate":"https:\/\/www.noticiasradioreflejos.com.ar\/2021\/?s={search_term_string}"},"query-input":{"@type":"PropertyValueSpecification","valueRequired":true,"valueName":"search_term_string"}}],"inLanguage":"es"},{"@type":"Person","@id":"https:\/\/www.noticiasradioreflejos.com.ar\/2021\/#\/schema\/person\/ad82545263dcc5ec0996818884fd5fb1","name":"Arnaldo Botto","image":{"@type":"ImageObject","inLanguage":"es","@id":"https:\/\/www.noticiasradioreflejos.com.ar\/2021\/#\/schema\/person\/image\/","url":"https:\/\/secure.gravatar.com\/avatar\/55cb5e37c1efa326397366e6974cb338056df65cb50e7d64d1cf314e87504837?s=96&d=mm&r=g","contentUrl":"https:\/\/secure.gravatar.com\/avatar\/55cb5e37c1efa326397366e6974cb338056df65cb50e7d64d1cf314e87504837?s=96&d=mm&r=g","caption":"Arnaldo Botto"},"url":"https:\/\/www.noticiasradioreflejos.com.ar\/2021\/author\/arnaldo\/"}]}},"_links":{"self":[{"href":"https:\/\/www.noticiasradioreflejos.com.ar\/2021\/wp-json\/wp\/v2\/posts\/46139","targetHints":{"allow":["GET"]}}],"collection":[{"href":"https:\/\/www.noticiasradioreflejos.com.ar\/2021\/wp-json\/wp\/v2\/posts"}],"about":[{"href":"https:\/\/www.noticiasradioreflejos.com.ar\/2021\/wp-json\/wp\/v2\/types\/post"}],"author":[{"embeddable":true,"href":"https:\/\/www.noticiasradioreflejos.com.ar\/2021\/wp-json\/wp\/v2\/users\/3"}],"replies":[{"embeddable":true,"href":"https:\/\/www.noticiasradioreflejos.com.ar\/2021\/wp-json\/wp\/v2\/comments?post=46139"}],"version-history":[{"count":0,"href":"https:\/\/www.noticiasradioreflejos.com.ar\/2021\/wp-json\/wp\/v2\/posts\/46139\/revisions"}],"wp:attachment":[{"href":"https:\/\/www.noticiasradioreflejos.com.ar\/2021\/wp-json\/wp\/v2\/media?parent=46139"}],"wp:term":[{"taxonomy":"category","embeddable":true,"href":"https:\/\/www.noticiasradioreflejos.com.ar\/2021\/wp-json\/wp\/v2\/categories?post=46139"},{"taxonomy":"post_tag","embeddable":true,"href":"https:\/\/www.noticiasradioreflejos.com.ar\/2021\/wp-json\/wp\/v2\/tags?post=46139"}],"curies":[{"name":"wp","href":"https:\/\/api.w.org\/{rel}","templated":true}]}}