{"id":45838,"date":"2020-08-15T09:59:01","date_gmt":"2020-08-15T12:59:01","guid":{"rendered":"http:\/\/www.noticiasradioreflejos.com.ar\/noticias\/?p=45838"},"modified":"2020-08-15T09:59:01","modified_gmt":"2020-08-15T12:59:01","slug":"dos-policia-de-sierra-de-la-ventana-le-salvaron-la-vida-a-un-vecino-de-la-localidasd","status":"publish","type":"post","link":"https:\/\/www.noticiasradioreflejos.com.ar\/2021\/dos-policia-de-sierra-de-la-ventana-le-salvaron-la-vida-a-un-vecino-de-la-localidasd\/","title":{"rendered":"Dos polic\u00edas de Sierra de la Ventana le salvaron la vida a un vecino de la localidad"},"content":{"rendered":"<p><a title=\"WhatsApp Image 2020-08-15 at 09.13.55 (2)\" href=\"http:\/\/live.staticflickr.com\/65535\/50229039467_37fcd8ec61_s.jpg\" rel=\"\"><img loading=\"lazy\" decoding=\"async\" class=\"alignleft\" style=\"float: left;\" title=\"WhatsApp Image 2020-08-15 at 09.13.55 (2)\" src=\"http:\/\/live.staticflickr.com\/65535\/50229039467_37fcd8ec61_z.jpg\" alt=\"WhatsApp Image 2020-08-15 at 09.13.55 (2)\" width=\"360\" height=\"640\" \/><\/a>El hecho ocurri\u00f3 anoche 14 de Agosto 22:30 hs., en el <strong>Barrio Valle Hermoso<\/strong>. Ante el llamado de auxilio, dos efectivos lograron salvar la vida del padre de la ni\u00f1a que intento suicidarse en el ba\u00f1o de la vivienda.<br \/>\n<!--more--><\/p>\n<p>El tel\u00e9fono de emergencias de la subcomisar\u00eda de <strong>Sierra de la Ventana<\/strong> recibi\u00f3 el llamado de una persona que no se dio a identificar, dando cuenta que en la primera cuadra de calle Girondo de ese barrio serrano, una ni\u00f1a solicitaba auxilio ya que hab\u00eda encontrado a su padre desvanecido en el ba\u00f1o del inmueble.<br \/>\nA ra\u00edz de esto, personal policial se dirige al lugar y da aviso a la Unidad Sanitaria de este medio. Llegaron al domicilio la <strong>Oficial Inspectora JULIA PIETRASANTA<\/strong> secundada por el <strong>Sargento MATIAS CASTILLO<\/strong>, se entrevistan con la ni\u00f1a y con su anuencia ingresan a la morada, pudiendo ver, a trav\u00e9s de un ventiluz que efectivamente un sujeto masculino, propietario de la vivienda yac\u00eda desvanecido, con un cinto de cuero en su cuello que provocaba el ahorcamiento ya que se encontraba sujeto en un toallero del ba\u00f1o, intentado as\u00ed terminar con su vida. Inmediatamente y sin dudarlo, los efectivos policiales, mediante el uso de la fuerza, logran abrir la puerta del ba\u00f1o, ingresando y logrando descolgar a la victima, el cual se hallaba inconsciente.<br \/>\nLos uniformados le realizaron las primeras maniobras de reanimaci\u00f3n hasta que el hombre volvi\u00f3 a respirar.<br \/>\nPosteriormente fue trasladado por una ambulancia a la Unidad Sanitaria de esta localidad y luego fue derivado al Hospital Intersonal Jos\u00e8 M. Penna de Bah\u00eda Blanca donde se realizaron estudios y el mismo qued\u00f3 fuera de peligro, quedando internado en observaci\u00f3n.-<br \/>\n<strong><br \/>\nSubestaci\u00f3n Polic\u00eda Comunal Seguridad Sierra de la Ventana.-<\/strong><\/p>\n<p><a title=\"WhatsApp Image 2020-08-15 at 09.13.55 (1)\" href=\"http:\/\/live.staticflickr.com\/65535\/50228819341_53b85e4467_s.jpg\" rel=\"\"><img loading=\"lazy\" decoding=\"async\" class=\"aligncenter\" title=\"WhatsApp Image 2020-08-15 at 09.13.55 (1)\" src=\"http:\/\/live.staticflickr.com\/65535\/50228819341_53b85e4467_z.jpg\" alt=\"WhatsApp Image 2020-08-15 at 09.13.55 (1)\" width=\"640\" height=\"480\" \/><\/a><\/p>\n","protected":false},"excerpt":{"rendered":"<p>El hecho ocurri\u00f3 anoche 14 de Agosto 22:30 hs., en el Barrio Valle Hermoso. Ante el llamado de auxilio, dos efectivos lograron salvar la vida del padre de la ni\u00f1a que intento suicidarse en el ba\u00f1o de la vivienda.<\/p>\n","protected":false},"author":3,"featured_media":0,"comment_status":"closed","ping_status":"open","sticky":false,"template":"","format":"standard","meta":{"footnotes":""},"categories":[29],"tags":[],"class_list":["post-45838","post","type-post","status-publish","format-standard","hentry","category-policiales"],"yoast_head":"<!-- This site is optimized with the Yoast SEO plugin v25.9 - https:\/\/yoast.com\/wordpress\/plugins\/seo\/ -->\n<title>Dos polic\u00edas de Sierra de la Ventana le salvaron la vida a un vecino de la localidad - Noticias Radio Reflejos<\/title>\n<meta name=\"robots\" content=\"index, follow, max-snippet:-1, max-image-preview:large, max-video-preview:-1\" \/>\n<link rel=\"canonical\" href=\"https:\/\/www.noticiasradioreflejos.com.ar\/2021\/dos-policia-de-sierra-de-la-ventana-le-salvaron-la-vida-a-un-vecino-de-la-localidasd\/\" \/>\n<meta property=\"og:locale\" content=\"es_ES\" \/>\n<meta property=\"og:type\" content=\"article\" \/>\n<meta property=\"og:title\" content=\"Dos polic\u00edas de Sierra de la Ventana le salvaron la vida a un vecino de la localidad - Noticias Radio Reflejos\" \/>\n<meta property=\"og:description\" content=\"El hecho ocurri\u00f3 anoche 14 de Agosto 22:30 hs., en el Barrio Valle Hermoso. Ante el llamado de auxilio, dos efectivos lograron salvar la vida del padre de la ni\u00f1a que intento suicidarse en el ba\u00f1o de la vivienda.\" \/>\n<meta property=\"og:url\" content=\"https:\/\/www.noticiasradioreflejos.com.ar\/2021\/dos-policia-de-sierra-de-la-ventana-le-salvaron-la-vida-a-un-vecino-de-la-localidasd\/\" \/>\n<meta property=\"og:site_name\" content=\"Noticias Radio Reflejos\" \/>\n<meta property=\"article:published_time\" content=\"2020-08-15T12:59:01+00:00\" \/>\n<meta property=\"og:image\" content=\"http:\/\/live.staticflickr.com\/65535\/50229039467_37fcd8ec61_z.jpg\" \/>\n<meta name=\"author\" content=\"Arnaldo Botto\" \/>\n<meta name=\"twitter:card\" content=\"summary_large_image\" \/>\n<script type=\"application\/ld+json\" class=\"yoast-schema-graph\">{\"@context\":\"https:\/\/schema.org\",\"@graph\":[{\"@type\":\"WebPage\",\"@id\":\"https:\/\/www.noticiasradioreflejos.com.ar\/2021\/dos-policia-de-sierra-de-la-ventana-le-salvaron-la-vida-a-un-vecino-de-la-localidasd\/\",\"url\":\"https:\/\/www.noticiasradioreflejos.com.ar\/2021\/dos-policia-de-sierra-de-la-ventana-le-salvaron-la-vida-a-un-vecino-de-la-localidasd\/\",\"name\":\"Dos polic\u00edas de Sierra de la Ventana le salvaron la vida a un vecino de la localidad - Noticias Radio Reflejos\",\"isPartOf\":{\"@id\":\"https:\/\/www.noticiasradioreflejos.com.ar\/2021\/#website\"},\"primaryImageOfPage\":{\"@id\":\"https:\/\/www.noticiasradioreflejos.com.ar\/2021\/dos-policia-de-sierra-de-la-ventana-le-salvaron-la-vida-a-un-vecino-de-la-localidasd\/#primaryimage\"},\"image\":{\"@id\":\"https:\/\/www.noticiasradioreflejos.com.ar\/2021\/dos-policia-de-sierra-de-la-ventana-le-salvaron-la-vida-a-un-vecino-de-la-localidasd\/#primaryimage\"},\"thumbnailUrl\":\"http:\/\/live.staticflickr.com\/65535\/50229039467_37fcd8ec61_z.jpg\",\"datePublished\":\"2020-08-15T12:59:01+00:00\",\"author\":{\"@id\":\"https:\/\/www.noticiasradioreflejos.com.ar\/2021\/#\/schema\/person\/ad82545263dcc5ec0996818884fd5fb1\"},\"breadcrumb\":{\"@id\":\"https:\/\/www.noticiasradioreflejos.com.ar\/2021\/dos-policia-de-sierra-de-la-ventana-le-salvaron-la-vida-a-un-vecino-de-la-localidasd\/#breadcrumb\"},\"inLanguage\":\"es\",\"potentialAction\":[{\"@type\":\"ReadAction\",\"target\":[\"https:\/\/www.noticiasradioreflejos.com.ar\/2021\/dos-policia-de-sierra-de-la-ventana-le-salvaron-la-vida-a-un-vecino-de-la-localidasd\/\"]}]},{\"@type\":\"ImageObject\",\"inLanguage\":\"es\",\"@id\":\"https:\/\/www.noticiasradioreflejos.com.ar\/2021\/dos-policia-de-sierra-de-la-ventana-le-salvaron-la-vida-a-un-vecino-de-la-localidasd\/#primaryimage\",\"url\":\"http:\/\/live.staticflickr.com\/65535\/50229039467_37fcd8ec61_z.jpg\",\"contentUrl\":\"http:\/\/live.staticflickr.com\/65535\/50229039467_37fcd8ec61_z.jpg\"},{\"@type\":\"BreadcrumbList\",\"@id\":\"https:\/\/www.noticiasradioreflejos.com.ar\/2021\/dos-policia-de-sierra-de-la-ventana-le-salvaron-la-vida-a-un-vecino-de-la-localidasd\/#breadcrumb\",\"itemListElement\":[{\"@type\":\"ListItem\",\"position\":1,\"name\":\"Portada\",\"item\":\"https:\/\/www.noticiasradioreflejos.com.ar\/2021\/\"},{\"@type\":\"ListItem\",\"position\":2,\"name\":\"Dos polic\u00edas de Sierra de la Ventana le salvaron la vida a un vecino de la localidad\"}]},{\"@type\":\"WebSite\",\"@id\":\"https:\/\/www.noticiasradioreflejos.com.ar\/2021\/#website\",\"url\":\"https:\/\/www.noticiasradioreflejos.com.ar\/2021\/\",\"name\":\"Noticias Radio Reflejos\",\"description\":\"Las noticias de mi comarca\",\"potentialAction\":[{\"@type\":\"SearchAction\",\"target\":{\"@type\":\"EntryPoint\",\"urlTemplate\":\"https:\/\/www.noticiasradioreflejos.com.ar\/2021\/?s={search_term_string}\"},\"query-input\":{\"@type\":\"PropertyValueSpecification\",\"valueRequired\":true,\"valueName\":\"search_term_string\"}}],\"inLanguage\":\"es\"},{\"@type\":\"Person\",\"@id\":\"https:\/\/www.noticiasradioreflejos.com.ar\/2021\/#\/schema\/person\/ad82545263dcc5ec0996818884fd5fb1\",\"name\":\"Arnaldo Botto\",\"image\":{\"@type\":\"ImageObject\",\"inLanguage\":\"es\",\"@id\":\"https:\/\/www.noticiasradioreflejos.com.ar\/2021\/#\/schema\/person\/image\/\",\"url\":\"https:\/\/secure.gravatar.com\/avatar\/55cb5e37c1efa326397366e6974cb338056df65cb50e7d64d1cf314e87504837?s=96&d=mm&r=g\",\"contentUrl\":\"https:\/\/secure.gravatar.com\/avatar\/55cb5e37c1efa326397366e6974cb338056df65cb50e7d64d1cf314e87504837?s=96&d=mm&r=g\",\"caption\":\"Arnaldo Botto\"},\"url\":\"https:\/\/www.noticiasradioreflejos.com.ar\/2021\/author\/arnaldo\/\"}]}<\/script>\n<!-- \/ Yoast SEO plugin. -->","yoast_head_json":{"title":"Dos polic\u00edas de Sierra de la Ventana le salvaron la vida a un vecino de la localidad - Noticias Radio Reflejos","robots":{"index":"index","follow":"follow","max-snippet":"max-snippet:-1","max-image-preview":"max-image-preview:large","max-video-preview":"max-video-preview:-1"},"canonical":"https:\/\/www.noticiasradioreflejos.com.ar\/2021\/dos-policia-de-sierra-de-la-ventana-le-salvaron-la-vida-a-un-vecino-de-la-localidasd\/","og_locale":"es_ES","og_type":"article","og_title":"Dos polic\u00edas de Sierra de la Ventana le salvaron la vida a un vecino de la localidad - Noticias Radio Reflejos","og_description":"El hecho ocurri\u00f3 anoche 14 de Agosto 22:30 hs., en el Barrio Valle Hermoso. Ante el llamado de auxilio, dos efectivos lograron salvar la vida del padre de la ni\u00f1a que intento suicidarse en el ba\u00f1o de la vivienda.","og_url":"https:\/\/www.noticiasradioreflejos.com.ar\/2021\/dos-policia-de-sierra-de-la-ventana-le-salvaron-la-vida-a-un-vecino-de-la-localidasd\/","og_site_name":"Noticias Radio Reflejos","article_published_time":"2020-08-15T12:59:01+00:00","og_image":[{"url":"http:\/\/live.staticflickr.com\/65535\/50229039467_37fcd8ec61_z.jpg","type":"","width":"","height":""}],"author":"Arnaldo Botto","twitter_card":"summary_large_image","schema":{"@context":"https:\/\/schema.org","@graph":[{"@type":"WebPage","@id":"https:\/\/www.noticiasradioreflejos.com.ar\/2021\/dos-policia-de-sierra-de-la-ventana-le-salvaron-la-vida-a-un-vecino-de-la-localidasd\/","url":"https:\/\/www.noticiasradioreflejos.com.ar\/2021\/dos-policia-de-sierra-de-la-ventana-le-salvaron-la-vida-a-un-vecino-de-la-localidasd\/","name":"Dos polic\u00edas de Sierra de la Ventana le salvaron la vida a un vecino de la localidad - Noticias Radio Reflejos","isPartOf":{"@id":"https:\/\/www.noticiasradioreflejos.com.ar\/2021\/#website"},"primaryImageOfPage":{"@id":"https:\/\/www.noticiasradioreflejos.com.ar\/2021\/dos-policia-de-sierra-de-la-ventana-le-salvaron-la-vida-a-un-vecino-de-la-localidasd\/#primaryimage"},"image":{"@id":"https:\/\/www.noticiasradioreflejos.com.ar\/2021\/dos-policia-de-sierra-de-la-ventana-le-salvaron-la-vida-a-un-vecino-de-la-localidasd\/#primaryimage"},"thumbnailUrl":"http:\/\/live.staticflickr.com\/65535\/50229039467_37fcd8ec61_z.jpg","datePublished":"2020-08-15T12:59:01+00:00","author":{"@id":"https:\/\/www.noticiasradioreflejos.com.ar\/2021\/#\/schema\/person\/ad82545263dcc5ec0996818884fd5fb1"},"breadcrumb":{"@id":"https:\/\/www.noticiasradioreflejos.com.ar\/2021\/dos-policia-de-sierra-de-la-ventana-le-salvaron-la-vida-a-un-vecino-de-la-localidasd\/#breadcrumb"},"inLanguage":"es","potentialAction":[{"@type":"ReadAction","target":["https:\/\/www.noticiasradioreflejos.com.ar\/2021\/dos-policia-de-sierra-de-la-ventana-le-salvaron-la-vida-a-un-vecino-de-la-localidasd\/"]}]},{"@type":"ImageObject","inLanguage":"es","@id":"https:\/\/www.noticiasradioreflejos.com.ar\/2021\/dos-policia-de-sierra-de-la-ventana-le-salvaron-la-vida-a-un-vecino-de-la-localidasd\/#primaryimage","url":"http:\/\/live.staticflickr.com\/65535\/50229039467_37fcd8ec61_z.jpg","contentUrl":"http:\/\/live.staticflickr.com\/65535\/50229039467_37fcd8ec61_z.jpg"},{"@type":"BreadcrumbList","@id":"https:\/\/www.noticiasradioreflejos.com.ar\/2021\/dos-policia-de-sierra-de-la-ventana-le-salvaron-la-vida-a-un-vecino-de-la-localidasd\/#breadcrumb","itemListElement":[{"@type":"ListItem","position":1,"name":"Portada","item":"https:\/\/www.noticiasradioreflejos.com.ar\/2021\/"},{"@type":"ListItem","position":2,"name":"Dos polic\u00edas de Sierra de la Ventana le salvaron la vida a un vecino de la localidad"}]},{"@type":"WebSite","@id":"https:\/\/www.noticiasradioreflejos.com.ar\/2021\/#website","url":"https:\/\/www.noticiasradioreflejos.com.ar\/2021\/","name":"Noticias Radio Reflejos","description":"Las noticias de mi comarca","potentialAction":[{"@type":"SearchAction","target":{"@type":"EntryPoint","urlTemplate":"https:\/\/www.noticiasradioreflejos.com.ar\/2021\/?s={search_term_string}"},"query-input":{"@type":"PropertyValueSpecification","valueRequired":true,"valueName":"search_term_string"}}],"inLanguage":"es"},{"@type":"Person","@id":"https:\/\/www.noticiasradioreflejos.com.ar\/2021\/#\/schema\/person\/ad82545263dcc5ec0996818884fd5fb1","name":"Arnaldo Botto","image":{"@type":"ImageObject","inLanguage":"es","@id":"https:\/\/www.noticiasradioreflejos.com.ar\/2021\/#\/schema\/person\/image\/","url":"https:\/\/secure.gravatar.com\/avatar\/55cb5e37c1efa326397366e6974cb338056df65cb50e7d64d1cf314e87504837?s=96&d=mm&r=g","contentUrl":"https:\/\/secure.gravatar.com\/avatar\/55cb5e37c1efa326397366e6974cb338056df65cb50e7d64d1cf314e87504837?s=96&d=mm&r=g","caption":"Arnaldo Botto"},"url":"https:\/\/www.noticiasradioreflejos.com.ar\/2021\/author\/arnaldo\/"}]}},"_links":{"self":[{"href":"https:\/\/www.noticiasradioreflejos.com.ar\/2021\/wp-json\/wp\/v2\/posts\/45838","targetHints":{"allow":["GET"]}}],"collection":[{"href":"https:\/\/www.noticiasradioreflejos.com.ar\/2021\/wp-json\/wp\/v2\/posts"}],"about":[{"href":"https:\/\/www.noticiasradioreflejos.com.ar\/2021\/wp-json\/wp\/v2\/types\/post"}],"author":[{"embeddable":true,"href":"https:\/\/www.noticiasradioreflejos.com.ar\/2021\/wp-json\/wp\/v2\/users\/3"}],"replies":[{"embeddable":true,"href":"https:\/\/www.noticiasradioreflejos.com.ar\/2021\/wp-json\/wp\/v2\/comments?post=45838"}],"version-history":[{"count":0,"href":"https:\/\/www.noticiasradioreflejos.com.ar\/2021\/wp-json\/wp\/v2\/posts\/45838\/revisions"}],"wp:attachment":[{"href":"https:\/\/www.noticiasradioreflejos.com.ar\/2021\/wp-json\/wp\/v2\/media?parent=45838"}],"wp:term":[{"taxonomy":"category","embeddable":true,"href":"https:\/\/www.noticiasradioreflejos.com.ar\/2021\/wp-json\/wp\/v2\/categories?post=45838"},{"taxonomy":"post_tag","embeddable":true,"href":"https:\/\/www.noticiasradioreflejos.com.ar\/2021\/wp-json\/wp\/v2\/tags?post=45838"}],"curies":[{"name":"wp","href":"https:\/\/api.w.org\/{rel}","templated":true}]}}