{"id":45808,"date":"2020-08-14T14:37:04","date_gmt":"2020-08-14T17:37:04","guid":{"rendered":"http:\/\/www.noticiasradioreflejos.com.ar\/noticias\/?p=45808"},"modified":"2020-08-14T14:37:04","modified_gmt":"2020-08-14T17:37:04","slug":"tramites-en-anses","status":"publish","type":"post","link":"https:\/\/www.noticiasradioreflejos.com.ar\/2021\/tramites-en-anses\/","title":{"rendered":"Tr\u00e1mites en ANSES"},"content":{"rendered":"<p>La oficina de ANSES informa los tr\u00e1mites que se pueden realizar de manera virtual y cu\u00e1les de manera presencial.<!--more--><\/p>\n<p>Tr\u00e1mites que pod\u00e9s realizar:<\/p>\n<p>Jubilaciones y pensiones<\/p>\n<p>\u2022Inicio de jubilaci\u00f3n<\/p>\n<p>\u2022Inicio de pensi\u00f3n por fallecimiento de un jubilado o de un trabajador en actividad.<\/p>\n<p>\u2022Rehabilitaci\u00f3n del cobro de una jubilaci\u00f3n o pensi\u00f3n<\/p>\n<p>\u2022Activaci\u00f3n de una jubilaci\u00f3n o pensi\u00f3n suspendida<\/p>\n<p>\u2022Reclamo de un haber no cobrado de una jubilaci\u00f3n o pensi\u00f3n.<\/p>\n<p>Asignaciones Familiares y Desempleo<\/p>\n<p>\u2022Asignaci\u00f3n por Embarazo para Protecci\u00f3n Social.<\/p>\n<p>\u2022Asignaci\u00f3n Prenatal.<\/p>\n<p>\u2022Asignaci\u00f3n por Maternidad \/ Maternidad Down.<\/p>\n<p>\u2022Prestaci\u00f3n por Desempleo<\/p>\n<p>\u2022Autorizaci\u00f3n para el cobro de asignaciones por hijo con discapacidad.<\/p>\n<p>Apoderados<\/p>\n<p>\u2022Apoderado para jubilados y pensionados.<\/p>\n<p>\u2022Apoderado para Asignaciones Familiares.<\/p>\n<p>\u2022Abogados: solicitar poder para tramitar.<\/p>\n<p>Ten\u00e9 en cuenta que la designaci\u00f3n de apoderados se realiza con certificaci\u00f3n de firma por parte de un agente de ANSES en el domicilio.<\/p>\n<p>Otros tr\u00e1mites<\/p>\n<p>\u2022Subsidio de contenci\u00f3n familiar.<\/p>\n<p>\u2022Actualizaci\u00f3n de datos personales y familiares.<\/p>\n<p>\u2022Jubilaci\u00f3n<\/p>\n<p>\u2022Pensi\u00f3n<\/p>\n<p>Tr\u00e1mites sobre los que pod\u00e9s solicitar asesoramiento<\/p>\n<p>\u2022Reajustes<\/p>\n<p>\u2022Pensi\u00f3n Universal Adulto Mayor<\/p>\n<p>\u2022Matrimonio\/Convivencia<\/p>\n<p>\u2022Subsidio de Contenci\u00f3n Familiar<\/p>\n<p>\u2022Poderes<\/p>\n<p>\u2022Actualizaci\u00f3n de datos personales o del grupo familiar<\/p>\n<p>\u2022Asignaci\u00f3n Universal por Hijo<\/p>\n<p>\u2022Asignaci\u00f3n Familiar por Hijo<\/p>\n<p>\u2022Asignaci\u00f3n por Nacimiento y Adopci\u00f3n<\/p>\n<p>\u2022Pensi\u00f3n no contributiva para madre de 7 hijos<\/p>\n<p>\u2022R\u00e9gimen de reparaci\u00f3n econ\u00f3mica para ni\u00f1as, ni\u00f1os y adolescentes &#8211; Ley 27.452<\/p>\n<p>\u2022Certificado de vivienda familiar RENABAP<\/p>\n<p>C\u00f3mo acceder<\/p>\n<p>Debes ingresar con tu n\u00famero de CUIL y Clave de la Seguridad Social. Si no cont\u00e1s con Clave pod\u00e9s generarla en el momento.<\/p>\n<p>La Atenci\u00f3n Virtual est\u00e1 disponible todos los d\u00edas de 00 a 20hs. Se admitir\u00e1n 60.000 tr\u00e1mites diarios.<\/p>\n<p>Es importante que actualices tus datos de contacto ya que ANSES responder\u00e1 tu consulta por correo electr\u00f3nico.<\/p>\n<p>Tr\u00e1mites<\/p>\n<p>Obtener Clave de la Seguridad Social<\/p>\n<p>Tambi\u00e9n recuerda las v\u00edas de comunicaci\u00f3n:<\/p>\n<p>oficinatornquist@anses.gov.ar<\/p>\n<p>Tel.: 291 \u2013 4940175 interno 146<\/p>\n<p>Por \u00faltimo recordamos que la atenci\u00f3n personal  en la oficina es normal, con turno, s\u00f3lo la persona que solicita el turno y con tapabocas.<\/p>\n<p>Nos cuidamos entre todos. Quedate en casa<\/p>\n<p>Vanina Riguero Meriggi<\/p>\n<p>Gerente<\/p>\n<p>Oficina Tornquist<\/p>\n<p>291 &#8211; 4137988<\/p>\n<p>Sarmiento 53<\/p>\n","protected":false},"excerpt":{"rendered":"<p>La oficina de ANSES informa los tr\u00e1mites que se pueden realizar de manera virtual y cu\u00e1les de manera presencial.<\/p>\n","protected":false},"author":3,"featured_media":0,"comment_status":"closed","ping_status":"open","sticky":false,"template":"","format":"standard","meta":{"footnotes":""},"categories":[26],"tags":[],"class_list":["post-45808","post","type-post","status-publish","format-standard","hentry","category-sociedad"],"yoast_head":"<!-- This site is optimized with the Yoast SEO plugin v25.9 - https:\/\/yoast.com\/wordpress\/plugins\/seo\/ -->\n<title>Tr\u00e1mites en ANSES - Noticias Radio Reflejos<\/title>\n<meta name=\"robots\" content=\"index, follow, max-snippet:-1, max-image-preview:large, max-video-preview:-1\" \/>\n<link rel=\"canonical\" href=\"https:\/\/www.noticiasradioreflejos.com.ar\/2021\/tramites-en-anses\/\" \/>\n<meta property=\"og:locale\" content=\"es_ES\" \/>\n<meta property=\"og:type\" content=\"article\" \/>\n<meta property=\"og:title\" content=\"Tr\u00e1mites en ANSES - Noticias Radio Reflejos\" \/>\n<meta property=\"og:description\" content=\"La oficina de ANSES informa los tr\u00e1mites que se pueden realizar de manera virtual y cu\u00e1les de manera presencial.\" \/>\n<meta property=\"og:url\" content=\"https:\/\/www.noticiasradioreflejos.com.ar\/2021\/tramites-en-anses\/\" \/>\n<meta property=\"og:site_name\" content=\"Noticias Radio Reflejos\" \/>\n<meta property=\"article:published_time\" content=\"2020-08-14T17:37:04+00:00\" \/>\n<meta property=\"og:image\" content=\"https:\/\/www.noticiasradioreflejos.com.ar\/2021\/wp-content\/uploads\/2021\/07\/logosol300x200.png\" \/>\n\t<meta property=\"og:image:width\" content=\"300\" \/>\n\t<meta property=\"og:image:height\" content=\"200\" \/>\n\t<meta property=\"og:image:type\" content=\"image\/png\" \/>\n<meta name=\"author\" content=\"Arnaldo Botto\" \/>\n<meta name=\"twitter:card\" content=\"summary_large_image\" \/>\n<script type=\"application\/ld+json\" class=\"yoast-schema-graph\">{\"@context\":\"https:\/\/schema.org\",\"@graph\":[{\"@type\":\"WebPage\",\"@id\":\"https:\/\/www.noticiasradioreflejos.com.ar\/2021\/tramites-en-anses\/\",\"url\":\"https:\/\/www.noticiasradioreflejos.com.ar\/2021\/tramites-en-anses\/\",\"name\":\"Tr\u00e1mites en ANSES - Noticias Radio Reflejos\",\"isPartOf\":{\"@id\":\"https:\/\/www.noticiasradioreflejos.com.ar\/2021\/#website\"},\"datePublished\":\"2020-08-14T17:37:04+00:00\",\"author\":{\"@id\":\"https:\/\/www.noticiasradioreflejos.com.ar\/2021\/#\/schema\/person\/ad82545263dcc5ec0996818884fd5fb1\"},\"breadcrumb\":{\"@id\":\"https:\/\/www.noticiasradioreflejos.com.ar\/2021\/tramites-en-anses\/#breadcrumb\"},\"inLanguage\":\"es\",\"potentialAction\":[{\"@type\":\"ReadAction\",\"target\":[\"https:\/\/www.noticiasradioreflejos.com.ar\/2021\/tramites-en-anses\/\"]}]},{\"@type\":\"BreadcrumbList\",\"@id\":\"https:\/\/www.noticiasradioreflejos.com.ar\/2021\/tramites-en-anses\/#breadcrumb\",\"itemListElement\":[{\"@type\":\"ListItem\",\"position\":1,\"name\":\"Portada\",\"item\":\"https:\/\/www.noticiasradioreflejos.com.ar\/2021\/\"},{\"@type\":\"ListItem\",\"position\":2,\"name\":\"Tr\u00e1mites en ANSES\"}]},{\"@type\":\"WebSite\",\"@id\":\"https:\/\/www.noticiasradioreflejos.com.ar\/2021\/#website\",\"url\":\"https:\/\/www.noticiasradioreflejos.com.ar\/2021\/\",\"name\":\"Noticias Radio Reflejos\",\"description\":\"Las noticias de mi comarca\",\"potentialAction\":[{\"@type\":\"SearchAction\",\"target\":{\"@type\":\"EntryPoint\",\"urlTemplate\":\"https:\/\/www.noticiasradioreflejos.com.ar\/2021\/?s={search_term_string}\"},\"query-input\":{\"@type\":\"PropertyValueSpecification\",\"valueRequired\":true,\"valueName\":\"search_term_string\"}}],\"inLanguage\":\"es\"},{\"@type\":\"Person\",\"@id\":\"https:\/\/www.noticiasradioreflejos.com.ar\/2021\/#\/schema\/person\/ad82545263dcc5ec0996818884fd5fb1\",\"name\":\"Arnaldo Botto\",\"image\":{\"@type\":\"ImageObject\",\"inLanguage\":\"es\",\"@id\":\"https:\/\/www.noticiasradioreflejos.com.ar\/2021\/#\/schema\/person\/image\/\",\"url\":\"https:\/\/secure.gravatar.com\/avatar\/55cb5e37c1efa326397366e6974cb338056df65cb50e7d64d1cf314e87504837?s=96&d=mm&r=g\",\"contentUrl\":\"https:\/\/secure.gravatar.com\/avatar\/55cb5e37c1efa326397366e6974cb338056df65cb50e7d64d1cf314e87504837?s=96&d=mm&r=g\",\"caption\":\"Arnaldo Botto\"},\"url\":\"https:\/\/www.noticiasradioreflejos.com.ar\/2021\/author\/arnaldo\/\"}]}<\/script>\n<!-- \/ Yoast SEO plugin. -->","yoast_head_json":{"title":"Tr\u00e1mites en ANSES - Noticias Radio Reflejos","robots":{"index":"index","follow":"follow","max-snippet":"max-snippet:-1","max-image-preview":"max-image-preview:large","max-video-preview":"max-video-preview:-1"},"canonical":"https:\/\/www.noticiasradioreflejos.com.ar\/2021\/tramites-en-anses\/","og_locale":"es_ES","og_type":"article","og_title":"Tr\u00e1mites en ANSES - Noticias Radio Reflejos","og_description":"La oficina de ANSES informa los tr\u00e1mites que se pueden realizar de manera virtual y cu\u00e1les de manera presencial.","og_url":"https:\/\/www.noticiasradioreflejos.com.ar\/2021\/tramites-en-anses\/","og_site_name":"Noticias Radio Reflejos","article_published_time":"2020-08-14T17:37:04+00:00","og_image":[{"width":300,"height":200,"url":"https:\/\/www.noticiasradioreflejos.com.ar\/2021\/wp-content\/uploads\/2021\/07\/logosol300x200.png","type":"image\/png"}],"author":"Arnaldo Botto","twitter_card":"summary_large_image","schema":{"@context":"https:\/\/schema.org","@graph":[{"@type":"WebPage","@id":"https:\/\/www.noticiasradioreflejos.com.ar\/2021\/tramites-en-anses\/","url":"https:\/\/www.noticiasradioreflejos.com.ar\/2021\/tramites-en-anses\/","name":"Tr\u00e1mites en ANSES - Noticias Radio Reflejos","isPartOf":{"@id":"https:\/\/www.noticiasradioreflejos.com.ar\/2021\/#website"},"datePublished":"2020-08-14T17:37:04+00:00","author":{"@id":"https:\/\/www.noticiasradioreflejos.com.ar\/2021\/#\/schema\/person\/ad82545263dcc5ec0996818884fd5fb1"},"breadcrumb":{"@id":"https:\/\/www.noticiasradioreflejos.com.ar\/2021\/tramites-en-anses\/#breadcrumb"},"inLanguage":"es","potentialAction":[{"@type":"ReadAction","target":["https:\/\/www.noticiasradioreflejos.com.ar\/2021\/tramites-en-anses\/"]}]},{"@type":"BreadcrumbList","@id":"https:\/\/www.noticiasradioreflejos.com.ar\/2021\/tramites-en-anses\/#breadcrumb","itemListElement":[{"@type":"ListItem","position":1,"name":"Portada","item":"https:\/\/www.noticiasradioreflejos.com.ar\/2021\/"},{"@type":"ListItem","position":2,"name":"Tr\u00e1mites en ANSES"}]},{"@type":"WebSite","@id":"https:\/\/www.noticiasradioreflejos.com.ar\/2021\/#website","url":"https:\/\/www.noticiasradioreflejos.com.ar\/2021\/","name":"Noticias Radio Reflejos","description":"Las noticias de mi comarca","potentialAction":[{"@type":"SearchAction","target":{"@type":"EntryPoint","urlTemplate":"https:\/\/www.noticiasradioreflejos.com.ar\/2021\/?s={search_term_string}"},"query-input":{"@type":"PropertyValueSpecification","valueRequired":true,"valueName":"search_term_string"}}],"inLanguage":"es"},{"@type":"Person","@id":"https:\/\/www.noticiasradioreflejos.com.ar\/2021\/#\/schema\/person\/ad82545263dcc5ec0996818884fd5fb1","name":"Arnaldo Botto","image":{"@type":"ImageObject","inLanguage":"es","@id":"https:\/\/www.noticiasradioreflejos.com.ar\/2021\/#\/schema\/person\/image\/","url":"https:\/\/secure.gravatar.com\/avatar\/55cb5e37c1efa326397366e6974cb338056df65cb50e7d64d1cf314e87504837?s=96&d=mm&r=g","contentUrl":"https:\/\/secure.gravatar.com\/avatar\/55cb5e37c1efa326397366e6974cb338056df65cb50e7d64d1cf314e87504837?s=96&d=mm&r=g","caption":"Arnaldo Botto"},"url":"https:\/\/www.noticiasradioreflejos.com.ar\/2021\/author\/arnaldo\/"}]}},"_links":{"self":[{"href":"https:\/\/www.noticiasradioreflejos.com.ar\/2021\/wp-json\/wp\/v2\/posts\/45808","targetHints":{"allow":["GET"]}}],"collection":[{"href":"https:\/\/www.noticiasradioreflejos.com.ar\/2021\/wp-json\/wp\/v2\/posts"}],"about":[{"href":"https:\/\/www.noticiasradioreflejos.com.ar\/2021\/wp-json\/wp\/v2\/types\/post"}],"author":[{"embeddable":true,"href":"https:\/\/www.noticiasradioreflejos.com.ar\/2021\/wp-json\/wp\/v2\/users\/3"}],"replies":[{"embeddable":true,"href":"https:\/\/www.noticiasradioreflejos.com.ar\/2021\/wp-json\/wp\/v2\/comments?post=45808"}],"version-history":[{"count":0,"href":"https:\/\/www.noticiasradioreflejos.com.ar\/2021\/wp-json\/wp\/v2\/posts\/45808\/revisions"}],"wp:attachment":[{"href":"https:\/\/www.noticiasradioreflejos.com.ar\/2021\/wp-json\/wp\/v2\/media?parent=45808"}],"wp:term":[{"taxonomy":"category","embeddable":true,"href":"https:\/\/www.noticiasradioreflejos.com.ar\/2021\/wp-json\/wp\/v2\/categories?post=45808"},{"taxonomy":"post_tag","embeddable":true,"href":"https:\/\/www.noticiasradioreflejos.com.ar\/2021\/wp-json\/wp\/v2\/tags?post=45808"}],"curies":[{"name":"wp","href":"https:\/\/api.w.org\/{rel}","templated":true}]}}