{"id":45778,"date":"2020-08-14T08:05:06","date_gmt":"2020-08-14T11:05:06","guid":{"rendered":"http:\/\/www.noticiasradioreflejos.com.ar\/noticias\/?p=45778"},"modified":"2020-08-14T08:05:06","modified_gmt":"2020-08-14T11:05:06","slug":"docentes-bonaerenses-podran-anotarse-online-desde-hoy-para-concursar-cargos","status":"publish","type":"post","link":"https:\/\/www.noticiasradioreflejos.com.ar\/2021\/docentes-bonaerenses-podran-anotarse-online-desde-hoy-para-concursar-cargos\/","title":{"rendered":"Docentes bonaerenses podr\u00e1n anotarse online desde hoy para concursar cargos"},"content":{"rendered":"<p>Los maestros de escuelas bonaerenses podr\u00e1n participar del acto p\u00fablico para la cobertura de los cargos docentes, de manera virtual, desde hoy y hasta el viernes 21 de agosto, inform\u00f3 la Direcci\u00f3n General de Cultura y Educaci\u00f3n.<!--more--><br \/>\nLos actos p\u00fablicos digitales para la cobertura de cargos docentes se realizar\u00e1n a trav\u00e9s de la aplicaci\u00f3n Acto P\u00fablico, alojada en el portal ABC (www.abc.gob.ar).<br \/>\nLas ofertas de cargos vacantes ser\u00e1n difundidas en el portal educativo de la Provincia desde hoy hasta el 21 de agosto a las 10, momento en el que podr\u00e1n realizarse las postulaciones.<br \/>\nLos aspirantes interesados en postularse a una oferta de cargo vacante deber\u00e1n ingresar con su usuario registrado en la plataforma educativa y completar la informaci\u00f3n que se les solicita en cada oferta publicada.<br \/>\nUna vez realizada la postulaci\u00f3n, el sistema permite imprimir el comprobante o eliminar la postulaci\u00f3n hasta el momento del cierre de la oferta.<br \/>\n\u00abEl acto p\u00fablico no ser\u00e1 en vivo o en simult\u00e1neo, sino que se har\u00e1 por mail\u00bb, explicaron fuentes de la cartera educativa.<br \/>\nTras el cierre, las secretar\u00edas de Asuntos Docentes confeccionan el orden de m\u00e9rito de los postulantes, con la veedur\u00eda gremial que establece la normativa.<br \/>\nFinalizado el acto p\u00fablico, se publicar\u00e1 el resultado en el portal educativo y se notificar\u00e1 por correo electr\u00f3nico al conjunto de las y los postulantes.<br \/>\nLos maestros seleccionados deber\u00e1n responder por correo electr\u00f3nico aceptando el cargo.<br \/>\nA la vez, la Direcci\u00f3n General de Cultura y Educaci\u00f3n prorrog\u00f3 hasta el 31 de agosto de 2020 el Programa de Incorporaci\u00f3n Especial de Docentes y Auxiliares Suplentes.<br \/>\nEste programa est\u00e1 destinado a estos trabajadores que, por la cuarentena, se encontraron \u00abimposibilitados de participar de los actos p\u00fablicos que en condiciones habituales les permiten acceder a cargos\u00bb.<\/p>\n","protected":false},"excerpt":{"rendered":"<p>Los maestros de escuelas bonaerenses podr\u00e1n participar del acto p\u00fablico para la cobertura de los cargos docentes, de manera virtual, desde hoy y hasta el viernes 21 de agosto, inform\u00f3 la Direcci\u00f3n General de Cultura y Educaci\u00f3n.<\/p>\n","protected":false},"author":3,"featured_media":0,"comment_status":"closed","ping_status":"open","sticky":false,"template":"","format":"standard","meta":{"footnotes":""},"categories":[34],"tags":[],"class_list":["post-45778","post","type-post","status-publish","format-standard","hentry","category-educacion"],"yoast_head":"<!-- This site is optimized with the Yoast SEO plugin v25.9 - https:\/\/yoast.com\/wordpress\/plugins\/seo\/ -->\n<title>Docentes bonaerenses podr\u00e1n anotarse online desde hoy para concursar cargos - Noticias Radio Reflejos<\/title>\n<meta name=\"robots\" content=\"index, follow, max-snippet:-1, max-image-preview:large, max-video-preview:-1\" \/>\n<link rel=\"canonical\" href=\"https:\/\/www.noticiasradioreflejos.com.ar\/2021\/docentes-bonaerenses-podran-anotarse-online-desde-hoy-para-concursar-cargos\/\" \/>\n<meta property=\"og:locale\" content=\"es_ES\" \/>\n<meta property=\"og:type\" content=\"article\" \/>\n<meta property=\"og:title\" content=\"Docentes bonaerenses podr\u00e1n anotarse online desde hoy para concursar cargos - Noticias Radio Reflejos\" \/>\n<meta property=\"og:description\" content=\"Los maestros de escuelas bonaerenses podr\u00e1n participar del acto p\u00fablico para la cobertura de los cargos docentes, de manera virtual, desde hoy y hasta el viernes 21 de agosto, inform\u00f3 la Direcci\u00f3n General de Cultura y Educaci\u00f3n.\" \/>\n<meta property=\"og:url\" content=\"https:\/\/www.noticiasradioreflejos.com.ar\/2021\/docentes-bonaerenses-podran-anotarse-online-desde-hoy-para-concursar-cargos\/\" \/>\n<meta property=\"og:site_name\" content=\"Noticias Radio Reflejos\" \/>\n<meta property=\"article:published_time\" content=\"2020-08-14T11:05:06+00:00\" \/>\n<meta property=\"og:image\" content=\"https:\/\/www.noticiasradioreflejos.com.ar\/2021\/wp-content\/uploads\/2021\/07\/logosol300x200.png\" \/>\n\t<meta property=\"og:image:width\" content=\"300\" \/>\n\t<meta property=\"og:image:height\" content=\"200\" \/>\n\t<meta property=\"og:image:type\" content=\"image\/png\" \/>\n<meta name=\"author\" content=\"Arnaldo Botto\" \/>\n<meta name=\"twitter:card\" content=\"summary_large_image\" \/>\n<script type=\"application\/ld+json\" class=\"yoast-schema-graph\">{\"@context\":\"https:\/\/schema.org\",\"@graph\":[{\"@type\":\"WebPage\",\"@id\":\"https:\/\/www.noticiasradioreflejos.com.ar\/2021\/docentes-bonaerenses-podran-anotarse-online-desde-hoy-para-concursar-cargos\/\",\"url\":\"https:\/\/www.noticiasradioreflejos.com.ar\/2021\/docentes-bonaerenses-podran-anotarse-online-desde-hoy-para-concursar-cargos\/\",\"name\":\"Docentes bonaerenses podr\u00e1n anotarse online desde hoy para concursar cargos - Noticias Radio Reflejos\",\"isPartOf\":{\"@id\":\"https:\/\/www.noticiasradioreflejos.com.ar\/2021\/#website\"},\"datePublished\":\"2020-08-14T11:05:06+00:00\",\"author\":{\"@id\":\"https:\/\/www.noticiasradioreflejos.com.ar\/2021\/#\/schema\/person\/ad82545263dcc5ec0996818884fd5fb1\"},\"breadcrumb\":{\"@id\":\"https:\/\/www.noticiasradioreflejos.com.ar\/2021\/docentes-bonaerenses-podran-anotarse-online-desde-hoy-para-concursar-cargos\/#breadcrumb\"},\"inLanguage\":\"es\",\"potentialAction\":[{\"@type\":\"ReadAction\",\"target\":[\"https:\/\/www.noticiasradioreflejos.com.ar\/2021\/docentes-bonaerenses-podran-anotarse-online-desde-hoy-para-concursar-cargos\/\"]}]},{\"@type\":\"BreadcrumbList\",\"@id\":\"https:\/\/www.noticiasradioreflejos.com.ar\/2021\/docentes-bonaerenses-podran-anotarse-online-desde-hoy-para-concursar-cargos\/#breadcrumb\",\"itemListElement\":[{\"@type\":\"ListItem\",\"position\":1,\"name\":\"Portada\",\"item\":\"https:\/\/www.noticiasradioreflejos.com.ar\/2021\/\"},{\"@type\":\"ListItem\",\"position\":2,\"name\":\"Docentes bonaerenses podr\u00e1n anotarse online desde hoy para concursar cargos\"}]},{\"@type\":\"WebSite\",\"@id\":\"https:\/\/www.noticiasradioreflejos.com.ar\/2021\/#website\",\"url\":\"https:\/\/www.noticiasradioreflejos.com.ar\/2021\/\",\"name\":\"Noticias Radio Reflejos\",\"description\":\"Las noticias de mi comarca\",\"potentialAction\":[{\"@type\":\"SearchAction\",\"target\":{\"@type\":\"EntryPoint\",\"urlTemplate\":\"https:\/\/www.noticiasradioreflejos.com.ar\/2021\/?s={search_term_string}\"},\"query-input\":{\"@type\":\"PropertyValueSpecification\",\"valueRequired\":true,\"valueName\":\"search_term_string\"}}],\"inLanguage\":\"es\"},{\"@type\":\"Person\",\"@id\":\"https:\/\/www.noticiasradioreflejos.com.ar\/2021\/#\/schema\/person\/ad82545263dcc5ec0996818884fd5fb1\",\"name\":\"Arnaldo Botto\",\"image\":{\"@type\":\"ImageObject\",\"inLanguage\":\"es\",\"@id\":\"https:\/\/www.noticiasradioreflejos.com.ar\/2021\/#\/schema\/person\/image\/\",\"url\":\"https:\/\/secure.gravatar.com\/avatar\/55cb5e37c1efa326397366e6974cb338056df65cb50e7d64d1cf314e87504837?s=96&d=mm&r=g\",\"contentUrl\":\"https:\/\/secure.gravatar.com\/avatar\/55cb5e37c1efa326397366e6974cb338056df65cb50e7d64d1cf314e87504837?s=96&d=mm&r=g\",\"caption\":\"Arnaldo Botto\"},\"url\":\"https:\/\/www.noticiasradioreflejos.com.ar\/2021\/author\/arnaldo\/\"}]}<\/script>\n<!-- \/ Yoast SEO plugin. -->","yoast_head_json":{"title":"Docentes bonaerenses podr\u00e1n anotarse online desde hoy para concursar cargos - Noticias Radio Reflejos","robots":{"index":"index","follow":"follow","max-snippet":"max-snippet:-1","max-image-preview":"max-image-preview:large","max-video-preview":"max-video-preview:-1"},"canonical":"https:\/\/www.noticiasradioreflejos.com.ar\/2021\/docentes-bonaerenses-podran-anotarse-online-desde-hoy-para-concursar-cargos\/","og_locale":"es_ES","og_type":"article","og_title":"Docentes bonaerenses podr\u00e1n anotarse online desde hoy para concursar cargos - Noticias Radio Reflejos","og_description":"Los maestros de escuelas bonaerenses podr\u00e1n participar del acto p\u00fablico para la cobertura de los cargos docentes, de manera virtual, desde hoy y hasta el viernes 21 de agosto, inform\u00f3 la Direcci\u00f3n General de Cultura y Educaci\u00f3n.","og_url":"https:\/\/www.noticiasradioreflejos.com.ar\/2021\/docentes-bonaerenses-podran-anotarse-online-desde-hoy-para-concursar-cargos\/","og_site_name":"Noticias Radio Reflejos","article_published_time":"2020-08-14T11:05:06+00:00","og_image":[{"width":300,"height":200,"url":"https:\/\/www.noticiasradioreflejos.com.ar\/2021\/wp-content\/uploads\/2021\/07\/logosol300x200.png","type":"image\/png"}],"author":"Arnaldo Botto","twitter_card":"summary_large_image","schema":{"@context":"https:\/\/schema.org","@graph":[{"@type":"WebPage","@id":"https:\/\/www.noticiasradioreflejos.com.ar\/2021\/docentes-bonaerenses-podran-anotarse-online-desde-hoy-para-concursar-cargos\/","url":"https:\/\/www.noticiasradioreflejos.com.ar\/2021\/docentes-bonaerenses-podran-anotarse-online-desde-hoy-para-concursar-cargos\/","name":"Docentes bonaerenses podr\u00e1n anotarse online desde hoy para concursar cargos - Noticias Radio Reflejos","isPartOf":{"@id":"https:\/\/www.noticiasradioreflejos.com.ar\/2021\/#website"},"datePublished":"2020-08-14T11:05:06+00:00","author":{"@id":"https:\/\/www.noticiasradioreflejos.com.ar\/2021\/#\/schema\/person\/ad82545263dcc5ec0996818884fd5fb1"},"breadcrumb":{"@id":"https:\/\/www.noticiasradioreflejos.com.ar\/2021\/docentes-bonaerenses-podran-anotarse-online-desde-hoy-para-concursar-cargos\/#breadcrumb"},"inLanguage":"es","potentialAction":[{"@type":"ReadAction","target":["https:\/\/www.noticiasradioreflejos.com.ar\/2021\/docentes-bonaerenses-podran-anotarse-online-desde-hoy-para-concursar-cargos\/"]}]},{"@type":"BreadcrumbList","@id":"https:\/\/www.noticiasradioreflejos.com.ar\/2021\/docentes-bonaerenses-podran-anotarse-online-desde-hoy-para-concursar-cargos\/#breadcrumb","itemListElement":[{"@type":"ListItem","position":1,"name":"Portada","item":"https:\/\/www.noticiasradioreflejos.com.ar\/2021\/"},{"@type":"ListItem","position":2,"name":"Docentes bonaerenses podr\u00e1n anotarse online desde hoy para concursar cargos"}]},{"@type":"WebSite","@id":"https:\/\/www.noticiasradioreflejos.com.ar\/2021\/#website","url":"https:\/\/www.noticiasradioreflejos.com.ar\/2021\/","name":"Noticias Radio Reflejos","description":"Las noticias de mi comarca","potentialAction":[{"@type":"SearchAction","target":{"@type":"EntryPoint","urlTemplate":"https:\/\/www.noticiasradioreflejos.com.ar\/2021\/?s={search_term_string}"},"query-input":{"@type":"PropertyValueSpecification","valueRequired":true,"valueName":"search_term_string"}}],"inLanguage":"es"},{"@type":"Person","@id":"https:\/\/www.noticiasradioreflejos.com.ar\/2021\/#\/schema\/person\/ad82545263dcc5ec0996818884fd5fb1","name":"Arnaldo Botto","image":{"@type":"ImageObject","inLanguage":"es","@id":"https:\/\/www.noticiasradioreflejos.com.ar\/2021\/#\/schema\/person\/image\/","url":"https:\/\/secure.gravatar.com\/avatar\/55cb5e37c1efa326397366e6974cb338056df65cb50e7d64d1cf314e87504837?s=96&d=mm&r=g","contentUrl":"https:\/\/secure.gravatar.com\/avatar\/55cb5e37c1efa326397366e6974cb338056df65cb50e7d64d1cf314e87504837?s=96&d=mm&r=g","caption":"Arnaldo Botto"},"url":"https:\/\/www.noticiasradioreflejos.com.ar\/2021\/author\/arnaldo\/"}]}},"_links":{"self":[{"href":"https:\/\/www.noticiasradioreflejos.com.ar\/2021\/wp-json\/wp\/v2\/posts\/45778","targetHints":{"allow":["GET"]}}],"collection":[{"href":"https:\/\/www.noticiasradioreflejos.com.ar\/2021\/wp-json\/wp\/v2\/posts"}],"about":[{"href":"https:\/\/www.noticiasradioreflejos.com.ar\/2021\/wp-json\/wp\/v2\/types\/post"}],"author":[{"embeddable":true,"href":"https:\/\/www.noticiasradioreflejos.com.ar\/2021\/wp-json\/wp\/v2\/users\/3"}],"replies":[{"embeddable":true,"href":"https:\/\/www.noticiasradioreflejos.com.ar\/2021\/wp-json\/wp\/v2\/comments?post=45778"}],"version-history":[{"count":0,"href":"https:\/\/www.noticiasradioreflejos.com.ar\/2021\/wp-json\/wp\/v2\/posts\/45778\/revisions"}],"wp:attachment":[{"href":"https:\/\/www.noticiasradioreflejos.com.ar\/2021\/wp-json\/wp\/v2\/media?parent=45778"}],"wp:term":[{"taxonomy":"category","embeddable":true,"href":"https:\/\/www.noticiasradioreflejos.com.ar\/2021\/wp-json\/wp\/v2\/categories?post=45778"},{"taxonomy":"post_tag","embeddable":true,"href":"https:\/\/www.noticiasradioreflejos.com.ar\/2021\/wp-json\/wp\/v2\/tags?post=45778"}],"curies":[{"name":"wp","href":"https:\/\/api.w.org\/{rel}","templated":true}]}}