{"id":45752,"date":"2020-08-13T08:19:19","date_gmt":"2020-08-13T11:19:19","guid":{"rendered":"http:\/\/www.noticiasradioreflejos.com.ar\/noticias\/?p=45752"},"modified":"2020-08-13T08:19:19","modified_gmt":"2020-08-13T11:19:19","slug":"cambian-condiciones-para-acceder-al-ingreso-familiar-de-emergencia","status":"publish","type":"post","link":"https:\/\/www.noticiasradioreflejos.com.ar\/2021\/cambian-condiciones-para-acceder-al-ingreso-familiar-de-emergencia\/","title":{"rendered":"Cambian condiciones para acceder al Ingreso Familiar de Emergencia"},"content":{"rendered":"<p>Se retocaron art\u00edculos del texto original publicado a fines de marzo cuando se oficializ\u00f3 el primer pago de 10 mil pesos.<!--more--><br \/>\nEl Gobierno Nacional anunci\u00f3 una serie de modificaciones con respecto al alcance y las condiciones para acceder al Ingreso Familiar de Emergencia (IFE) dispuesto desde abril para mitigar las consecuencias econ\u00f3micas de la pandemia y la cuarentena por el coronavirus.<\/p>\n<p>Seg\u00fan publica Infobae, a trav\u00e9s de la Resoluci\u00f3n 16\/2020, el Ministerio de Trabajo, Empleo y Seguridad Social estableci\u00f3 en el Bolet\u00edn Oficial que \u201ca fin de poder fortalecer la llegada a los sectores m\u00e1s vulnerables, deviene necesario introducir ciertas modificaciones\u201d en el anexo original del texto que oficializ\u00f3 la medida a fines de marzo. El Ingreso Familiar de Emergencia abarca a un universo de m\u00e1s de 9 millones de personas y esta semana se inici\u00f3 el tercer pago de los 10 mil pesos.<\/p>\n<p>Cuando se lanz\u00f3 este programa de asistencia se gener\u00f3 revuelo en redes sociales por el supuesto pago del IFE a presos. De hecho, a fines de junio trascendi\u00f3 que en Tucum\u00e1n hab\u00eda un listado de 17 detenidos autorizados para recibir la ayuda estatal. Ins\u00f3litamente, un representante del Servicio Penitenciario de la provincia pidi\u00f3 que se autorizara el traslado de personal bancario a una c\u00e1rcel para que los presos puedan cobrar los 10 mil pesos. En ese entonces, el gerente regional del NOA de la ANSES, Jes\u00fas Samil, aclar\u00f3 que los reclusos no estaban contemplados en la medida, pero que pudo haber ocurrido que \u201cun familiar o un abogado los haya anotado, y el sistema los aprob\u00f3 porque el entrecruzamiento de dato se hace con la AFIP y Migraciones, no con informaci\u00f3n de la Justicia\u201d.<\/p>\n<p>En la resoluci\u00f3n publicada este jueves, el Poder Ejecutivo aclar\u00f3 que \u201clas personas privadas de la libertad, bajo cualquier modalidad, no est\u00e1n alcanzadas\u201d para recibir el IFE \u201cpor no reunir la calidad de destinatarios establecida en su art\u00edculo 2\u00b0 (del texto original)\u201d.<\/p>\n<p>En otra modificaci\u00f3n se detall\u00f3 que \u201ccuando el o la solicitante tenga menos de 25 a\u00f1os y el domicilio de residencia registrado en la ANSES sea igual al domicilio de sus padres registrado en dicho organismo, el grupo familiar se considerar\u00e1 compuesto por el o la solicitante y sus padres a los efectos de los requisitos y dem\u00e1s condicionalidades establecidas en el presente.\u201d<\/p>\n<p>Por otra parte, en un principio la ANSES pod\u00eda solicitar a la Agencia Federal de Ingresos P\u00fablicos datos de los solicitantes para avalar las respectivas solicitudes. Hoy se determin\u00f3 que de aqu\u00ed en m\u00e1s ser\u00e1 en todos los casos: \u201cLa Administraci\u00f3n Nacional de la Seguridad Social requerir\u00e1 a la AFIP la realizaci\u00f3n de la evaluaci\u00f3n socioecon\u00f3mica y patrimonial a fin de determinar la pertinencia de cada solicitud.\u201d<\/p>\n<p>El lunes pasado comenz\u00f3 el pago de la tercera cuota del bono de $ 10.000 a trabajadores informales, monotributistas de las categor\u00edas A y B y otros sectores afectados por la crisis econ\u00f3mica a ra\u00edz de la pandemia de coronavirus. Durante esta semana y la pr\u00f3xima, los pago ser\u00e1n exclusivamente para cabezas de familia que sean perceptores de la Asignaci\u00f3n Universal por Hijo (AUH) y\/o de la Asignaci\u00f3n Universal por Embarazo (AUE). Luego, ser\u00e1 el turno del resto, siempre teniendo en cuenta la terminaci\u00f3n del n\u00famero de documento de la persona que percibe el beneficio.<\/p>\n<p>REQUISITOS PARA ACCEDER AL IFE<\/p>\n<p>a. Ser ciudadano\/a argentino\/a nativo\/a, por opci\u00f3n o naturalizado\/a, residente en el pa\u00eds, o extranjero\/a con residencia legal en la Rep\u00fablica Argentina no inferior a DOS (2) a\u00f1os anteriores a la solicitud<\/p>\n<p>b. Tener entre 18 y 65 a\u00f1os de edad.<\/p>\n<p>c. No percibir el o la solicitante o alg\u00fan miembro de su grupo familiar, si lo hubiera, ingresos por:<\/p>\n<p>1. Trabajo en relaci\u00f3n de dependencia registrado en el sector p\u00fablico o privado, a excepci\u00f3n del realizado en el marco del R\u00e9gimen Especial de Contrato de Trabajo para el Personal de Casas Particulares.<\/p>\n<p>2. Trabajo por cuenta propia como Monotributistas de categor\u00eda \u201cC\u201d o superiores y r\u00e9gimen de aut\u00f3nomos.<\/p>\n<p>3. Prestaci\u00f3n por desempleo.<\/p>\n<p>4. Jubilaciones, pensiones o retiros de car\u00e1cter contributivo o no contributivo, sean nacionales, provinciales, municipales o de la Ciudad Aut\u00f3noma de Buenos Aires.<\/p>\n<p>5. Planes sociales, salario social complementario, Hacemos Futuro, Potenciar Trabajo u otros programas sociales nacionales, provinciales o municipales, a excepci\u00f3n de los ingresos provenientes del PROGRESAR.<\/p>\n<p>Except\u00faense de los requisitos estipulados en los incisos a), b) y c) a los titulares de derecho de la Asignaci\u00f3n Universal por Hijo para Protecci\u00f3n Social y Asignaci\u00f3n por Embarazo para Protecci\u00f3n Social.<\/p>\n","protected":false},"excerpt":{"rendered":"<p>Se retocaron art\u00edculos del texto original publicado a fines de marzo cuando se oficializ\u00f3 el primer pago de 10 mil pesos.<\/p>\n","protected":false},"author":3,"featured_media":0,"comment_status":"closed","ping_status":"open","sticky":false,"template":"","format":"standard","meta":{"footnotes":""},"categories":[24],"tags":[],"class_list":["post-45752","post","type-post","status-publish","format-standard","hentry","category-politica"],"yoast_head":"<!-- This site is optimized with the Yoast SEO plugin v25.9 - https:\/\/yoast.com\/wordpress\/plugins\/seo\/ -->\n<title>Cambian condiciones para acceder al Ingreso Familiar de Emergencia - Noticias Radio Reflejos<\/title>\n<meta name=\"robots\" content=\"index, follow, max-snippet:-1, max-image-preview:large, max-video-preview:-1\" \/>\n<link rel=\"canonical\" href=\"https:\/\/www.noticiasradioreflejos.com.ar\/2021\/cambian-condiciones-para-acceder-al-ingreso-familiar-de-emergencia\/\" \/>\n<meta property=\"og:locale\" content=\"es_ES\" \/>\n<meta property=\"og:type\" content=\"article\" \/>\n<meta property=\"og:title\" content=\"Cambian condiciones para acceder al Ingreso Familiar de Emergencia - Noticias Radio Reflejos\" \/>\n<meta property=\"og:description\" content=\"Se retocaron art\u00edculos del texto original publicado a fines de marzo cuando se oficializ\u00f3 el primer pago de 10 mil pesos.\" \/>\n<meta property=\"og:url\" content=\"https:\/\/www.noticiasradioreflejos.com.ar\/2021\/cambian-condiciones-para-acceder-al-ingreso-familiar-de-emergencia\/\" \/>\n<meta property=\"og:site_name\" content=\"Noticias Radio Reflejos\" \/>\n<meta property=\"article:published_time\" content=\"2020-08-13T11:19:19+00:00\" \/>\n<meta property=\"og:image\" content=\"https:\/\/www.noticiasradioreflejos.com.ar\/2021\/wp-content\/uploads\/2021\/07\/logosol300x200.png\" \/>\n\t<meta property=\"og:image:width\" content=\"300\" \/>\n\t<meta property=\"og:image:height\" content=\"200\" \/>\n\t<meta property=\"og:image:type\" content=\"image\/png\" \/>\n<meta name=\"author\" content=\"Arnaldo Botto\" \/>\n<meta name=\"twitter:card\" content=\"summary_large_image\" \/>\n<script type=\"application\/ld+json\" class=\"yoast-schema-graph\">{\"@context\":\"https:\/\/schema.org\",\"@graph\":[{\"@type\":\"WebPage\",\"@id\":\"https:\/\/www.noticiasradioreflejos.com.ar\/2021\/cambian-condiciones-para-acceder-al-ingreso-familiar-de-emergencia\/\",\"url\":\"https:\/\/www.noticiasradioreflejos.com.ar\/2021\/cambian-condiciones-para-acceder-al-ingreso-familiar-de-emergencia\/\",\"name\":\"Cambian condiciones para acceder al Ingreso Familiar de Emergencia - Noticias Radio Reflejos\",\"isPartOf\":{\"@id\":\"https:\/\/www.noticiasradioreflejos.com.ar\/2021\/#website\"},\"datePublished\":\"2020-08-13T11:19:19+00:00\",\"author\":{\"@id\":\"https:\/\/www.noticiasradioreflejos.com.ar\/2021\/#\/schema\/person\/ad82545263dcc5ec0996818884fd5fb1\"},\"breadcrumb\":{\"@id\":\"https:\/\/www.noticiasradioreflejos.com.ar\/2021\/cambian-condiciones-para-acceder-al-ingreso-familiar-de-emergencia\/#breadcrumb\"},\"inLanguage\":\"es\",\"potentialAction\":[{\"@type\":\"ReadAction\",\"target\":[\"https:\/\/www.noticiasradioreflejos.com.ar\/2021\/cambian-condiciones-para-acceder-al-ingreso-familiar-de-emergencia\/\"]}]},{\"@type\":\"BreadcrumbList\",\"@id\":\"https:\/\/www.noticiasradioreflejos.com.ar\/2021\/cambian-condiciones-para-acceder-al-ingreso-familiar-de-emergencia\/#breadcrumb\",\"itemListElement\":[{\"@type\":\"ListItem\",\"position\":1,\"name\":\"Portada\",\"item\":\"https:\/\/www.noticiasradioreflejos.com.ar\/2021\/\"},{\"@type\":\"ListItem\",\"position\":2,\"name\":\"Cambian condiciones para acceder al Ingreso Familiar de Emergencia\"}]},{\"@type\":\"WebSite\",\"@id\":\"https:\/\/www.noticiasradioreflejos.com.ar\/2021\/#website\",\"url\":\"https:\/\/www.noticiasradioreflejos.com.ar\/2021\/\",\"name\":\"Noticias Radio Reflejos\",\"description\":\"Las noticias de mi comarca\",\"potentialAction\":[{\"@type\":\"SearchAction\",\"target\":{\"@type\":\"EntryPoint\",\"urlTemplate\":\"https:\/\/www.noticiasradioreflejos.com.ar\/2021\/?s={search_term_string}\"},\"query-input\":{\"@type\":\"PropertyValueSpecification\",\"valueRequired\":true,\"valueName\":\"search_term_string\"}}],\"inLanguage\":\"es\"},{\"@type\":\"Person\",\"@id\":\"https:\/\/www.noticiasradioreflejos.com.ar\/2021\/#\/schema\/person\/ad82545263dcc5ec0996818884fd5fb1\",\"name\":\"Arnaldo Botto\",\"image\":{\"@type\":\"ImageObject\",\"inLanguage\":\"es\",\"@id\":\"https:\/\/www.noticiasradioreflejos.com.ar\/2021\/#\/schema\/person\/image\/\",\"url\":\"https:\/\/secure.gravatar.com\/avatar\/55cb5e37c1efa326397366e6974cb338056df65cb50e7d64d1cf314e87504837?s=96&d=mm&r=g\",\"contentUrl\":\"https:\/\/secure.gravatar.com\/avatar\/55cb5e37c1efa326397366e6974cb338056df65cb50e7d64d1cf314e87504837?s=96&d=mm&r=g\",\"caption\":\"Arnaldo Botto\"},\"url\":\"https:\/\/www.noticiasradioreflejos.com.ar\/2021\/author\/arnaldo\/\"}]}<\/script>\n<!-- \/ Yoast SEO plugin. -->","yoast_head_json":{"title":"Cambian condiciones para acceder al Ingreso Familiar de Emergencia - Noticias Radio Reflejos","robots":{"index":"index","follow":"follow","max-snippet":"max-snippet:-1","max-image-preview":"max-image-preview:large","max-video-preview":"max-video-preview:-1"},"canonical":"https:\/\/www.noticiasradioreflejos.com.ar\/2021\/cambian-condiciones-para-acceder-al-ingreso-familiar-de-emergencia\/","og_locale":"es_ES","og_type":"article","og_title":"Cambian condiciones para acceder al Ingreso Familiar de Emergencia - Noticias Radio Reflejos","og_description":"Se retocaron art\u00edculos del texto original publicado a fines de marzo cuando se oficializ\u00f3 el primer pago de 10 mil pesos.","og_url":"https:\/\/www.noticiasradioreflejos.com.ar\/2021\/cambian-condiciones-para-acceder-al-ingreso-familiar-de-emergencia\/","og_site_name":"Noticias Radio Reflejos","article_published_time":"2020-08-13T11:19:19+00:00","og_image":[{"width":300,"height":200,"url":"https:\/\/www.noticiasradioreflejos.com.ar\/2021\/wp-content\/uploads\/2021\/07\/logosol300x200.png","type":"image\/png"}],"author":"Arnaldo Botto","twitter_card":"summary_large_image","schema":{"@context":"https:\/\/schema.org","@graph":[{"@type":"WebPage","@id":"https:\/\/www.noticiasradioreflejos.com.ar\/2021\/cambian-condiciones-para-acceder-al-ingreso-familiar-de-emergencia\/","url":"https:\/\/www.noticiasradioreflejos.com.ar\/2021\/cambian-condiciones-para-acceder-al-ingreso-familiar-de-emergencia\/","name":"Cambian condiciones para acceder al Ingreso Familiar de Emergencia - Noticias Radio Reflejos","isPartOf":{"@id":"https:\/\/www.noticiasradioreflejos.com.ar\/2021\/#website"},"datePublished":"2020-08-13T11:19:19+00:00","author":{"@id":"https:\/\/www.noticiasradioreflejos.com.ar\/2021\/#\/schema\/person\/ad82545263dcc5ec0996818884fd5fb1"},"breadcrumb":{"@id":"https:\/\/www.noticiasradioreflejos.com.ar\/2021\/cambian-condiciones-para-acceder-al-ingreso-familiar-de-emergencia\/#breadcrumb"},"inLanguage":"es","potentialAction":[{"@type":"ReadAction","target":["https:\/\/www.noticiasradioreflejos.com.ar\/2021\/cambian-condiciones-para-acceder-al-ingreso-familiar-de-emergencia\/"]}]},{"@type":"BreadcrumbList","@id":"https:\/\/www.noticiasradioreflejos.com.ar\/2021\/cambian-condiciones-para-acceder-al-ingreso-familiar-de-emergencia\/#breadcrumb","itemListElement":[{"@type":"ListItem","position":1,"name":"Portada","item":"https:\/\/www.noticiasradioreflejos.com.ar\/2021\/"},{"@type":"ListItem","position":2,"name":"Cambian condiciones para acceder al Ingreso Familiar de Emergencia"}]},{"@type":"WebSite","@id":"https:\/\/www.noticiasradioreflejos.com.ar\/2021\/#website","url":"https:\/\/www.noticiasradioreflejos.com.ar\/2021\/","name":"Noticias Radio Reflejos","description":"Las noticias de mi comarca","potentialAction":[{"@type":"SearchAction","target":{"@type":"EntryPoint","urlTemplate":"https:\/\/www.noticiasradioreflejos.com.ar\/2021\/?s={search_term_string}"},"query-input":{"@type":"PropertyValueSpecification","valueRequired":true,"valueName":"search_term_string"}}],"inLanguage":"es"},{"@type":"Person","@id":"https:\/\/www.noticiasradioreflejos.com.ar\/2021\/#\/schema\/person\/ad82545263dcc5ec0996818884fd5fb1","name":"Arnaldo Botto","image":{"@type":"ImageObject","inLanguage":"es","@id":"https:\/\/www.noticiasradioreflejos.com.ar\/2021\/#\/schema\/person\/image\/","url":"https:\/\/secure.gravatar.com\/avatar\/55cb5e37c1efa326397366e6974cb338056df65cb50e7d64d1cf314e87504837?s=96&d=mm&r=g","contentUrl":"https:\/\/secure.gravatar.com\/avatar\/55cb5e37c1efa326397366e6974cb338056df65cb50e7d64d1cf314e87504837?s=96&d=mm&r=g","caption":"Arnaldo Botto"},"url":"https:\/\/www.noticiasradioreflejos.com.ar\/2021\/author\/arnaldo\/"}]}},"_links":{"self":[{"href":"https:\/\/www.noticiasradioreflejos.com.ar\/2021\/wp-json\/wp\/v2\/posts\/45752","targetHints":{"allow":["GET"]}}],"collection":[{"href":"https:\/\/www.noticiasradioreflejos.com.ar\/2021\/wp-json\/wp\/v2\/posts"}],"about":[{"href":"https:\/\/www.noticiasradioreflejos.com.ar\/2021\/wp-json\/wp\/v2\/types\/post"}],"author":[{"embeddable":true,"href":"https:\/\/www.noticiasradioreflejos.com.ar\/2021\/wp-json\/wp\/v2\/users\/3"}],"replies":[{"embeddable":true,"href":"https:\/\/www.noticiasradioreflejos.com.ar\/2021\/wp-json\/wp\/v2\/comments?post=45752"}],"version-history":[{"count":0,"href":"https:\/\/www.noticiasradioreflejos.com.ar\/2021\/wp-json\/wp\/v2\/posts\/45752\/revisions"}],"wp:attachment":[{"href":"https:\/\/www.noticiasradioreflejos.com.ar\/2021\/wp-json\/wp\/v2\/media?parent=45752"}],"wp:term":[{"taxonomy":"category","embeddable":true,"href":"https:\/\/www.noticiasradioreflejos.com.ar\/2021\/wp-json\/wp\/v2\/categories?post=45752"},{"taxonomy":"post_tag","embeddable":true,"href":"https:\/\/www.noticiasradioreflejos.com.ar\/2021\/wp-json\/wp\/v2\/tags?post=45752"}],"curies":[{"name":"wp","href":"https:\/\/api.w.org\/{rel}","templated":true}]}}