{"id":45747,"date":"2020-08-13T08:09:35","date_gmt":"2020-08-13T11:09:35","guid":{"rendered":"http:\/\/www.noticiasradioreflejos.com.ar\/noticias\/?p=45747"},"modified":"2020-08-13T08:09:35","modified_gmt":"2020-08-13T11:09:35","slug":"autorizan-que-docentes-puedan-tomar-cargos-online-durante-la-pandemia-de-coronavirus","status":"publish","type":"post","link":"https:\/\/www.noticiasradioreflejos.com.ar\/2021\/autorizan-que-docentes-puedan-tomar-cargos-online-durante-la-pandemia-de-coronavirus\/","title":{"rendered":"Autorizan que docentes puedan tomar cargos online durante la pandemia de coronavirus"},"content":{"rendered":"<p>El Gobierno bonaerense autoriz\u00f3 hoy la posibilidad de que el acto p\u00fablico para la cobertura de los cargos docentes pueda realizarse de forma presencial o a trav\u00e9s de medios tecnol\u00f3gicos debido a la pandemia de coronavirus.<!--more--><br \/>\nLo hizo a trav\u00e9s del Decreto 690 publicado hoy en el Bolet\u00edn Oficial del distrito, en el que se plantea que se utilizar\u00e1n las tecnolog\u00edas \u00abpara la adaptaci\u00f3n de la publicaci\u00f3n de las vacantes, inscripci\u00f3n, notificaci\u00f3n y toma de posesi\u00f3n de los cargos\u00bb.<\/p>\n<p>En este sentido, la norma se\u00f1ala que eso ser\u00e1 definido por la cartera educativa \u00absiempre en procura y respeto de los derechos individuales involucrados, laborales o estatutarios, y de los principios de publicidad y transparencia\u00bb.<\/p>\n<p>En los fundamentos de la medida, se especific\u00f3 que en la provincia de Buenos Aires el mecanismo legal para la cobertura de los cargos docentes es el acto p\u00fablico que, debido al aislamiento social dispuesto por la Covid-19 actualmente no puede llevarse \u00abya que implicar\u00eda la reuni\u00f3n de m\u00e1s de 10 personas en espacios p\u00fablicos cerrados\u00bb.<\/p>\n<p>\u00abEsta situaci\u00f3n in\u00e9dita y excepcional motiva la necesidad de adaptar los procesos, para adecuarlos procurando siempre su agilizaci\u00f3n, optimizaci\u00f3n y transparencia, empleando las herramientas y aprendizajes incorporados respecto del uso de las tecnolog\u00edas de la informaci\u00f3n y la comunicaci\u00f3n\u00bb, se a\u00f1adi\u00f3.<\/p>\n<p>A la vez, la Direcci\u00f3n General de Cultura y Educaci\u00f3n prorrog\u00f3 hoy hasta el 31 de agosto de 2020 el Programa de Incorporaci\u00f3n Especial de Docentes y Auxiliares Suplentes, destinado a esos trabajadores que por la cuarentena se encontraron \u00abimposibilitados de participar de los actos p\u00fablicos que en condiciones habituales les permiten acceder a cargos\u00bb.<\/p>\n<p>As\u00ed, se aclar\u00f3 que \u00aben el momento en que el trabajador docente o auxiliar tome posesi\u00f3n de un cargo en un acto p\u00fablico ser\u00e1 dado de baja del Programa.<\/p>\n<p>Ahora, los maestros deber\u00e1n inscribirse en la plataforma ABC (www.abc.gob.ar) con un usuario y contrase\u00f1a, en caso de que no lo haya hecho anteriormente.<\/p>\n<p>Los aspirantes deber\u00e1n completar un formulario online para postularse y posteriormente ser\u00e1 designado aquel maestro que tenga mejor orden de m\u00e9rito entre los postulantes de cada cargo.<\/p>\n<p>Fuentes de la cartera educativa precisaron que todav\u00eda no se fij\u00f3 una fecha para el procedimiento virtual de toma de cargo.<\/p>\n","protected":false},"excerpt":{"rendered":"<p>El Gobierno bonaerense autoriz\u00f3 hoy la posibilidad de que el acto p\u00fablico para la cobertura de los cargos docentes pueda realizarse de forma presencial o a trav\u00e9s de medios tecnol\u00f3gicos debido a la pandemia de coronavirus.<\/p>\n","protected":false},"author":3,"featured_media":0,"comment_status":"closed","ping_status":"open","sticky":false,"template":"","format":"standard","meta":{"footnotes":""},"categories":[34],"tags":[],"class_list":["post-45747","post","type-post","status-publish","format-standard","hentry","category-educacion"],"yoast_head":"<!-- This site is optimized with the Yoast SEO plugin v25.9 - https:\/\/yoast.com\/wordpress\/plugins\/seo\/ -->\n<title>Autorizan que docentes puedan tomar cargos online durante la pandemia de coronavirus - Noticias Radio Reflejos<\/title>\n<meta name=\"robots\" content=\"index, follow, max-snippet:-1, max-image-preview:large, max-video-preview:-1\" \/>\n<link rel=\"canonical\" href=\"https:\/\/www.noticiasradioreflejos.com.ar\/2021\/autorizan-que-docentes-puedan-tomar-cargos-online-durante-la-pandemia-de-coronavirus\/\" \/>\n<meta property=\"og:locale\" content=\"es_ES\" \/>\n<meta property=\"og:type\" content=\"article\" \/>\n<meta property=\"og:title\" content=\"Autorizan que docentes puedan tomar cargos online durante la pandemia de coronavirus - Noticias Radio Reflejos\" \/>\n<meta property=\"og:description\" content=\"El Gobierno bonaerense autoriz\u00f3 hoy la posibilidad de que el acto p\u00fablico para la cobertura de los cargos docentes pueda realizarse de forma presencial o a trav\u00e9s de medios tecnol\u00f3gicos debido a la pandemia de coronavirus.\" \/>\n<meta property=\"og:url\" content=\"https:\/\/www.noticiasradioreflejos.com.ar\/2021\/autorizan-que-docentes-puedan-tomar-cargos-online-durante-la-pandemia-de-coronavirus\/\" \/>\n<meta property=\"og:site_name\" content=\"Noticias Radio Reflejos\" \/>\n<meta property=\"article:published_time\" content=\"2020-08-13T11:09:35+00:00\" \/>\n<meta property=\"og:image\" content=\"https:\/\/www.noticiasradioreflejos.com.ar\/2021\/wp-content\/uploads\/2021\/07\/logosol300x200.png\" \/>\n\t<meta property=\"og:image:width\" content=\"300\" \/>\n\t<meta property=\"og:image:height\" content=\"200\" \/>\n\t<meta property=\"og:image:type\" content=\"image\/png\" \/>\n<meta name=\"author\" content=\"Arnaldo Botto\" \/>\n<meta name=\"twitter:card\" content=\"summary_large_image\" \/>\n<script type=\"application\/ld+json\" class=\"yoast-schema-graph\">{\"@context\":\"https:\/\/schema.org\",\"@graph\":[{\"@type\":\"WebPage\",\"@id\":\"https:\/\/www.noticiasradioreflejos.com.ar\/2021\/autorizan-que-docentes-puedan-tomar-cargos-online-durante-la-pandemia-de-coronavirus\/\",\"url\":\"https:\/\/www.noticiasradioreflejos.com.ar\/2021\/autorizan-que-docentes-puedan-tomar-cargos-online-durante-la-pandemia-de-coronavirus\/\",\"name\":\"Autorizan que docentes puedan tomar cargos online durante la pandemia de coronavirus - Noticias Radio Reflejos\",\"isPartOf\":{\"@id\":\"https:\/\/www.noticiasradioreflejos.com.ar\/2021\/#website\"},\"datePublished\":\"2020-08-13T11:09:35+00:00\",\"author\":{\"@id\":\"https:\/\/www.noticiasradioreflejos.com.ar\/2021\/#\/schema\/person\/ad82545263dcc5ec0996818884fd5fb1\"},\"breadcrumb\":{\"@id\":\"https:\/\/www.noticiasradioreflejos.com.ar\/2021\/autorizan-que-docentes-puedan-tomar-cargos-online-durante-la-pandemia-de-coronavirus\/#breadcrumb\"},\"inLanguage\":\"es\",\"potentialAction\":[{\"@type\":\"ReadAction\",\"target\":[\"https:\/\/www.noticiasradioreflejos.com.ar\/2021\/autorizan-que-docentes-puedan-tomar-cargos-online-durante-la-pandemia-de-coronavirus\/\"]}]},{\"@type\":\"BreadcrumbList\",\"@id\":\"https:\/\/www.noticiasradioreflejos.com.ar\/2021\/autorizan-que-docentes-puedan-tomar-cargos-online-durante-la-pandemia-de-coronavirus\/#breadcrumb\",\"itemListElement\":[{\"@type\":\"ListItem\",\"position\":1,\"name\":\"Portada\",\"item\":\"https:\/\/www.noticiasradioreflejos.com.ar\/2021\/\"},{\"@type\":\"ListItem\",\"position\":2,\"name\":\"Autorizan que docentes puedan tomar cargos online durante la pandemia de coronavirus\"}]},{\"@type\":\"WebSite\",\"@id\":\"https:\/\/www.noticiasradioreflejos.com.ar\/2021\/#website\",\"url\":\"https:\/\/www.noticiasradioreflejos.com.ar\/2021\/\",\"name\":\"Noticias Radio Reflejos\",\"description\":\"Las noticias de mi comarca\",\"potentialAction\":[{\"@type\":\"SearchAction\",\"target\":{\"@type\":\"EntryPoint\",\"urlTemplate\":\"https:\/\/www.noticiasradioreflejos.com.ar\/2021\/?s={search_term_string}\"},\"query-input\":{\"@type\":\"PropertyValueSpecification\",\"valueRequired\":true,\"valueName\":\"search_term_string\"}}],\"inLanguage\":\"es\"},{\"@type\":\"Person\",\"@id\":\"https:\/\/www.noticiasradioreflejos.com.ar\/2021\/#\/schema\/person\/ad82545263dcc5ec0996818884fd5fb1\",\"name\":\"Arnaldo Botto\",\"image\":{\"@type\":\"ImageObject\",\"inLanguage\":\"es\",\"@id\":\"https:\/\/www.noticiasradioreflejos.com.ar\/2021\/#\/schema\/person\/image\/\",\"url\":\"https:\/\/secure.gravatar.com\/avatar\/55cb5e37c1efa326397366e6974cb338056df65cb50e7d64d1cf314e87504837?s=96&d=mm&r=g\",\"contentUrl\":\"https:\/\/secure.gravatar.com\/avatar\/55cb5e37c1efa326397366e6974cb338056df65cb50e7d64d1cf314e87504837?s=96&d=mm&r=g\",\"caption\":\"Arnaldo Botto\"},\"url\":\"https:\/\/www.noticiasradioreflejos.com.ar\/2021\/author\/arnaldo\/\"}]}<\/script>\n<!-- \/ Yoast SEO plugin. -->","yoast_head_json":{"title":"Autorizan que docentes puedan tomar cargos online durante la pandemia de coronavirus - Noticias Radio Reflejos","robots":{"index":"index","follow":"follow","max-snippet":"max-snippet:-1","max-image-preview":"max-image-preview:large","max-video-preview":"max-video-preview:-1"},"canonical":"https:\/\/www.noticiasradioreflejos.com.ar\/2021\/autorizan-que-docentes-puedan-tomar-cargos-online-durante-la-pandemia-de-coronavirus\/","og_locale":"es_ES","og_type":"article","og_title":"Autorizan que docentes puedan tomar cargos online durante la pandemia de coronavirus - Noticias Radio Reflejos","og_description":"El Gobierno bonaerense autoriz\u00f3 hoy la posibilidad de que el acto p\u00fablico para la cobertura de los cargos docentes pueda realizarse de forma presencial o a trav\u00e9s de medios tecnol\u00f3gicos debido a la pandemia de coronavirus.","og_url":"https:\/\/www.noticiasradioreflejos.com.ar\/2021\/autorizan-que-docentes-puedan-tomar-cargos-online-durante-la-pandemia-de-coronavirus\/","og_site_name":"Noticias Radio Reflejos","article_published_time":"2020-08-13T11:09:35+00:00","og_image":[{"width":300,"height":200,"url":"https:\/\/www.noticiasradioreflejos.com.ar\/2021\/wp-content\/uploads\/2021\/07\/logosol300x200.png","type":"image\/png"}],"author":"Arnaldo Botto","twitter_card":"summary_large_image","schema":{"@context":"https:\/\/schema.org","@graph":[{"@type":"WebPage","@id":"https:\/\/www.noticiasradioreflejos.com.ar\/2021\/autorizan-que-docentes-puedan-tomar-cargos-online-durante-la-pandemia-de-coronavirus\/","url":"https:\/\/www.noticiasradioreflejos.com.ar\/2021\/autorizan-que-docentes-puedan-tomar-cargos-online-durante-la-pandemia-de-coronavirus\/","name":"Autorizan que docentes puedan tomar cargos online durante la pandemia de coronavirus - Noticias Radio Reflejos","isPartOf":{"@id":"https:\/\/www.noticiasradioreflejos.com.ar\/2021\/#website"},"datePublished":"2020-08-13T11:09:35+00:00","author":{"@id":"https:\/\/www.noticiasradioreflejos.com.ar\/2021\/#\/schema\/person\/ad82545263dcc5ec0996818884fd5fb1"},"breadcrumb":{"@id":"https:\/\/www.noticiasradioreflejos.com.ar\/2021\/autorizan-que-docentes-puedan-tomar-cargos-online-durante-la-pandemia-de-coronavirus\/#breadcrumb"},"inLanguage":"es","potentialAction":[{"@type":"ReadAction","target":["https:\/\/www.noticiasradioreflejos.com.ar\/2021\/autorizan-que-docentes-puedan-tomar-cargos-online-durante-la-pandemia-de-coronavirus\/"]}]},{"@type":"BreadcrumbList","@id":"https:\/\/www.noticiasradioreflejos.com.ar\/2021\/autorizan-que-docentes-puedan-tomar-cargos-online-durante-la-pandemia-de-coronavirus\/#breadcrumb","itemListElement":[{"@type":"ListItem","position":1,"name":"Portada","item":"https:\/\/www.noticiasradioreflejos.com.ar\/2021\/"},{"@type":"ListItem","position":2,"name":"Autorizan que docentes puedan tomar cargos online durante la pandemia de coronavirus"}]},{"@type":"WebSite","@id":"https:\/\/www.noticiasradioreflejos.com.ar\/2021\/#website","url":"https:\/\/www.noticiasradioreflejos.com.ar\/2021\/","name":"Noticias Radio Reflejos","description":"Las noticias de mi comarca","potentialAction":[{"@type":"SearchAction","target":{"@type":"EntryPoint","urlTemplate":"https:\/\/www.noticiasradioreflejos.com.ar\/2021\/?s={search_term_string}"},"query-input":{"@type":"PropertyValueSpecification","valueRequired":true,"valueName":"search_term_string"}}],"inLanguage":"es"},{"@type":"Person","@id":"https:\/\/www.noticiasradioreflejos.com.ar\/2021\/#\/schema\/person\/ad82545263dcc5ec0996818884fd5fb1","name":"Arnaldo Botto","image":{"@type":"ImageObject","inLanguage":"es","@id":"https:\/\/www.noticiasradioreflejos.com.ar\/2021\/#\/schema\/person\/image\/","url":"https:\/\/secure.gravatar.com\/avatar\/55cb5e37c1efa326397366e6974cb338056df65cb50e7d64d1cf314e87504837?s=96&d=mm&r=g","contentUrl":"https:\/\/secure.gravatar.com\/avatar\/55cb5e37c1efa326397366e6974cb338056df65cb50e7d64d1cf314e87504837?s=96&d=mm&r=g","caption":"Arnaldo Botto"},"url":"https:\/\/www.noticiasradioreflejos.com.ar\/2021\/author\/arnaldo\/"}]}},"_links":{"self":[{"href":"https:\/\/www.noticiasradioreflejos.com.ar\/2021\/wp-json\/wp\/v2\/posts\/45747","targetHints":{"allow":["GET"]}}],"collection":[{"href":"https:\/\/www.noticiasradioreflejos.com.ar\/2021\/wp-json\/wp\/v2\/posts"}],"about":[{"href":"https:\/\/www.noticiasradioreflejos.com.ar\/2021\/wp-json\/wp\/v2\/types\/post"}],"author":[{"embeddable":true,"href":"https:\/\/www.noticiasradioreflejos.com.ar\/2021\/wp-json\/wp\/v2\/users\/3"}],"replies":[{"embeddable":true,"href":"https:\/\/www.noticiasradioreflejos.com.ar\/2021\/wp-json\/wp\/v2\/comments?post=45747"}],"version-history":[{"count":0,"href":"https:\/\/www.noticiasradioreflejos.com.ar\/2021\/wp-json\/wp\/v2\/posts\/45747\/revisions"}],"wp:attachment":[{"href":"https:\/\/www.noticiasradioreflejos.com.ar\/2021\/wp-json\/wp\/v2\/media?parent=45747"}],"wp:term":[{"taxonomy":"category","embeddable":true,"href":"https:\/\/www.noticiasradioreflejos.com.ar\/2021\/wp-json\/wp\/v2\/categories?post=45747"},{"taxonomy":"post_tag","embeddable":true,"href":"https:\/\/www.noticiasradioreflejos.com.ar\/2021\/wp-json\/wp\/v2\/tags?post=45747"}],"curies":[{"name":"wp","href":"https:\/\/api.w.org\/{rel}","templated":true}]}}