{"id":45653,"date":"2020-08-11T11:17:25","date_gmt":"2020-08-11T14:17:25","guid":{"rendered":"http:\/\/www.noticiasradioreflejos.com.ar\/noticias\/?p=45653"},"modified":"2020-08-11T11:17:25","modified_gmt":"2020-08-11T14:17:25","slug":"instalaran-paneles-solares-en-escuelas-del-sur-de-la-provincia","status":"publish","type":"post","link":"https:\/\/www.noticiasradioreflejos.com.ar\/2021\/instalaran-paneles-solares-en-escuelas-del-sur-de-la-provincia\/","title":{"rendered":"Instalar\u00e1n paneles solares en escuelas del sur de la provincia"},"content":{"rendered":"<p>El proyecto, impulsado por el Programa Provincial de Incentivo a la Generaci\u00f3n de Energ\u00eda Distribuida, busca llevar las energ\u00edas renovables a comedores de 24 establecimientos escolares de la regi\u00f3n.<!--more--><\/p>\n<p>El Programa Provincial de Incentivo a la Generaci\u00f3n de Energ\u00eda Distribuida (PROINGED) llam\u00f3 a licitaci\u00f3n para instalar paneles solares en comedores escolares de 24 escuelas del sur bonaerense. Estas obras significan un nuevo avance en el uso de energ\u00edas limpias en el \u00e1mbito de la provincia de Buenos Aires.<\/p>\n<p>En este sentido, cabe recordar que el PROINGED comenz\u00f3 hace unos a\u00f1os, junto a las cooperativas el\u00e9ctricas, la construcci\u00f3n de parques solares trav\u00e9s del Programa de Generaci\u00f3n Distribuida Fotovoltaica. Estas obras cobraron especial relevancia en peque\u00f1as localidades de la zona donde se registraban diversas demandas relacionadas al abastecimiento de energ\u00eda el\u00e9ctrica. En la actualidad, hay un total de 23 parques solares licitados y 8 est\u00e1n en ejecuci\u00f3n.<\/p>\n<p>\u201cCelebro que el PROINGED siga desarrollando este tipo de proyectos a baja escala porque son estos, y no las grandes obras, los que generan una transformaci\u00f3n positiva e inmediata en las comunidades en las que se instalan. En estos casos, la energ\u00eda se convierte en algo tangible, cercano y conocido, y esa es la forma de comenzar a diversificar y democratizar la matriz energ\u00e9tica de una forma sostenible\u201d, destac\u00f3 la diputada referente en energ\u00edas renovables, Ros\u00edo Antinori. \u201cAdem\u00e1s, que sean escuelas las beneficiarias del programa, implican varios beneficios que van mucho m\u00e1s all\u00e1 a la simple generaci\u00f3n de energ\u00eda. Con estos proyectos estamos igualando oportunidades y educando, en t\u00e9rminos ambientales y energ\u00e9ticos, con el ejemplo\u201d, cerr\u00f3 la legisladora tresarroyense y vicepresidenta de la Comisi\u00f3n de Energ\u00eda y Combustible de la C\u00e1mara de Diputados.<\/p>\n<p>El proyecto de instalaci\u00f3n de paneles solares, que abarca un total 128 establecimientos escolares divididos en ocho zonas de la Provincia de Buenos Aires, llegar\u00e1 a escuelas en los partidos de Tres Arroyos, Adolfo Gonz\u00e1lez Ch\u00e1vez, Bah\u00eda Blanca, Coronel Dorrego, Coronel Pringles, Coronel Rosales, Patagones, Pu\u00e1n, Tornquist, Daireaux, General Lamadrid, Salliquel\u00f3 y Tres Lomas.<\/p>\n","protected":false},"excerpt":{"rendered":"<p>El proyecto, impulsado por el Programa Provincial de Incentivo a la Generaci\u00f3n de Energ\u00eda Distribuida, busca llevar las energ\u00edas renovables a comedores de 24 establecimientos escolares de la regi\u00f3n.<\/p>\n","protected":false},"author":3,"featured_media":0,"comment_status":"closed","ping_status":"open","sticky":false,"template":"","format":"standard","meta":{"footnotes":""},"categories":[34],"tags":[],"class_list":["post-45653","post","type-post","status-publish","format-standard","hentry","category-educacion"],"yoast_head":"<!-- This site is optimized with the Yoast SEO plugin v25.9 - https:\/\/yoast.com\/wordpress\/plugins\/seo\/ -->\n<title>Instalar\u00e1n paneles solares en escuelas del sur de la provincia - Noticias Radio Reflejos<\/title>\n<meta name=\"robots\" content=\"index, follow, max-snippet:-1, max-image-preview:large, max-video-preview:-1\" \/>\n<link rel=\"canonical\" href=\"https:\/\/www.noticiasradioreflejos.com.ar\/2021\/instalaran-paneles-solares-en-escuelas-del-sur-de-la-provincia\/\" \/>\n<meta property=\"og:locale\" content=\"es_ES\" \/>\n<meta property=\"og:type\" content=\"article\" \/>\n<meta property=\"og:title\" content=\"Instalar\u00e1n paneles solares en escuelas del sur de la provincia - Noticias Radio Reflejos\" \/>\n<meta property=\"og:description\" content=\"El proyecto, impulsado por el Programa Provincial de Incentivo a la Generaci\u00f3n de Energ\u00eda Distribuida, busca llevar las energ\u00edas renovables a comedores de 24 establecimientos escolares de la regi\u00f3n.\" \/>\n<meta property=\"og:url\" content=\"https:\/\/www.noticiasradioreflejos.com.ar\/2021\/instalaran-paneles-solares-en-escuelas-del-sur-de-la-provincia\/\" \/>\n<meta property=\"og:site_name\" content=\"Noticias Radio Reflejos\" \/>\n<meta property=\"article:published_time\" content=\"2020-08-11T14:17:25+00:00\" \/>\n<meta property=\"og:image\" content=\"https:\/\/www.noticiasradioreflejos.com.ar\/2021\/wp-content\/uploads\/2021\/07\/logosol300x200.png\" \/>\n\t<meta property=\"og:image:width\" content=\"300\" \/>\n\t<meta property=\"og:image:height\" content=\"200\" \/>\n\t<meta property=\"og:image:type\" content=\"image\/png\" \/>\n<meta name=\"author\" content=\"Arnaldo Botto\" \/>\n<meta name=\"twitter:card\" content=\"summary_large_image\" \/>\n<script type=\"application\/ld+json\" class=\"yoast-schema-graph\">{\"@context\":\"https:\/\/schema.org\",\"@graph\":[{\"@type\":\"WebPage\",\"@id\":\"https:\/\/www.noticiasradioreflejos.com.ar\/2021\/instalaran-paneles-solares-en-escuelas-del-sur-de-la-provincia\/\",\"url\":\"https:\/\/www.noticiasradioreflejos.com.ar\/2021\/instalaran-paneles-solares-en-escuelas-del-sur-de-la-provincia\/\",\"name\":\"Instalar\u00e1n paneles solares en escuelas del sur de la provincia - Noticias Radio Reflejos\",\"isPartOf\":{\"@id\":\"https:\/\/www.noticiasradioreflejos.com.ar\/2021\/#website\"},\"datePublished\":\"2020-08-11T14:17:25+00:00\",\"author\":{\"@id\":\"https:\/\/www.noticiasradioreflejos.com.ar\/2021\/#\/schema\/person\/ad82545263dcc5ec0996818884fd5fb1\"},\"breadcrumb\":{\"@id\":\"https:\/\/www.noticiasradioreflejos.com.ar\/2021\/instalaran-paneles-solares-en-escuelas-del-sur-de-la-provincia\/#breadcrumb\"},\"inLanguage\":\"es\",\"potentialAction\":[{\"@type\":\"ReadAction\",\"target\":[\"https:\/\/www.noticiasradioreflejos.com.ar\/2021\/instalaran-paneles-solares-en-escuelas-del-sur-de-la-provincia\/\"]}]},{\"@type\":\"BreadcrumbList\",\"@id\":\"https:\/\/www.noticiasradioreflejos.com.ar\/2021\/instalaran-paneles-solares-en-escuelas-del-sur-de-la-provincia\/#breadcrumb\",\"itemListElement\":[{\"@type\":\"ListItem\",\"position\":1,\"name\":\"Portada\",\"item\":\"https:\/\/www.noticiasradioreflejos.com.ar\/2021\/\"},{\"@type\":\"ListItem\",\"position\":2,\"name\":\"Instalar\u00e1n paneles solares en escuelas del sur de la provincia\"}]},{\"@type\":\"WebSite\",\"@id\":\"https:\/\/www.noticiasradioreflejos.com.ar\/2021\/#website\",\"url\":\"https:\/\/www.noticiasradioreflejos.com.ar\/2021\/\",\"name\":\"Noticias Radio Reflejos\",\"description\":\"Las noticias de mi comarca\",\"potentialAction\":[{\"@type\":\"SearchAction\",\"target\":{\"@type\":\"EntryPoint\",\"urlTemplate\":\"https:\/\/www.noticiasradioreflejos.com.ar\/2021\/?s={search_term_string}\"},\"query-input\":{\"@type\":\"PropertyValueSpecification\",\"valueRequired\":true,\"valueName\":\"search_term_string\"}}],\"inLanguage\":\"es\"},{\"@type\":\"Person\",\"@id\":\"https:\/\/www.noticiasradioreflejos.com.ar\/2021\/#\/schema\/person\/ad82545263dcc5ec0996818884fd5fb1\",\"name\":\"Arnaldo Botto\",\"image\":{\"@type\":\"ImageObject\",\"inLanguage\":\"es\",\"@id\":\"https:\/\/www.noticiasradioreflejos.com.ar\/2021\/#\/schema\/person\/image\/\",\"url\":\"https:\/\/secure.gravatar.com\/avatar\/55cb5e37c1efa326397366e6974cb338056df65cb50e7d64d1cf314e87504837?s=96&d=mm&r=g\",\"contentUrl\":\"https:\/\/secure.gravatar.com\/avatar\/55cb5e37c1efa326397366e6974cb338056df65cb50e7d64d1cf314e87504837?s=96&d=mm&r=g\",\"caption\":\"Arnaldo Botto\"},\"url\":\"https:\/\/www.noticiasradioreflejos.com.ar\/2021\/author\/arnaldo\/\"}]}<\/script>\n<!-- \/ Yoast SEO plugin. -->","yoast_head_json":{"title":"Instalar\u00e1n paneles solares en escuelas del sur de la provincia - Noticias Radio Reflejos","robots":{"index":"index","follow":"follow","max-snippet":"max-snippet:-1","max-image-preview":"max-image-preview:large","max-video-preview":"max-video-preview:-1"},"canonical":"https:\/\/www.noticiasradioreflejos.com.ar\/2021\/instalaran-paneles-solares-en-escuelas-del-sur-de-la-provincia\/","og_locale":"es_ES","og_type":"article","og_title":"Instalar\u00e1n paneles solares en escuelas del sur de la provincia - Noticias Radio Reflejos","og_description":"El proyecto, impulsado por el Programa Provincial de Incentivo a la Generaci\u00f3n de Energ\u00eda Distribuida, busca llevar las energ\u00edas renovables a comedores de 24 establecimientos escolares de la regi\u00f3n.","og_url":"https:\/\/www.noticiasradioreflejos.com.ar\/2021\/instalaran-paneles-solares-en-escuelas-del-sur-de-la-provincia\/","og_site_name":"Noticias Radio Reflejos","article_published_time":"2020-08-11T14:17:25+00:00","og_image":[{"width":300,"height":200,"url":"https:\/\/www.noticiasradioreflejos.com.ar\/2021\/wp-content\/uploads\/2021\/07\/logosol300x200.png","type":"image\/png"}],"author":"Arnaldo Botto","twitter_card":"summary_large_image","schema":{"@context":"https:\/\/schema.org","@graph":[{"@type":"WebPage","@id":"https:\/\/www.noticiasradioreflejos.com.ar\/2021\/instalaran-paneles-solares-en-escuelas-del-sur-de-la-provincia\/","url":"https:\/\/www.noticiasradioreflejos.com.ar\/2021\/instalaran-paneles-solares-en-escuelas-del-sur-de-la-provincia\/","name":"Instalar\u00e1n paneles solares en escuelas del sur de la provincia - Noticias Radio Reflejos","isPartOf":{"@id":"https:\/\/www.noticiasradioreflejos.com.ar\/2021\/#website"},"datePublished":"2020-08-11T14:17:25+00:00","author":{"@id":"https:\/\/www.noticiasradioreflejos.com.ar\/2021\/#\/schema\/person\/ad82545263dcc5ec0996818884fd5fb1"},"breadcrumb":{"@id":"https:\/\/www.noticiasradioreflejos.com.ar\/2021\/instalaran-paneles-solares-en-escuelas-del-sur-de-la-provincia\/#breadcrumb"},"inLanguage":"es","potentialAction":[{"@type":"ReadAction","target":["https:\/\/www.noticiasradioreflejos.com.ar\/2021\/instalaran-paneles-solares-en-escuelas-del-sur-de-la-provincia\/"]}]},{"@type":"BreadcrumbList","@id":"https:\/\/www.noticiasradioreflejos.com.ar\/2021\/instalaran-paneles-solares-en-escuelas-del-sur-de-la-provincia\/#breadcrumb","itemListElement":[{"@type":"ListItem","position":1,"name":"Portada","item":"https:\/\/www.noticiasradioreflejos.com.ar\/2021\/"},{"@type":"ListItem","position":2,"name":"Instalar\u00e1n paneles solares en escuelas del sur de la provincia"}]},{"@type":"WebSite","@id":"https:\/\/www.noticiasradioreflejos.com.ar\/2021\/#website","url":"https:\/\/www.noticiasradioreflejos.com.ar\/2021\/","name":"Noticias Radio Reflejos","description":"Las noticias de mi comarca","potentialAction":[{"@type":"SearchAction","target":{"@type":"EntryPoint","urlTemplate":"https:\/\/www.noticiasradioreflejos.com.ar\/2021\/?s={search_term_string}"},"query-input":{"@type":"PropertyValueSpecification","valueRequired":true,"valueName":"search_term_string"}}],"inLanguage":"es"},{"@type":"Person","@id":"https:\/\/www.noticiasradioreflejos.com.ar\/2021\/#\/schema\/person\/ad82545263dcc5ec0996818884fd5fb1","name":"Arnaldo Botto","image":{"@type":"ImageObject","inLanguage":"es","@id":"https:\/\/www.noticiasradioreflejos.com.ar\/2021\/#\/schema\/person\/image\/","url":"https:\/\/secure.gravatar.com\/avatar\/55cb5e37c1efa326397366e6974cb338056df65cb50e7d64d1cf314e87504837?s=96&d=mm&r=g","contentUrl":"https:\/\/secure.gravatar.com\/avatar\/55cb5e37c1efa326397366e6974cb338056df65cb50e7d64d1cf314e87504837?s=96&d=mm&r=g","caption":"Arnaldo Botto"},"url":"https:\/\/www.noticiasradioreflejos.com.ar\/2021\/author\/arnaldo\/"}]}},"_links":{"self":[{"href":"https:\/\/www.noticiasradioreflejos.com.ar\/2021\/wp-json\/wp\/v2\/posts\/45653","targetHints":{"allow":["GET"]}}],"collection":[{"href":"https:\/\/www.noticiasradioreflejos.com.ar\/2021\/wp-json\/wp\/v2\/posts"}],"about":[{"href":"https:\/\/www.noticiasradioreflejos.com.ar\/2021\/wp-json\/wp\/v2\/types\/post"}],"author":[{"embeddable":true,"href":"https:\/\/www.noticiasradioreflejos.com.ar\/2021\/wp-json\/wp\/v2\/users\/3"}],"replies":[{"embeddable":true,"href":"https:\/\/www.noticiasradioreflejos.com.ar\/2021\/wp-json\/wp\/v2\/comments?post=45653"}],"version-history":[{"count":0,"href":"https:\/\/www.noticiasradioreflejos.com.ar\/2021\/wp-json\/wp\/v2\/posts\/45653\/revisions"}],"wp:attachment":[{"href":"https:\/\/www.noticiasradioreflejos.com.ar\/2021\/wp-json\/wp\/v2\/media?parent=45653"}],"wp:term":[{"taxonomy":"category","embeddable":true,"href":"https:\/\/www.noticiasradioreflejos.com.ar\/2021\/wp-json\/wp\/v2\/categories?post=45653"},{"taxonomy":"post_tag","embeddable":true,"href":"https:\/\/www.noticiasradioreflejos.com.ar\/2021\/wp-json\/wp\/v2\/tags?post=45653"}],"curies":[{"name":"wp","href":"https:\/\/api.w.org\/{rel}","templated":true}]}}